{"id":5165,"date":"2025-07-31T12:05:08","date_gmt":"2025-07-31T15:05:08","guid":{"rendered":"https:\/\/diariodegarca.com\/?p=5165"},"modified":"2025-07-31T12:05:08","modified_gmt":"2025-07-31T15:05:08","slug":"curso-de-presencial-de-processamento-caseiro-de-banana-em-garca","status":"publish","type":"post","link":"https:\/\/diariodegarca.com\/?p=5165","title":{"rendered":"Curso de presencial de processamento caseiro de banana em Gar\u00e7a"},"content":{"rendered":"\n<p class=\"wp-block-paragraph\"><em>Em parceria com o SENAR e Sindicato Rural, forma\u00e7\u00e3o gratuita ensina t\u00e9cnicas de fabrica\u00e7\u00e3o de doces, geleias e outros produtos \u00e0 base de banana nos dias 13 e 14 de agosto.<\/em><\/p>\n\n\n\n<p class=\"wp-block-paragraph\">O Sindicato Rural de Gar\u00e7a, em parceria com o Servi\u00e7o Nacional de Aprendizagem Rural (SENAR), promove nos dias\u00a0<strong>13 e 14 de agosto<\/strong>\u00a0o curso gratuito de\u00a0<strong>Processamento Caseiro de Banana<\/strong>. A capacita\u00e7\u00e3o presencial, voltada a produtores rurais, empreendedores e interessados em gastronomia sustent\u00e1vel, tem como objetivo ensinar t\u00e9cnicas de transforma\u00e7\u00e3o da fruta em produtos com maior valor agregado, como doces, geleias, chips e at\u00e9 farinha.<\/p>\n\n\n\n<p class=\"wp-block-paragraph\">Com carga hor\u00e1ria de 16 horas, divididas em dois dias, o treinamento ocorrer\u00e1 na sede do Sindicato Rural, a partir das&nbsp;<strong>8h30<\/strong>, com alimenta\u00e7\u00e3o fornecida pelo SENAR. As vagas s\u00e3o limitadas, e as inscri\u00e7\u00f5es devem ser feitas previamente pelo&nbsp;<a href=\"https:\/\/docs.google.com\/forms\/d\/1UDX6vjYIZfuTsoaGeGNm2V9pj1BxufjkH0Rfj0w9SzM\/edit\" target=\"_blank\" rel=\"noreferrer noopener\">formul\u00e1rio online<\/a>.<\/p>\n\n\n\n<p class=\"wp-block-paragraph\"><strong>Conte\u00fado program\u00e1tico<\/strong><br>O cronograma inclui:<\/p>\n\n\n\n<ul class=\"wp-block-list\">\n<li><strong>Boas pr\u00e1ticas de fabrica\u00e7\u00e3o:<\/strong>\u00a0higiene, manipula\u00e7\u00e3o e seguran\u00e7a alimentar;<\/li>\n\n\n\n<li><strong>Sele\u00e7\u00e3o e preparo da mat\u00e9ria-prima:<\/strong>\u00a0como escolher bananas no ponto ideal para cada receita;<\/li>\n\n\n\n<li><strong>Processamento de derivados:<\/strong>\u00a0passo a passo de doces em barra, geleias, bananas-passa e chips desidratados;<\/li>\n\n\n\n<li><strong>T\u00e9cnicas de conserva\u00e7\u00e3o:<\/strong>\u00a0embalagens e m\u00e9todos para aumentar a durabilidade dos produtos;<\/li>\n\n\n\n<li><strong>No\u00e7\u00f5es de comercializa\u00e7\u00e3o:<\/strong>\u00a0precifica\u00e7\u00e3o e rotulagem para venda local.<\/li>\n<\/ul>\n\n\n\n<p class=\"wp-block-paragraph\"><strong>Gera\u00e7\u00e3o de renda e sustentabilidade<\/strong><br>O curso \u00e9 uma oportunidade para aproveitar excedentes de produ\u00e7\u00e3o ou frutas que seriam descartadas por imperfei\u00e7\u00f5es, agregando valor e criando fontes de renda complementares. <\/p>\n","protected":false},"excerpt":{"rendered":"<p>Em parceria com o SENAR e Sindicato Rural, forma\u00e7\u00e3o gratuita ensina t\u00e9cnicas de fabrica\u00e7\u00e3o de doces, geleias e outros produtos \u00e0 base de banana nos dias 13 e 14 de agosto. O Sindicato Rural de Gar\u00e7a, em parceria com o Servi\u00e7o Nacional de Aprendizagem Rural (SENAR), promove nos dias\u00a013 e 14 de agosto\u00a0o curso gratuito [&hellip;]<\/p>\n","protected":false},"author":260896546,"featured_media":5167,"comment_status":"open","ping_status":"open","sticky":false,"template":"","format":"standard","meta":{"_crdt_document":"","_monsterinsights_skip_tracking":false,"_monsterinsights_sitenote_active":false,"_monsterinsights_sitenote_note":"","_monsterinsights_sitenote_category":0,"advanced_seo_description":"","jetpack_seo_html_title":"","jetpack_seo_noindex":false,"_jetpack_newsletter_access":"","_jetpack_dont_email_post_to_subs":false,"_jetpack_newsletter_tier_id":0,"_jetpack_memberships_contains_paywalled_content":false,"_jetpack_memberships_contains_paid_content":false,"footnotes":"","jetpack_publicize_message":"\ud83c\udf4c\ud83d\udce2 De banana a neg\u00f3cio! O Sindicato Rural de Gar\u00e7a e o SENAR oferecem curso GRATUITO de processamento caseiro de banana nos dias 13 e 14\/08. Aprenda a fazer doces, geleias, chips e mais, com t\u00e9cnicas de conserva\u00e7\u00e3o e dicas para vender.\n\n\ud83d\udccd Local: Sindicato Rural de Gar\u00e7a\n\u23f0 8h30 | Alimenta\u00e7\u00e3o inclusa\n\ud83d\udd17 Vagas limitadas! \n\nSaiba como se inscrever em diariodegarca.com\n\n#Capacita\u00e7\u00e3o #Agroneg\u00f3cio #Gar\u00e7aSP @srgarca\n\n(Incluir imagens de banana e derivados ou logo do SENAR\/Sindicato Rural)","jetpack_publicize_feature_enabled":true,"jetpack_social_post_already_shared":false,"jetpack_social_options":{"image_generator_settings":{"template":"highway","default_image_id":0,"enabled":false},"version":2},"_wpas_customize_per_network":false,"jetpack_post_was_ever_published":false},"categories":[36947,781171664,115166],"tags":[],"class_list":["post-5165","post","type-post","status-publish","format-standard","has-post-thumbnail","hentry","category-curso","category-garca-cidade","category-presencial"],"jetpack_publicize_connections":[],"jetpack_featured_media_url":"https:\/\/i0.wp.com\/diariodegarca.com\/wp-content\/uploads\/2025\/07\/pudim-de-banana-no-cafe-da-manha.jpg?fit=3840%2C5760&ssl=1","jetpack_likes_enabled":true,"jetpack_sharing_enabled":true,"jetpack_shortlink":"https:\/\/wp.me\/pgitne-1lj","jetpack-related-posts":[{"id":4039,"url":"https:\/\/diariodegarca.com\/?p=4039","url_meta":{"origin":5165,"position":0},"title":"Curso de &#8220;processamento caseiro de tomate&#8221; com vagas abertas","author":"Di\u00e1rio de Gar\u00e7a","date":"17 de junho de 2025","format":false,"excerpt":"Sindicato Rural de Gar\u00e7a e SENAR oferecem capacita\u00e7\u00e3o presencial para transformar tomate em produtos artesanais O\u00a0Sindicato Rural de Gar\u00e7a, em parceria com o\u00a0SENAR (Servi\u00e7o Nacional de Aprendizagem Rural), promove um curso presencial sobre\u00a0Processamento Caseiro do Tomate, nos dias\u00a02 e 3 de julho, a partir das\u00a08h, na sede do sindicato. O\u2026","rel":"","context":"Em &quot;Curso&quot;","block_context":{"text":"Curso","link":"https:\/\/diariodegarca.com\/?cat=36947"},"img":{"alt_text":"","src":"","width":0,"height":0},"classes":[]},{"id":4953,"url":"https:\/\/diariodegarca.com\/?p=4953","url_meta":{"origin":5165,"position":1},"title":"Curso gratuito de processamento caseiro de produtos de higiene e limpeza em Gar\u00e7a","author":"Di\u00e1rio de Gar\u00e7a","date":"23 de julho de 2025","format":false,"excerpt":"Capacita\u00e7\u00e3o presencial ocorre nos dias 1\u00ba e 2 de agosto, com alimenta\u00e7\u00e3o inclusa; inscri\u00e7\u00f5es pelo formul\u00e1rio. O Sindicato Rural de Gar\u00e7a, em parceria com o Servi\u00e7o Nacional de Aprendizagem Rural (SENAR), promove nos dias 1\u00ba e 2 de agosto o curso\u00a0\"Processamento Caseiro de Produtos de Higiene e Limpeza\". A capacita\u00e7\u00e3o\u2026","rel":"","context":"Em &quot;Curso&quot;","block_context":{"text":"Curso","link":"https:\/\/diariodegarca.com\/?cat=36947"},"img":{"alt_text":"","src":"https:\/\/i0.wp.com\/diariodegarca.com\/wp-content\/uploads\/2025\/07\/ainda-vida-de-ferramentas-de-limpeza.jpg?fit=1200%2C801&ssl=1&resize=350%2C200","width":350,"height":200,"srcset":"https:\/\/i0.wp.com\/diariodegarca.com\/wp-content\/uploads\/2025\/07\/ainda-vida-de-ferramentas-de-limpeza.jpg?fit=1200%2C801&ssl=1&resize=350%2C200 1x, https:\/\/i0.wp.com\/diariodegarca.com\/wp-content\/uploads\/2025\/07\/ainda-vida-de-ferramentas-de-limpeza.jpg?fit=1200%2C801&ssl=1&resize=525%2C300 1.5x, https:\/\/i0.wp.com\/diariodegarca.com\/wp-content\/uploads\/2025\/07\/ainda-vida-de-ferramentas-de-limpeza.jpg?fit=1200%2C801&ssl=1&resize=700%2C400 2x, https:\/\/i0.wp.com\/diariodegarca.com\/wp-content\/uploads\/2025\/07\/ainda-vida-de-ferramentas-de-limpeza.jpg?fit=1200%2C801&ssl=1&resize=1050%2C600 3x"},"classes":[]},{"id":4959,"url":"https:\/\/diariodegarca.com\/?p=4959","url_meta":{"origin":5165,"position":2},"title":"Curso presencial de &#8220;artesanato com fios variados &#8211; macram\u00ea&#8221; em Gar\u00e7a","author":"Di\u00e1rio de Gar\u00e7a","date":"24 de julho de 2025","format":false,"excerpt":"Em parceria com o SENAR e Sindicato Rural, forma\u00e7\u00e3o ensina t\u00e9cnicas de macram\u00ea e possibilita gera\u00e7\u00e3o de renda; inscri\u00e7\u00f5es abertas. De 4 a 9 de agosto, o Sindicato Rural de Gar\u00e7a, em parceria com o Servi\u00e7o Nacional de Aprendizagem Rural (SENAR), promove o curso gratuito\u00a0\"Artesanato com Fios Variados \u2013 Macram\u00ea\".\u2026","rel":"","context":"Em &quot;Curso&quot;","block_context":{"text":"Curso","link":"https:\/\/diariodegarca.com\/?cat=36947"},"img":{"alt_text":"","src":"https:\/\/i0.wp.com\/diariodegarca.com\/wp-content\/uploads\/2025\/07\/fechar-pessoa-trabalhando-no-apanhador-de-sonhos.jpg?fit=1200%2C800&ssl=1&resize=350%2C200","width":350,"height":200,"srcset":"https:\/\/i0.wp.com\/diariodegarca.com\/wp-content\/uploads\/2025\/07\/fechar-pessoa-trabalhando-no-apanhador-de-sonhos.jpg?fit=1200%2C800&ssl=1&resize=350%2C200 1x, https:\/\/i0.wp.com\/diariodegarca.com\/wp-content\/uploads\/2025\/07\/fechar-pessoa-trabalhando-no-apanhador-de-sonhos.jpg?fit=1200%2C800&ssl=1&resize=525%2C300 1.5x, https:\/\/i0.wp.com\/diariodegarca.com\/wp-content\/uploads\/2025\/07\/fechar-pessoa-trabalhando-no-apanhador-de-sonhos.jpg?fit=1200%2C800&ssl=1&resize=700%2C400 2x, https:\/\/i0.wp.com\/diariodegarca.com\/wp-content\/uploads\/2025\/07\/fechar-pessoa-trabalhando-no-apanhador-de-sonhos.jpg?fit=1200%2C800&ssl=1&resize=1050%2C600 3x"},"classes":[]},{"id":10082,"url":"https:\/\/diariodegarca.com\/?p=10082","url_meta":{"origin":5165,"position":3},"title":"Curso gratuito em Gar\u00e7a ensina t\u00e9cnicas profissionais para cultivo de suculentas","author":"Di\u00e1rio de Gar\u00e7a","date":"17 de janeiro de 2026","format":false,"excerpt":"O SENAR e o Sindicato Rural oferecem um workshop gratuito sobre plantio e cuidados com suculentas no dia 13 de fevereiro, com foco em t\u00e9cnicas e gest\u00e3o comercial. Inscri\u00e7\u00f5es online est\u00e3o abertas.","rel":"","context":"Em &quot;Curso&quot;","block_context":{"text":"Curso","link":"https:\/\/diariodegarca.com\/?cat=36947"},"img":{"alt_text":"","src":"https:\/\/i0.wp.com\/diariodegarca.com\/wp-content\/uploads\/2026\/01\/close-up-woman-hand-holding-pot-with-succulent-plant-with-many-other-succulents.jpg?fit=1200%2C800&ssl=1&resize=350%2C200","width":350,"height":200,"srcset":"https:\/\/i0.wp.com\/diariodegarca.com\/wp-content\/uploads\/2026\/01\/close-up-woman-hand-holding-pot-with-succulent-plant-with-many-other-succulents.jpg?fit=1200%2C800&ssl=1&resize=350%2C200 1x, https:\/\/i0.wp.com\/diariodegarca.com\/wp-content\/uploads\/2026\/01\/close-up-woman-hand-holding-pot-with-succulent-plant-with-many-other-succulents.jpg?fit=1200%2C800&ssl=1&resize=525%2C300 1.5x, https:\/\/i0.wp.com\/diariodegarca.com\/wp-content\/uploads\/2026\/01\/close-up-woman-hand-holding-pot-with-succulent-plant-with-many-other-succulents.jpg?fit=1200%2C800&ssl=1&resize=700%2C400 2x, https:\/\/i0.wp.com\/diariodegarca.com\/wp-content\/uploads\/2026\/01\/close-up-woman-hand-holding-pot-with-succulent-plant-with-many-other-succulents.jpg?fit=1200%2C800&ssl=1&resize=1050%2C600 3x"},"classes":[]},{"id":7053,"url":"https:\/\/diariodegarca.com\/?p=7053","url_meta":{"origin":5165,"position":4},"title":"Curso gratuito e presencial de artesanato com caba\u00e7a no Sindicato Rural de Gar\u00e7a","author":"Di\u00e1rio de Gar\u00e7a","date":"23 de setembro de 2025","format":false,"excerpt":"Capacita\u00e7\u00e3o ensina a transformar o fruto em pe\u00e7as utilit\u00e1rias e decorativas, combinando t\u00e9cnica e criatividade. Inscri\u00e7\u00f5es est\u00e3o abertas. De 1\u00ba a 4 de outubro, o Sindicato Rural de Gar\u00e7a, em parceria com o Servi\u00e7o Nacional de Aprendizagem Rural (SENAR), promove o curso gratuito \"Artesanato com Caba\u00e7a \u2013 Utilit\u00e1rios e Decorativos\".\u2026","rel":"","context":"Em &quot;Cultura&quot;","block_context":{"text":"Cultura","link":"https:\/\/diariodegarca.com\/?cat=2367"},"img":{"alt_text":"","src":"https:\/\/i0.wp.com\/diariodegarca.com\/wp-content\/uploads\/2025\/09\/JA2E1605293330279.jpeg?fit=1200%2C824&ssl=1&resize=350%2C200","width":350,"height":200,"srcset":"https:\/\/i0.wp.com\/diariodegarca.com\/wp-content\/uploads\/2025\/09\/JA2E1605293330279.jpeg?fit=1200%2C824&ssl=1&resize=350%2C200 1x, https:\/\/i0.wp.com\/diariodegarca.com\/wp-content\/uploads\/2025\/09\/JA2E1605293330279.jpeg?fit=1200%2C824&ssl=1&resize=525%2C300 1.5x, https:\/\/i0.wp.com\/diariodegarca.com\/wp-content\/uploads\/2025\/09\/JA2E1605293330279.jpeg?fit=1200%2C824&ssl=1&resize=700%2C400 2x, https:\/\/i0.wp.com\/diariodegarca.com\/wp-content\/uploads\/2025\/09\/JA2E1605293330279.jpeg?fit=1200%2C824&ssl=1&resize=1050%2C600 3x"},"classes":[]},{"id":10130,"url":"https:\/\/diariodegarca.com\/?p=10130","url_meta":{"origin":5165,"position":5},"title":"Curso gratuito em Gar\u00e7a ensina t\u00e9cnica sustent\u00e1vel para saneamento rural","author":"Di\u00e1rio de Gar\u00e7a","date":"19 de janeiro de 2026","format":false,"excerpt":"O curso gratuito do SENAR e Sindicato Rural de Gar\u00e7a ensina constru\u00e7\u00e3o e manejo de fossa s\u00e9ptica biodigestora, promovendo sa\u00fade e sustentabilidade no campo, com aulas te\u00f3ricas e pr\u00e1ticas em fevereiro.","rel":"","context":"Em &quot;Curso&quot;","block_context":{"text":"Curso","link":"https:\/\/diariodegarca.com\/?cat=36947"},"img":{"alt_text":"","src":"https:\/\/i0.wp.com\/diariodegarca.com\/wp-content\/uploads\/2026\/01\/beautiful-scenery-greenfield-countryside-eifel-region-germany.jpg?fit=1200%2C800&ssl=1&resize=350%2C200","width":350,"height":200,"srcset":"https:\/\/i0.wp.com\/diariodegarca.com\/wp-content\/uploads\/2026\/01\/beautiful-scenery-greenfield-countryside-eifel-region-germany.jpg?fit=1200%2C800&ssl=1&resize=350%2C200 1x, https:\/\/i0.wp.com\/diariodegarca.com\/wp-content\/uploads\/2026\/01\/beautiful-scenery-greenfield-countryside-eifel-region-germany.jpg?fit=1200%2C800&ssl=1&resize=525%2C300 1.5x, https:\/\/i0.wp.com\/diariodegarca.com\/wp-content\/uploads\/2026\/01\/beautiful-scenery-greenfield-countryside-eifel-region-germany.jpg?fit=1200%2C800&ssl=1&resize=700%2C400 2x, https:\/\/i0.wp.com\/diariodegarca.com\/wp-content\/uploads\/2026\/01\/beautiful-scenery-greenfield-countryside-eifel-region-germany.jpg?fit=1200%2C800&ssl=1&resize=1050%2C600 3x"},"classes":[]}],"_links":{"self":[{"href":"https:\/\/diariodegarca.com\/index.php?rest_route=\/wp\/v2\/posts\/5165","targetHints":{"allow":["GET"]}}],"collection":[{"href":"https:\/\/diariodegarca.com\/index.php?rest_route=\/wp\/v2\/posts"}],"about":[{"href":"https:\/\/diariodegarca.com\/index.php?rest_route=\/wp\/v2\/types\/post"}],"author":[{"embeddable":true,"href":"https:\/\/diariodegarca.com\/index.php?rest_route=\/wp\/v2\/users\/260896546"}],"replies":[{"embeddable":true,"href":"https:\/\/diariodegarca.com\/index.php?rest_route=%2Fwp%2Fv2%2Fcomments&post=5165"}],"version-history":[{"count":4,"href":"https:\/\/diariodegarca.com\/index.php?rest_route=\/wp\/v2\/posts\/5165\/revisions"}],"predecessor-version":[{"id":5170,"href":"https:\/\/diariodegarca.com\/index.php?rest_route=\/wp\/v2\/posts\/5165\/revisions\/5170"}],"wp:featuredmedia":[{"embeddable":true,"href":"https:\/\/diariodegarca.com\/index.php?rest_route=\/wp\/v2\/media\/5167"}],"wp:attachment":[{"href":"https:\/\/diariodegarca.com\/index.php?rest_route=%2Fwp%2Fv2%2Fmedia&parent=5165"}],"wp:term":[{"taxonomy":"category","embeddable":true,"href":"https:\/\/diariodegarca.com\/index.php?rest_route=%2Fwp%2Fv2%2Fcategories&post=5165"},{"taxonomy":"post_tag","embeddable":true,"href":"https:\/\/diariodegarca.com\/index.php?rest_route=%2Fwp%2Fv2%2Ftags&post=5165"}],"curies":[{"name":"wp","href":"https:\/\/api.w.org\/{rel}","templated":true}]}}