{"id":5181,"date":"2025-07-31T16:01:22","date_gmt":"2025-07-31T19:01:22","guid":{"rendered":"https:\/\/diariodegarca.com\/?p=5181"},"modified":"2025-07-31T16:01:22","modified_gmt":"2025-07-31T19:01:22","slug":"cursos-profissionalizantes-em-almoxarifado-e-operacao-de-empilhadeira-em-marilia","status":"publish","type":"post","link":"https:\/\/diariodegarca.com\/?p=5181","title":{"rendered":"Cursos profissionalizantes em Almoxarifado e Opera\u00e7\u00e3o de Empilhadeira em Mar\u00edlia"},"content":{"rendered":"\n<p class=\"wp-block-paragraph\"><em>Capacita\u00e7\u00f5es presenciais preparam profissionais para atuar com seguran\u00e7a e efici\u00eancia em \u00e1reas estrat\u00e9gicas do mercado log\u00edstico e industrial.<\/em><\/p>\n\n\n\n<p class=\"wp-block-paragraph\">O&nbsp;<strong>Centro Estadual de Educa\u00e7\u00e3o Tecnol\u00f3gica Paula Souza (CETTPRO)<\/strong>&nbsp;est\u00e1 com inscri\u00e7\u00f5es abertas para dois cursos profissionalizantes que formam m\u00e3o de obra qualificada para o setor log\u00edstico e de armazenagem:&nbsp;<strong>Almoxarife<\/strong>&nbsp;(86 horas) e&nbsp;<strong>Operador de Empilhadeira<\/strong>&nbsp;(74 horas). As forma\u00e7\u00f5es, presenciais, combinam teoria e pr\u00e1tica para garantir que os alunos saiam prontos para atender \u00e0s demandas do mercado.<\/p>\n\n\n\n<h4 class=\"wp-block-heading\"><strong>Curso de Almoxarife: organiza\u00e7\u00e3o e controle de estoques<\/strong><\/h4>\n\n\n\n<p class=\"wp-block-paragraph\">O curso prepara profissionais para gerenciar almoxarifados, seguindo normas de seguran\u00e7a e qualidade. Entre os temas abordados est\u00e3o:<\/p>\n\n\n\n<ul class=\"wp-block-list\">\n<li><strong>Gest\u00e3o de estoques<\/strong>\u00a0(Curva ABC, invent\u00e1rios e m\u00e9todos de controle).<\/li>\n\n\n\n<li><strong>Movimenta\u00e7\u00e3o e confer\u00eancia de materiais<\/strong>\u00a0(entrada, sa\u00edda e documenta\u00e7\u00e3o).<\/li>\n\n\n\n<li><strong>Seguran\u00e7a no trabalho<\/strong>\u00a0(NRs, ergonomia e primeiros socorros).<\/li>\n\n\n\n<li><strong>Soft skills<\/strong>\u00a0(habilidades comportamentais para o ambiente profissional).<\/li>\n\n\n\n<li><\/li>\n<\/ul>\n\n\n\n<h4 class=\"wp-block-heading\"><strong>Curso de Operador de Empilhadeira: seguran\u00e7a e efici\u00eancia na Pr\u00e1tica<\/strong><\/h4>\n\n\n\n<p class=\"wp-block-paragraph\">Voltado para quem deseja operar empilhadeiras dentro das normas da&nbsp;<strong>NR 11 e NR 12<\/strong>, o curso inclui:<\/p>\n\n\n\n<ul class=\"wp-block-list\">\n<li><strong>Opera\u00e7\u00e3o segura<\/strong>\u00a0(prote\u00e7\u00f5es mec\u00e2nicas, el\u00e9tricas e EPIs).<\/li>\n\n\n\n<li><strong>Legisla\u00e7\u00e3o<\/strong>\u00a0(trabalho e tr\u00e2nsito).<\/li>\n\n\n\n<li><strong>Procedimentos de emerg\u00eancia<\/strong>\u00a0(primeiros socorros e sinaliza\u00e7\u00e3o).<\/li>\n\n\n\n<li><strong>No\u00e7\u00f5es de log\u00edstica<\/strong>\u00a0(arranjo de carga, unitiza\u00e7\u00e3o e documenta\u00e7\u00e3o).<\/li>\n<\/ul>\n\n\n\n<h4 class=\"wp-block-heading\"><strong>Mercado em Alta<\/strong><\/h4>\n\n\n\n<p class=\"wp-block-paragraph\">Com o crescimento do e-commerce e da ind\u00fastria, a demanda por profissionais dessas \u00e1reas est\u00e1 em alta. Empresas buscam candidatos com certifica\u00e7\u00e3o e conhecimentos em normas de seguran\u00e7a \u2014 diferenciais oferecidos pelos cursos.<\/p>\n\n\n\n<p class=\"wp-block-paragraph\"><strong>Como se inscrever?<\/strong><br>Interessados podem acessar o portal do CETTPRO (<a href=\"https:\/\/www.alunos.cettpro.sp.gov.br\/novo-emprego\" target=\"_blank\" rel=\"noreferrer noopener\">alunos.cettpro.sp.gov.br\/novo-emprego<\/a>), escolher a cidade do curso e submeter sua inscri\u00e7\u00e3o.<\/p>\n","protected":false},"excerpt":{"rendered":"<p>Capacita\u00e7\u00f5es presenciais preparam profissionais para atuar com seguran\u00e7a e efici\u00eancia em \u00e1reas estrat\u00e9gicas do mercado log\u00edstico e industrial. O&nbsp;Centro Estadual de Educa\u00e7\u00e3o Tecnol\u00f3gica Paula Souza (CETTPRO)&nbsp;est\u00e1 com inscri\u00e7\u00f5es abertas para dois cursos profissionalizantes que formam m\u00e3o de obra qualificada para o setor log\u00edstico e de armazenagem:&nbsp;Almoxarife&nbsp;(86 horas) e&nbsp;Operador de Empilhadeira&nbsp;(74 horas). As forma\u00e7\u00f5es, presenciais, combinam [&hellip;]<\/p>\n","protected":false},"author":260896546,"featured_media":5182,"comment_status":"open","ping_status":"open","sticky":false,"template":"","format":"standard","meta":{"_monsterinsights_skip_tracking":false,"advanced_seo_description":"","jetpack_seo_html_title":"","jetpack_seo_noindex":false,"jetpack_seo_schema_type":"","_jetpack_newsletter_access":"","_jetpack_dont_email_post_to_subs":false,"_jetpack_newsletter_tier_id":0,"_jetpack_memberships_contains_paywalled_content":false,"_wpcom_ai_launchpad_first_post":false,"_jetpack_feature_clip_id":0,"_jetpack_memberships_contains_paid_content":false,"footnotes":"","jetpack_publicize_message":"\ud83d\udce2 Cursos profissionalizantes em Almoxarifado e Opera\u00e7\u00e3o de Empilhadeira em Mar\u00edlia\n\n\u2705 Almoxarife (86h)\n\ud83d\udc49 Aprenda a controlar estoques, organizar almoxarifados e trabalhar com seguran\u00e7a.\n\n\u2705 Operador de Empilhadeira (74h)\n\ud83d\udc49 Domine t\u00e9cnicas de opera\u00e7\u00e3o, normas NR 11\/12 e gest\u00e3o de carga.\n\n\ud83d\udccd Presencial | Vagas limitadas!\n\ud83d\udd17 Saiba mais em: diariodegarca.com\n\n#Capacita\u00e7\u00e3oProfissional #Log\u00edstica #Empregabilidade #CETTPRO","jetpack_publicize_feature_enabled":true,"jetpack_social_post_already_shared":false,"jetpack_social_options":{"image_generator_settings":{"template":"highway","default_image_id":0,"enabled":false},"version":2},"_wpas_customize_per_network":false,"jetpack_post_was_ever_published":false},"categories":[36947,683453294,115166],"tags":[],"class_list":["post-5181","post","type-post","status-publish","format-standard","has-post-thumbnail","hentry","category-curso","category-marilia-cidade","category-presencial"],"jetpack_publicize_connections":[],"jetpack_likes_enabled":true,"jetpack_sharing_enabled":true,"jetpack_shortlink":"https:\/\/wp.me\/pgitne-1lz","jetpack-related-posts":[{"id":4871,"url":"https:\/\/diariodegarca.com\/?p=4871","url_meta":{"origin":5181,"position":0},"title":"Mar\u00edlia abre inscri\u00e7\u00f5es para curso gratuito de Almoxarifado on-line","author":"Di\u00e1rio de Gar\u00e7a","date":"22 de julho de 2025","format":false,"excerpt":"Capacita\u00e7\u00e3o profissional visa preparar alunos para gest\u00e3o de estoques e log\u00edstica; inscri\u00e7\u00f5es come\u00e7am em 4 de agosto. O Centro Profissionalizante Municipal de Mar\u00edlia (CEPROM), vinculado \u00e0 Secretaria de Assist\u00eancia Social e Cidadania, abrir\u00e1 inscri\u00e7\u00f5es para o curso\u00a0Almoxarifado, na modalidade Educa\u00e7\u00e3o a Dist\u00e2ncia (EaD). O objetivo \u00e9 capacitar profissionais para atuar\u2026","rel":"","context":"Em &quot;Curso&quot;","block_context":{"text":"Curso","link":"https:\/\/diariodegarca.com\/?cat=36947"},"img":{"alt_text":"","src":"https:\/\/i0.wp.com\/diariodegarca.com\/wp-content\/uploads\/2025\/07\/homem-tiro-medio-carregando-item-de-madeira.jpg?fit=1200%2C800&ssl=1&resize=350%2C200","width":350,"height":200,"srcset":"https:\/\/i0.wp.com\/diariodegarca.com\/wp-content\/uploads\/2025\/07\/homem-tiro-medio-carregando-item-de-madeira.jpg?fit=1200%2C800&ssl=1&resize=350%2C200 1x, https:\/\/i0.wp.com\/diariodegarca.com\/wp-content\/uploads\/2025\/07\/homem-tiro-medio-carregando-item-de-madeira.jpg?fit=1200%2C800&ssl=1&resize=525%2C300 1.5x, https:\/\/i0.wp.com\/diariodegarca.com\/wp-content\/uploads\/2025\/07\/homem-tiro-medio-carregando-item-de-madeira.jpg?fit=1200%2C800&ssl=1&resize=700%2C400 2x, https:\/\/i0.wp.com\/diariodegarca.com\/wp-content\/uploads\/2025\/07\/homem-tiro-medio-carregando-item-de-madeira.jpg?fit=1200%2C800&ssl=1&resize=1050%2C600 3x"},"classes":[]},{"id":5186,"url":"https:\/\/diariodegarca.com\/?p=5186","url_meta":{"origin":5181,"position":1},"title":"Mar\u00edlia abre inscri\u00e7\u00f5es EaD para Almoxarife e Estoquista","author":"Di\u00e1rio de Gar\u00e7a","date":"1 de agosto de 2025","format":false,"excerpt":"Capacita\u00e7\u00e3o prepara profissionais para atuar no controle de estoques e almoxarifados, com inscri\u00e7\u00f5es abertas at\u00e9 19 de setembro. O\u00a0Centro de Promo\u00e7\u00e3o Social Municipal (CEPROM), vinculado \u00e0 Prefeitura de Mar\u00edlia, est\u00e1 com inscri\u00e7\u00f5es abertas para o\u00a0curso gratuito de Almoxarife e Estoquista\u00a0na modalidade\u00a0Ensino a Dist\u00e2ncia (EaD). As vagas est\u00e3o dispon\u00edveis a partir\u2026","rel":"","context":"Em &quot;Curso&quot;","block_context":{"text":"Curso","link":"https:\/\/diariodegarca.com\/?cat=36947"},"img":{"alt_text":"","src":"https:\/\/i0.wp.com\/diariodegarca.com\/wp-content\/uploads\/2025\/07\/jovem-estudando-em-uma-biblioteca-usando-um-laptop-e1753989221767.jpg?fit=1191%2C1200&ssl=1&resize=350%2C200","width":350,"height":200,"srcset":"https:\/\/i0.wp.com\/diariodegarca.com\/wp-content\/uploads\/2025\/07\/jovem-estudando-em-uma-biblioteca-usando-um-laptop-e1753989221767.jpg?fit=1191%2C1200&ssl=1&resize=350%2C200 1x, https:\/\/i0.wp.com\/diariodegarca.com\/wp-content\/uploads\/2025\/07\/jovem-estudando-em-uma-biblioteca-usando-um-laptop-e1753989221767.jpg?fit=1191%2C1200&ssl=1&resize=525%2C300 1.5x, https:\/\/i0.wp.com\/diariodegarca.com\/wp-content\/uploads\/2025\/07\/jovem-estudando-em-uma-biblioteca-usando-um-laptop-e1753989221767.jpg?fit=1191%2C1200&ssl=1&resize=700%2C400 2x, https:\/\/i0.wp.com\/diariodegarca.com\/wp-content\/uploads\/2025\/07\/jovem-estudando-em-uma-biblioteca-usando-um-laptop-e1753989221767.jpg?fit=1191%2C1200&ssl=1&resize=1050%2C600 3x"},"classes":[]},{"id":2247,"url":"https:\/\/diariodegarca.com\/?p=2247","url_meta":{"origin":5181,"position":2},"title":"Oportunidades de emprego e est\u00e1gio na regi\u00e3o de Mar\u00edlia","author":"Di\u00e1rio de Gar\u00e7a","date":"29 de abril de 2025","format":false,"excerpt":"O CEPROM (Centro Profissionalizante) de Mar\u00edlia divulgou uma s\u00e9rie de vagas para profissionais e estudantes em diferentes \u00e1reas, abrangendo cidades como Mar\u00edlia, Pomp\u00e9ia, e Paul\u00f3polis. J\u00e1 a Prefeitura Municipal de Lup\u00e9rcio divulgou uma vaga de est\u00e1gio.\u00a0Confira as oportunidades dispon\u00edveis:1. Est\u00e1gio em Ensino M\u00e9dioLocal:\u00a0Mar\u00edlia - Rua Dr. Pr\u00f3spero Cec\u00edlio Coimbra, 330Entrevistas:\u00a0Ter\u00e7as\u2026","rel":"","context":"Em &quot;Brasil&quot;","block_context":{"text":"Brasil","link":"https:\/\/diariodegarca.com\/?cat=38185"},"img":{"alt_text":"","src":"https:\/\/i0.wp.com\/blogger.googleusercontent.com\/img\/b\/R29vZ2xl\/AVvXsEjuPiYXxTXBbB-T4ZY3dXq_3lTCb6XHluVYyvNc-fklZzP1S1dSqZ1jyDJQiJSmtpMwbDkkTt0DAvMhVKC4gm3sTtpcS8nX1bVtTKxKERxllBqF-Zk4zc9ZKv5WoWTD_ziypP07Iv5PDdRy6dJoaXyHxzjdvFmFX7PQCudUSIhimvQPH3rA8CjQ-uVhryk\/s320\/full-shot-men-high-five-office.jpg?resize=350%2C200&ssl=1","width":350,"height":200},"classes":[]},{"id":4866,"url":"https:\/\/diariodegarca.com\/?p=4866","url_meta":{"origin":5181,"position":3},"title":"Mar\u00edlia abre inscri\u00e7\u00f5es para cursos gratuitos de Cuidador de Idosos e Eletricista Instalador","author":"Di\u00e1rio de Gar\u00e7a","date":"21 de julho de 2025","format":false,"excerpt":"Oportunidades presenciais t\u00eam in\u00edcio em agosto e exigem ensino fundamental completo. O Centro Profissionalizante Municipal de Mar\u00edlia (CEPROM) est\u00e1 com inscri\u00e7\u00f5es abertas para dois cursos gratuitos e presenciais:\u00a0Cuidador de Idosos\u00a0e\u00a0Eletricista Instalador. As vagas s\u00e3o limitadas e as aulas come\u00e7am no dia 11 de agosto. As inscri\u00e7\u00f5es podem ser feitas entre\u2026","rel":"","context":"Em &quot;Curso&quot;","block_context":{"text":"Curso","link":"https:\/\/diariodegarca.com\/?cat=36947"},"img":{"alt_text":"","src":"https:\/\/i0.wp.com\/diariodegarca.com\/wp-content\/uploads\/2025\/07\/conceito-de-aposentadoria-em-casa-com-enfermeira.jpg?fit=1200%2C800&ssl=1&resize=350%2C200","width":350,"height":200,"srcset":"https:\/\/i0.wp.com\/diariodegarca.com\/wp-content\/uploads\/2025\/07\/conceito-de-aposentadoria-em-casa-com-enfermeira.jpg?fit=1200%2C800&ssl=1&resize=350%2C200 1x, https:\/\/i0.wp.com\/diariodegarca.com\/wp-content\/uploads\/2025\/07\/conceito-de-aposentadoria-em-casa-com-enfermeira.jpg?fit=1200%2C800&ssl=1&resize=525%2C300 1.5x, https:\/\/i0.wp.com\/diariodegarca.com\/wp-content\/uploads\/2025\/07\/conceito-de-aposentadoria-em-casa-com-enfermeira.jpg?fit=1200%2C800&ssl=1&resize=700%2C400 2x, https:\/\/i0.wp.com\/diariodegarca.com\/wp-content\/uploads\/2025\/07\/conceito-de-aposentadoria-em-casa-com-enfermeira.jpg?fit=1200%2C800&ssl=1&resize=1050%2C600 3x"},"classes":[]},{"id":8863,"url":"https:\/\/diariodegarca.com\/?p=8863","url_meta":{"origin":5181,"position":4},"title":"PAT de Gar\u00e7a oferece 68 oportunidades de emprego","author":"Andreza Sega","date":"19 de novembro de 2025","format":false,"excerpt":"Sal\u00e1rios chegam a R$ 4.455,00; processo seletivo para 60 vagas de Operador de Telesservi\u00e7os encerra em 21 de novembro. O Posto de Atendimento ao Trabalhador (PAT) de Gar\u00e7a \u00e9 um importante agente no fomento ao emprego local e atualmente centraliza 68 oportunidades de trabalho em diversas \u00e1reas. As vagas abrangem\u2026","rel":"","context":"Em &quot;Gar\u00e7a&quot;","block_context":{"text":"Gar\u00e7a","link":"https:\/\/diariodegarca.com\/?cat=781171664"},"img":{"alt_text":"","src":"https:\/\/i0.wp.com\/diariodegarca.com\/wp-content\/uploads\/2025\/11\/homem-senior-trabalhando-no-campo-com-frutas.jpg?fit=1200%2C800&ssl=1&resize=350%2C200","width":350,"height":200,"srcset":"https:\/\/i0.wp.com\/diariodegarca.com\/wp-content\/uploads\/2025\/11\/homem-senior-trabalhando-no-campo-com-frutas.jpg?fit=1200%2C800&ssl=1&resize=350%2C200 1x, https:\/\/i0.wp.com\/diariodegarca.com\/wp-content\/uploads\/2025\/11\/homem-senior-trabalhando-no-campo-com-frutas.jpg?fit=1200%2C800&ssl=1&resize=525%2C300 1.5x, https:\/\/i0.wp.com\/diariodegarca.com\/wp-content\/uploads\/2025\/11\/homem-senior-trabalhando-no-campo-com-frutas.jpg?fit=1200%2C800&ssl=1&resize=700%2C400 2x, https:\/\/i0.wp.com\/diariodegarca.com\/wp-content\/uploads\/2025\/11\/homem-senior-trabalhando-no-campo-com-frutas.jpg?fit=1200%2C800&ssl=1&resize=1050%2C600 3x"},"classes":[]},{"id":2508,"url":"https:\/\/diariodegarca.com\/?p=2508","url_meta":{"origin":5181,"position":5},"title":"Mar\u00edlia oferece cursos presenciais de Inform\u00e1tica B\u00e1sica e Cuidador de Idosos","author":"Di\u00e1rio de Gar\u00e7a","date":"1 de abril de 2025","format":false,"excerpt":"O\u00a0Centro Profissionalizante Municipal de Mar\u00edlia (CEPROM), vinculado \u00e0\u00a0Prefeitura de Mar\u00edlia, abre inscri\u00e7\u00f5es para dois cursos gratuitos e presenciais a partir de hoje, ter\u00e7a-feira,\u00a01\u00ba de abril:\u00a0Inform\u00e1tica B\u00e1sica\u00a0e\u00a0Cuidador de Idosos. As vagas s\u00e3o limitadas, e as inscri\u00e7\u00f5es seguem at\u00e9\u00a011 de abril, diretamente no CEPROM.Os cursos t\u00eam dura\u00e7\u00e3o de\u00a040 horas, ser\u00e3o realizados de\u2026","rel":"","context":"Em &quot;Brasil&quot;","block_context":{"text":"Brasil","link":"https:\/\/diariodegarca.com\/?cat=38185"},"img":{"alt_text":"","src":"https:\/\/i0.wp.com\/blogger.googleusercontent.com\/img\/b\/R29vZ2xl\/AVvXsEie-EBFuaT9Fk_ehavEquKVA8XycOqhYsOCbdWRVMYY_fRaP1FRFjzWLUPg9ETrMDU8JMFgDZKbJgWhh0zf-bn4_D4txySrIAMeqf34lQzplogyzXXcI0Mf-N1ey97CnMlM1UQCmhFy893x6bxs_-e7MzHpBCUUlSOjgFgjDElYevwjgxcd6uGVGIa9i1A\/s320\/closeup-support-hands.jpg?resize=350%2C200&ssl=1","width":350,"height":200},"classes":[]}],"jetpack_featured_media_url":"https:\/\/i0.wp.com\/diariodegarca.com\/wp-content\/uploads\/2025\/07\/homem-trabalhando-em-armazem.jpg?fit=7951%2C4705&ssl=1","_links":{"self":[{"href":"https:\/\/diariodegarca.com\/index.php?rest_route=\/wp\/v2\/posts\/5181","targetHints":{"allow":["GET"]}}],"collection":[{"href":"https:\/\/diariodegarca.com\/index.php?rest_route=\/wp\/v2\/posts"}],"about":[{"href":"https:\/\/diariodegarca.com\/index.php?rest_route=\/wp\/v2\/types\/post"}],"author":[{"embeddable":true,"href":"https:\/\/diariodegarca.com\/index.php?rest_route=\/wp\/v2\/users\/260896546"}],"replies":[{"embeddable":true,"href":"https:\/\/diariodegarca.com\/index.php?rest_route=%2Fwp%2Fv2%2Fcomments&post=5181"}],"version-history":[{"count":3,"href":"https:\/\/diariodegarca.com\/index.php?rest_route=\/wp\/v2\/posts\/5181\/revisions"}],"predecessor-version":[{"id":5185,"href":"https:\/\/diariodegarca.com\/index.php?rest_route=\/wp\/v2\/posts\/5181\/revisions\/5185"}],"wp:featuredmedia":[{"embeddable":true,"href":"https:\/\/diariodegarca.com\/index.php?rest_route=\/wp\/v2\/media\/5182"}],"wp:attachment":[{"href":"https:\/\/diariodegarca.com\/index.php?rest_route=%2Fwp%2Fv2%2Fmedia&parent=5181"}],"wp:term":[{"taxonomy":"category","embeddable":true,"href":"https:\/\/diariodegarca.com\/index.php?rest_route=%2Fwp%2Fv2%2Fcategories&post=5181"},{"taxonomy":"post_tag","embeddable":true,"href":"https:\/\/diariodegarca.com\/index.php?rest_route=%2Fwp%2Fv2%2Ftags&post=5181"}],"curies":[{"name":"wp","href":"https:\/\/api.w.org\/{rel}","templated":true}]}}