{"id":5191,"date":"2025-08-02T08:18:00","date_gmt":"2025-08-02T11:18:00","guid":{"rendered":"https:\/\/diariodegarca.com\/?p=5191"},"modified":"2025-07-31T16:42:15","modified_gmt":"2025-07-31T19:42:15","slug":"curso-gratuito-ensina-direitos-do-consumidor-no-transporte-aereo","status":"publish","type":"post","link":"https:\/\/diariodegarca.com\/?p=5191","title":{"rendered":"Curso gratuito ensina direitos do consumidor no transporte a\u00e9reo"},"content":{"rendered":"\n<p class=\"wp-block-paragraph\"><em>Forma\u00e7\u00e3o online com certificado da UnB aborda desde regula\u00e7\u00e3o at\u00e9 acessibilidade; inscri\u00e7\u00f5es v\u00e3o at\u00e9 25 de agosto<\/em>.<\/p>\n\n\n\n<p class=\"wp-block-paragraph\">A&nbsp;<strong>Ag\u00eancia Nacional de Avia\u00e7\u00e3o Civil (Anac)<\/strong>&nbsp;e a&nbsp;<strong>Secretaria Nacional do Consumidor (Senacon)<\/strong>&nbsp;abriram as inscri\u00e7\u00f5es para uma nova turma do curso&nbsp;<strong>&#8220;Rela\u00e7\u00f5es de Consumo no Transporte A\u00e9reo&#8221;<\/strong>. A capacita\u00e7\u00e3o,&nbsp;<strong>gratuita e online<\/strong>, \u00e9 voltada para passageiros, profissionais do setor e interessados em entender seus direitos e deveres no transporte a\u00e9reo. As aulas come\u00e7am em&nbsp;<strong>2 de setembro<\/strong>, e as inscri\u00e7\u00f5es podem ser feitas at\u00e9&nbsp;<strong>25 de agosto<\/strong>&nbsp;no site da Escola Nacional de Defesa do Consumidor (ENDC).<\/p>\n\n\n\n<p class=\"wp-block-paragraph\">Com&nbsp;<strong>certificado emitido pela Universidade de Bras\u00edlia (UnB)<\/strong>, o curso tem&nbsp;<strong>40 horas de carga hor\u00e1ria<\/strong>&nbsp;e \u00e9 dividido em cinco m\u00f3dulos:<\/p>\n\n\n\n<ol start=\"1\" class=\"wp-block-list\">\n<li><strong>Regula\u00e7\u00e3o dos servi\u00e7os de transporte a\u00e9reo no Brasil<\/strong>\u00a0\u2013 Entenda o papel da Anac e as normas do setor.<\/li>\n\n\n\n<li><strong>Antes da viagem<\/strong>\u00a0\u2013 Saiba quais s\u00e3o seus direitos na compra de passagens e no check-in.<\/li>\n\n\n\n<li><strong>Durante a viagem<\/strong>\u00a0\u2013 Conhe\u00e7a as regras em casos de atrasos, cancelamentos e bagagens.<\/li>\n\n\n\n<li><strong>Depois da viagem<\/strong>\u00a0\u2013 Aprenda como reclamar e buscar repara\u00e7\u00e3o em situa\u00e7\u00f5es de descumprimento.<\/li>\n\n\n\n<li><strong>Acessibilidade no transporte a\u00e9reo<\/strong>\u00a0\u2013 Descubra quais s\u00e3o as obriga\u00e7\u00f5es das empresas em rela\u00e7\u00e3o a passageiros com defici\u00eancia.<\/li>\n<\/ol>\n\n\n\n<p class=\"wp-block-paragraph\">A forma\u00e7\u00e3o \u00e9&nbsp;<strong>priorit\u00e1ria para membros do Sistema Nacional de Defesa do Consumidor (SNDC)<\/strong>, mas est\u00e1 aberta a&nbsp;<strong>qualquer pessoa interessada<\/strong>, incluindo passageiros frequentes, profissionais da avia\u00e7\u00e3o e estudantes. As aulas s\u00e3o gravadas por servidores da Anac, garantindo informa\u00e7\u00f5es&nbsp;<strong>oficiais e atualizadas<\/strong>.<\/p>\n\n\n\n<p class=\"wp-block-paragraph\"><strong>Como se inscrever?<\/strong><br>As inscri\u00e7\u00f5es devem ser feitas at\u00e9&nbsp;<strong>25 de agosto<\/strong>&nbsp;no site da ENDC:<br>\ud83d\udc49&nbsp;<a href=\"https:\/\/www.gov.br\/mj\/pt-br\/assuntos\/seus-direitos\/consumidor\/escola-nacional-endc\/cursos-endc\" target=\"_blank\" rel=\"noreferrer noopener\">defesadoconsumidor.gov.br<\/a><\/p>\n\n\n\n<p class=\"wp-block-paragraph\">Esta \u00e9 uma&nbsp;<strong>oportunidade valiosa<\/strong>&nbsp;para quem deseja&nbsp;<strong>entender seus direitos<\/strong>&nbsp;e evitar problemas em viagens a\u00e9reas. Com o certificado da UnB, o curso tamb\u00e9m pode&nbsp;<strong>enriquecer o curr\u00edculo<\/strong>&nbsp;de profissionais do Direito, turismo e avia\u00e7\u00e3o.<\/p>\n","protected":false},"excerpt":{"rendered":"<p>Forma\u00e7\u00e3o online com certificado da UnB aborda desde regula\u00e7\u00e3o at\u00e9 acessibilidade; inscri\u00e7\u00f5es v\u00e3o at\u00e9 25 de agosto. A&nbsp;Ag\u00eancia Nacional de Avia\u00e7\u00e3o Civil (Anac)&nbsp;e a&nbsp;Secretaria Nacional do Consumidor (Senacon)&nbsp;abriram as inscri\u00e7\u00f5es para uma nova turma do curso&nbsp;&#8220;Rela\u00e7\u00f5es de Consumo no Transporte A\u00e9reo&#8221;. A capacita\u00e7\u00e3o,&nbsp;gratuita e online, \u00e9 voltada para passageiros, profissionais do setor e interessados em [&hellip;]<\/p>\n","protected":false},"author":260896546,"featured_media":5192,"comment_status":"open","ping_status":"open","sticky":false,"template":"","format":"standard","meta":{"_crdt_document":"","_monsterinsights_skip_tracking":false,"_monsterinsights_sitenote_active":false,"_monsterinsights_sitenote_note":"","_monsterinsights_sitenote_category":0,"advanced_seo_description":"","jetpack_seo_html_title":"","jetpack_seo_noindex":false,"jetpack_post_was_ever_published":false,"_jetpack_newsletter_access":"","_jetpack_dont_email_post_to_subs":false,"_jetpack_newsletter_tier_id":0,"_jetpack_memberships_contains_paywalled_content":false,"_jetpack_memberships_contains_paid_content":false,"footnotes":"","jetpack_publicize_message":"\u2708 Sabe quais s\u00e3o seus direitos no transporte a\u00e9reo?\n\nA Anac e a Senacon est\u00e3o com inscri\u00e7\u00f5es abertas para o curso gratuito \"Rela\u00e7\u00f5es de Consumo no Transporte A\u00e9reo\".\n\n\u2705 Online com certificado da UnB\n\u2705 5 m\u00f3dulos: regula\u00e7\u00e3o, antes\/durante\/depois da viagem e acessibilidade\n\u2705 Inscri\u00e7\u00f5es at\u00e9 25\/08\n\n\ud83d\udd17 Saiba mais e como se inscrerver em diariodegarca.com\n\n#DireitoDoConsumidor #TransporteA\u00e9reo #CursoGratuito #Anac #Senacon","jetpack_publicize_feature_enabled":true,"jetpack_social_post_already_shared":false,"jetpack_social_options":{"image_generator_settings":{"template":"highway","default_image_id":0,"enabled":false},"version":2},"_wpas_customize_per_network":false},"categories":[36947,91066845],"tags":[],"class_list":["post-5191","post","type-post","status-publish","format-standard","has-post-thumbnail","hentry","category-curso","category-online-curso"],"jetpack_publicize_connections":[],"jetpack_featured_media_url":"https:\/\/i0.wp.com\/diariodegarca.com\/wp-content\/uploads\/2025\/07\/40c5eec8-0860-43b9-ae38-f8c0de091f2a-e1753990653374.jpeg?fit=586%2C333&ssl=1","jetpack_likes_enabled":true,"jetpack_sharing_enabled":true,"jetpack_shortlink":"https:\/\/wp.me\/pgitne-1lJ","jetpack-related-posts":[{"id":2627,"url":"https:\/\/diariodegarca.com\/?p=2627","url_meta":{"origin":5191,"position":0},"title":"Curso gratuito sobre direitos das mulheres no consumo abre inscri\u00e7\u00f5es","author":"Di\u00e1rio de Gar\u00e7a","date":"13 de mar\u00e7o de 2025","format":false,"excerpt":"A Escola Nacional de Defesa do Consumidor (ENDC), vinculada ao Minist\u00e9rio da Justi\u00e7a e Seguran\u00e7a P\u00fablica, est\u00e1 oferecendo o curso gratuito \"Os Direitos e a Defesa das Mulheres nas Rela\u00e7\u00f5es de Consumo\". A forma\u00e7\u00e3o \u00e9 autoinstrucional e tem o objetivo de apresentar os principais temas do direito do consumidor sob\u2026","rel":"","context":"Em &quot;Brasil&quot;","block_context":{"text":"Brasil","link":"https:\/\/diariodegarca.com\/?cat=38185"},"img":{"alt_text":"","src":"","width":0,"height":0},"classes":[]},{"id":6618,"url":"https:\/\/diariodegarca.com\/?p=6618","url_meta":{"origin":5191,"position":1},"title":"Escult abre inscri\u00e7\u00f5es para curso gratuito para formar gestores de projetos culturais","author":"Di\u00e1rio de Gar\u00e7a","date":"11 de setembro de 2025","format":false,"excerpt":"Capacita\u00e7\u00e3o de 160 horas ensina desde a concep\u00e7\u00e3o de ideias at\u00e9 a presta\u00e7\u00e3o de contas, preenchendo uma lacuna crucial no setor. A Escola Solano Trindade de Forma\u00e7\u00e3o e Qualifica\u00e7\u00e3o Art\u00edstica, T\u00e9cnica e Cultural (Escult) acaba de lan\u00e7ar um novo curso gratuito de Forma\u00e7\u00e3o Inicial e Continuada (FIC) em Gest\u00e3o de\u2026","rel":"","context":"Em &quot;Cultura&quot;","block_context":{"text":"Cultura","link":"https:\/\/diariodegarca.com\/?cat=2367"},"img":{"alt_text":"","src":"https:\/\/i0.wp.com\/diariodegarca.com\/wp-content\/uploads\/2025\/09\/c2a39c3a-ed1d-4c02-86d3-7a0bcc236834.png?fit=768%2C510&ssl=1&resize=350%2C200","width":350,"height":200,"srcset":"https:\/\/i0.wp.com\/diariodegarca.com\/wp-content\/uploads\/2025\/09\/c2a39c3a-ed1d-4c02-86d3-7a0bcc236834.png?fit=768%2C510&ssl=1&resize=350%2C200 1x, https:\/\/i0.wp.com\/diariodegarca.com\/wp-content\/uploads\/2025\/09\/c2a39c3a-ed1d-4c02-86d3-7a0bcc236834.png?fit=768%2C510&ssl=1&resize=525%2C300 1.5x, https:\/\/i0.wp.com\/diariodegarca.com\/wp-content\/uploads\/2025\/09\/c2a39c3a-ed1d-4c02-86d3-7a0bcc236834.png?fit=768%2C510&ssl=1&resize=700%2C400 2x"},"classes":[]},{"id":5844,"url":"https:\/\/diariodegarca.com\/?p=5844","url_meta":{"origin":5191,"position":2},"title":"INMET oferece curso gratuito para forma\u00e7\u00e3o de Observadores Meteorol\u00f3gicos","author":"Di\u00e1rio de Gar\u00e7a","date":"21 de agosto de 2025","format":false,"excerpt":"Capacita\u00e7\u00e3o EaD, com 20 horas de dura\u00e7\u00e3o, \u00e9 uma parceria com ENAGRO, MAPA, SDI e UnB e visa capacitar o p\u00fablico geral para uma das atividades fundamentais da ci\u00eancia atmosf\u00e9rica. O Instituto Nacional de Meteorologia (INMET) deu in\u00edcio \u00e0 terceira edi\u00e7\u00e3o do curso a dist\u00e2ncia \"Forma\u00e7\u00e3o de Observador Meteorol\u00f3gico\". A\u2026","rel":"","context":"Em &quot;Curso&quot;","block_context":{"text":"Curso","link":"https:\/\/diariodegarca.com\/?cat=36947"},"img":{"alt_text":"","src":"https:\/\/i0.wp.com\/diariodegarca.com\/wp-content\/uploads\/2025\/08\/mulher-sorridente-segurando-um-guarda-chuva-e-uma-folha.jpg?fit=1200%2C1050&ssl=1&resize=350%2C200","width":350,"height":200,"srcset":"https:\/\/i0.wp.com\/diariodegarca.com\/wp-content\/uploads\/2025\/08\/mulher-sorridente-segurando-um-guarda-chuva-e-uma-folha.jpg?fit=1200%2C1050&ssl=1&resize=350%2C200 1x, https:\/\/i0.wp.com\/diariodegarca.com\/wp-content\/uploads\/2025\/08\/mulher-sorridente-segurando-um-guarda-chuva-e-uma-folha.jpg?fit=1200%2C1050&ssl=1&resize=525%2C300 1.5x, https:\/\/i0.wp.com\/diariodegarca.com\/wp-content\/uploads\/2025\/08\/mulher-sorridente-segurando-um-guarda-chuva-e-uma-folha.jpg?fit=1200%2C1050&ssl=1&resize=700%2C400 2x, https:\/\/i0.wp.com\/diariodegarca.com\/wp-content\/uploads\/2025\/08\/mulher-sorridente-segurando-um-guarda-chuva-e-uma-folha.jpg?fit=1200%2C1050&ssl=1&resize=1050%2C600 3x"},"classes":[]},{"id":2669,"url":"https:\/\/diariodegarca.com\/?p=2669","url_meta":{"origin":5191,"position":3},"title":"INMET abre inscri\u00e7\u00f5es para curso gratuito de Observador Meteorol\u00f3gico","author":"Di\u00e1rio de Gar\u00e7a","date":"8 de mar\u00e7o de 2025","format":false,"excerpt":"O Instituto Nacional de Meteorologia (INMET), em parceria com a Escola Nacional de Gest\u00e3o Agropecu\u00e1ria (ENAGRO), o Minist\u00e9rio da Agricultura e Pecu\u00e1ria (MAPA), a Secretaria de Defesa Agropecu\u00e1ria (SDI) e a Universidade de Bras\u00edlia (UnB), abrem inscri\u00e7\u00f5es para a segunda edi\u00e7\u00e3o do curso gratuito de Observador Meteorol\u00f3gico. \ud83d\udcc5 Inscri\u00e7\u00f5es e\u2026","rel":"","context":"Em &quot;Brasil&quot;","block_context":{"text":"Brasil","link":"https:\/\/diariodegarca.com\/?cat=38185"},"img":{"alt_text":"","src":"","width":0,"height":0},"classes":[]},{"id":2830,"url":"https:\/\/diariodegarca.com\/?p=2830","url_meta":{"origin":5191,"position":4},"title":"Ci\u00eancia \u00e9 10 tem inscri\u00e7\u00f5es abertas para professores de todo o Brasil","author":"Di\u00e1rio de Gar\u00e7a","date":"14 de fevereiro de 2025","format":false,"excerpt":"A CAPES (Coordena\u00e7\u00e3o de Aperfei\u00e7oamento de Pessoal de N\u00edvel Superior) ampliou o p\u00fablico-alvo do curso de especializa\u00e7\u00e3o Ci\u00eancia \u00e9 10 (C10). Agora, al\u00e9m de professores dos anos finais do ensino fundamental, o programa tamb\u00e9m aceita docentes do ensino m\u00e9dio e dos anos iniciais do fundamental. A mudan\u00e7a vale para as\u2026","rel":"","context":"Em &quot;Brasil&quot;","block_context":{"text":"Brasil","link":"https:\/\/diariodegarca.com\/?cat=38185"},"img":{"alt_text":"","src":"","width":0,"height":0},"classes":[]},{"id":4805,"url":"https:\/\/diariodegarca.com\/?p=4805","url_meta":{"origin":5191,"position":5},"title":"Inscri\u00e7\u00f5es para curso gratuito de Italiano B\u00e1sico I na modalidade on-line","author":"Di\u00e1rio de Gar\u00e7a","date":"18 de julho de 2025","format":false,"excerpt":"IFSULDEMINAS oferece curso com 20 vagas dispon\u00edveis, aulas s\u00edncronas ocorrem \u00e0s ter\u00e7as e quintas-feiras, no per\u00edodo da noite. Sele\u00e7\u00e3o ser\u00e1 por sorteio. O Instituto Federal de Educa\u00e7\u00e3o, Ci\u00eancia e Tecnologia do Sul de Minas Gerais (IFSULDEMINAS) est\u00e1 com inscri\u00e7\u00f5es abertas para o curso de\u00a0Italiano B\u00e1sico I, na modalidade Educa\u00e7\u00e3o a\u2026","rel":"","context":"Em &quot;Curso&quot;","block_context":{"text":"Curso","link":"https:\/\/diariodegarca.com\/?cat=36947"},"img":{"alt_text":"","src":"https:\/\/i0.wp.com\/diariodegarca.com\/wp-content\/uploads\/2025\/07\/feliz-estudante-universitario-hispanico-usando-um-laptop-para-licao-de-casa-na-biblioteca-da-escola.jpg?fit=1200%2C800&ssl=1&resize=350%2C200","width":350,"height":200,"srcset":"https:\/\/i0.wp.com\/diariodegarca.com\/wp-content\/uploads\/2025\/07\/feliz-estudante-universitario-hispanico-usando-um-laptop-para-licao-de-casa-na-biblioteca-da-escola.jpg?fit=1200%2C800&ssl=1&resize=350%2C200 1x, https:\/\/i0.wp.com\/diariodegarca.com\/wp-content\/uploads\/2025\/07\/feliz-estudante-universitario-hispanico-usando-um-laptop-para-licao-de-casa-na-biblioteca-da-escola.jpg?fit=1200%2C800&ssl=1&resize=525%2C300 1.5x, https:\/\/i0.wp.com\/diariodegarca.com\/wp-content\/uploads\/2025\/07\/feliz-estudante-universitario-hispanico-usando-um-laptop-para-licao-de-casa-na-biblioteca-da-escola.jpg?fit=1200%2C800&ssl=1&resize=700%2C400 2x, https:\/\/i0.wp.com\/diariodegarca.com\/wp-content\/uploads\/2025\/07\/feliz-estudante-universitario-hispanico-usando-um-laptop-para-licao-de-casa-na-biblioteca-da-escola.jpg?fit=1200%2C800&ssl=1&resize=1050%2C600 3x"},"classes":[]}],"_links":{"self":[{"href":"https:\/\/diariodegarca.com\/index.php?rest_route=\/wp\/v2\/posts\/5191","targetHints":{"allow":["GET"]}}],"collection":[{"href":"https:\/\/diariodegarca.com\/index.php?rest_route=\/wp\/v2\/posts"}],"about":[{"href":"https:\/\/diariodegarca.com\/index.php?rest_route=\/wp\/v2\/types\/post"}],"author":[{"embeddable":true,"href":"https:\/\/diariodegarca.com\/index.php?rest_route=\/wp\/v2\/users\/260896546"}],"replies":[{"embeddable":true,"href":"https:\/\/diariodegarca.com\/index.php?rest_route=%2Fwp%2Fv2%2Fcomments&post=5191"}],"version-history":[{"count":2,"href":"https:\/\/diariodegarca.com\/index.php?rest_route=\/wp\/v2\/posts\/5191\/revisions"}],"predecessor-version":[{"id":5194,"href":"https:\/\/diariodegarca.com\/index.php?rest_route=\/wp\/v2\/posts\/5191\/revisions\/5194"}],"wp:featuredmedia":[{"embeddable":true,"href":"https:\/\/diariodegarca.com\/index.php?rest_route=\/wp\/v2\/media\/5192"}],"wp:attachment":[{"href":"https:\/\/diariodegarca.com\/index.php?rest_route=%2Fwp%2Fv2%2Fmedia&parent=5191"}],"wp:term":[{"taxonomy":"category","embeddable":true,"href":"https:\/\/diariodegarca.com\/index.php?rest_route=%2Fwp%2Fv2%2Fcategories&post=5191"},{"taxonomy":"post_tag","embeddable":true,"href":"https:\/\/diariodegarca.com\/index.php?rest_route=%2Fwp%2Fv2%2Ftags&post=5191"}],"curies":[{"name":"wp","href":"https:\/\/api.w.org\/{rel}","templated":true}]}}