{"id":5219,"date":"2025-08-03T08:20:00","date_gmt":"2025-08-03T11:20:00","guid":{"rendered":"https:\/\/diariodegarca.com\/?p=5219"},"modified":"2025-08-01T10:26:42","modified_gmt":"2025-08-01T13:26:42","slug":"oficina-online-ensina-producao-de-videos-em-libras","status":"publish","type":"post","link":"https:\/\/diariodegarca.com\/?p=5219","title":{"rendered":"Oficina online ensina Produ\u00e7\u00e3o de V\u00eddeos em Libras"},"content":{"rendered":"\n<p class=\"wp-block-paragraph\"><em>Iniciativa promove inclus\u00e3o e comunica\u00e7\u00e3o acess\u00edvel com aulas pr\u00e1ticas de roteiro, grava\u00e7\u00e3o e edi\u00e7\u00e3o; inscri\u00e7\u00f5es abertas at\u00e9 agosto.<\/em><\/p>\n\n\n\n<p class=\"wp-block-paragraph\">A&nbsp;<strong>Biblioteca Demonstrativa Maria da Concei\u00e7\u00e3o Moreira Salles (BDB Cultural)<\/strong>, em parceria com o&nbsp;<strong>Grupo Estrutura\u00e7\u00e3o<\/strong>, abre inscri\u00e7\u00f5es para a oficina online gratuita&nbsp;<strong>\u201cBiblioteca Acess\u00edvel: Produ\u00e7\u00e3o de V\u00eddeos em Libras\u201d<\/strong>. O projeto visa capacitar interessados em criar conte\u00fados audiovisuais acess\u00edveis, ampliando a representatividade da comunidade surda e fortalecendo a inclus\u00e3o.<\/p>\n\n\n\n<p class=\"wp-block-paragraph\">Com tr\u00eas encontros virtuais, os participantes aprender\u00e3o t\u00e9cnicas de&nbsp;<strong>roteiro, grava\u00e7\u00e3o, edi\u00e7\u00e3o e publica\u00e7\u00e3o de v\u00eddeos em L\u00edngua Brasileira de Sinais (Libras)<\/strong>, utilizando apenas celulares. A proposta \u00e9&nbsp;<strong>valorizar viv\u00eancias reais de inclus\u00e3o e exclus\u00e3o<\/strong>, dando voz a pessoas surdas, com defici\u00eancia ou aliadas da causa.<\/p>\n\n\n\n<hr class=\"wp-block-separator has-alpha-channel-opacity\" \/>\n\n\n\n<h3 class=\"wp-block-heading\"><strong>Detalhes<\/strong><\/h3>\n\n\n\n<ul class=\"wp-block-list\">\n<li><strong>Datas:<\/strong>\u00a011, 14 e 15 de agosto de 2025<\/li>\n\n\n\n<li><strong>Hor\u00e1rio:<\/strong>\u00a014h \u00e0s 17h<\/li>\n\n\n\n<li><strong>Plataforma:<\/strong>\u00a0YouTube da BDB Cultural (<a href=\"https:\/\/www.youtube.com\/@bdbcultural\" target=\"_blank\" rel=\"noreferrer noopener\">@bdbcultural<\/a>)<\/li>\n\n\n\n<li><strong>Facilitador:<\/strong>\u00a0<strong>Michel Platini<\/strong>, tradutor de Libras e ativista de Direitos Humanos<\/li>\n<\/ul>\n\n\n\n<p class=\"wp-block-paragraph\">A oficina \u00e9\u00a0<strong>gratuita<\/strong>\u00a0e oferece\u00a0<strong>certificado<\/strong>\u00a0aos participantes que se inscreverem antecipadamente. As inscri\u00e7\u00f5es podem ser feitas pelo <a href=\"https:\/\/docs.google.com\/forms\/d\/e\/1FAIpQLScENEG7C2ZdmSOOJdgczflNJCxjmdzcPsdRcyjmquiSdleKSw\/viewform\">formul\u00e1rio<\/a>.<\/p>\n\n\n\n<hr class=\"wp-block-separator has-alpha-channel-opacity\" \/>\n\n\n\n<h3 class=\"wp-block-heading\"><strong>Metodologia<\/strong><\/h3>\n\n\n\n<p class=\"wp-block-paragraph\">A atividade busca&nbsp;<strong>democratizar a produ\u00e7\u00e3o de conte\u00fados acess\u00edveis<\/strong>, ensinando:<\/p>\n\n\n\n<ul class=\"wp-block-list\">\n<li><strong>Cria\u00e7\u00e3o de roteiros<\/strong>\u00a0com narrativas inclusivas<\/li>\n\n\n\n<li><strong>T\u00e9cnicas de filmagem<\/strong>\u00a0com dispositivos m\u00f3veis<\/li>\n\n\n\n<li><strong>Edi\u00e7\u00e3o e publica\u00e7\u00e3o<\/strong>\u00a0de v\u00eddeos em Libras<\/li>\n<\/ul>\n\n\n\n<p class=\"wp-block-paragraph\">Os encontros ter\u00e3o\u00a0<strong>car\u00e1ter colaborativo<\/strong>, incentivando os alunos a compartilharem experi\u00eancias e produzirem materiais que reflitam desafios e conquistas da acessibilidade.<\/p>\n","protected":false},"excerpt":{"rendered":"<p>Iniciativa promove inclus\u00e3o e comunica\u00e7\u00e3o acess\u00edvel com aulas pr\u00e1ticas de roteiro, grava\u00e7\u00e3o e edi\u00e7\u00e3o; inscri\u00e7\u00f5es abertas at\u00e9 agosto. A&nbsp;Biblioteca Demonstrativa Maria da Concei\u00e7\u00e3o Moreira Salles (BDB Cultural), em parceria com o&nbsp;Grupo Estrutura\u00e7\u00e3o, abre inscri\u00e7\u00f5es para a oficina online gratuita&nbsp;\u201cBiblioteca Acess\u00edvel: Produ\u00e7\u00e3o de V\u00eddeos em Libras\u201d. O projeto visa capacitar interessados em criar conte\u00fados audiovisuais acess\u00edveis, [&hellip;]<\/p>\n","protected":false},"author":260896546,"featured_media":5220,"comment_status":"open","ping_status":"open","sticky":false,"template":"","format":"standard","meta":{"_crdt_document":"","_monsterinsights_skip_tracking":false,"_monsterinsights_sitenote_active":false,"_monsterinsights_sitenote_note":"","_monsterinsights_sitenote_category":0,"advanced_seo_description":"","jetpack_seo_html_title":"","jetpack_seo_noindex":false,"_jetpack_newsletter_access":"","_jetpack_dont_email_post_to_subs":false,"_jetpack_newsletter_tier_id":0,"_jetpack_memberships_contains_paywalled_content":false,"_jetpack_memberships_contains_paid_content":false,"footnotes":"","jetpack_publicize_message":"\ud83d\udce2 Produ\u00e7\u00e3o de V\u00eddeos em Libras com Celular\n\nA BDB Cultural est\u00e1 com inscri\u00e7\u00f5es abertas para a oficina online \u201cBiblioteca Acess\u00edvel\u201d, que ensina a criar v\u00eddeos em Libras de forma pr\u00e1tica e colaborativa.\n\n\ud83d\udcc5 11, 14 e 15\/08 | \ud83d\udd52 14h-17h | \ud83d\udccd YouTube @bdbcultural\n\ud83c\udf93 Certificado gratuito | \u270d\ufe0f Inscri\u00e7\u00f5es por formul\u00e1rio.\n\nAprenda roteiro, grava\u00e7\u00e3o e edi\u00e7\u00e3o com o tradutor Michel Platini e contribua para uma comunica\u00e7\u00e3o mais inclusiva.\n\n\ud83d\udcf2 Leia mais e acesse o formul\u00e1rio em diariodegarca.com\n\n#Acessibilidade #Libras #CulturaDigital @bdbcultural","jetpack_publicize_feature_enabled":true,"jetpack_social_post_already_shared":false,"jetpack_social_options":{"image_generator_settings":{"template":"highway","default_image_id":0,"enabled":false},"version":2},"_wpas_customize_per_network":false,"jetpack_post_was_ever_published":false},"categories":[38185,2367,36947,17964,91066845],"tags":[],"class_list":["post-5219","post","type-post","status-publish","format-standard","has-post-thumbnail","hentry","category-brasil","category-cultura","category-curso","category-educacao","category-online-curso"],"jetpack_publicize_connections":[],"jetpack_featured_media_url":"https:\/\/i0.wp.com\/diariodegarca.com\/wp-content\/uploads\/2025\/08\/f9ccc749-05c1-4d00-beef-e6591446848e.png?fit=768%2C510&ssl=1","jetpack_likes_enabled":true,"jetpack_sharing_enabled":true,"jetpack_shortlink":"https:\/\/wp.me\/pgitne-1mb","jetpack-related-posts":[{"id":6252,"url":"https:\/\/diariodegarca.com\/?p=6252","url_meta":{"origin":5219,"position":0},"title":"Estado promove curso gratuito e online de libras com professores surdos","author":"Di\u00e1rio de Gar\u00e7a","date":"1 de setembro de 2025","format":false,"excerpt":"Inscri\u00e7\u00f5es para as oito turmas do programa da Escola da Inclus\u00e3o acontecem na ter\u00e7a, \u00e0s 10h. A Secretaria de Estado dos Direitos da Pessoa com Defici\u00eancia de S\u00e3o Paulo (SEDPcD) abre, a partir das 10h desta ter\u00e7a-feira, 2 de setembro, as inscri\u00e7\u00f5es para uma nova edi\u00e7\u00e3o do Curso B\u00e1sico de\u2026","rel":"","context":"Em &quot;Curso&quot;","block_context":{"text":"Curso","link":"https:\/\/diariodegarca.com\/?cat=36947"},"img":{"alt_text":"","src":"https:\/\/i0.wp.com\/diariodegarca.com\/wp-content\/uploads\/2025\/09\/sala-de-aula-virtual-e-espaco-de-estudo.jpg?fit=1200%2C799&ssl=1&resize=350%2C200","width":350,"height":200,"srcset":"https:\/\/i0.wp.com\/diariodegarca.com\/wp-content\/uploads\/2025\/09\/sala-de-aula-virtual-e-espaco-de-estudo.jpg?fit=1200%2C799&ssl=1&resize=350%2C200 1x, https:\/\/i0.wp.com\/diariodegarca.com\/wp-content\/uploads\/2025\/09\/sala-de-aula-virtual-e-espaco-de-estudo.jpg?fit=1200%2C799&ssl=1&resize=525%2C300 1.5x, https:\/\/i0.wp.com\/diariodegarca.com\/wp-content\/uploads\/2025\/09\/sala-de-aula-virtual-e-espaco-de-estudo.jpg?fit=1200%2C799&ssl=1&resize=700%2C400 2x, https:\/\/i0.wp.com\/diariodegarca.com\/wp-content\/uploads\/2025\/09\/sala-de-aula-virtual-e-espaco-de-estudo.jpg?fit=1200%2C799&ssl=1&resize=1050%2C600 3x"},"classes":[]},{"id":4044,"url":"https:\/\/diariodegarca.com\/?p=4044","url_meta":{"origin":5219,"position":1},"title":"Curso gratuito de &#8220;Introdu\u00e7\u00e3o \u00e0 Libras&#8221; abre inscri\u00e7\u00f5es para 1,5 mil vagas amanh\u00e3","author":"Di\u00e1rio de Gar\u00e7a","date":"17 de junho de 2025","format":false,"excerpt":"Aulas online, ministradas por professores surdos, s\u00e3o abertas a todo o Brasil; inscri\u00e7\u00f5es costumam se esgotar rapidamente A\u00a0Secretaria de Estado dos Direitos da Pessoa com Defici\u00eancia de S\u00e3o Paulo (SEDPcD), em parceria com a\u00a0Universidade Virtual do Estado de S\u00e3o Paulo (Univesp), abre nesta quarta-feira, dia 18 de junho, as inscri\u00e7\u00f5es\u2026","rel":"","context":"Em &quot;Curso&quot;","block_context":{"text":"Curso","link":"https:\/\/diariodegarca.com\/?cat=36947"},"img":{"alt_text":"","src":"","width":0,"height":0},"classes":[]},{"id":2239,"url":"https:\/\/diariodegarca.com\/?p=2239","url_meta":{"origin":5219,"position":2},"title":"Curso gratuito e on-line de Libras abre inscri\u00e7\u00f5es","author":"Di\u00e1rio de Gar\u00e7a","date":"29 de abril de 2025","format":false,"excerpt":"\u00a0A comunica\u00e7\u00e3o \u00e9 um direito de todos, e a L\u00edngua Brasileira de Sinais (Libras) \u00e9 essencial para garantir a inclus\u00e3o efetiva da comunidade surda. Na pr\u00f3xima quarta-feira, dia 30 de abril, a\u00a0Secretaria da Pessoa com Defici\u00eancia do Estado de S\u00e3o Paulo\u00a0abre inscri\u00e7\u00f5es para um\u00a0Curso B\u00e1sico de Libras\u00a0gratuito, online e ministrado\u2026","rel":"","context":"Em &quot;Brasil&quot;","block_context":{"text":"Brasil","link":"https:\/\/diariodegarca.com\/?cat=38185"},"img":{"alt_text":"","src":"https:\/\/i0.wp.com\/blogger.googleusercontent.com\/img\/b\/R29vZ2xl\/AVvXsEiu-m-BsNa8W9qPht347LStrndpF7YhhyphenhyphenhySr0KPXqObHZFBXxubwlWZRzpFnz_5KqKI7Y4wz-BfTRXuW5BJgVgCDWpf5A7u-UTWSMEV22f563cfs1n6qqGvyuQBKU_5IENPClIwgP2-wSnURRkvD_-E_Ps3njVfVDB0s399aXYw4WWMDen8jFMzj8UD-E\/s320\/smiling-young-stylish-woman-posing-against-white-wall.jpg?resize=350%2C200&ssl=1","width":350,"height":200},"classes":[]},{"id":10029,"url":"https:\/\/diariodegarca.com\/?p=10029","url_meta":{"origin":5219,"position":3},"title":"SEST SENAT lan\u00e7a curso online e gratuito de Libras para ampliar inclus\u00e3o e acessibilidade","author":"Di\u00e1rio de Gar\u00e7a","date":"11 de janeiro de 2026","format":false,"excerpt":"O Curso de Libras \u2013 N\u00edvel Iniciante do SEST SENAT \u00e9 gratuito, 100% online e certifica participantes. Voltado a iniciantes, ensina cultura surda, vocabul\u00e1rio pr\u00e1tico e inclus\u00e3o social.","rel":"","context":"Em &quot;Curso&quot;","block_context":{"text":"Curso","link":"https:\/\/diariodegarca.com\/?cat=36947"},"img":{"alt_text":"","src":"https:\/\/i0.wp.com\/diariodegarca.com\/wp-content\/uploads\/2026\/01\/libras.jpg?fit=996%2C583&ssl=1&resize=350%2C200","width":350,"height":200,"srcset":"https:\/\/i0.wp.com\/diariodegarca.com\/wp-content\/uploads\/2026\/01\/libras.jpg?fit=996%2C583&ssl=1&resize=350%2C200 1x, https:\/\/i0.wp.com\/diariodegarca.com\/wp-content\/uploads\/2026\/01\/libras.jpg?fit=996%2C583&ssl=1&resize=525%2C300 1.5x, https:\/\/i0.wp.com\/diariodegarca.com\/wp-content\/uploads\/2026\/01\/libras.jpg?fit=996%2C583&ssl=1&resize=700%2C400 2x"},"classes":[]},{"id":2089,"url":"https:\/\/diariodegarca.com\/?p=2089","url_meta":{"origin":5219,"position":4},"title":"Secretaria de SP abre 1.500 vagas para curso gratuito de Libras online","author":"Di\u00e1rio de Gar\u00e7a","date":"15 de maio de 2025","format":false,"excerpt":"A\u00a0Secretaria de Estado dos Direitos da Pessoa com Defici\u00eancia de S\u00e3o Paulo (SEDPcD)\u00a0anunciou a abertura de\u00a01.500 vagas\u00a0para o\u00a0curso de introdu\u00e7\u00e3o \u00e0 L\u00edngua Brasileira de Sinais (Libras).\u00a0As inscri\u00e7\u00f5es acontecem nesta\u00a0sexta-feira, dia 15 de maio, \u00e0s 10h, pelo site oficial e s\u00e3o para o estado todo.Curso 100% online e acess\u00edvelO curso \u00e9\u2026","rel":"","context":"Em &quot;Brasil&quot;","block_context":{"text":"Brasil","link":"https:\/\/diariodegarca.com\/?cat=38185"},"img":{"alt_text":"","src":"https:\/\/i0.wp.com\/blogger.googleusercontent.com\/img\/b\/R29vZ2xl\/AVvXsEjUeBYtXdPa5ieq3QEJn4ZExdGQYLwZHydfqG3VJFufUQdn_PV2ZPyuKCvPd1_l4h9mPQjz2yUifzNCdCQSQmOF_UkwkGBcIVNClarjM6tbNLlXi_dmcDPlZcLojYqPxChw8T28Zqq7mblLDuX_HZ4hbe852nhJjfmiufJ_ExzzBsgl0fOFE6u23fvMu1A\/s320\/co-working-people-working-together.jpg?resize=350%2C200&ssl=1","width":350,"height":200},"classes":[]},{"id":4757,"url":"https:\/\/diariodegarca.com\/?p=4757","url_meta":{"origin":5219,"position":5},"title":"Inscri\u00e7\u00f5es abertas para curso gratuito de introdu\u00e7\u00e3o \u00e0 libras","author":"Di\u00e1rio de Gar\u00e7a","date":"17 de julho de 2025","format":false,"excerpt":"Aulas on-line, gravadas e flex\u00edveis fazem parte da iniciativa \"Escola da Inclus\u00e3o\", em parceria com a Univesp. Se voc\u00ea j\u00e1 quis aprender Libras para se comunicar com amigos, familiares ou at\u00e9 para aplicar no trabalho, essa \u00e9 a chance. A\u00a0Secretaria dos Direitos da Pessoa com Defici\u00eancia do Estado de S\u00e3o\u2026","rel":"","context":"Em &quot;Curso&quot;","block_context":{"text":"Curso","link":"https:\/\/diariodegarca.com\/?cat=36947"},"img":{"alt_text":"","src":"https:\/\/i0.wp.com\/diariodegarca.com\/wp-content\/uploads\/2025\/07\/mulheres-sorridentes-conversando-a-mesa-usando-linguagem-de-sinais.jpg?fit=1200%2C675&ssl=1&resize=350%2C200","width":350,"height":200,"srcset":"https:\/\/i0.wp.com\/diariodegarca.com\/wp-content\/uploads\/2025\/07\/mulheres-sorridentes-conversando-a-mesa-usando-linguagem-de-sinais.jpg?fit=1200%2C675&ssl=1&resize=350%2C200 1x, https:\/\/i0.wp.com\/diariodegarca.com\/wp-content\/uploads\/2025\/07\/mulheres-sorridentes-conversando-a-mesa-usando-linguagem-de-sinais.jpg?fit=1200%2C675&ssl=1&resize=525%2C300 1.5x, https:\/\/i0.wp.com\/diariodegarca.com\/wp-content\/uploads\/2025\/07\/mulheres-sorridentes-conversando-a-mesa-usando-linguagem-de-sinais.jpg?fit=1200%2C675&ssl=1&resize=700%2C400 2x, https:\/\/i0.wp.com\/diariodegarca.com\/wp-content\/uploads\/2025\/07\/mulheres-sorridentes-conversando-a-mesa-usando-linguagem-de-sinais.jpg?fit=1200%2C675&ssl=1&resize=1050%2C600 3x"},"classes":[]}],"_links":{"self":[{"href":"https:\/\/diariodegarca.com\/index.php?rest_route=\/wp\/v2\/posts\/5219","targetHints":{"allow":["GET"]}}],"collection":[{"href":"https:\/\/diariodegarca.com\/index.php?rest_route=\/wp\/v2\/posts"}],"about":[{"href":"https:\/\/diariodegarca.com\/index.php?rest_route=\/wp\/v2\/types\/post"}],"author":[{"embeddable":true,"href":"https:\/\/diariodegarca.com\/index.php?rest_route=\/wp\/v2\/users\/260896546"}],"replies":[{"embeddable":true,"href":"https:\/\/diariodegarca.com\/index.php?rest_route=%2Fwp%2Fv2%2Fcomments&post=5219"}],"version-history":[{"count":3,"href":"https:\/\/diariodegarca.com\/index.php?rest_route=\/wp\/v2\/posts\/5219\/revisions"}],"predecessor-version":[{"id":5223,"href":"https:\/\/diariodegarca.com\/index.php?rest_route=\/wp\/v2\/posts\/5219\/revisions\/5223"}],"wp:featuredmedia":[{"embeddable":true,"href":"https:\/\/diariodegarca.com\/index.php?rest_route=\/wp\/v2\/media\/5220"}],"wp:attachment":[{"href":"https:\/\/diariodegarca.com\/index.php?rest_route=%2Fwp%2Fv2%2Fmedia&parent=5219"}],"wp:term":[{"taxonomy":"category","embeddable":true,"href":"https:\/\/diariodegarca.com\/index.php?rest_route=%2Fwp%2Fv2%2Fcategories&post=5219"},{"taxonomy":"post_tag","embeddable":true,"href":"https:\/\/diariodegarca.com\/index.php?rest_route=%2Fwp%2Fv2%2Ftags&post=5219"}],"curies":[{"name":"wp","href":"https:\/\/api.w.org\/{rel}","templated":true}]}}