{"id":5336,"date":"2025-08-06T14:41:31","date_gmt":"2025-08-06T17:41:31","guid":{"rendered":"https:\/\/diariodegarca.com\/?p=5336"},"modified":"2025-08-06T14:41:31","modified_gmt":"2025-08-06T17:41:31","slug":"policia-prende-homem-procurado-por-trafico-de-drogas-em-pompeia","status":"publish","type":"post","link":"https:\/\/diariodegarca.com\/?p=5336","title":{"rendered":"Pol\u00edcia prende homem procurado por tr\u00e1fico de drogas em Pomp\u00e9ia"},"content":{"rendered":"\n<p class=\"wp-block-paragraph\"><em>Durante patrulhamento no bairro Olmira, PMs identificaram e capturaram suspeito com mandado de pris\u00e3o preventiva.<\/em><\/p>\n\n\n\n<p class=\"wp-block-paragraph\">Agentes do 9\u00ba Batalh\u00e3o de Pol\u00edcia Militar do Interior prenderam, na tarde desta segunda-feira, 4 de agosto, um homem procurado pela Justi\u00e7a por tr\u00e1fico de drogas. A a\u00e7\u00e3o ocorreu durante um patrulhamento de rotina no bairro Olmira, em Pomp\u00e9ia.<\/p>\n\n\n\n<p class=\"wp-block-paragraph\">Ao avistarem o indiv\u00edduo, os militares reconheceram que ele tinha um mandado de pris\u00e3o preventiva em aberto. Imediatamente, o suspeito foi abordado e revistado, mas n\u00e3o portava nenhum item il\u00edcito no momento da abordagem.<\/p>\n\n\n\n<p class=\"wp-block-paragraph\">Uma consulta ao sistema criminal confirmou a situa\u00e7\u00e3o de procurado, levando \u00e0 sua pris\u00e3o. O homem foi encaminhado \u00e0 Central de Pol\u00edcia Judici\u00e1ria de Mar\u00edlia, onde ficou \u00e0 disposi\u00e7\u00e3o da Justi\u00e7a.<\/p>\n","protected":false},"excerpt":{"rendered":"<p>Durante patrulhamento no bairro Olmira, PMs identificaram e capturaram suspeito com mandado de pris\u00e3o preventiva. Agentes do 9\u00ba Batalh\u00e3o de Pol\u00edcia Militar do Interior prenderam, na tarde desta segunda-feira, 4 de agosto, um homem procurado pela Justi\u00e7a por tr\u00e1fico de drogas. A a\u00e7\u00e3o ocorreu durante um patrulhamento de rotina no bairro Olmira, em Pomp\u00e9ia. Ao [&hellip;]<\/p>\n","protected":false},"author":260896546,"featured_media":4275,"comment_status":"open","ping_status":"open","sticky":false,"template":"","format":"standard","meta":{"_monsterinsights_skip_tracking":false,"advanced_seo_description":"","jetpack_seo_html_title":"","jetpack_seo_noindex":false,"jetpack_seo_schema_type":"","_jetpack_newsletter_access":"","_jetpack_dont_email_post_to_subs":false,"_jetpack_newsletter_tier_id":0,"_jetpack_memberships_contains_paywalled_content":false,"_wpcom_ai_launchpad_first_post":false,"_jetpack_feature_clip_id":0,"_jetpack_memberships_contains_paid_content":false,"footnotes":"","jetpack_publicize_message":"PMs prenderam um homem procurado por tr\u00e1fico de drogas em Pomp\u00e9ia. \n\nDurante patrulha no bairro Olmira, os militares confirmaram o mandado e levaram o suspeito para a delegacia. Ele foi encaminhado \u00e0 Justi\u00e7a.\n\n\ud83d\udcd6 Leia mais em: diariodegarca.com\n\n#Seguran\u00e7a #Pomp\u00e9ia #Pol\u00edcia #Not\u00edcias","jetpack_publicize_feature_enabled":true,"jetpack_social_post_already_shared":false,"jetpack_social_options":{"image_generator_settings":{"template":"highway","default_image_id":0,"font":"","enabled":false},"version":2},"_wpas_customize_per_network":false,"jetpack_post_was_ever_published":false},"categories":[1549470,21243],"tags":[],"class_list":["post-5336","post","type-post","status-publish","format-standard","has-post-thumbnail","hentry","category-pompeia","category-seguranca"],"jetpack_publicize_connections":[],"jetpack_likes_enabled":true,"jetpack_sharing_enabled":true,"jetpack_shortlink":"https:\/\/wp.me\/pgitne-1o4","jetpack-related-posts":[{"id":4159,"url":"https:\/\/diariodegarca.com\/?p=4159","url_meta":{"origin":5336,"position":0},"title":"A\u00e7\u00f5es policiais prendem suspeitos por roubo, furto e tr\u00e1fico em cidades da regi\u00e3o","author":"Di\u00e1rio de Gar\u00e7a","date":"23 de junho de 2025","format":false,"excerpt":"Em opera\u00e7\u00f5es realizadas no fim de semana, policiais militares do 9\u00ba Batalh\u00e3o do Interior prenderam criminosos em flagrante em Mar\u00edlia, Pomp\u00e9ia e Tup\u00e3; drogas, ve\u00edculo furtado e objetos roubados foram apreendidos. No \u00faltimo fim de semana, o\u00a09\u00ba Batalh\u00e3o de Pol\u00edcia Militar do Interior\u00a0registrou ocorr\u00eancias em diferentes cidades da regi\u00e3o, resultando\u2026","rel":"","context":"Em &quot;Mar\u00edlia&quot;","block_context":{"text":"Mar\u00edlia","link":"https:\/\/diariodegarca.com\/?cat=683453294"},"img":{"alt_text":"","src":"https:\/\/i0.wp.com\/diariodegarca.com\/wp-content\/uploads\/2025\/06\/503566608_18306010942246526_8008225824564545424_n-e1764161649475.webp?fit=1080%2C733&ssl=1&resize=350%2C200","width":350,"height":200,"srcset":"https:\/\/i0.wp.com\/diariodegarca.com\/wp-content\/uploads\/2025\/06\/503566608_18306010942246526_8008225824564545424_n-e1764161649475.webp?fit=1080%2C733&ssl=1&resize=350%2C200 1x, https:\/\/i0.wp.com\/diariodegarca.com\/wp-content\/uploads\/2025\/06\/503566608_18306010942246526_8008225824564545424_n-e1764161649475.webp?fit=1080%2C733&ssl=1&resize=525%2C300 1.5x, https:\/\/i0.wp.com\/diariodegarca.com\/wp-content\/uploads\/2025\/06\/503566608_18306010942246526_8008225824564545424_n-e1764161649475.webp?fit=1080%2C733&ssl=1&resize=700%2C400 2x, https:\/\/i0.wp.com\/diariodegarca.com\/wp-content\/uploads\/2025\/06\/503566608_18306010942246526_8008225824564545424_n-e1764161649475.webp?fit=1080%2C733&ssl=1&resize=1050%2C600 3x"},"classes":[]},{"id":2547,"url":"https:\/\/diariodegarca.com\/?p=2547","url_meta":{"origin":5336,"position":1},"title":"Pol\u00edcia Militar prende suspeito por tr\u00e1fico de drogas em Pomp\u00e9ia","author":"Di\u00e1rio de Gar\u00e7a","date":"26 de mar\u00e7o de 2025","format":false,"excerpt":"No in\u00edcio da tarde de quinta-feira, dia 25 de mar\u00e7o, policiais militares do 9\u00ba Batalh\u00e3o de Pol\u00edcia Militar do Interior prenderam um homem por tr\u00e1fico de drogas no bairro Flandria, em Pomp\u00e9ia. A a\u00e7\u00e3o ocorreu por volta das 12h31, durante patrulhamento de rotina em uma \u00e1rea conhecida pelo com\u00e9rcio ilegal\u2026","rel":"","context":"Em &quot;Brasil&quot;","block_context":{"text":"Brasil","link":"https:\/\/diariodegarca.com\/?cat=38185"},"img":{"alt_text":"","src":"","width":0,"height":0},"classes":[]},{"id":7048,"url":"https:\/\/diariodegarca.com\/?p=7048","url_meta":{"origin":5336,"position":2},"title":"Opera\u00e7\u00e3o em Pomp\u00e9ia prende dois por tr\u00e1fico de drogas no Flandria","author":"Di\u00e1rio de Gar\u00e7a","date":"23 de setembro de 2025","format":false,"excerpt":"Durante patrulha, policiais flagraram suspeitos atuando como \"olheiro\" e realizando venda; foram apreendidos coca\u00edna, crack e dinheiro. Em a\u00e7\u00e3o de rotina na noite de segunda-feira, 22 de setembro, agentes do 9\u00ba Batalh\u00e3o de Pol\u00edcia Militar do Interior (9\u00ba BPM\/I) desarticularam um ponto de venda de drogas no bairro Flandria, em\u00a0Pomp\u00e9ia.\u2026","rel":"","context":"Em &quot;Mar\u00edlia&quot;","block_context":{"text":"Mar\u00edlia","link":"https:\/\/diariodegarca.com\/?cat=683453294"},"img":{"alt_text":"","src":"https:\/\/i0.wp.com\/diariodegarca.com\/wp-content\/uploads\/2025\/09\/SnapInsta.to_552971251_18316736584246526_2583525256226356901_n.jpg?fit=960%2C960&ssl=1&resize=350%2C200","width":350,"height":200,"srcset":"https:\/\/i0.wp.com\/diariodegarca.com\/wp-content\/uploads\/2025\/09\/SnapInsta.to_552971251_18316736584246526_2583525256226356901_n.jpg?fit=960%2C960&ssl=1&resize=350%2C200 1x, https:\/\/i0.wp.com\/diariodegarca.com\/wp-content\/uploads\/2025\/09\/SnapInsta.to_552971251_18316736584246526_2583525256226356901_n.jpg?fit=960%2C960&ssl=1&resize=525%2C300 1.5x, https:\/\/i0.wp.com\/diariodegarca.com\/wp-content\/uploads\/2025\/09\/SnapInsta.to_552971251_18316736584246526_2583525256226356901_n.jpg?fit=960%2C960&ssl=1&resize=700%2C400 2x"},"classes":[]},{"id":6158,"url":"https:\/\/diariodegarca.com\/?p=6158","url_meta":{"origin":5336,"position":3},"title":"Dois procurados da Justi\u00e7a s\u00e3o capturados em cidades distintas em menos de tr\u00eas horas","author":"Di\u00e1rio de Gar\u00e7a","date":"28 de agosto de 2025","format":false,"excerpt":"A\u00e7\u00f5es independentes da PM em G\u00e1lia e Pomp\u00e9ia, na segunda-feira, resultaram na recaptura de dois homens com mandados de pris\u00e3o em aberto. Um deles era investigado por tr\u00e1fico de drogas. Em uma noite de opera\u00e7\u00f5es de rotina, agentes do 9\u00ba Batalh\u00e3o do Interior de S\u00e3o Paulo conseguiram a recaptura de\u2026","rel":"","context":"Em &quot;G\u00e1lia&quot;","block_context":{"text":"G\u00e1lia","link":"https:\/\/diariodegarca.com\/?cat=1600904"},"img":{"alt_text":"","src":"https:\/\/i0.wp.com\/diariodegarca.com\/wp-content\/uploads\/2025\/08\/snapinsta.to_537054804_18313669852246526_6756489479500565260_n.webp?fit=1080%2C1080&ssl=1&resize=350%2C200","width":350,"height":200,"srcset":"https:\/\/i0.wp.com\/diariodegarca.com\/wp-content\/uploads\/2025\/08\/snapinsta.to_537054804_18313669852246526_6756489479500565260_n.webp?fit=1080%2C1080&ssl=1&resize=350%2C200 1x, https:\/\/i0.wp.com\/diariodegarca.com\/wp-content\/uploads\/2025\/08\/snapinsta.to_537054804_18313669852246526_6756489479500565260_n.webp?fit=1080%2C1080&ssl=1&resize=525%2C300 1.5x, https:\/\/i0.wp.com\/diariodegarca.com\/wp-content\/uploads\/2025\/08\/snapinsta.to_537054804_18313669852246526_6756489479500565260_n.webp?fit=1080%2C1080&ssl=1&resize=700%2C400 2x, https:\/\/i0.wp.com\/diariodegarca.com\/wp-content\/uploads\/2025\/08\/snapinsta.to_537054804_18313669852246526_6756489479500565260_n.webp?fit=1080%2C1080&ssl=1&resize=1050%2C600 3x"},"classes":[]},{"id":7868,"url":"https:\/\/diariodegarca.com\/?p=7868","url_meta":{"origin":5336,"position":4},"title":"A\u00e7\u00e3o policial apreende drogas e prende homem por tr\u00e1fico em Pomp\u00e9ia","author":"Andreza Sega","date":"21 de outubro de 2025","format":false,"excerpt":"Durante patrulhamento de rotina no bairro Fl\u00e2ndria, agentes flagraram um homem em atitude suspeita e encontraram coca\u00edna, crack e maconha. Na tarde de segunda-feira, 20 de outubro, uma equipe do Radiopatrulhamento da Pol\u00edcia Militar prendeu em flagrante um homem por tr\u00e1fico de drogas no bairro Fl\u00e2ndria, em Pomp\u00e9ia. A a\u00e7\u00e3o\u2026","rel":"","context":"Em &quot;Pomp\u00e9ia&quot;","block_context":{"text":"Pomp\u00e9ia","link":"https:\/\/diariodegarca.com\/?cat=1549470"},"img":{"alt_text":"","src":"https:\/\/i0.wp.com\/diariodegarca.com\/wp-content\/uploads\/2025\/10\/SnapInsta.to_567560224_18321140995246526_7463820184340062932_n-1.webp?fit=1080%2C1080&ssl=1&resize=350%2C200","width":350,"height":200,"srcset":"https:\/\/i0.wp.com\/diariodegarca.com\/wp-content\/uploads\/2025\/10\/SnapInsta.to_567560224_18321140995246526_7463820184340062932_n-1.webp?fit=1080%2C1080&ssl=1&resize=350%2C200 1x, https:\/\/i0.wp.com\/diariodegarca.com\/wp-content\/uploads\/2025\/10\/SnapInsta.to_567560224_18321140995246526_7463820184340062932_n-1.webp?fit=1080%2C1080&ssl=1&resize=525%2C300 1.5x, https:\/\/i0.wp.com\/diariodegarca.com\/wp-content\/uploads\/2025\/10\/SnapInsta.to_567560224_18321140995246526_7463820184340062932_n-1.webp?fit=1080%2C1080&ssl=1&resize=700%2C400 2x, https:\/\/i0.wp.com\/diariodegarca.com\/wp-content\/uploads\/2025\/10\/SnapInsta.to_567560224_18321140995246526_7463820184340062932_n-1.webp?fit=1080%2C1080&ssl=1&resize=1050%2C600 3x"},"classes":[]},{"id":7394,"url":"https:\/\/diariodegarca.com\/?p=7394","url_meta":{"origin":5336,"position":5},"title":"Patrulhamento em Pomp\u00e9ia resulta na pris\u00e3o de condenado por tr\u00e1fico de drogas","author":"Andreza Sega","date":"2 de outubro de 2025","format":false,"excerpt":"Homem, que cumpria pena de 17 anos, foi localizado ap\u00f3s den\u00fancia de gritos em resid\u00eancia no bairro Aufiero. Em uma a\u00e7\u00e3o de rotina na noite de quarta-feira, 1\u00ba de outubro, agentes do 9\u00ba Batalh\u00e3o do Interior receberam uma den\u00fancia, que acabou por evoluir para uma apreens\u00e3o. Durante o patrulhamento pelo\u2026","rel":"","context":"Em &quot;Pomp\u00e9ia&quot;","block_context":{"text":"Pomp\u00e9ia","link":"https:\/\/diariodegarca.com\/?cat=1549470"},"img":{"alt_text":"","src":"https:\/\/i0.wp.com\/diariodegarca.com\/wp-content\/uploads\/2025\/09\/snapinsta.to_541729741_18314796709246526_7924642646345972143_n-e1764780902126.webp?fit=1080%2C797&ssl=1&resize=350%2C200","width":350,"height":200,"srcset":"https:\/\/i0.wp.com\/diariodegarca.com\/wp-content\/uploads\/2025\/09\/snapinsta.to_541729741_18314796709246526_7924642646345972143_n-e1764780902126.webp?fit=1080%2C797&ssl=1&resize=350%2C200 1x, https:\/\/i0.wp.com\/diariodegarca.com\/wp-content\/uploads\/2025\/09\/snapinsta.to_541729741_18314796709246526_7924642646345972143_n-e1764780902126.webp?fit=1080%2C797&ssl=1&resize=525%2C300 1.5x, https:\/\/i0.wp.com\/diariodegarca.com\/wp-content\/uploads\/2025\/09\/snapinsta.to_541729741_18314796709246526_7924642646345972143_n-e1764780902126.webp?fit=1080%2C797&ssl=1&resize=700%2C400 2x, https:\/\/i0.wp.com\/diariodegarca.com\/wp-content\/uploads\/2025\/09\/snapinsta.to_541729741_18314796709246526_7924642646345972143_n-e1764780902126.webp?fit=1080%2C797&ssl=1&resize=1050%2C600 3x"},"classes":[]}],"jetpack_featured_media_url":"https:\/\/i0.wp.com\/diariodegarca.com\/wp-content\/uploads\/2025\/06\/499056916_18306227374246526_5974059616727054159_n.jpg?fit=441%2C551&ssl=1","_links":{"self":[{"href":"https:\/\/diariodegarca.com\/index.php?rest_route=\/wp\/v2\/posts\/5336","targetHints":{"allow":["GET"]}}],"collection":[{"href":"https:\/\/diariodegarca.com\/index.php?rest_route=\/wp\/v2\/posts"}],"about":[{"href":"https:\/\/diariodegarca.com\/index.php?rest_route=\/wp\/v2\/types\/post"}],"author":[{"embeddable":true,"href":"https:\/\/diariodegarca.com\/index.php?rest_route=\/wp\/v2\/users\/260896546"}],"replies":[{"embeddable":true,"href":"https:\/\/diariodegarca.com\/index.php?rest_route=%2Fwp%2Fv2%2Fcomments&post=5336"}],"version-history":[{"count":3,"href":"https:\/\/diariodegarca.com\/index.php?rest_route=\/wp\/v2\/posts\/5336\/revisions"}],"predecessor-version":[{"id":5339,"href":"https:\/\/diariodegarca.com\/index.php?rest_route=\/wp\/v2\/posts\/5336\/revisions\/5339"}],"wp:featuredmedia":[{"embeddable":true,"href":"https:\/\/diariodegarca.com\/index.php?rest_route=\/wp\/v2\/media\/4275"}],"wp:attachment":[{"href":"https:\/\/diariodegarca.com\/index.php?rest_route=%2Fwp%2Fv2%2Fmedia&parent=5336"}],"wp:term":[{"taxonomy":"category","embeddable":true,"href":"https:\/\/diariodegarca.com\/index.php?rest_route=%2Fwp%2Fv2%2Fcategories&post=5336"},{"taxonomy":"post_tag","embeddable":true,"href":"https:\/\/diariodegarca.com\/index.php?rest_route=%2Fwp%2Fv2%2Ftags&post=5336"}],"curies":[{"name":"wp","href":"https:\/\/api.w.org\/{rel}","templated":true}]}}