{"id":5362,"date":"2025-08-07T10:31:59","date_gmt":"2025-08-07T13:31:59","guid":{"rendered":"https:\/\/diariodegarca.com\/?p=5362"},"modified":"2025-08-07T10:31:59","modified_gmt":"2025-08-07T13:31:59","slug":"fundacao-bb-e-unb-abrem-edital-para-apoiar-solucoes-sociais-inovadoras","status":"publish","type":"post","link":"https:\/\/diariodegarca.com\/?p=5362","title":{"rendered":"Funda\u00e7\u00e3o BB e UnB abrem edital para apoiar solu\u00e7\u00f5es sociais inovadoras"},"content":{"rendered":"\n<p class=\"wp-block-paragraph\"><em>Iniciativa oferece at\u00e9 R$ 150 mil por projeto e capacita\u00e7\u00e3o para enfrentar desafios como seguran\u00e7a alimentar, viol\u00eancia nas periferias e mudan\u00e7as clim\u00e1ticas<\/em><\/p>\n\n\n\n<p class=\"wp-block-paragraph\">A Funda\u00e7\u00e3o Banco do Brasil (FBB), em parceria com a Universidade de Bras\u00edlia (UnB), est\u00e1 com inscri\u00e7\u00f5es abertas para o&nbsp;<strong>1\u00ba Edital do Laborat\u00f3rio de Tecnologia Social (LABTS)<\/strong>, que visa identificar e impulsionar solu\u00e7\u00f5es inovadoras para problemas sociais e ambientais em comunidades vulner\u00e1veis. As inscri\u00e7\u00f5es podem ser realizadas at\u00e9&nbsp;<strong>29 de agosto de 2025<\/strong>, exclusivamente pelo site&nbsp;<a href=\"https:\/\/transforma.fbb.org.br\/\" target=\"_blank\" rel=\"noreferrer noopener\">transforma.fbb.org.br<\/a>.<\/p>\n\n\n\n<hr class=\"wp-block-separator has-alpha-channel-opacity\" \/>\n\n\n\n<h3 class=\"wp-block-heading\"><strong>O que \u00e9 o LABTS?<\/strong><\/h3>\n\n\n\n<p class=\"wp-block-paragraph\">O LABTS \u00e9 um ambiente colaborativo que une conhecimento t\u00e9cnico e saberes populares para desenvolver&nbsp;<strong>Tecnologias Sociais (TS)<\/strong>&nbsp;\u2014 metodologias ou produtos reaplic\u00e1veis, criados com participa\u00e7\u00e3o comunit\u00e1ria. O foco est\u00e1 em seis temas urgentes:<\/p>\n\n\n\n<ul class=\"wp-block-list\">\n<li>Seguran\u00e7a alimentar<\/li>\n\n\n\n<li>Gera\u00e7\u00e3o de renda<\/li>\n\n\n\n<li>Mudan\u00e7as clim\u00e1ticas<\/li>\n\n\n\n<li>Educa\u00e7\u00e3o<\/li>\n\n\n\n<li>Sa\u00fade<\/li>\n\n\n\n<li>Viol\u00eancia nas periferias<\/li>\n<\/ul>\n\n\n\n<hr class=\"wp-block-separator has-alpha-channel-opacity\" \/>\n\n\n\n<h3 class=\"wp-block-heading\"><strong>Quem pode participar?<\/strong><\/h3>\n\n\n\n<p class=\"wp-block-paragraph\">Podem se inscrever institui\u00e7\u00f5es sem fins lucrativos, como:<\/p>\n\n\n\n<ul class=\"wp-block-list\">\n<li>Associa\u00e7\u00f5es, cooperativas e funda\u00e7\u00f5es<\/li>\n\n\n\n<li>Organiza\u00e7\u00f5es da sociedade civil (OSCs)<\/li>\n\n\n\n<li>Institui\u00e7\u00f5es de ensino e pesquisa<\/li>\n\n\n\n<li>\u00d3rg\u00e3os p\u00fablicos<\/li>\n<\/ul>\n\n\n\n<p class=\"wp-block-paragraph\"><strong>Requisitos:<\/strong><\/p>\n\n\n\n<ul class=\"wp-block-list\">\n<li>M\u00ednimo de 2 anos de exist\u00eancia (comprovados at\u00e9 29\/08\/2025)<\/li>\n\n\n\n<li>Documenta\u00e7\u00e3o regularizada (CNPJ ativo, estatuto, etc.)<\/li>\n<\/ul>\n\n\n\n<hr class=\"wp-block-separator has-alpha-channel-opacity\" \/>\n\n\n\n<h3 class=\"wp-block-heading\"><strong>Etapas e benef\u00edcios<\/strong><\/h3>\n\n\n\n<p class=\"wp-block-paragraph\">O processo se divide em quatro fases:<\/p>\n\n\n\n<ol start=\"1\" class=\"wp-block-list\">\n<li><strong>Sele\u00e7\u00e3o de propostas:<\/strong>\u00a0An\u00e1lise de documentos e ader\u00eancia aos crit\u00e9rios do edital.<\/li>\n\n\n\n<li><strong>Incuba\u00e7\u00e3o:<\/strong>\u00a0At\u00e9 20 iniciativas recebem\u00a0<strong>R$ 50 mil<\/strong>\u00a0(capital semente) e mentoria para aprimorar suas TS.<\/li>\n\n\n\n<li><strong>Sele\u00e7\u00e3o para reaplica\u00e7\u00e3o:<\/strong>\u00a0Projetos apresentam planos de expans\u00e3o; melhores propostas avan\u00e7am.<\/li>\n\n\n\n<li><strong>Piloto de reaplica\u00e7\u00e3o:<\/strong>\u00a0At\u00e9\u00a0<strong>R$ 150 mil<\/strong>\u00a0por projeto para implementa\u00e7\u00e3o em novos territ\u00f3rios.<\/li>\n<\/ol>\n\n\n\n<p class=\"wp-block-paragraph\">Al\u00e9m do financiamento, os selecionados ter\u00e3o acesso a:<\/p>\n\n\n\n<ul class=\"wp-block-list\">\n<li>Certifica\u00e7\u00e3o pela UnB<\/li>\n\n\n\n<li>Rede de contatos com especialistas<\/li>\n\n\n\n<li>Visibilidade na plataforma\u00a0<strong>Transforma!<\/strong>\u00a0da FBB<\/li>\n<\/ul>\n\n\n\n<hr class=\"wp-block-separator has-alpha-channel-opacity\" \/>\n\n\n\n<h3 class=\"wp-block-heading\"><strong>Crit\u00e9rios de avalia\u00e7\u00e3o<\/strong><\/h3>\n\n\n\n<p class=\"wp-block-paragraph\">As propostas ser\u00e3o julgadas por:<\/p>\n\n\n\n<ul class=\"wp-block-list\">\n<li><strong>Inova\u00e7\u00e3o social<\/strong>\u00a0(ineditismo da solu\u00e7\u00e3o)<\/li>\n\n\n\n<li><strong>Impacto socioambiental<\/strong>\u00a0(mudan\u00e7as concretas na comunidade)<\/li>\n\n\n\n<li><strong>Potencial de reaplica\u00e7\u00e3o<\/strong>\u00a0(adapta\u00e7\u00e3o a outros contextos)<\/li>\n\n\n\n<li><strong>Participa\u00e7\u00e3o comunit\u00e1ria<\/strong>\u00a0(envolvimento ativo da popula\u00e7\u00e3o)<\/li>\n<\/ul>\n\n\n\n<hr class=\"wp-block-separator has-alpha-channel-opacity\" \/>\n\n\n\n<h3 class=\"wp-block-heading\"><strong>Por que participar?<\/strong><\/h3>\n\n\n\n<p class=\"wp-block-paragraph\">&#8220;O LABTS \u00e9 uma oportunidade para escalar solu\u00e7\u00f5es que j\u00e1 transformam realidades locais&#8221;, afirma&nbsp;<strong>Rog\u00e9rio Miziara<\/strong>, gerente da FBB. Entre os exemplos de TS que podem ser inscritas est\u00e3o:<\/p>\n\n\n\n<ul class=\"wp-block-list\">\n<li>Hortas comunit\u00e1rias para seguran\u00e7a alimentar<\/li>\n\n\n\n<li>Sistemas de energia renov\u00e1vel em \u00e1reas rurais<\/li>\n\n\n\n<li>Metodologias de educa\u00e7\u00e3o inclusiva<\/li>\n\n\n\n<li>Projetos de gera\u00e7\u00e3o de renda com economia solid\u00e1ria<\/li>\n<\/ul>\n\n\n\n<hr class=\"wp-block-separator has-alpha-channel-opacity\" \/>\n\n\n\n<h3 class=\"wp-block-heading\"><strong>Como se inscrever<\/strong><\/h3>\n\n\n\n<p class=\"wp-block-paragraph\">As inscri\u00e7\u00f5es devem ser feitas pelo site&nbsp;<a href=\"https:\/\/transforma.fbb.org.br\/premios\" target=\"_blank\" rel=\"noreferrer noopener\">transforma.fbb.org.br\/premios<\/a>, com documenta\u00e7\u00e3o obrigat\u00f3ria (como CNPJ e estatuto). D\u00favidas podem ser enviadas para&nbsp;<strong><a href=\"https:\/\/mailto:tecnologiasocial@fbb.org.br\/\" target=\"_blank\" rel=\"noreferrer noopener\">tecnologiasocial@fbb.org.br<\/a><\/strong>&nbsp;at\u00e9 22\/08\/2025.<\/p>\n\n\n\n<p class=\"wp-block-paragraph\"><strong>Cronograma:<\/strong><\/p>\n\n\n\n<ul class=\"wp-block-list\">\n<li>Resultado das finalistas: outubro\/2025<\/li>\n\n\n\n<li>Divulga\u00e7\u00e3o dos vencedores: abril\/2026<\/li>\n<\/ul>\n","protected":false},"excerpt":{"rendered":"<p>Iniciativa oferece at\u00e9 R$ 150 mil por projeto e capacita\u00e7\u00e3o para enfrentar desafios como seguran\u00e7a alimentar, viol\u00eancia nas periferias e mudan\u00e7as clim\u00e1ticas A Funda\u00e7\u00e3o Banco do Brasil (FBB), em parceria com a Universidade de Bras\u00edlia (UnB), est\u00e1 com inscri\u00e7\u00f5es abertas para o&nbsp;1\u00ba Edital do Laborat\u00f3rio de Tecnologia Social (LABTS), que visa identificar e impulsionar solu\u00e7\u00f5es [&hellip;]<\/p>\n","protected":false},"author":260896546,"featured_media":5364,"comment_status":"open","ping_status":"open","sticky":false,"template":"","format":"standard","meta":{"_monsterinsights_skip_tracking":false,"advanced_seo_description":"","jetpack_seo_html_title":"","jetpack_seo_noindex":false,"jetpack_seo_schema_type":"","_jetpack_newsletter_access":"","_jetpack_dont_email_post_to_subs":false,"_jetpack_newsletter_tier_id":0,"_jetpack_memberships_contains_paywalled_content":false,"_wpcom_ai_launchpad_first_post":false,"_jetpack_feature_clip_id":0,"_jetpack_memberships_contains_paid_content":false,"footnotes":"","jetpack_publicize_message":"\ud83d\udca1 Oportunidade para quem transforma realidades\n\nA Funda\u00e7\u00e3o BB e a UNB est\u00e3o com inscri\u00e7\u00f5es abertas para o Edital LABTS, que apoia projetos sociais inovadores com at\u00e9 R$ 150 mil em investimento.\n\n\ud83d\udccc Temas: seguran\u00e7a alimentar, renda, clima, educa\u00e7\u00e3o, sa\u00fade e viol\u00eancia nas periferias.\n\ud83d\udccc Quem pode participar: ONGs, cooperativas, institutos e \u00f3rg\u00e3os p\u00fablicos com 2+ anos de atua\u00e7\u00e3o.\n\ud83d\udcc5 Prazo: at\u00e9 29\/08\/2025.\n\n\ud83d\udd17 Leia a mat\u00e9ria completa em diariodegarca.com!\n\n#TecnologiaSocial #Inova\u00e7\u00e3oSocial #LABTS","jetpack_publicize_feature_enabled":true,"jetpack_social_post_already_shared":false,"jetpack_social_options":{"image_generator_settings":{"template":"highway","default_image_id":0,"font":"","enabled":false},"version":2},"_wpas_customize_per_network":false,"jetpack_post_was_ever_published":false},"categories":[38185,78747],"tags":[],"class_list":["post-5362","post","type-post","status-publish","format-standard","has-post-thumbnail","hentry","category-brasil","category-editais"],"jetpack_publicize_connections":[],"jetpack_likes_enabled":true,"jetpack_sharing_enabled":true,"jetpack_shortlink":"https:\/\/wp.me\/pgitne-1ou","jetpack-related-posts":[{"id":2830,"url":"https:\/\/diariodegarca.com\/?p=2830","url_meta":{"origin":5362,"position":0},"title":"Ci\u00eancia \u00e9 10 tem inscri\u00e7\u00f5es abertas para professores de todo o Brasil","author":"Di\u00e1rio de Gar\u00e7a","date":"14 de fevereiro de 2025","format":false,"excerpt":"A CAPES (Coordena\u00e7\u00e3o de Aperfei\u00e7oamento de Pessoal de N\u00edvel Superior) ampliou o p\u00fablico-alvo do curso de especializa\u00e7\u00e3o Ci\u00eancia \u00e9 10 (C10). Agora, al\u00e9m de professores dos anos finais do ensino fundamental, o programa tamb\u00e9m aceita docentes do ensino m\u00e9dio e dos anos iniciais do fundamental. A mudan\u00e7a vale para as\u2026","rel":"","context":"Em &quot;Brasil&quot;","block_context":{"text":"Brasil","link":"https:\/\/diariodegarca.com\/?cat=38185"},"img":{"alt_text":"","src":"","width":0,"height":0},"classes":[]},{"id":5069,"url":"https:\/\/diariodegarca.com\/?p=5069","url_meta":{"origin":5362,"position":1},"title":"Pr\u00eamio Jovem Cientista 2025: inscri\u00e7\u00f5es abertas para projetos sobre mudan\u00e7as clim\u00e1ticas","author":"Di\u00e1rio de Gar\u00e7a","date":"27 de julho de 2025","format":false,"excerpt":"Com premia\u00e7\u00f5es em dinheiro, bolsas e laptops, iniciativa busca solu\u00e7\u00f5es cient\u00edficas e tecnol\u00f3gicas para enfrentar a crise clim\u00e1tica. As inscri\u00e7\u00f5es para a\u00a031\u00aa edi\u00e7\u00e3o do Pr\u00eamio Jovem Cientista\u00a0seguem abertas at\u00e9\u00a031 de julho, \u00e0s 18h (hor\u00e1rio de Bras\u00edlia). Com o tema\u00a0\u201cResposta \u00e0s Mudan\u00e7as Clim\u00e1ticas: Ci\u00eancia, Tecnologia e Inova\u00e7\u00e3o como Aliadas\u201d, a premia\u00e7\u00e3o\u2026","rel":"","context":"Em &quot;Brasil&quot;","block_context":{"text":"Brasil","link":"https:\/\/diariodegarca.com\/?cat=38185"},"img":{"alt_text":"","src":"https:\/\/i0.wp.com\/diariodegarca.com\/wp-content\/uploads\/2025\/07\/8e284a07-2b0e-4e47-9b5c-2d3d3deac27a.jpeg?fit=768%2C571&ssl=1&resize=350%2C200","width":350,"height":200,"srcset":"https:\/\/i0.wp.com\/diariodegarca.com\/wp-content\/uploads\/2025\/07\/8e284a07-2b0e-4e47-9b5c-2d3d3deac27a.jpeg?fit=768%2C571&ssl=1&resize=350%2C200 1x, https:\/\/i0.wp.com\/diariodegarca.com\/wp-content\/uploads\/2025\/07\/8e284a07-2b0e-4e47-9b5c-2d3d3deac27a.jpeg?fit=768%2C571&ssl=1&resize=525%2C300 1.5x, https:\/\/i0.wp.com\/diariodegarca.com\/wp-content\/uploads\/2025\/07\/8e284a07-2b0e-4e47-9b5c-2d3d3deac27a.jpeg?fit=768%2C571&ssl=1&resize=700%2C400 2x"},"classes":[]},{"id":2328,"url":"https:\/\/diariodegarca.com\/?p=2328","url_meta":{"origin":5362,"position":2},"title":"Pr\u00eamio Jovem Cientista 2025: inscri\u00e7\u00f5es abertas para projetos que enfrentam as mudan\u00e7as clim\u00e1ticas","author":"Di\u00e1rio de Gar\u00e7a","date":"17 de abril de 2025","format":false,"excerpt":"A 31\u00aa edi\u00e7\u00e3o do\u00a0Pr\u00eamio Jovem Cientista\u00a0est\u00e1 com as inscri\u00e7\u00f5es abertas at\u00e9\u00a031 de julho de 2025, para estudantes e pesquisadores apresentarem solu\u00e7\u00f5es inovadoras para um dos maiores desafios da atualidade:\u00a0as mudan\u00e7as clim\u00e1ticas. Com o tema\u00a0\u201cResposta \u00e0s Mudan\u00e7as Clim\u00e1ticas: Ci\u00eancia, Tecnologia e Inova\u00e7\u00e3o como Aliadas\u201d, a iniciativa busca projetos que promovam sustentabilidade,\u2026","rel":"","context":"Em &quot;Brasil&quot;","block_context":{"text":"Brasil","link":"https:\/\/diariodegarca.com\/?cat=38185"},"img":{"alt_text":"","src":"https:\/\/i0.wp.com\/blogger.googleusercontent.com\/img\/b\/R29vZ2xl\/AVvXsEjJBScyRGUj8HD9Qit1TaZsO8Kub2LoF90jtG-gG3rQXIeLR_S7eZ5IWILAghqY4hQntRCshezSgdrNvopgAGuj7_UuPccnDcludfAq9wUwVc0CPnCMzMqEyROQi4eJmUTWfyR8Z6oxtM9Kt5dJshKMgQ2SYiKzA8fvLtb2XAtw-iHFh9IjXVmUpzoutnU\/s320\/490573772_3064798047012613_5874247547180985739_n.jpg?resize=350%2C200&ssl=1","width":350,"height":200},"classes":[]},{"id":2149,"url":"https:\/\/diariodegarca.com\/?p=2149","url_meta":{"origin":5362,"position":3},"title":"Projetos de Matem\u00e1tica na pr\u00e9-escola podem receber at\u00e9 R$ 80 mil em edital in\u00e9dito","author":"Di\u00e1rio de Gar\u00e7a","date":"9 de maio de 2025","format":false,"excerpt":"O Ita\u00fa Social, em parceria com o Minist\u00e9rio da Educa\u00e7\u00e3o (MEC), lan\u00e7ou um edital in\u00e9dito para financiar projetos e pesquisas que incentivem o letramento matem\u00e1tico na pr\u00e9-escola. Com inscri\u00e7\u00f5es abertas at\u00e9\u00a06 de junho, a iniciativa oferece premia\u00e7\u00f5es de at\u00e9\u00a0R$ 80 mil\u00a0para propostas inovadoras aplicadas em escolas p\u00fablicas.As inscri\u00e7\u00f5es devem ser\u2026","rel":"","context":"Em &quot;Brasil&quot;","block_context":{"text":"Brasil","link":"https:\/\/diariodegarca.com\/?cat=38185"},"img":{"alt_text":"","src":"https:\/\/i0.wp.com\/blogger.googleusercontent.com\/img\/b\/R29vZ2xl\/AVvXsEje0TDFu2HVQG2HF8sRza-_wRfOJ-b_cjWnADvUtSJH1Bs5mh5NFJfE9hZi6QNqe75lta6IcQscF6E00_QtHg6dFDMHnNPop_YibKaO33blTi5or-GfUVk7jOM-KfP-8rwmWCzjHbYTys1na0sskK1l2tv_XInUqyd2COl9gho_5ePkqgQOiD1Fd1cIN9s\/s320\/menino-fazendo-alguns-exercicios-matematicos.jpg?resize=350%2C200&ssl=1","width":350,"height":200},"classes":[]},{"id":2209,"url":"https:\/\/diariodegarca.com\/?p=2209","url_meta":{"origin":5362,"position":4},"title":"Cargill abre edital para projetos socioambientais e neg\u00f3cios de impacto","author":"Di\u00e1rio de Gar\u00e7a","date":"4 de maio de 2025","format":false,"excerpt":"A Funda\u00e7\u00e3o Cargill lan\u00e7ou a Chamada Semeia 2025, uma iniciativa que visa apoiar projetos socioambientais e neg\u00f3cios de impacto com aportes financeiros de R$ 100 mil a R$ 150 mil. As inscri\u00e7\u00f5es, prorrogadas at\u00e9 5 de maio de 2025, s\u00e3o voltadas para cooperativas, organiza\u00e7\u00f5es da sociedade civil (OSC) e empresas\u2026","rel":"","context":"Em &quot;Brasil&quot;","block_context":{"text":"Brasil","link":"https:\/\/diariodegarca.com\/?cat=38185"},"img":{"alt_text":"","src":"","width":0,"height":0},"classes":[]},{"id":6961,"url":"https:\/\/diariodegarca.com\/?p=6961","url_meta":{"origin":5362,"position":5},"title":"Confira as datas dos principais vestibulares 2026 de SP","author":"Di\u00e1rio de Gar\u00e7a","date":"21 de setembro de 2025","format":false,"excerpt":"Processos seletivos da FUVEST, UNESP, FAMERP, FATEC e ETECs t\u00eam per\u00edodos de inscri\u00e7\u00e3o entre outubro e novembro; provas ocorrem at\u00e9 dezembro. Os estudantes paulistas que almejam uma vaga no ensino superior p\u00fablico em 2026 j\u00e1 podem se organizar. As secretarias de Ci\u00eancia, Tecnologia e Inova\u00e7\u00e3o do Estado de S\u00e3o Paulo\u2026","rel":"","context":"Em &quot;Brasil&quot;","block_context":{"text":"Brasil","link":"https:\/\/diariodegarca.com\/?cat=38185"},"img":{"alt_text":"","src":"https:\/\/i0.wp.com\/diariodegarca.com\/wp-content\/uploads\/2025\/09\/muitos-alunos-esperando-lado-de-fora-de-uma-sala-de-aula-e-estudando-para-o-proximo-teste.jpg?fit=1200%2C800&ssl=1&resize=350%2C200","width":350,"height":200,"srcset":"https:\/\/i0.wp.com\/diariodegarca.com\/wp-content\/uploads\/2025\/09\/muitos-alunos-esperando-lado-de-fora-de-uma-sala-de-aula-e-estudando-para-o-proximo-teste.jpg?fit=1200%2C800&ssl=1&resize=350%2C200 1x, https:\/\/i0.wp.com\/diariodegarca.com\/wp-content\/uploads\/2025\/09\/muitos-alunos-esperando-lado-de-fora-de-uma-sala-de-aula-e-estudando-para-o-proximo-teste.jpg?fit=1200%2C800&ssl=1&resize=525%2C300 1.5x, https:\/\/i0.wp.com\/diariodegarca.com\/wp-content\/uploads\/2025\/09\/muitos-alunos-esperando-lado-de-fora-de-uma-sala-de-aula-e-estudando-para-o-proximo-teste.jpg?fit=1200%2C800&ssl=1&resize=700%2C400 2x, https:\/\/i0.wp.com\/diariodegarca.com\/wp-content\/uploads\/2025\/09\/muitos-alunos-esperando-lado-de-fora-de-uma-sala-de-aula-e-estudando-para-o-proximo-teste.jpg?fit=1200%2C800&ssl=1&resize=1050%2C600 3x"},"classes":[]}],"jetpack_featured_media_url":"https:\/\/i0.wp.com\/diariodegarca.com\/wp-content\/uploads\/2025\/08\/variedade-de-piramide-alimentar-real.jpg?fit=5267%2C7900&ssl=1","_links":{"self":[{"href":"https:\/\/diariodegarca.com\/index.php?rest_route=\/wp\/v2\/posts\/5362","targetHints":{"allow":["GET"]}}],"collection":[{"href":"https:\/\/diariodegarca.com\/index.php?rest_route=\/wp\/v2\/posts"}],"about":[{"href":"https:\/\/diariodegarca.com\/index.php?rest_route=\/wp\/v2\/types\/post"}],"author":[{"embeddable":true,"href":"https:\/\/diariodegarca.com\/index.php?rest_route=\/wp\/v2\/users\/260896546"}],"replies":[{"embeddable":true,"href":"https:\/\/diariodegarca.com\/index.php?rest_route=%2Fwp%2Fv2%2Fcomments&post=5362"}],"version-history":[{"count":2,"href":"https:\/\/diariodegarca.com\/index.php?rest_route=\/wp\/v2\/posts\/5362\/revisions"}],"predecessor-version":[{"id":5365,"href":"https:\/\/diariodegarca.com\/index.php?rest_route=\/wp\/v2\/posts\/5362\/revisions\/5365"}],"wp:featuredmedia":[{"embeddable":true,"href":"https:\/\/diariodegarca.com\/index.php?rest_route=\/wp\/v2\/media\/5364"}],"wp:attachment":[{"href":"https:\/\/diariodegarca.com\/index.php?rest_route=%2Fwp%2Fv2%2Fmedia&parent=5362"}],"wp:term":[{"taxonomy":"category","embeddable":true,"href":"https:\/\/diariodegarca.com\/index.php?rest_route=%2Fwp%2Fv2%2Fcategories&post=5362"},{"taxonomy":"post_tag","embeddable":true,"href":"https:\/\/diariodegarca.com\/index.php?rest_route=%2Fwp%2Fv2%2Ftags&post=5362"}],"curies":[{"name":"wp","href":"https:\/\/api.w.org\/{rel}","templated":true}]}}