{"id":5416,"date":"2025-08-08T16:17:11","date_gmt":"2025-08-08T19:17:11","guid":{"rendered":"https:\/\/diariodegarca.com\/?p=5416"},"modified":"2025-08-08T16:17:11","modified_gmt":"2025-08-08T19:17:11","slug":"competicao-usp-oferece-intercambio-para-a-espanha-e-premiara-estudantes-do-paula-souza","status":"publish","type":"post","link":"https:\/\/diariodegarca.com\/?p=5416","title":{"rendered":"Competi\u00e7\u00e3o USP oferece interc\u00e2mbio para a Espanha e premiar\u00e1 estudantes do Paula Souza"},"content":{"rendered":"\n<p class=\"wp-block-paragraph\"><em>Iniciativa do Programa Vem Saber da USP, em parceria com o Centro Paula Souza, inclui bolsas de MBA para educadores e oportunidade internacional para o melhor aluno da 3\u00aa s\u00e9rie da ETEC.<\/em><\/p>\n\n\n\n<p class=\"wp-block-paragraph\">A 9\u00aa edi\u00e7\u00e3o da Competi\u00e7\u00e3o USP de Conhecimentos e Oportunidades (CUCO) traz novidades para estudantes e professores da rede p\u00fablica de S\u00e3o Paulo. Al\u00e9m de certificados e reconhecimento acad\u00eamico, <strong>o melhor aluno da 3\u00aa s\u00e9rie das ETECs poder\u00e1 ganhar uma vaga no Interc\u00e2mbio Cultural 2025 para a Espanha<\/strong>, oferecido pelo<strong> Centro Paula Souza<\/strong>. A iniciativa \u00e9 parte do Programa Vem Saber, sediado no Instituto de F\u00edsica de S\u00e3o Carlos (IFSC\/USP), e visa estimular o acesso ao ensino superior e a transforma\u00e7\u00e3o social por meio da educa\u00e7\u00e3o.<\/p>\n\n\n\n<p class=\"wp-block-paragraph\"><strong>Interc\u00e2mbio para a Espanha<\/strong><br>O pr\u00eamio <strong>exclusivo para estudantes da ETEC<\/strong> ser\u00e1 concedido ao medalhista de ouro da 3\u00aa s\u00e9rie com melhor desempenho na CUCO 2025. O crit\u00e9rio de desempate, em caso de notas iguais, ser\u00e1 a idade do participante. O vencedor receber\u00e1 todas as orienta\u00e7\u00f5es por e-mail e dever\u00e1 comprovar hist\u00f3rico disciplinar impec\u00e1vel. Detalhes est\u00e3o no termo aditivo do edital, dispon\u00edvel no site oficial.<\/p>\n\n\n\n<p class=\"wp-block-paragraph\"><strong>Premia\u00e7\u00e3o para professores<\/strong><br>Professores incentivadores tamb\u00e9m ser\u00e3o premiados. Destaques estaduais e regionais poder\u00e3o cursar MBAs na USP\/ESALQ com bolsas integrais ou parciais (30% de desconto). Entre as op\u00e7\u00f5es est\u00e3o cursos como&nbsp;<em>Data Science, Gest\u00e3o Escolar<\/em>&nbsp;e&nbsp;<em>Neuroci\u00eancia e Aprendizagem<\/em>. A sele\u00e7\u00e3o considerar\u00e1 o n\u00famero de indica\u00e7\u00f5es dos alunos e o desempenho da escola.<\/p>\n\n\n\n<p class=\"wp-block-paragraph\"><strong>Como participar<\/strong><\/p>\n\n\n\n<ul class=\"wp-block-list\">\n<li><strong>Estudantes:<\/strong>\u00a0Inscri\u00e7\u00f5es at\u00e9 15 de agosto, pelo site\u00a0<a href=\"https:\/\/vemsaber.ifsc.usp.br\/\" target=\"_blank\" rel=\"noreferrer noopener\">vemsaber.ifsc.usp.br<\/a>. A prova online, com 18 quest\u00f5es, ocorre de 25 a 29 de agosto.<\/li>\n\n\n\n<li><strong>Professores:<\/strong>\u00a0Cadastro at\u00e9 22 de agosto na mesma plataforma.<\/li>\n<\/ul>\n\n\n\n<p class=\"wp-block-paragraph\"><strong>Resultados<\/strong><br>A divulga\u00e7\u00e3o est\u00e1 marcada para 10 de setembro, no Instagram @vemsaber.usp e no site do programa.<\/p>\n\n\n\n<figure class=\"wp-block-image size-large\"><img data-recalc-dims=\"1\" loading=\"lazy\" decoding=\"async\" width=\"800\" height=\"1000\" data-attachment-id=\"5419\" data-permalink=\"https:\/\/diariodegarca.com\/?attachment_id=5419\" data-orig-file=\"https:\/\/i0.wp.com\/diariodegarca.com\/wp-content\/uploads\/2025\/08\/f09f87aaf09f87b8e29ca8-viva-a-experiencia-de-estudar-na-espanha-com-o-intercambio-cultural-do-centro-paula-souza.jpg?fit=1024%2C1280&amp;ssl=1\" data-orig-size=\"1024,1280\" data-comments-opened=\"1\" data-image-meta=\"{&quot;aperture&quot;:&quot;0&quot;,&quot;credit&quot;:&quot;&quot;,&quot;camera&quot;:&quot;&quot;,&quot;caption&quot;:&quot;&quot;,&quot;created_timestamp&quot;:&quot;0&quot;,&quot;copyright&quot;:&quot;&quot;,&quot;focal_length&quot;:&quot;0&quot;,&quot;iso&quot;:&quot;0&quot;,&quot;shutter_speed&quot;:&quot;0&quot;,&quot;title&quot;:&quot;&quot;,&quot;orientation&quot;:&quot;0&quot;}\" data-image-title=\"\" data-image-description=\"\" data-image-caption=\"\" data-large-file=\"https:\/\/i0.wp.com\/diariodegarca.com\/wp-content\/uploads\/2025\/08\/f09f87aaf09f87b8e29ca8-viva-a-experiencia-de-estudar-na-espanha-com-o-intercambio-cultural-do-centro-paula-souza.jpg?fit=800%2C1000&amp;ssl=1\" src=\"https:\/\/i0.wp.com\/diariodegarca.com\/wp-content\/uploads\/2025\/08\/f09f87aaf09f87b8e29ca8-viva-a-experiencia-de-estudar-na-espanha-com-o-intercambio-cultural-do-centro-paula-souza.jpg?resize=800%2C1000&#038;ssl=1\" alt=\"\" class=\"wp-image-5419\" \/><\/figure>\n","protected":false},"excerpt":{"rendered":"<p>Iniciativa do Programa Vem Saber da USP, em parceria com o Centro Paula Souza, inclui bolsas de MBA para educadores e oportunidade internacional para o melhor aluno da 3\u00aa s\u00e9rie da ETEC. A 9\u00aa edi\u00e7\u00e3o da Competi\u00e7\u00e3o USP de Conhecimentos e Oportunidades (CUCO) traz novidades para estudantes e professores da rede p\u00fablica de S\u00e3o Paulo. [&hellip;]<\/p>\n","protected":false},"author":260896546,"featured_media":5420,"comment_status":"open","ping_status":"open","sticky":false,"template":"","format":"standard","meta":{"_crdt_document":"","_monsterinsights_skip_tracking":false,"_monsterinsights_sitenote_active":false,"_monsterinsights_sitenote_note":"","_monsterinsights_sitenote_category":0,"advanced_seo_description":"","jetpack_seo_html_title":"","jetpack_seo_noindex":false,"_jetpack_newsletter_access":"","_jetpack_dont_email_post_to_subs":false,"_jetpack_newsletter_tier_id":0,"_jetpack_memberships_contains_paywalled_content":false,"_jetpack_memberships_contains_paid_content":false,"footnotes":"","jetpack_publicize_message":"\ud83c\udfc6 CUCO 2025: Melhor aluno da ETEC ganha interc\u00e2mbio para a Espanha\n\nEstudantes da 3\u00aa s\u00e9rie podem concorrer \u00e0 viagem cultural, e professores t\u00eam chance de bolsas em MBAs da USP. \n\nInscri\u00e7\u00f5es at\u00e9 15\/08.\nProva online: 25 a 29\/08\n\n\ud83d\udd0d Saiba mais em diariodegarca.com\n\n#CUCO2025 #USP #Interc\u00e2mbio #ETEC #Educa\u00e7\u00e3o @vemsaber.usp @arintercps","jetpack_publicize_feature_enabled":true,"jetpack_social_post_already_shared":false,"jetpack_social_options":{"image_generator_settings":{"template":"highway","default_image_id":0,"font":"","enabled":false},"version":2},"_wpas_customize_per_network":false,"jetpack_post_was_ever_published":false},"categories":[78747,17964],"tags":[],"class_list":["post-5416","post","type-post","status-publish","format-standard","has-post-thumbnail","hentry","category-editais","category-educacao"],"jetpack_publicize_connections":[],"jetpack_featured_media_url":"https:\/\/i0.wp.com\/diariodegarca.com\/wp-content\/uploads\/2025\/08\/visualizacao-horizontal-de-turistas-encantadas-caminhando-na-rua.jpg?fit=8510%2C5674&ssl=1","jetpack_likes_enabled":true,"jetpack_sharing_enabled":true,"jetpack_shortlink":"https:\/\/wp.me\/pgitne-1pm","jetpack-related-posts":[{"id":2307,"url":"https:\/\/diariodegarca.com\/?p=2307","url_meta":{"origin":5416,"position":0},"title":"USP lan\u00e7a curso gratuito e EaD sobre quadrinhos como ferramenta de ensino de Hist\u00f3ria","author":"Di\u00e1rio de Gar\u00e7a","date":"20 de abril de 2025","format":false,"excerpt":"A Universidade de S\u00e3o Paulo (USP), refer\u00eancia em excel\u00eancia acad\u00eamica na Am\u00e9rica Latina, est\u00e1 com inscri\u00e7\u00f5es abertas para o curso \u201cQuadrinhos como Fontes Hist\u00f3ricas e Ferramentas para o Ensino de Hist\u00f3ria\u201d.\u00a0Gratuito e 100% on-line, o curso \u00e9 voltado a professores e estudantes de gradua\u00e7\u00e3o em Hist\u00f3ria. A proposta \u00e9 integrar\u2026","rel":"","context":"Em &quot;Brasil&quot;","block_context":{"text":"Brasil","link":"https:\/\/diariodegarca.com\/?cat=38185"},"img":{"alt_text":"","src":"","width":0,"height":0},"classes":[]},{"id":4366,"url":"https:\/\/diariodegarca.com\/?p=4366","url_meta":{"origin":5416,"position":1},"title":"Univesp disponibiliza mais de 500 mil vagas gratuitas em cursos on-line de capacita\u00e7\u00e3o profissional","author":"Di\u00e1rio de Gar\u00e7a","date":"2 de julho de 2025","format":false,"excerpt":"Programa Oportunidade J\u00e1 oferece forma\u00e7\u00e3o nas \u00e1reas de tecnologia, turismo, voluntariado, soft skills e muito mais; vagas s\u00e3o acess\u00edveis a todos os interessados A Universidade Virtual do Estado de S\u00e3o Paulo (Univesp) deu in\u00edcio \u00e0 segunda edi\u00e7\u00e3o do Programa Oportunidade J\u00e1, iniciativa que oferece mais de 500 mil vagas gratuitas\u2026","rel":"","context":"Em &quot;Curso&quot;","block_context":{"text":"Curso","link":"https:\/\/diariodegarca.com\/?cat=36947"},"img":{"alt_text":"","src":"","width":0,"height":0},"classes":[]},{"id":5075,"url":"https:\/\/diariodegarca.com\/?p=5075","url_meta":{"origin":5416,"position":2},"title":"Centro Paula Souza oferece cursos gratuitos de l\u00edngua e cultura coreana para alunos de ETECs e FATECs","author":"Di\u00e1rio de Gar\u00e7a","date":"27 de julho de 2025","format":false,"excerpt":"Inscri\u00e7\u00f5es est\u00e3o abertas at\u00e9 31 de julho para turmas virtuais s\u00edncronas com in\u00edcio em agosto; vagas s\u00e3o limitadas e incluem material did\u00e1tico e certificado. A Assessoria de Rela\u00e7\u00f5es Internacionais (ARInter) do Centro Paula Souza (CEETEPS), em parceria com o Centro de Educa\u00e7\u00e3o Coreana em S\u00e3o Paulo (CECSP), est\u00e1 com inscri\u00e7\u00f5es\u2026","rel":"","context":"Em &quot;Curso&quot;","block_context":{"text":"Curso","link":"https:\/\/diariodegarca.com\/?cat=36947"},"img":{"alt_text":"","src":"https:\/\/i0.wp.com\/diariodegarca.com\/wp-content\/uploads\/2025\/07\/feliz-grupo-de-estudantes-multietnicas-estudando.jpg?fit=1200%2C801&ssl=1&resize=350%2C200","width":350,"height":200,"srcset":"https:\/\/i0.wp.com\/diariodegarca.com\/wp-content\/uploads\/2025\/07\/feliz-grupo-de-estudantes-multietnicas-estudando.jpg?fit=1200%2C801&ssl=1&resize=350%2C200 1x, https:\/\/i0.wp.com\/diariodegarca.com\/wp-content\/uploads\/2025\/07\/feliz-grupo-de-estudantes-multietnicas-estudando.jpg?fit=1200%2C801&ssl=1&resize=525%2C300 1.5x, https:\/\/i0.wp.com\/diariodegarca.com\/wp-content\/uploads\/2025\/07\/feliz-grupo-de-estudantes-multietnicas-estudando.jpg?fit=1200%2C801&ssl=1&resize=700%2C400 2x, https:\/\/i0.wp.com\/diariodegarca.com\/wp-content\/uploads\/2025\/07\/feliz-grupo-de-estudantes-multietnicas-estudando.jpg?fit=1200%2C801&ssl=1&resize=1050%2C600 3x"},"classes":[]},{"id":2187,"url":"https:\/\/diariodegarca.com\/?p=2187","url_meta":{"origin":5416,"position":3},"title":"Concurso de reda\u00e7\u00e3o celebra amizade entre China e Brasil com premia\u00e7\u00e3o para estudantes","author":"Di\u00e1rio de Gar\u00e7a","date":"7 de maio de 2025","format":false,"excerpt":"O Consulado Geral da China em S\u00e3o Paulo e a Secretaria da Educa\u00e7\u00e3o do Estado (SEDUC-SP) lan\u00e7aram a\u00a02\u00aa edi\u00e7\u00e3o do Concurso de Reda\u00e7\u00e3o, com o tema\u00a0\u201cChina e Brasil: uma amizade que atravessa as montanhas e mares\u201d. A iniciativa visa promover o interc\u00e2mbio cultural e destacar os la\u00e7os hist\u00f3ricos, econ\u00f4micos e\u2026","rel":"","context":"Em &quot;Brasil&quot;","block_context":{"text":"Brasil","link":"https:\/\/diariodegarca.com\/?cat=38185"},"img":{"alt_text":"","src":"https:\/\/i0.wp.com\/blogger.googleusercontent.com\/img\/b\/R29vZ2xl\/AVvXsEjb6Q-e4GKw0zsMrkMZVytf9pF0DzjBxJUNbd60b_9MM8aQ-zWDSzvnlPVlxa1QoXDqnuWnz0W5ZcCoYkgeSpomlksSlU3JejwzGcEPHWbWW4vqM40K-m_vYqV_1tKUb_QeiX9C8nQEYG-FrqpuARldG9f5pwFIdEveqXtmZwD3tmHWkQKkdGlRyMEVg7g\/s320\/621-NOTICIA-Concurso-de-redacao-China-e-Brasilv3_705x352-2.png?resize=350%2C200&ssl=1","width":350,"height":200},"classes":[]},{"id":4666,"url":"https:\/\/diariodegarca.com\/?p=4666","url_meta":{"origin":5416,"position":4},"title":"Fatec abre inscri\u00e7\u00f5es para programas de mobilidade virtual internacional","author":"Di\u00e1rio de Gar\u00e7a","date":"14 de julho de 2025","format":false,"excerpt":"Estudantes podem cursar disciplinas em institui\u00e7\u00f5es estrangeiras sem sair de casa; prazo vai at\u00e9 8 de agosto A Assessoria de Rela\u00e7\u00f5es Internacionais (ARInter) do Centro Estadual de Educa\u00e7\u00e3o Tecnol\u00f3gica Paula Souza (CEETEPS) divulgou o Edital ARI n\u00ba 32\/2025, abrindo inscri\u00e7\u00f5es para o\u00a0Programa de Mobilidade Virtual\u00a0no segundo semestre de 2025. Os\u2026","rel":"","context":"Em &quot;Curso&quot;","block_context":{"text":"Curso","link":"https:\/\/diariodegarca.com\/?cat=36947"},"img":{"alt_text":"","src":"","width":0,"height":0},"classes":[]},{"id":4093,"url":"https:\/\/diariodegarca.com\/?p=4093","url_meta":{"origin":5416,"position":5},"title":"\u00daltimos Dias para Inscri\u00e7\u00f5es no Projeto Cec\u00edlia Online do IAG-USP","author":"Di\u00e1rio de Gar\u00e7a","date":"18 de junho de 2025","format":false,"excerpt":"Turmas de escolas p\u00fablicas de todo o Brasil podem se inscrever at\u00e9 22\/6 para atividades de astronomia, geof\u00edsica e meteorologia Promovido pelo\u00a0Instituto de Astronomia, Geof\u00edsica e Ci\u00eancias Atmosf\u00e9ricas (IAG) da USP, o\u00a0Cec\u00edlia Online\u00a0\u00e9 um projeto de extens\u00e3o que leva experimentos cient\u00edficos a estudantes do 9\u00ba ano do Ensino Fundamental e\u2026","rel":"","context":"Em &quot;Brasil&quot;","block_context":{"text":"Brasil","link":"https:\/\/diariodegarca.com\/?cat=38185"},"img":{"alt_text":"","src":"","width":0,"height":0},"classes":[]}],"_links":{"self":[{"href":"https:\/\/diariodegarca.com\/index.php?rest_route=\/wp\/v2\/posts\/5416","targetHints":{"allow":["GET"]}}],"collection":[{"href":"https:\/\/diariodegarca.com\/index.php?rest_route=\/wp\/v2\/posts"}],"about":[{"href":"https:\/\/diariodegarca.com\/index.php?rest_route=\/wp\/v2\/types\/post"}],"author":[{"embeddable":true,"href":"https:\/\/diariodegarca.com\/index.php?rest_route=\/wp\/v2\/users\/260896546"}],"replies":[{"embeddable":true,"href":"https:\/\/diariodegarca.com\/index.php?rest_route=%2Fwp%2Fv2%2Fcomments&post=5416"}],"version-history":[{"count":4,"href":"https:\/\/diariodegarca.com\/index.php?rest_route=\/wp\/v2\/posts\/5416\/revisions"}],"predecessor-version":[{"id":5422,"href":"https:\/\/diariodegarca.com\/index.php?rest_route=\/wp\/v2\/posts\/5416\/revisions\/5422"}],"wp:featuredmedia":[{"embeddable":true,"href":"https:\/\/diariodegarca.com\/index.php?rest_route=\/wp\/v2\/media\/5420"}],"wp:attachment":[{"href":"https:\/\/diariodegarca.com\/index.php?rest_route=%2Fwp%2Fv2%2Fmedia&parent=5416"}],"wp:term":[{"taxonomy":"category","embeddable":true,"href":"https:\/\/diariodegarca.com\/index.php?rest_route=%2Fwp%2Fv2%2Fcategories&post=5416"},{"taxonomy":"post_tag","embeddable":true,"href":"https:\/\/diariodegarca.com\/index.php?rest_route=%2Fwp%2Fv2%2Ftags&post=5416"}],"curies":[{"name":"wp","href":"https:\/\/api.w.org\/{rel}","templated":true}]}}