{"id":5454,"date":"2025-08-09T17:10:12","date_gmt":"2025-08-09T20:10:12","guid":{"rendered":"https:\/\/diariodegarca.com\/?p=5454"},"modified":"2025-08-09T17:10:12","modified_gmt":"2025-08-09T20:10:12","slug":"homem-e-preso-por-furto-em-pompeia-apos-arrombar-residencia","status":"publish","type":"post","link":"https:\/\/diariodegarca.com\/?p=5454","title":{"rendered":"Homem \u00e9 preso por furto em Pomp\u00e9ia ap\u00f3s arrombar resid\u00eancia"},"content":{"rendered":"\n<p class=\"wp-block-paragraph\"><em>Ap\u00f3s invadir uma casa e roubar celular e cart\u00f5es, suspeito foi localizado e detido pela PM do 9\u00b0 Batalh\u00e3o.<\/em><\/p>\n\n\n\n<p class=\"wp-block-paragraph\">Na \u00faltima sexta-feira, 8 de agosto, um homem foi preso por agentes do 9\u00b0 Batalh\u00e3o de Pol\u00edcia Militar do Interior ap\u00f3s cometer um furto em uma resid\u00eancia no munic\u00edpio de Pomp\u00e9ia. De acordo com as informa\u00e7\u00f5es, o indiv\u00edduo arrombou a casa e levou um celular e tr\u00eas cart\u00f5es banc\u00e1rios.<\/p>\n\n\n\n<p class=\"wp-block-paragraph\">As equipes policiais realizaram dilig\u00eancias e conseguiram localizar o suspeito, que foi abordado e encaminhado \u00e0 delegacia. Ele permaneceu \u00e0 disposi\u00e7\u00e3o da Justi\u00e7a, aguardando as medidas legais cab\u00edveis.<\/p>\n\n\n\n<figure class=\"wp-block-gallery has-nested-images columns-default is-cropped wp-block-gallery-1 is-layout-flex wp-block-gallery-is-layout-flex\">\n<figure class=\"wp-block-image size-large\"><img data-recalc-dims=\"1\" loading=\"lazy\" decoding=\"async\" width=\"800\" height=\"800\" data-attachment-id=\"5457\" data-permalink=\"https:\/\/diariodegarca.com\/?attachment_id=5457\" data-orig-file=\"https:\/\/i0.wp.com\/diariodegarca.com\/wp-content\/uploads\/2025\/08\/sexta-feira-08-equipes-do-9c2b0-batalhao-de-policia-militar-do-interior-realizaram-a-prisao-de-.webp?fit=1080%2C1080&amp;ssl=1\" data-orig-size=\"1080,1080\" data-comments-opened=\"1\" data-image-meta=\"{&quot;aperture&quot;:&quot;0&quot;,&quot;credit&quot;:&quot;&quot;,&quot;camera&quot;:&quot;&quot;,&quot;caption&quot;:&quot;&quot;,&quot;created_timestamp&quot;:&quot;0&quot;,&quot;copyright&quot;:&quot;&quot;,&quot;focal_length&quot;:&quot;0&quot;,&quot;iso&quot;:&quot;0&quot;,&quot;shutter_speed&quot;:&quot;0&quot;,&quot;title&quot;:&quot;&quot;,&quot;orientation&quot;:&quot;0&quot;}\" data-image-title=\"\" data-image-description=\"\" data-image-caption=\"\" data-large-file=\"https:\/\/i0.wp.com\/diariodegarca.com\/wp-content\/uploads\/2025\/08\/sexta-feira-08-equipes-do-9c2b0-batalhao-de-policia-militar-do-interior-realizaram-a-prisao-de-.webp?fit=800%2C800&amp;ssl=1\" data-id=\"5457\" src=\"https:\/\/i0.wp.com\/diariodegarca.com\/wp-content\/uploads\/2025\/08\/sexta-feira-08-equipes-do-9c2b0-batalhao-de-policia-militar-do-interior-realizaram-a-prisao-de-.webp?resize=800%2C800&#038;ssl=1\" alt=\"\" class=\"wp-image-5457\" \/><\/figure>\n\n\n\n<figure class=\"wp-block-image size-large\"><img data-recalc-dims=\"1\" loading=\"lazy\" decoding=\"async\" width=\"800\" height=\"800\" data-attachment-id=\"5455\" data-permalink=\"https:\/\/diariodegarca.com\/?attachment_id=5455\" data-orig-file=\"https:\/\/i0.wp.com\/diariodegarca.com\/wp-content\/uploads\/2025\/08\/sexta-feira-08-equipes-do-9c2b0-batalhao-de-policia-militar-do-interior-realizaram-a-prisao-de-1.webp?fit=1080%2C1080&amp;ssl=1\" data-orig-size=\"1080,1080\" data-comments-opened=\"1\" data-image-meta=\"{&quot;aperture&quot;:&quot;0&quot;,&quot;credit&quot;:&quot;&quot;,&quot;camera&quot;:&quot;&quot;,&quot;caption&quot;:&quot;&quot;,&quot;created_timestamp&quot;:&quot;0&quot;,&quot;copyright&quot;:&quot;&quot;,&quot;focal_length&quot;:&quot;0&quot;,&quot;iso&quot;:&quot;0&quot;,&quot;shutter_speed&quot;:&quot;0&quot;,&quot;title&quot;:&quot;&quot;,&quot;orientation&quot;:&quot;0&quot;}\" data-image-title=\"\" data-image-description=\"\" data-image-caption=\"\" data-large-file=\"https:\/\/i0.wp.com\/diariodegarca.com\/wp-content\/uploads\/2025\/08\/sexta-feira-08-equipes-do-9c2b0-batalhao-de-policia-militar-do-interior-realizaram-a-prisao-de-1.webp?fit=800%2C800&amp;ssl=1\" data-id=\"5455\" src=\"https:\/\/i0.wp.com\/diariodegarca.com\/wp-content\/uploads\/2025\/08\/sexta-feira-08-equipes-do-9c2b0-batalhao-de-policia-militar-do-interior-realizaram-a-prisao-de-1.webp?resize=800%2C800&#038;ssl=1\" alt=\"\" class=\"wp-image-5455\" \/><\/figure>\n<\/figure>\n","protected":false},"excerpt":{"rendered":"<p>Ap\u00f3s invadir uma casa e roubar celular e cart\u00f5es, suspeito foi localizado e detido pela PM do 9\u00b0 Batalh\u00e3o. Na \u00faltima sexta-feira, 8 de agosto, um homem foi preso por agentes do 9\u00b0 Batalh\u00e3o de Pol\u00edcia Militar do Interior ap\u00f3s cometer um furto em uma resid\u00eancia no munic\u00edpio de Pomp\u00e9ia. De acordo com as informa\u00e7\u00f5es, [&hellip;]<\/p>\n","protected":false},"author":260896546,"featured_media":5455,"comment_status":"open","ping_status":"open","sticky":false,"template":"","format":"standard","meta":{"_monsterinsights_skip_tracking":false,"advanced_seo_description":"","jetpack_seo_html_title":"","jetpack_seo_noindex":false,"jetpack_seo_schema_type":"","_jetpack_newsletter_access":"","_jetpack_dont_email_post_to_subs":false,"_jetpack_newsletter_tier_id":0,"_jetpack_memberships_contains_paywalled_content":false,"_wpcom_ai_launchpad_first_post":false,"_jetpack_feature_clip_id":0,"_jetpack_memberships_contains_paid_content":false,"footnotes":"","jetpack_publicize_message":"\ud83d\udea8 Homem \u00e9 preso por furto em Pomp\u00e9ia ap\u00f3s arrombar resid\u00eancia\n\nNa sexta (8\/8), a PM prendeu um homem que invadiu uma casa e roubou um celular e cart\u00f5es banc\u00e1rios. Ap\u00f3s buscas, ele foi detido e encaminhado \u00e0 delegacia.\n\n\ud83d\udccc Saiba mais em diariodegarca.com\n\n#Seguran\u00e7a #Pomp\u00e9ia #Pol\u00edciaMilitar","jetpack_publicize_feature_enabled":true,"jetpack_social_post_already_shared":false,"jetpack_social_options":{"image_generator_settings":{"template":"highway","default_image_id":0,"font":"","enabled":false},"version":2},"_wpas_customize_per_network":false,"jetpack_post_was_ever_published":false},"categories":[1549470],"tags":[],"class_list":["post-5454","post","type-post","status-publish","format-standard","has-post-thumbnail","hentry","category-pompeia"],"jetpack_publicize_connections":[],"jetpack_likes_enabled":true,"jetpack_sharing_enabled":true,"jetpack_shortlink":"https:\/\/wp.me\/pgitne-1pY","jetpack-related-posts":[{"id":4159,"url":"https:\/\/diariodegarca.com\/?p=4159","url_meta":{"origin":5454,"position":0},"title":"A\u00e7\u00f5es policiais prendem suspeitos por roubo, furto e tr\u00e1fico em cidades da regi\u00e3o","author":"Di\u00e1rio de Gar\u00e7a","date":"23 de junho de 2025","format":false,"excerpt":"Em opera\u00e7\u00f5es realizadas no fim de semana, policiais militares do 9\u00ba Batalh\u00e3o do Interior prenderam criminosos em flagrante em Mar\u00edlia, Pomp\u00e9ia e Tup\u00e3; drogas, ve\u00edculo furtado e objetos roubados foram apreendidos. No \u00faltimo fim de semana, o\u00a09\u00ba Batalh\u00e3o de Pol\u00edcia Militar do Interior\u00a0registrou ocorr\u00eancias em diferentes cidades da regi\u00e3o, resultando\u2026","rel":"","context":"Em &quot;Mar\u00edlia&quot;","block_context":{"text":"Mar\u00edlia","link":"https:\/\/diariodegarca.com\/?cat=683453294"},"img":{"alt_text":"","src":"https:\/\/i0.wp.com\/diariodegarca.com\/wp-content\/uploads\/2025\/06\/503566608_18306010942246526_8008225824564545424_n-e1764161649475.webp?fit=1080%2C733&ssl=1&resize=350%2C200","width":350,"height":200,"srcset":"https:\/\/i0.wp.com\/diariodegarca.com\/wp-content\/uploads\/2025\/06\/503566608_18306010942246526_8008225824564545424_n-e1764161649475.webp?fit=1080%2C733&ssl=1&resize=350%2C200 1x, https:\/\/i0.wp.com\/diariodegarca.com\/wp-content\/uploads\/2025\/06\/503566608_18306010942246526_8008225824564545424_n-e1764161649475.webp?fit=1080%2C733&ssl=1&resize=525%2C300 1.5x, https:\/\/i0.wp.com\/diariodegarca.com\/wp-content\/uploads\/2025\/06\/503566608_18306010942246526_8008225824564545424_n-e1764161649475.webp?fit=1080%2C733&ssl=1&resize=700%2C400 2x, https:\/\/i0.wp.com\/diariodegarca.com\/wp-content\/uploads\/2025\/06\/503566608_18306010942246526_8008225824564545424_n-e1764161649475.webp?fit=1080%2C733&ssl=1&resize=1050%2C600 3x"},"classes":[]},{"id":4016,"url":"https:\/\/diariodegarca.com\/?p=4016","url_meta":{"origin":5454,"position":1},"title":"PM prende suspeitos e apreende drogas e armas em Gar\u00e7a, Mar\u00edlia e Pomp\u00e9ia","author":"Di\u00e1rio de Gar\u00e7a","date":"16 de junho de 2025","format":false,"excerpt":"Opera\u00e7\u00f5es policiais resultaram em pris\u00f5es por tr\u00e1fico, furto e porte ilegal de armas nas tr\u00eas cidades do interior paulista A Pol\u00edcia Militar do Estado de S\u00e3o Paulo divulgou algumas a\u00e7\u00f5es que aconteceram em cidades da regi\u00e3o nos \u00faltimos dias. As opera\u00e7\u00f5es tem como objetivo coibir delitos como tr\u00e1fico de drogas,\u2026","rel":"","context":"Em &quot;Gar\u00e7a&quot;","block_context":{"text":"Gar\u00e7a","link":"https:\/\/diariodegarca.com\/?cat=781171664"},"img":{"alt_text":"","src":"https:\/\/i0.wp.com\/diariodegarca.com\/wp-content\/uploads\/2025\/05\/500084858_18302219050246526_4028368060180630968_n-e1760650460275.webp?fit=1080%2C704&ssl=1&resize=350%2C200","width":350,"height":200,"srcset":"https:\/\/i0.wp.com\/diariodegarca.com\/wp-content\/uploads\/2025\/05\/500084858_18302219050246526_4028368060180630968_n-e1760650460275.webp?fit=1080%2C704&ssl=1&resize=350%2C200 1x, https:\/\/i0.wp.com\/diariodegarca.com\/wp-content\/uploads\/2025\/05\/500084858_18302219050246526_4028368060180630968_n-e1760650460275.webp?fit=1080%2C704&ssl=1&resize=525%2C300 1.5x, https:\/\/i0.wp.com\/diariodegarca.com\/wp-content\/uploads\/2025\/05\/500084858_18302219050246526_4028368060180630968_n-e1760650460275.webp?fit=1080%2C704&ssl=1&resize=700%2C400 2x, https:\/\/i0.wp.com\/diariodegarca.com\/wp-content\/uploads\/2025\/05\/500084858_18302219050246526_4028368060180630968_n-e1760650460275.webp?fit=1080%2C704&ssl=1&resize=1050%2C600 3x"},"classes":[]},{"id":2470,"url":"https:\/\/diariodegarca.com\/?p=2470","url_meta":{"origin":5454,"position":2},"title":"Homem \u00e9 preso por mandado de furto em Pomp\u00e9ia","author":"Di\u00e1rio de Gar\u00e7a","date":"4 de abril de 2025","format":false,"excerpt":"\u00a0Na tarde de ter\u00e7a-feira, 2 de abril, policiais militares do 9\u00ba Batalh\u00e3o prenderam um homem procurado pela justi\u00e7a durante uma abordagem de rotina em Pomp\u00e9ia. A a\u00e7\u00e3o ocorreu por volta das 15h, quando as equipes de Radiopatrulhamento identificaram o indiv\u00edduo e, ao consultar seus antecedentes, confirmaram um mandado de pris\u00e3o\u2026","rel":"","context":"Em &quot;Brasil&quot;","block_context":{"text":"Brasil","link":"https:\/\/diariodegarca.com\/?cat=38185"},"img":{"alt_text":"","src":"https:\/\/i0.wp.com\/blogger.googleusercontent.com\/img\/b\/R29vZ2xl\/AVvXsEjeUyHMAwITMd3cT3GJKKOmyvZgbXjspsB7mL5RJMqD7j85yB42gw69E9ETydSVUk2TITNxEhwVM2ePueICezjia5kPJbWXu4TP2fNhUdFuy3e_Cl539hzTKmJWlrA_I65R4LP68TMP_ohWBQU1ynOawsJOTFe_am101ZcFfd6Hn5OKgxq2Gvy1zKgzL28\/s320\/Snapins.ai_488988591_18297026530246526_3899980406645694515_n_1080%20%281%29.jpg?resize=350%2C200&ssl=1","width":350,"height":200},"classes":[]},{"id":4517,"url":"https:\/\/diariodegarca.com\/?p=4517","url_meta":{"origin":5454,"position":3},"title":"A\u00e7\u00e3o da PM combate tr\u00e1fico de drogas em Gar\u00e7a, Pomp\u00e9ia e Tup\u00e3","author":"Di\u00e1rio de Gar\u00e7a","date":"6 de julho de 2025","format":false,"excerpt":"Opera\u00e7\u00f5es resultam em pris\u00f5es e apreens\u00f5es em\u00a0cidades da regi\u00e3o. A Pol\u00edcia Militar do Estado de S\u00e3o Paulo segue atuando no combate ao tr\u00e1fico de drogas e na repress\u00e3o qualificada ao crime em diferentes regi\u00f5es do interior, o 9\u00ba Batalh\u00e3o de Pol\u00edcia Militar do Interior registrou ocorr\u00eancias significativas nos \u00faltimos dias,\u2026","rel":"","context":"Em &quot;Gar\u00e7a&quot;","block_context":{"text":"Gar\u00e7a","link":"https:\/\/diariodegarca.com\/?cat=781171664"},"img":{"alt_text":"","src":"","width":0,"height":0},"classes":[]},{"id":8317,"url":"https:\/\/diariodegarca.com\/?p=8317","url_meta":{"origin":5454,"position":4},"title":"Bicicleta furtada \u00e9 recuperada pela PM, e homem \u00e9 preso em Pomp\u00e9ia","author":"Andreza Sega","date":"2 de novembro de 2025","format":false,"excerpt":"A\u00e7\u00e3o de Radiopatrulha, com apoio da popula\u00e7\u00e3o, resultou na localiza\u00e7\u00e3o do suspeito e na restitui\u00e7\u00e3o do bem \u00e0 v\u00edtima no mesmo dia. Um homem foi preso em flagrante pela Pol\u00edcia Militar, na tarde desta s\u00e1bado, 1\u00b0 de novembro, acusado de cometer um furto em Pomp\u00e9ia. A a\u00e7\u00e3o das equipes de\u2026","rel":"","context":"Em &quot;Pomp\u00e9ia&quot;","block_context":{"text":"Pomp\u00e9ia","link":"https:\/\/diariodegarca.com\/?cat=1549470"},"img":{"alt_text":"","src":"https:\/\/i0.wp.com\/diariodegarca.com\/wp-content\/uploads\/2025\/11\/SnapInsta.to_573534819_18323374423246526_921719914224019520_n.jpg?fit=1080%2C609&ssl=1&resize=350%2C200","width":350,"height":200,"srcset":"https:\/\/i0.wp.com\/diariodegarca.com\/wp-content\/uploads\/2025\/11\/SnapInsta.to_573534819_18323374423246526_921719914224019520_n.jpg?fit=1080%2C609&ssl=1&resize=350%2C200 1x, https:\/\/i0.wp.com\/diariodegarca.com\/wp-content\/uploads\/2025\/11\/SnapInsta.to_573534819_18323374423246526_921719914224019520_n.jpg?fit=1080%2C609&ssl=1&resize=525%2C300 1.5x, https:\/\/i0.wp.com\/diariodegarca.com\/wp-content\/uploads\/2025\/11\/SnapInsta.to_573534819_18323374423246526_921719914224019520_n.jpg?fit=1080%2C609&ssl=1&resize=700%2C400 2x, https:\/\/i0.wp.com\/diariodegarca.com\/wp-content\/uploads\/2025\/11\/SnapInsta.to_573534819_18323374423246526_921719914224019520_n.jpg?fit=1080%2C609&ssl=1&resize=1050%2C600 3x"},"classes":[]},{"id":2570,"url":"https:\/\/diariodegarca.com\/?p=2570","url_meta":{"origin":5454,"position":5},"title":"Homem foragido por roubo \u00e9 preso pela Pol\u00edcia Militar em Pomp\u00e9ia","author":"Di\u00e1rio de Gar\u00e7a","date":"21 de mar\u00e7o de 2025","format":false,"excerpt":"Na quinta-feira, dia 20 de mar\u00e7o, por volta das 17h30, policiais militares do 9\u00ba Batalh\u00e3o de Pol\u00edcia Militar do Interior prenderam um homem que estava foragido da justi\u00e7a na cidade de Pomp\u00e9ia. A a\u00e7\u00e3o ocorreu durante patrulhamento ostensivo no bairro Jardim Am\u00e9rica, ap\u00f3s uma den\u00fancia an\u00f4nima indicar que o indiv\u00edduo\u2026","rel":"","context":"Em &quot;Brasil&quot;","block_context":{"text":"Brasil","link":"https:\/\/diariodegarca.com\/?cat=38185"},"img":{"alt_text":"","src":"","width":0,"height":0},"classes":[]}],"jetpack_featured_media_url":"https:\/\/i0.wp.com\/diariodegarca.com\/wp-content\/uploads\/2025\/08\/sexta-feira-08-equipes-do-9c2b0-batalhao-de-policia-militar-do-interior-realizaram-a-prisao-de-1.webp?fit=1080%2C1080&ssl=1","_links":{"self":[{"href":"https:\/\/diariodegarca.com\/index.php?rest_route=\/wp\/v2\/posts\/5454","targetHints":{"allow":["GET"]}}],"collection":[{"href":"https:\/\/diariodegarca.com\/index.php?rest_route=\/wp\/v2\/posts"}],"about":[{"href":"https:\/\/diariodegarca.com\/index.php?rest_route=\/wp\/v2\/types\/post"}],"author":[{"embeddable":true,"href":"https:\/\/diariodegarca.com\/index.php?rest_route=\/wp\/v2\/users\/260896546"}],"replies":[{"embeddable":true,"href":"https:\/\/diariodegarca.com\/index.php?rest_route=%2Fwp%2Fv2%2Fcomments&post=5454"}],"version-history":[{"count":3,"href":"https:\/\/diariodegarca.com\/index.php?rest_route=\/wp\/v2\/posts\/5454\/revisions"}],"predecessor-version":[{"id":5459,"href":"https:\/\/diariodegarca.com\/index.php?rest_route=\/wp\/v2\/posts\/5454\/revisions\/5459"}],"wp:featuredmedia":[{"embeddable":true,"href":"https:\/\/diariodegarca.com\/index.php?rest_route=\/wp\/v2\/media\/5455"}],"wp:attachment":[{"href":"https:\/\/diariodegarca.com\/index.php?rest_route=%2Fwp%2Fv2%2Fmedia&parent=5454"}],"wp:term":[{"taxonomy":"category","embeddable":true,"href":"https:\/\/diariodegarca.com\/index.php?rest_route=%2Fwp%2Fv2%2Fcategories&post=5454"},{"taxonomy":"post_tag","embeddable":true,"href":"https:\/\/diariodegarca.com\/index.php?rest_route=%2Fwp%2Fv2%2Ftags&post=5454"}],"curies":[{"name":"wp","href":"https:\/\/api.w.org\/{rel}","templated":true}]}}