{"id":5536,"date":"2025-08-12T15:40:20","date_gmt":"2025-08-12T18:40:20","guid":{"rendered":"https:\/\/diariodegarca.com\/?p=5536"},"modified":"2025-08-12T15:40:20","modified_gmt":"2025-08-12T18:40:20","slug":"palestra-em-galia-aborda-direitos-das-mulheres-e-combate-a-violencia-domestica","status":"publish","type":"post","link":"https:\/\/diariodegarca.com\/?p=5536","title":{"rendered":"Palestra em G\u00e1lia aborda direitos das mulheres e combate \u00e0 viol\u00eancia dom\u00e9stica"},"content":{"rendered":"\n<p class=\"wp-block-paragraph\"><em>Evento gratuito no dia 13 de agosto re\u00fane a investigadora e vereadora Elaine Oliveira para discutir mecanismos de prote\u00e7\u00e3o e conscientiza\u00e7\u00e3o no Agosto Lil\u00e1s.<\/em><\/p>\n\n\n\n<p class=\"wp-block-paragraph\">No pr\u00f3ximo dia\u00a0<strong>13 de agosto, quarta-feira<\/strong>, \u00e0s\u00a0<strong>14h<\/strong>, o Anfiteatro da Secretaria Municipal de Educa\u00e7\u00e3o de G\u00e1lia, localizado na rua Jos\u00e9 Rodrigues, 682, recebe uma palestra sobre\u00a0<strong>direitos das mulheres em situa\u00e7\u00e3o de viol\u00eancia dom\u00e9stica e familiar<\/strong>. O evento, alinhado com a campanha\u00a0<strong>Agosto Lil\u00e1s<\/strong>, tem entrada gratuita e \u00e9 voltado para profissionais da \u00e1rea social, educadores e o p\u00fablico em geral.<\/p>\n\n\n\n<p class=\"wp-block-paragraph\">A iniciativa busca refor\u00e7ar a import\u00e2ncia da den\u00fancia, os mecanismos legais de prote\u00e7\u00e3o e o acesso a redes de apoio, em um momento em que o Brasil registra avan\u00e7os, mas ainda enfrenta desafios no combate \u00e0 viol\u00eancia de g\u00eanero.<\/p>\n\n\n\n<hr class=\"wp-block-separator has-alpha-channel-opacity\" \/>\n\n\n\n<h3 class=\"wp-block-heading\"><strong>Sobre a palestrante<\/strong><\/h3>\n\n\n\n<p class=\"wp-block-paragraph\"><strong>Elaine Oliveira<\/strong>, investigadora da\u00a0<strong>Delegacia de Defesa da Mulher (DDM) de Gar\u00e7a<\/strong>\u00a0e vereadora no munic\u00edpio de Gar\u00e7a, \u00e9 a convidada do evento. Com ampla experi\u00eancia no atendimento a v\u00edtimas de viol\u00eancia dom\u00e9stica, ela abordar\u00e1 temas como:<\/p>\n\n\n\n<ul class=\"wp-block-list\">\n<li>O papel da DDM no acolhimento e investiga\u00e7\u00e3o de casos;<\/li>\n\n\n\n<li>Os 19 anos da\u00a0<strong>Lei Maria da Penha<\/strong>\u00a0(Lei n\u00ba 11.340\/2006) e sua evolu\u00e7\u00e3o;<\/li>\n\n\n\n<li>A atua\u00e7\u00e3o do poder p\u00fablico e da sociedade no enfrentamento \u00e0 viol\u00eancia.<\/li>\n<\/ul>\n\n\n\n<p class=\"wp-block-paragraph\">Sua trajet\u00f3ria na seguran\u00e7a p\u00fablica e no legislativo garante uma discuss\u00e3o embasada e relevante para a regi\u00e3o.<\/p>\n\n\n\n<hr class=\"wp-block-separator has-alpha-channel-opacity\" \/>\n\n\n\n<h3 class=\"wp-block-heading\"><strong>Agosto Lil\u00e1s e a luta contra a viol\u00eancia<\/strong><\/h3>\n\n\n\n<p class=\"wp-block-paragraph\">O&nbsp;<strong>Agosto Lil\u00e1s<\/strong>&nbsp;\u00e9 uma campanha nacional que marca o anivers\u00e1rio da&nbsp;<strong>Lei Maria da Penha<\/strong>, completando&nbsp;<strong>19 anos em 2025<\/strong>. O objetivo \u00e9 conscientizar sobre os diferentes tipos de viol\u00eancia contra a mulher, que v\u00e3o al\u00e9m da agress\u00e3o f\u00edsica:<\/p>\n\n\n\n<p class=\"wp-block-paragraph\">\u2714&nbsp;<strong>Viol\u00eancia psicol\u00f3gica<\/strong>&nbsp;(amea\u00e7as, humilha\u00e7\u00e3o, controle);<br>\u2714&nbsp;<strong>Viol\u00eancia patrimonial<\/strong>&nbsp;(reten\u00e7\u00e3o de bens, destrui\u00e7\u00e3o de documentos);<br>\u2714&nbsp;<strong>Viol\u00eancia sexual<\/strong>&nbsp;(abuso, coer\u00e7\u00e3o);<br>\u2714&nbsp;<strong>Viol\u00eancia moral<\/strong>&nbsp;(cal\u00fania, difama\u00e7\u00e3o).<\/p>\n\n\n\n<p class=\"wp-block-paragraph\">Apesar dos avan\u00e7os, muitos casos ainda n\u00e3o s\u00e3o denunciados. Eventos como este em G\u00e1lia s\u00e3o fundamentais para informar e fortalecer a rede de prote\u00e7\u00e3o.<\/p>\n","protected":false},"excerpt":{"rendered":"<p>Evento gratuito no dia 13 de agosto re\u00fane a investigadora e vereadora Elaine Oliveira para discutir mecanismos de prote\u00e7\u00e3o e conscientiza\u00e7\u00e3o no Agosto Lil\u00e1s. No pr\u00f3ximo dia\u00a013 de agosto, quarta-feira, \u00e0s\u00a014h, o Anfiteatro da Secretaria Municipal de Educa\u00e7\u00e3o de G\u00e1lia, localizado na rua Jos\u00e9 Rodrigues, 682, recebe uma palestra sobre\u00a0direitos das mulheres em situa\u00e7\u00e3o de [&hellip;]<\/p>\n","protected":false},"author":260896546,"featured_media":5538,"comment_status":"open","ping_status":"open","sticky":false,"template":"","format":"standard","meta":{"_crdt_document":"","_monsterinsights_skip_tracking":false,"_monsterinsights_sitenote_active":false,"_monsterinsights_sitenote_note":"","_monsterinsights_sitenote_category":0,"advanced_seo_description":"","jetpack_seo_html_title":"","jetpack_seo_noindex":false,"_jetpack_newsletter_access":"","_jetpack_dont_email_post_to_subs":false,"_jetpack_newsletter_tier_id":0,"_jetpack_memberships_contains_paywalled_content":false,"_jetpack_memberships_contains_paid_content":false,"footnotes":"","jetpack_publicize_message":"\ud83d\udd0a Evento gratuito em G\u00e1lia discute viol\u00eancia contra a mulher e direitos no Agosto Lil\u00e1s\n\nNo dia 13\/08, \u00e0s 14h, a investigadora da DDM e vereadora Elaine Oliveira ministra palestra sobre viol\u00eancia dom\u00e9stica, Lei Maria da Penha e como buscar ajuda.\n\n\ud83d\udcf2 Saiba mais em: diariodegarca.com\n\n#AgostoLil\u00e1s #LeiMariaDaPenha #G\u00e1lia #Viol\u00eanciaContraAMulher","jetpack_publicize_feature_enabled":true,"jetpack_social_post_already_shared":false,"jetpack_social_options":{"image_generator_settings":{"template":"highway","default_image_id":0,"font":"","enabled":false},"version":2},"_wpas_customize_per_network":false,"jetpack_post_was_ever_published":false},"categories":[582590134,2366,1600904,21243],"tags":[],"class_list":["post-5536","post","type-post","status-publish","format-standard","has-post-thumbnail","hentry","category-campanha-mensal","category-eventos","category-galia","category-seguranca"],"jetpack_publicize_connections":[],"jetpack_featured_media_url":"https:\/\/i0.wp.com\/diariodegarca.com\/wp-content\/uploads\/2025\/08\/531842147_18072247271038080_7244612791675215943_n.jpg?fit=1320%2C2085&ssl=1","jetpack_likes_enabled":true,"jetpack_sharing_enabled":true,"jetpack_shortlink":"https:\/\/wp.me\/pgitne-1ri","jetpack-related-posts":[{"id":5682,"url":"https:\/\/diariodegarca.com\/?p=5682","url_meta":{"origin":5536,"position":0},"title":"&#8220;Agosto Lil\u00e1s&#8221; leva conscientiza\u00e7\u00e3o sobre viol\u00eancia dom\u00e9stica a Lup\u00e9rcio, G\u00e1lia e Gar\u00e7a","author":"Di\u00e1rio de Gar\u00e7a","date":"15 de agosto de 2025","format":false,"excerpt":"Palestras da Pol\u00edcia Militar e da Pol\u00edcia Civil orientam mulheres sobre o aplicativo SOS Mulher; Opera\u00e7\u00e3o Shamar prende 8 homens por crimes de viol\u00eancia ou relacionados a pens\u00e3o aliment\u00edcia na regi\u00e3o. Nos munic\u00edpios de Lup\u00e9rcio e G\u00e1lia, a Pol\u00edcia Militar, representada pelos comandantes Subtenente PM Rog\u00e9rio Mecenero e 1\u00ba Sgt\u2026","rel":"","context":"Em &quot;Campanha mensal&quot;","block_context":{"text":"Campanha mensal","link":"https:\/\/diariodegarca.com\/?cat=582590134"},"img":{"alt_text":"","src":"https:\/\/i0.wp.com\/diariodegarca.com\/wp-content\/uploads\/2025\/08\/whatsapp-image-2025-08-15-at-17.47.04.jpeg?fit=1080%2C1074&ssl=1&resize=350%2C200","width":350,"height":200,"srcset":"https:\/\/i0.wp.com\/diariodegarca.com\/wp-content\/uploads\/2025\/08\/whatsapp-image-2025-08-15-at-17.47.04.jpeg?fit=1080%2C1074&ssl=1&resize=350%2C200 1x, https:\/\/i0.wp.com\/diariodegarca.com\/wp-content\/uploads\/2025\/08\/whatsapp-image-2025-08-15-at-17.47.04.jpeg?fit=1080%2C1074&ssl=1&resize=525%2C300 1.5x, https:\/\/i0.wp.com\/diariodegarca.com\/wp-content\/uploads\/2025\/08\/whatsapp-image-2025-08-15-at-17.47.04.jpeg?fit=1080%2C1074&ssl=1&resize=700%2C400 2x, https:\/\/i0.wp.com\/diariodegarca.com\/wp-content\/uploads\/2025\/08\/whatsapp-image-2025-08-15-at-17.47.04.jpeg?fit=1080%2C1074&ssl=1&resize=1050%2C600 3x"},"classes":[]},{"id":5545,"url":"https:\/\/diariodegarca.com\/?p=5545","url_meta":{"origin":5536,"position":1},"title":"Palestra em Alvinl\u00e2ndia aborda conscientiza\u00e7\u00e3o e combate \u00e0 viol\u00eancia contra a mulher","author":"Di\u00e1rio de Gar\u00e7a","date":"13 de agosto de 2025","format":false,"excerpt":"Evento gratuito no dia 15 de agosto, com a investigadora Elaine Oliveira, ir\u00e1 discutir mecanismos de prote\u00e7\u00e3o e direitos das mulheres. No pr\u00f3ximo dia\u00a015 de agosto, sexta-feira, \u00e0s\u00a019h, o\u00a0Centro Comunit\u00e1rio de Alvinl\u00e2ndia\u00a0recebe uma palestra informativa sobre\u00a0combate \u00e0 viol\u00eancia contra a mulher, ministrada pela investigadora\u00a0Elaine Oliveira, da Delegacia de Defesa da\u2026","rel":"","context":"Em &quot;Alvinl\u00e2ndia&quot;","block_context":{"text":"Alvinl\u00e2ndia","link":"https:\/\/diariodegarca.com\/?cat=32102633"},"img":{"alt_text":"","src":"https:\/\/i0.wp.com\/diariodegarca.com\/wp-content\/uploads\/2025\/08\/b.jpg?fit=1200%2C1124&ssl=1&resize=350%2C200","width":350,"height":200,"srcset":"https:\/\/i0.wp.com\/diariodegarca.com\/wp-content\/uploads\/2025\/08\/b.jpg?fit=1200%2C1124&ssl=1&resize=350%2C200 1x, https:\/\/i0.wp.com\/diariodegarca.com\/wp-content\/uploads\/2025\/08\/b.jpg?fit=1200%2C1124&ssl=1&resize=525%2C300 1.5x, https:\/\/i0.wp.com\/diariodegarca.com\/wp-content\/uploads\/2025\/08\/b.jpg?fit=1200%2C1124&ssl=1&resize=700%2C400 2x, https:\/\/i0.wp.com\/diariodegarca.com\/wp-content\/uploads\/2025\/08\/b.jpg?fit=1200%2C1124&ssl=1&resize=1050%2C600 3x"},"classes":[]},{"id":6032,"url":"https:\/\/diariodegarca.com\/?p=6032","url_meta":{"origin":5536,"position":2},"title":"Ava\u00ed promove tarde de conscientiza\u00e7\u00e3o e autocuidado no Agosto Lil\u00e1s","author":"Di\u00e1rio de Gar\u00e7a","date":"25 de agosto de 2025","format":false,"excerpt":"Evento gratuito no dia 27 de agosto combina palestras informativas sobre o enfrentamento \u00e0 viol\u00eancia contra a mulher com servi\u00e7os de bem-estar; participa\u00e7\u00e3o requer inscri\u00e7\u00e3o pr\u00e9via. A Prefeitura de Ava\u00ed, por meio de uma a\u00e7\u00e3o integrada entre o CRAS e o Sebrae Aqui, adere \u00e0 campanha nacional\u00a0Agosto Lil\u00e1s\u00a0e promove um\u2026","rel":"","context":"Em &quot;Ava\u00ed&quot;","block_context":{"text":"Ava\u00ed","link":"https:\/\/diariodegarca.com\/?cat=1058698"},"img":{"alt_text":"","src":"https:\/\/i0.wp.com\/diariodegarca.com\/wp-content\/uploads\/2025\/08\/mulher-flexionando-o-braco-com-fita-e-copia-espaco.jpg?fit=1200%2C675&ssl=1&resize=350%2C200","width":350,"height":200,"srcset":"https:\/\/i0.wp.com\/diariodegarca.com\/wp-content\/uploads\/2025\/08\/mulher-flexionando-o-braco-com-fita-e-copia-espaco.jpg?fit=1200%2C675&ssl=1&resize=350%2C200 1x, https:\/\/i0.wp.com\/diariodegarca.com\/wp-content\/uploads\/2025\/08\/mulher-flexionando-o-braco-com-fita-e-copia-espaco.jpg?fit=1200%2C675&ssl=1&resize=525%2C300 1.5x, https:\/\/i0.wp.com\/diariodegarca.com\/wp-content\/uploads\/2025\/08\/mulher-flexionando-o-braco-com-fita-e-copia-espaco.jpg?fit=1200%2C675&ssl=1&resize=700%2C400 2x, https:\/\/i0.wp.com\/diariodegarca.com\/wp-content\/uploads\/2025\/08\/mulher-flexionando-o-braco-com-fita-e-copia-espaco.jpg?fit=1200%2C675&ssl=1&resize=1050%2C600 3x"},"classes":[]},{"id":5713,"url":"https:\/\/diariodegarca.com\/?p=5713","url_meta":{"origin":5536,"position":3},"title":"&#8220;Agosto Lil\u00e1s&#8221; chega a Alvinl\u00e2ndia com palestra sobre viol\u00eancia dom\u00e9stica e ferramentas de prote\u00e7\u00e3o","author":"Di\u00e1rio de Gar\u00e7a","date":"17 de agosto de 2025","format":false,"excerpt":"Investigadora Elaine Oliveira e Pol\u00edcia Militar orientam mulheres sobre preven\u00e7\u00e3o, aplicativo SOS Mulher e Cabine Lil\u00e1s. Na noite de sexta-feira,\u00a015 de agosto, Alvinl\u00e2ndia recebeu uma edi\u00e7\u00e3o da campanha\u00a0\"Agosto Lil\u00e1s\", com uma palestra ministrada pela\u00a0investigadora da Pol\u00edcia Civil e vereadora de Gar\u00e7a, Elaine Oliveira, em parceria com a\u00a0Pol\u00edcia Militar. O evento,\u2026","rel":"","context":"Em &quot;Alvinl\u00e2ndia&quot;","block_context":{"text":"Alvinl\u00e2ndia","link":"https:\/\/diariodegarca.com\/?cat=32102633"},"img":{"alt_text":"","src":"https:\/\/i0.wp.com\/diariodegarca.com\/wp-content\/uploads\/2025\/08\/97b11998-6e54-4fc4-9159-c620a80a593e.jpg?fit=900%2C1200&ssl=1&resize=350%2C200","width":350,"height":200,"srcset":"https:\/\/i0.wp.com\/diariodegarca.com\/wp-content\/uploads\/2025\/08\/97b11998-6e54-4fc4-9159-c620a80a593e.jpg?fit=900%2C1200&ssl=1&resize=350%2C200 1x, https:\/\/i0.wp.com\/diariodegarca.com\/wp-content\/uploads\/2025\/08\/97b11998-6e54-4fc4-9159-c620a80a593e.jpg?fit=900%2C1200&ssl=1&resize=525%2C300 1.5x, https:\/\/i0.wp.com\/diariodegarca.com\/wp-content\/uploads\/2025\/08\/97b11998-6e54-4fc4-9159-c620a80a593e.jpg?fit=900%2C1200&ssl=1&resize=700%2C400 2x"},"classes":[]},{"id":5743,"url":"https:\/\/diariodegarca.com\/?p=5743","url_meta":{"origin":5536,"position":4},"title":"CRAS Lucian\u00f3polis promove roda de conversa sobre campanha do Agosto Lil\u00e1s","author":"Di\u00e1rio de Gar\u00e7a","date":"18 de agosto de 2025","format":false,"excerpt":"Evento no dia 19 de agosto re\u00fane especialistas para debater viol\u00eancia contra a mulher e protagonismo feminino, com palestras e troca de experi\u00eancias. O Centro de Refer\u00eancia de Assist\u00eancia Social (CRAS) de Lucian\u00f3polis realiza, no pr\u00f3ximo dia 19 de agosto, ter\u00e7a-feira, uma roda de conversa com o tema\u00a0\u201cMulher, vire a\u2026","rel":"","context":"Em &quot;Campanha mensal&quot;","block_context":{"text":"Campanha mensal","link":"https:\/\/diariodegarca.com\/?cat=582590134"},"img":{"alt_text":"","src":"https:\/\/i0.wp.com\/diariodegarca.com\/wp-content\/uploads\/2025\/08\/531870001_1087025303555916_4286004204300286004_n.jpg?fit=512%2C298&ssl=1&resize=350%2C200","width":350,"height":200},"classes":[]},{"id":5240,"url":"https:\/\/diariodegarca.com\/?p=5240","url_meta":{"origin":5536,"position":5},"title":"Agosto Lil\u00e1s: m\u00eas de enfrentamento \u00e0 viol\u00eancia contra a mulher","author":"Di\u00e1rio de Gar\u00e7a","date":"5 de agosto de 2025","format":false,"excerpt":"Campanha nacional refor\u00e7a a import\u00e2ncia da prote\u00e7\u00e3o \u00e0s mulheres e das redes de apoio. O\u00a0Agosto Lil\u00e1s\u00a0\u00e9 uma campanha nacional de conscientiza\u00e7\u00e3o e combate \u00e0 viol\u00eancia contra a mulher, criada para marcar o anivers\u00e1rio da\u00a0Lei Maria da Penha (Lei n\u00ba 11.340\/2006), completando\u00a019 anos em 2025. A iniciativa visa disseminar informa\u00e7\u00f5es sobre\u2026","rel":"","context":"Em &quot;Brasil&quot;","block_context":{"text":"Brasil","link":"https:\/\/diariodegarca.com\/?cat=38185"},"img":{"alt_text":"","src":"https:\/\/i0.wp.com\/diariodegarca.com\/wp-content\/uploads\/2025\/08\/mulher-deprimida-com-efeito-de-vidro-rachado.jpg?fit=1200%2C800&ssl=1&resize=350%2C200","width":350,"height":200,"srcset":"https:\/\/i0.wp.com\/diariodegarca.com\/wp-content\/uploads\/2025\/08\/mulher-deprimida-com-efeito-de-vidro-rachado.jpg?fit=1200%2C800&ssl=1&resize=350%2C200 1x, https:\/\/i0.wp.com\/diariodegarca.com\/wp-content\/uploads\/2025\/08\/mulher-deprimida-com-efeito-de-vidro-rachado.jpg?fit=1200%2C800&ssl=1&resize=525%2C300 1.5x, https:\/\/i0.wp.com\/diariodegarca.com\/wp-content\/uploads\/2025\/08\/mulher-deprimida-com-efeito-de-vidro-rachado.jpg?fit=1200%2C800&ssl=1&resize=700%2C400 2x, https:\/\/i0.wp.com\/diariodegarca.com\/wp-content\/uploads\/2025\/08\/mulher-deprimida-com-efeito-de-vidro-rachado.jpg?fit=1200%2C800&ssl=1&resize=1050%2C600 3x"},"classes":[]}],"_links":{"self":[{"href":"https:\/\/diariodegarca.com\/index.php?rest_route=\/wp\/v2\/posts\/5536","targetHints":{"allow":["GET"]}}],"collection":[{"href":"https:\/\/diariodegarca.com\/index.php?rest_route=\/wp\/v2\/posts"}],"about":[{"href":"https:\/\/diariodegarca.com\/index.php?rest_route=\/wp\/v2\/types\/post"}],"author":[{"embeddable":true,"href":"https:\/\/diariodegarca.com\/index.php?rest_route=\/wp\/v2\/users\/260896546"}],"replies":[{"embeddable":true,"href":"https:\/\/diariodegarca.com\/index.php?rest_route=%2Fwp%2Fv2%2Fcomments&post=5536"}],"version-history":[{"count":2,"href":"https:\/\/diariodegarca.com\/index.php?rest_route=\/wp\/v2\/posts\/5536\/revisions"}],"predecessor-version":[{"id":5539,"href":"https:\/\/diariodegarca.com\/index.php?rest_route=\/wp\/v2\/posts\/5536\/revisions\/5539"}],"wp:featuredmedia":[{"embeddable":true,"href":"https:\/\/diariodegarca.com\/index.php?rest_route=\/wp\/v2\/media\/5538"}],"wp:attachment":[{"href":"https:\/\/diariodegarca.com\/index.php?rest_route=%2Fwp%2Fv2%2Fmedia&parent=5536"}],"wp:term":[{"taxonomy":"category","embeddable":true,"href":"https:\/\/diariodegarca.com\/index.php?rest_route=%2Fwp%2Fv2%2Fcategories&post=5536"},{"taxonomy":"post_tag","embeddable":true,"href":"https:\/\/diariodegarca.com\/index.php?rest_route=%2Fwp%2Fv2%2Ftags&post=5536"}],"curies":[{"name":"wp","href":"https:\/\/api.w.org\/{rel}","templated":true}]}}