{"id":5640,"date":"2025-08-15T10:16:14","date_gmt":"2025-08-15T13:16:14","guid":{"rendered":"https:\/\/diariodegarca.com\/?p=5640"},"modified":"2025-08-15T10:16:14","modified_gmt":"2025-08-15T13:16:14","slug":"garcenses-disputarao-regional-de-futebol-de-mesa-em-bauru","status":"publish","type":"post","link":"https:\/\/diariodegarca.com\/?p=5640","title":{"rendered":"Garcenses disputar\u00e3o regional de Futebol de Mesa em Bauru"},"content":{"rendered":"\n<p class=\"wp-block-paragraph\"><em>Delega\u00e7\u00e3o garcense participar\u00e1 do torneio, incluindo o jovem Cael Pelegrini, de 6 anos, na estreante categoria infantil.<\/em><\/p>\n\n\n\n<p class=\"wp-block-paragraph\">Neste s\u00e1bado, 16 de agosto, a partir das 9h, cinco botonistas garcenses da categoria adulto e um da infantil estar\u00e3o em a\u00e7\u00e3o na\u00a0<strong>Kanguru&#8217;s Regional Cup<\/strong>, torneio de futebol de mesa que ser\u00e1 realizado no\u00a0<strong>Clube Arapongas<\/strong>, em\u00a0<strong>Bauru<\/strong>. O evento reunir\u00e1 16 competidores de cidades como\u00a0<strong>Ariranha, Catanduva, Mar\u00edlia, Pen\u00e1polis, Gar\u00e7a e Bauru<\/strong>, promovendo uma disputa de alto n\u00edvel entre os melhores da regi\u00e3o.<\/p>\n\n\n\n<p class=\"wp-block-paragraph\">Representando&nbsp;<strong>Gar\u00e7a<\/strong>, os botonistas&nbsp;<strong>Tico Cassola, Ronaldo Felix, Marcelo Kagueyama, Michel Conessa e Cassiano Pelegrini<\/strong>&nbsp;encaram o desafio na categoria adulto. A novidade desta edi\u00e7\u00e3o fica por conta da estreia do pequeno&nbsp;<strong>Cael Pelegrini<\/strong>, de apenas&nbsp;<strong>6 anos<\/strong>, que disputar\u00e1 a&nbsp;<strong>categoria infantil<\/strong>&nbsp;\u2013 uma iniciativa in\u00e9dita no torneio.<\/p>\n\n\n\n<p class=\"wp-block-paragraph\"><strong>Tico Cassola<\/strong>, um dos representantes da cidade, demonstrou entusiasmo com a participa\u00e7\u00e3o garcense:&nbsp;<em>&#8220;Estamos muito felizes em participar deste regional com nossa maior delega\u00e7\u00e3o at\u00e9 hoje. Ser\u00e1 um grande torneio com os melhores botonistas da regi\u00e3o, e estar entre eles \u00e9 motivo de orgulho.&#8221;<\/em>&nbsp;Sobre a estreia de Cael, ele destacou:&nbsp;<em>&#8220;A categoria infantil \u00e9 novidade e ser\u00e1 bem l\u00fadica para as crian\u00e7as. O Cael \u00e9 nosso mascotinho, tem sangue de campe\u00e3o e sempre acompanha os jogos. Vai cumprir um bom papel, sem d\u00favida.&#8221;<\/em><\/p>\n\n\n\n<figure class=\"wp-block-image size-full\"><img data-recalc-dims=\"1\" loading=\"lazy\" decoding=\"async\" width=\"720\" height=\"892\" data-attachment-id=\"5644\" data-permalink=\"https:\/\/diariodegarca.com\/?attachment_id=5644\" data-orig-file=\"https:\/\/i0.wp.com\/diariodegarca.com\/wp-content\/uploads\/2025\/08\/kanguru.jpg?fit=720%2C892&amp;ssl=1\" data-orig-size=\"720,892\" data-comments-opened=\"1\" data-image-meta=\"{&quot;aperture&quot;:&quot;0&quot;,&quot;credit&quot;:&quot;&quot;,&quot;camera&quot;:&quot;&quot;,&quot;caption&quot;:&quot;&quot;,&quot;created_timestamp&quot;:&quot;0&quot;,&quot;copyright&quot;:&quot;&quot;,&quot;focal_length&quot;:&quot;0&quot;,&quot;iso&quot;:&quot;0&quot;,&quot;shutter_speed&quot;:&quot;0&quot;,&quot;title&quot;:&quot;&quot;,&quot;orientation&quot;:&quot;1&quot;}\" data-image-title=\"Kanguru\" data-image-description=\"\" data-image-caption=\"\" data-large-file=\"https:\/\/i0.wp.com\/diariodegarca.com\/wp-content\/uploads\/2025\/08\/kanguru.jpg?fit=720%2C892&amp;ssl=1\" src=\"https:\/\/i0.wp.com\/diariodegarca.com\/wp-content\/uploads\/2025\/08\/kanguru.jpg?resize=720%2C892&#038;ssl=1\" alt=\"\" class=\"wp-image-5644\" \/><\/figure>\n","protected":false},"excerpt":{"rendered":"<p>Delega\u00e7\u00e3o garcense participar\u00e1 do torneio, incluindo o jovem Cael Pelegrini, de 6 anos, na estreante categoria infantil. Neste s\u00e1bado, 16 de agosto, a partir das 9h, cinco botonistas garcenses da categoria adulto e um da infantil estar\u00e3o em a\u00e7\u00e3o na\u00a0Kanguru&#8217;s Regional Cup, torneio de futebol de mesa que ser\u00e1 realizado no\u00a0Clube Arapongas, em\u00a0Bauru. O evento [&hellip;]<\/p>\n","protected":false},"author":260896546,"featured_media":5641,"comment_status":"open","ping_status":"open","sticky":false,"template":"","format":"standard","meta":{"_monsterinsights_skip_tracking":false,"advanced_seo_description":"","jetpack_seo_html_title":"","jetpack_seo_noindex":false,"jetpack_seo_schema_type":"","_jetpack_newsletter_access":"","_jetpack_dont_email_post_to_subs":false,"_jetpack_newsletter_tier_id":0,"_jetpack_memberships_contains_paywalled_content":false,"_wpcom_ai_launchpad_first_post":false,"_jetpack_feature_clip_id":0,"_jetpack_memberships_contains_paid_content":false,"footnotes":"","jetpack_publicize_message":"\ud83c\udfc6 Garcenses disputam Kanguru's Regional Cup de Futebol de Mesa em Bauru\n\nNeste s\u00e1bado (16\/8), 6 botonistas de Gar\u00e7a, sendo 5 adultos e 1 infantil, competem no torneio que re\u00fane os melhores da regi\u00e3o.\n\n\u2728 Destaque para Cael Pelegrini, de 6 anos, estreando na categoria infantil.\n\n\ud83d\udcd6 Leia mais em diariodegarca.com\n\n#FutebolDeMesa #Gar\u00e7aNoEsporte","jetpack_publicize_feature_enabled":true,"jetpack_social_post_already_shared":false,"jetpack_social_options":{"image_generator_settings":{"template":"highway","default_image_id":0,"font":"","enabled":false},"version":2},"_wpas_customize_per_network":false,"jetpack_post_was_ever_published":false},"categories":[1357691,285818,10889,781171664,683453294,2831827],"tags":[],"class_list":["post-5640","post","type-post","status-publish","format-standard","has-post-thumbnail","hentry","category-bauru","category-catanduva","category-esporte","category-garca-cidade","category-marilia-cidade","category-penapolis"],"jetpack_publicize_connections":[],"jetpack_likes_enabled":true,"jetpack_sharing_enabled":true,"jetpack_shortlink":"https:\/\/wp.me\/pgitne-1sY","jetpack-related-posts":[{"id":5703,"url":"https:\/\/diariodegarca.com\/?p=5703","url_meta":{"origin":5640,"position":0},"title":"Cassiano Pelegrini brilha e conquista t\u00edtulo na Kanguru&#8217;s Cup em Bauru","author":"Di\u00e1rio de Gar\u00e7a","date":"17 de agosto de 2025","format":false,"excerpt":"Botonistas de Gar\u00e7a se destacam em torneio regional de futebol de mesa, com vit\u00f3ria expressiva e desempenho coletivo. Os botonistas de Gar\u00e7a demonstraram for\u00e7a e habilidade no \u00faltimo s\u00e1bado, 16 de agosto, durante a\u00a0Kanguru's Cup, torneio regional de futebol de mesa realizado em\u00a0Bauru, no clube Arapongas. O evento reuniu\u00a016 competidores\u2026","rel":"","context":"Em &quot;Ariranha&quot;","block_context":{"text":"Ariranha","link":"https:\/\/diariodegarca.com\/?cat=14995114"},"img":{"alt_text":"","src":"https:\/\/i0.wp.com\/diariodegarca.com\/wp-content\/uploads\/2025\/08\/snapinsta.to_533579008_18073265045513466_6593761345884731041_n.webp?fit=1080%2C1080&ssl=1&resize=350%2C200","width":350,"height":200,"srcset":"https:\/\/i0.wp.com\/diariodegarca.com\/wp-content\/uploads\/2025\/08\/snapinsta.to_533579008_18073265045513466_6593761345884731041_n.webp?fit=1080%2C1080&ssl=1&resize=350%2C200 1x, https:\/\/i0.wp.com\/diariodegarca.com\/wp-content\/uploads\/2025\/08\/snapinsta.to_533579008_18073265045513466_6593761345884731041_n.webp?fit=1080%2C1080&ssl=1&resize=525%2C300 1.5x, https:\/\/i0.wp.com\/diariodegarca.com\/wp-content\/uploads\/2025\/08\/snapinsta.to_533579008_18073265045513466_6593761345884731041_n.webp?fit=1080%2C1080&ssl=1&resize=700%2C400 2x, https:\/\/i0.wp.com\/diariodegarca.com\/wp-content\/uploads\/2025\/08\/snapinsta.to_533579008_18073265045513466_6593761345884731041_n.webp?fit=1080%2C1080&ssl=1&resize=1050%2C600 3x"},"classes":[]},{"id":9404,"url":"https:\/\/diariodegarca.com\/?p=9404","url_meta":{"origin":5640,"position":1},"title":"Em final garcense, Ronaldo F\u00e9lix conquista trof\u00e9u Originais de Botonismo em Catanduva","author":"Andreza Sega","date":"8 de dezembro de 2025","format":false,"excerpt":"Com campanha de seis vit\u00f3rias em sete jogos, atleta supera conterr\u00e2neo Tico Cassola em decis\u00e3o equilibrada e fecha temporada com t\u00edtulo regional para a ADBG. Em uma final que colocou dois representantes de Gar\u00e7a frente a frente, Ronaldo F\u00e9lix foi coroado campe\u00e3o do Trof\u00e9u Originais de Botonismo, realizado em Catanduva\u2026","rel":"","context":"Em &quot;Ariranha&quot;","block_context":{"text":"Ariranha","link":"https:\/\/diariodegarca.com\/?cat=14995114"},"img":{"alt_text":"","src":"https:\/\/i0.wp.com\/diariodegarca.com\/wp-content\/uploads\/2025\/12\/SaveGram.App_587982185_18086298842513466_7436519908922999823_n-e1765216391483.webp?fit=1080%2C588&ssl=1&resize=350%2C200","width":350,"height":200,"srcset":"https:\/\/i0.wp.com\/diariodegarca.com\/wp-content\/uploads\/2025\/12\/SaveGram.App_587982185_18086298842513466_7436519908922999823_n-e1765216391483.webp?fit=1080%2C588&ssl=1&resize=350%2C200 1x, https:\/\/i0.wp.com\/diariodegarca.com\/wp-content\/uploads\/2025\/12\/SaveGram.App_587982185_18086298842513466_7436519908922999823_n-e1765216391483.webp?fit=1080%2C588&ssl=1&resize=525%2C300 1.5x, https:\/\/i0.wp.com\/diariodegarca.com\/wp-content\/uploads\/2025\/12\/SaveGram.App_587982185_18086298842513466_7436519908922999823_n-e1765216391483.webp?fit=1080%2C588&ssl=1&resize=700%2C400 2x, https:\/\/i0.wp.com\/diariodegarca.com\/wp-content\/uploads\/2025\/12\/SaveGram.App_587982185_18086298842513466_7436519908922999823_n-e1765216391483.webp?fit=1080%2C588&ssl=1&resize=1050%2C600 3x"},"classes":[]},{"id":9991,"url":"https:\/\/diariodegarca.com\/?p=9991","url_meta":{"origin":5640,"position":2},"title":"Botonistas divulgam calend\u00e1rio da temporada 2026 em Gar\u00e7a","author":"Di\u00e1rio de Gar\u00e7a","date":"9 de janeiro de 2026","format":false,"excerpt":"ADBG confirma s\u00e9tima temporada do botonismo garcense com competi\u00e7\u00f5es ao longo de todo o ano e eventos de destaque regional e nacional A Associa\u00e7\u00e3o Desportiva dos Botonistas de Gar\u00e7a (ADBG) divulgou nesta semana o calend\u00e1rio oficial da temporada 2026 do botonismo garcense. Sob a presid\u00eancia de Ronaldo Felix, a entidade\u2026","rel":"","context":"Em &quot;Esporte&quot;","block_context":{"text":"Esporte","link":"https:\/\/diariodegarca.com\/?cat=10889"},"img":{"alt_text":"","src":"https:\/\/i0.wp.com\/diariodegarca.com\/wp-content\/uploads\/2026\/01\/botonismo-Garca.webp?fit=1080%2C931&ssl=1&resize=350%2C200","width":350,"height":200,"srcset":"https:\/\/i0.wp.com\/diariodegarca.com\/wp-content\/uploads\/2026\/01\/botonismo-Garca.webp?fit=1080%2C931&ssl=1&resize=350%2C200 1x, https:\/\/i0.wp.com\/diariodegarca.com\/wp-content\/uploads\/2026\/01\/botonismo-Garca.webp?fit=1080%2C931&ssl=1&resize=525%2C300 1.5x, https:\/\/i0.wp.com\/diariodegarca.com\/wp-content\/uploads\/2026\/01\/botonismo-Garca.webp?fit=1080%2C931&ssl=1&resize=700%2C400 2x, https:\/\/i0.wp.com\/diariodegarca.com\/wp-content\/uploads\/2026\/01\/botonismo-Garca.webp?fit=1080%2C931&ssl=1&resize=1050%2C600 3x"},"classes":[]},{"id":2690,"url":"https:\/\/diariodegarca.com\/?p=2690","url_meta":{"origin":5640,"position":3},"title":"Times de Gar\u00e7a ficam de fora da Copa Record Interior e Copa Bom Senso","author":"Di\u00e1rio de Gar\u00e7a","date":"6 de mar\u00e7o de 2025","format":false,"excerpt":"Em uma decis\u00e3o que pegou a comunidade esportiva de surpresa, a cidade de Gar\u00e7a n\u00e3o estar\u00e1 presente em duas das principais competi\u00e7\u00f5es de futsal do interior paulista: Copa Record Interior Paulista (Regi\u00e3o Bauru) e Copa Bom Senso. O per\u00edodo de inscri\u00e7\u00f5es para ambos os torneios j\u00e1 foi encerrado, e a\u2026","rel":"","context":"Em &quot;Brasil&quot;","block_context":{"text":"Brasil","link":"https:\/\/diariodegarca.com\/?cat=38185"},"img":{"alt_text":"","src":"","width":0,"height":0},"classes":[]},{"id":2339,"url":"https:\/\/diariodegarca.com\/?p=2339","url_meta":{"origin":5640,"position":4},"title":"Botonismo garcense celebra 2\u00aa etapa do Municipal 2025 em mem\u00f3ria de F\u00e1bio Bonassa","author":"Di\u00e1rio de Gar\u00e7a","date":"16 de abril de 2025","format":false,"excerpt":"No pr\u00f3ximo s\u00e1bado,\u00a026 de abril, s\u00e1bado, a cidade de\u00a0Gar\u00e7a\u00a0se reunir\u00e1 em torno de uma das tradi\u00e7\u00f5es esportivas mais queridas da regi\u00e3o: o\u00a0futebol de mesa.\u00a0A\u00a0Associa\u00e7\u00e3o Desportiva dos Botonistas de Gar\u00e7a (ADBG), com o apoio do\u00a0Mercado Ducido, promove a\u00a02\u00aa etapa do Campeonato Municipal 2025, que acontecer\u00e1 no\u00a0Gr\u00eamio Teatral Leopoldo Fr\u00f3es, a partir\u2026","rel":"","context":"Em &quot;Brasil&quot;","block_context":{"text":"Brasil","link":"https:\/\/diariodegarca.com\/?cat=38185"},"img":{"alt_text":"","src":"https:\/\/i0.wp.com\/blogger.googleusercontent.com\/img\/b\/R29vZ2xl\/AVvXsEi0ov53sonTYf4SsC6k80aa_xwhi-8eJbJ2fIB3Wx-uD225vrRFZ8Tm3TNAner96PAKqfPJFemn_2gigyXhUsGbYIu3u6Tadb3Ieu5GhphjK-ixRkG0EJ1DjjiQq-Gyu9f4Br5-sApkOft-r14_LlbWMLM2kjbpmE2bX6iLRdTPrgvYZ9-DYNT4N4985qU\/s320\/6796df6b-e6b7-4e24-9d1a-c495b846745c.jpeg?resize=350%2C200&ssl=1","width":350,"height":200},"classes":[]},{"id":7138,"url":"https:\/\/diariodegarca.com\/?p=7138","url_meta":{"origin":5640,"position":5},"title":"CVV abre sele\u00e7\u00e3o para volunt\u00e1rios em Mar\u00edlia e regi\u00e3o com forma\u00e7\u00e3o gratuita e online","author":"Di\u00e1rio de Gar\u00e7a","date":"25 de setembro de 2025","format":false,"excerpt":"Interessados em oferecer apoio emocional pelo telefone 188 devem ter mais de 18 anos e disponibilidade de quatro horas semanais; inscri\u00e7\u00f5es est\u00e3o abertas para duas turmas com in\u00edcio em setembro. O Centro de Valoriza\u00e7\u00e3o da Vida (CVV) est\u00e1 com inscri\u00e7\u00f5es abertas para o seu Programa de Sele\u00e7\u00e3o de Volunt\u00e1rios em\u2026","rel":"","context":"Em &quot;Adamantina&quot;","block_context":{"text":"Adamantina","link":"https:\/\/diariodegarca.com\/?cat=3893976"},"img":{"alt_text":"","src":"https:\/\/i0.wp.com\/diariodegarca.com\/wp-content\/uploads\/2025\/09\/homem-estiloso-com-cabelo-encaracolado-posando-contra-o-interior-aconchegante-da-cozinha-conversando-ao-telefone-com-o-celular.jpg?fit=1200%2C800&ssl=1&resize=350%2C200","width":350,"height":200,"srcset":"https:\/\/i0.wp.com\/diariodegarca.com\/wp-content\/uploads\/2025\/09\/homem-estiloso-com-cabelo-encaracolado-posando-contra-o-interior-aconchegante-da-cozinha-conversando-ao-telefone-com-o-celular.jpg?fit=1200%2C800&ssl=1&resize=350%2C200 1x, https:\/\/i0.wp.com\/diariodegarca.com\/wp-content\/uploads\/2025\/09\/homem-estiloso-com-cabelo-encaracolado-posando-contra-o-interior-aconchegante-da-cozinha-conversando-ao-telefone-com-o-celular.jpg?fit=1200%2C800&ssl=1&resize=525%2C300 1.5x, https:\/\/i0.wp.com\/diariodegarca.com\/wp-content\/uploads\/2025\/09\/homem-estiloso-com-cabelo-encaracolado-posando-contra-o-interior-aconchegante-da-cozinha-conversando-ao-telefone-com-o-celular.jpg?fit=1200%2C800&ssl=1&resize=700%2C400 2x, https:\/\/i0.wp.com\/diariodegarca.com\/wp-content\/uploads\/2025\/09\/homem-estiloso-com-cabelo-encaracolado-posando-contra-o-interior-aconchegante-da-cozinha-conversando-ao-telefone-com-o-celular.jpg?fit=1200%2C800&ssl=1&resize=1050%2C600 3x"},"classes":[]}],"jetpack_featured_media_url":"https:\/\/i0.wp.com\/diariodegarca.com\/wp-content\/uploads\/2025\/08\/tico-cael.jpg?fit=1600%2C1505&ssl=1","_links":{"self":[{"href":"https:\/\/diariodegarca.com\/index.php?rest_route=\/wp\/v2\/posts\/5640","targetHints":{"allow":["GET"]}}],"collection":[{"href":"https:\/\/diariodegarca.com\/index.php?rest_route=\/wp\/v2\/posts"}],"about":[{"href":"https:\/\/diariodegarca.com\/index.php?rest_route=\/wp\/v2\/types\/post"}],"author":[{"embeddable":true,"href":"https:\/\/diariodegarca.com\/index.php?rest_route=\/wp\/v2\/users\/260896546"}],"replies":[{"embeddable":true,"href":"https:\/\/diariodegarca.com\/index.php?rest_route=%2Fwp%2Fv2%2Fcomments&post=5640"}],"version-history":[{"count":3,"href":"https:\/\/diariodegarca.com\/index.php?rest_route=\/wp\/v2\/posts\/5640\/revisions"}],"predecessor-version":[{"id":5645,"href":"https:\/\/diariodegarca.com\/index.php?rest_route=\/wp\/v2\/posts\/5640\/revisions\/5645"}],"wp:featuredmedia":[{"embeddable":true,"href":"https:\/\/diariodegarca.com\/index.php?rest_route=\/wp\/v2\/media\/5641"}],"wp:attachment":[{"href":"https:\/\/diariodegarca.com\/index.php?rest_route=%2Fwp%2Fv2%2Fmedia&parent=5640"}],"wp:term":[{"taxonomy":"category","embeddable":true,"href":"https:\/\/diariodegarca.com\/index.php?rest_route=%2Fwp%2Fv2%2Fcategories&post=5640"},{"taxonomy":"post_tag","embeddable":true,"href":"https:\/\/diariodegarca.com\/index.php?rest_route=%2Fwp%2Fv2%2Ftags&post=5640"}],"curies":[{"name":"wp","href":"https:\/\/api.w.org\/{rel}","templated":true}]}}