{"id":5713,"date":"2025-08-17T10:23:29","date_gmt":"2025-08-17T13:23:29","guid":{"rendered":"https:\/\/diariodegarca.com\/?p=5713"},"modified":"2025-08-17T13:47:23","modified_gmt":"2025-08-17T16:47:23","slug":"agosto-lilas-chega-a-alvinlandia-com-palestra-sobre-violencia-domestica-e-ferramentas-de-protecao","status":"publish","type":"post","link":"https:\/\/diariodegarca.com\/?p=5713","title":{"rendered":"&#8220;Agosto Lil\u00e1s&#8221; chega a Alvinl\u00e2ndia com palestra sobre viol\u00eancia dom\u00e9stica e ferramentas de prote\u00e7\u00e3o"},"content":{"rendered":"\n<p class=\"wp-block-paragraph\"><em>Investigadora Elaine Oliveira e Pol\u00edcia Militar orientam mulheres sobre preven\u00e7\u00e3o, aplicativo SOS Mulher e Cabine Lil\u00e1s<\/em>.<\/p>\n\n\n\n<p class=\"wp-block-paragraph\">Na noite de sexta-feira,\u00a0<strong>15 de agosto<\/strong>, Alvinl\u00e2ndia recebeu uma edi\u00e7\u00e3o da campanha\u00a0<strong>&#8220;Agosto Lil\u00e1s&#8221;<\/strong>, com uma palestra ministrada pela\u00a0<strong>investigadora da Pol\u00edcia Civil e vereadora de Gar\u00e7a, Elaine Oliveira<\/strong>, em parceria com a\u00a0<strong>Pol\u00edcia Militar<\/strong>. O evento, realizado no munic\u00edpio, abordou temas como\u00a0<strong>identifica\u00e7\u00e3o de viol\u00eancia dom\u00e9stica, formas de preven\u00e7\u00e3o e canais de ajuda<\/strong>, al\u00e9m de apresentar ferramentas como o\u00a0<strong>aplicativo SOS Mulher<\/strong>\u00a0e a\u00a0<strong>Cabine Lil\u00e1s<\/strong>.<\/p>\n\n\n\n<div class=\"wp-block-jetpack-slideshow aligncenter\" data-effect=\"slide\"><div class=\"wp-block-jetpack-slideshow_container swiper\"><ul class=\"wp-block-jetpack-slideshow_swiper-wrapper swiper-wrapper\"><li class=\"wp-block-jetpack-slideshow_slide swiper-slide\"><figure><img data-recalc-dims=\"1\" loading=\"lazy\" decoding=\"async\" width=\"800\" height=\"1067\" alt=\"\" class=\"wp-block-jetpack-slideshow_image wp-image-5716\" data-id=\"5716\" src=\"https:\/\/i0.wp.com\/diariodegarca.com\/wp-content\/uploads\/2025\/08\/bc587af8-114a-49e9-847d-cdb124ddd9d8.jpg?resize=800%2C1067&#038;ssl=1\" \/><\/figure><\/li><li class=\"wp-block-jetpack-slideshow_slide swiper-slide\"><figure><img data-recalc-dims=\"1\" loading=\"lazy\" decoding=\"async\" width=\"800\" height=\"1067\" alt=\"\" class=\"wp-block-jetpack-slideshow_image wp-image-5717\" data-id=\"5717\" src=\"https:\/\/i0.wp.com\/diariodegarca.com\/wp-content\/uploads\/2025\/08\/4670b419-f808-4ea2-85f8-639cb6ae51a9.jpg?resize=800%2C1067&#038;ssl=1\" \/><\/figure><\/li><li class=\"wp-block-jetpack-slideshow_slide swiper-slide\"><figure><img data-recalc-dims=\"1\" loading=\"lazy\" decoding=\"async\" width=\"800\" height=\"1067\" alt=\"\" class=\"wp-block-jetpack-slideshow_image wp-image-5718\" data-id=\"5718\" src=\"https:\/\/i0.wp.com\/diariodegarca.com\/wp-content\/uploads\/2025\/08\/e0a6f894-557b-4903-8af9-af5b23d52243.jpg?resize=800%2C1067&#038;ssl=1\" \/><\/figure><\/li><li class=\"wp-block-jetpack-slideshow_slide swiper-slide\"><figure><img data-recalc-dims=\"1\" loading=\"lazy\" decoding=\"async\" width=\"800\" height=\"1067\" alt=\"\" class=\"wp-block-jetpack-slideshow_image wp-image-5719\" data-id=\"5719\" src=\"https:\/\/i0.wp.com\/diariodegarca.com\/wp-content\/uploads\/2025\/08\/7e5213c6-ac04-4bde-95bb-6a8ea5f88503.jpg?resize=800%2C1067&#038;ssl=1\" \/><\/figure><\/li><li class=\"wp-block-jetpack-slideshow_slide swiper-slide\"><figure><img data-recalc-dims=\"1\" loading=\"lazy\" decoding=\"async\" width=\"800\" height=\"1067\" alt=\"\" class=\"wp-block-jetpack-slideshow_image wp-image-5720\" data-id=\"5720\" src=\"https:\/\/i0.wp.com\/diariodegarca.com\/wp-content\/uploads\/2025\/08\/f131401d-3665-4faf-a004-db7bd9faf17c.jpg?resize=800%2C1067&#038;ssl=1\" \/><\/figure><\/li><li class=\"wp-block-jetpack-slideshow_slide swiper-slide\"><figure><img data-recalc-dims=\"1\" loading=\"lazy\" decoding=\"async\" width=\"800\" height=\"1067\" alt=\"\" class=\"wp-block-jetpack-slideshow_image wp-image-5721\" data-id=\"5721\" src=\"https:\/\/i0.wp.com\/diariodegarca.com\/wp-content\/uploads\/2025\/08\/156b5c82-0601-4297-99f6-08f55c6ac92f.jpg?resize=800%2C1067&#038;ssl=1\" \/><\/figure><\/li><li class=\"wp-block-jetpack-slideshow_slide swiper-slide\"><figure><img data-recalc-dims=\"1\" loading=\"lazy\" decoding=\"async\" width=\"800\" height=\"1067\" alt=\"\" class=\"wp-block-jetpack-slideshow_image wp-image-5722\" data-id=\"5722\" src=\"https:\/\/i0.wp.com\/diariodegarca.com\/wp-content\/uploads\/2025\/08\/0f0e3a3d-c25b-448f-a16d-09c8dd8d3bfe.jpg?resize=800%2C1067&#038;ssl=1\" \/><\/figure><\/li><\/ul><a class=\"wp-block-jetpack-slideshow_button-prev swiper-button-prev swiper-button-white\" role=\"button\"><\/a><a class=\"wp-block-jetpack-slideshow_button-next swiper-button-next swiper-button-white\" role=\"button\"><\/a><a aria-label=\"Pause Slideshow\" class=\"wp-block-jetpack-slideshow_button-pause\" role=\"button\"><\/a><div class=\"wp-block-jetpack-slideshow_pagination swiper-pagination swiper-pagination-white\"><\/div><\/div><\/div>\n\n\n\n<h4 class=\"wp-block-heading\"><strong>Reconhecendo a viol\u00eancia e buscando ajuda<\/strong><\/h4>\n\n\n\n<p class=\"wp-block-paragraph\">A palestra destacou que&nbsp;<strong>a agress\u00e3o nem sempre \u00e9 f\u00edsica<\/strong>, comportamentos como&nbsp;<strong>controle financeiro, humilha\u00e7\u00f5es e isolamento social<\/strong>&nbsp;tamb\u00e9m configuram viol\u00eancia. Elaine Oliveira refor\u00e7ou a import\u00e2ncia de&nbsp;<strong>perceber os sinais<\/strong>&nbsp;e agir:&nbsp;<em>&#8220;Muitas mulheres n\u00e3o se reconhecem como v\u00edtimas porque a viol\u00eancia come\u00e7a de forma sutil. \u00c9 importante entender esses mecanismos para buscar ajuda antes que a situa\u00e7\u00e3o se agrave&#8221;<\/em>, explicou.<\/p>\n\n\n\n<h4 class=\"wp-block-heading\"><strong>Ferramentas que salvam vidas<\/strong><\/h4>\n\n\n\n<p class=\"wp-block-paragraph\">A&nbsp;<strong>Pol\u00edcia Militar<\/strong>&nbsp;apresentou o&nbsp;<strong>aplicativo SOS Mulher<\/strong>, desenvolvido pela Secretaria de Seguran\u00e7a P\u00fablica de S\u00e3o Paulo, que permite&nbsp;<strong>solicitar ajuda de forma r\u00e1pida e discreta<\/strong>. Dispon\u00edvel para&nbsp;<a href=\"https:\/\/play.google.com\/store\/apps\/details?id=pmesp.appemer.mp.android.medidasprotetivas&amp;hl=pt_BR\" target=\"_blank\" rel=\"noreferrer noopener\">Android<\/a>&nbsp;e&nbsp;<a href=\"https:\/\/apps.apple.com\/br\/app\/s-o-s-mulher\/id1454832130\" target=\"_blank\" rel=\"noreferrer noopener\">iOS<\/a>, o app \u00e9 uma ferramenta essencial para mulheres em situa\u00e7\u00e3o de risco.<\/p>\n\n\n\n<p class=\"wp-block-paragraph\">Al\u00e9m disso, foi destacada a&nbsp;<strong>Cabine Lil\u00e1s<\/strong>, um&nbsp;<strong>espa\u00e7o seguro dentro de delegacias<\/strong>&nbsp;onde v\u00edtimas podem registrar ocorr\u00eancias sem exposi\u00e7\u00e3o.<\/p>\n\n\n\n<h4 class=\"wp-block-heading\"><strong>Den\u00fancia \u00e9 o primeiro passo<\/strong><\/h4>\n\n\n\n<p class=\"wp-block-paragraph\">A palestra tamb\u00e9m refor\u00e7ou que&nbsp;<strong>a den\u00fancia \u00e9 fundamental<\/strong>&nbsp;para quebrar o ciclo de viol\u00eancia. Elaine Oliveira lembrou que&nbsp;<strong>a Lei Maria da Penha garante prote\u00e7\u00e3o<\/strong>, mas \u00e9 preciso que as v\u00edtimas ou testemunhas&nbsp;<strong>procurem ajuda<\/strong>.&nbsp;<\/p>\n\n\n\n<p class=\"wp-block-paragraph\"><strong>Servi\u00e7o<\/strong><\/p>\n\n\n\n<ul class=\"wp-block-list\">\n<li><strong>Den\u00fancias<\/strong>: Disque&nbsp;<strong>180<\/strong>&nbsp;(Central de Atendimento \u00e0 Mulher) ou baixe o&nbsp;<strong>SOS Mulher<\/strong>&nbsp;(<a href=\"https:\/\/play.google.com\/store\/apps\/details?id=pmesp.appemer.mp.android.medidasprotetivas&amp;hl=pt_BR\" target=\"_blank\" rel=\"noreferrer noopener\">Android<\/a>&nbsp;|&nbsp;<a href=\"https:\/\/apps.apple.com\/br\/app\/s-o-s-mulher\/id1454832130\" target=\"_blank\" rel=\"noreferrer noopener\">iOS<\/a>).<\/li>\n\n\n\n<li><strong>Mais informa\u00e7\u00f5es<\/strong>: Procure a&nbsp;<strong>delegacia mais pr\u00f3xima<\/strong>&nbsp;ou a&nbsp;<strong>Patrulha Maria da Penha<\/strong>&nbsp;da sua regi\u00e3o.<\/li>\n<\/ul>\n","protected":false},"excerpt":{"rendered":"<p>Investigadora Elaine Oliveira e Pol\u00edcia Militar orientam mulheres sobre preven\u00e7\u00e3o, aplicativo SOS Mulher e Cabine Lil\u00e1s. Na noite de sexta-feira,\u00a015 de agosto, Alvinl\u00e2ndia recebeu uma edi\u00e7\u00e3o da campanha\u00a0&#8220;Agosto Lil\u00e1s&#8221;, com uma palestra ministrada pela\u00a0investigadora da Pol\u00edcia Civil e vereadora de Gar\u00e7a, Elaine Oliveira, em parceria com a\u00a0Pol\u00edcia Militar. O evento, realizado no munic\u00edpio, abordou temas [&hellip;]<\/p>\n","protected":false},"author":260896546,"featured_media":5714,"comment_status":"open","ping_status":"open","sticky":false,"template":"","format":"standard","meta":{"_crdt_document":"","_monsterinsights_skip_tracking":false,"_monsterinsights_sitenote_active":false,"_monsterinsights_sitenote_note":"","_monsterinsights_sitenote_category":0,"advanced_seo_description":"","jetpack_seo_html_title":"","jetpack_seo_noindex":false,"_jetpack_newsletter_access":"","_jetpack_dont_email_post_to_subs":false,"_jetpack_newsletter_tier_id":0,"_jetpack_memberships_contains_paywalled_content":false,"_jetpack_memberships_contains_paid_content":false,"footnotes":"","jetpack_publicize_message":"\ud83d\udd39 #AgostoLil\u00e1s em Alvinl\u00e2ndia: Palestra alerta para viol\u00eancia dom\u00e9stica e formas de prote\u00e7\u00e3o\n\nNa \u00faltima ter\u00e7a-feira (13\/08), a investigadora Elaine Oliveira e a Pol\u00edcia Militar levaram informa\u00e7\u00f5es sobre viol\u00eancia dom\u00e9stica, aplicativo SOS Mulher e Cabine Lil\u00e1s para mulheres de Alvinl\u00e2ndia.\n\n\ud83d\udcd6 Saiba mais em diariodegarca.com\n\n#Di\u00e1rioDeGar\u00e7a #Viol\u00eanciaDom\u00e9stica #LeiMariaDaPenha #AgostoLil\u00e1s","jetpack_publicize_feature_enabled":true,"jetpack_social_post_already_shared":false,"jetpack_social_options":{"image_generator_settings":{"template":"highway","default_image_id":0,"font":"","enabled":false},"version":2},"_wpas_customize_per_network":false,"jetpack_post_was_ever_published":false},"categories":[32102633,582590134],"tags":[],"class_list":["post-5713","post","type-post","status-publish","format-standard","has-post-thumbnail","hentry","category-alvinlandia","category-campanha-mensal"],"jetpack_publicize_connections":[],"jetpack_featured_media_url":"https:\/\/i0.wp.com\/diariodegarca.com\/wp-content\/uploads\/2025\/08\/97b11998-6e54-4fc4-9159-c620a80a593e.jpg?fit=1200%2C1600&ssl=1","jetpack_likes_enabled":true,"jetpack_sharing_enabled":true,"jetpack_shortlink":"https:\/\/wp.me\/pgitne-1u9","jetpack-related-posts":[{"id":5682,"url":"https:\/\/diariodegarca.com\/?p=5682","url_meta":{"origin":5713,"position":0},"title":"&#8220;Agosto Lil\u00e1s&#8221; leva conscientiza\u00e7\u00e3o sobre viol\u00eancia dom\u00e9stica a Lup\u00e9rcio, G\u00e1lia e Gar\u00e7a","author":"Di\u00e1rio de Gar\u00e7a","date":"15 de agosto de 2025","format":false,"excerpt":"Palestras da Pol\u00edcia Militar e da Pol\u00edcia Civil orientam mulheres sobre o aplicativo SOS Mulher; Opera\u00e7\u00e3o Shamar prende 8 homens por crimes de viol\u00eancia ou relacionados a pens\u00e3o aliment\u00edcia na regi\u00e3o. Nos munic\u00edpios de Lup\u00e9rcio e G\u00e1lia, a Pol\u00edcia Militar, representada pelos comandantes Subtenente PM Rog\u00e9rio Mecenero e 1\u00ba Sgt\u2026","rel":"","context":"Em &quot;Campanha mensal&quot;","block_context":{"text":"Campanha mensal","link":"https:\/\/diariodegarca.com\/?cat=582590134"},"img":{"alt_text":"","src":"https:\/\/i0.wp.com\/diariodegarca.com\/wp-content\/uploads\/2025\/08\/whatsapp-image-2025-08-15-at-17.47.04.jpeg?fit=1080%2C1074&ssl=1&resize=350%2C200","width":350,"height":200,"srcset":"https:\/\/i0.wp.com\/diariodegarca.com\/wp-content\/uploads\/2025\/08\/whatsapp-image-2025-08-15-at-17.47.04.jpeg?fit=1080%2C1074&ssl=1&resize=350%2C200 1x, https:\/\/i0.wp.com\/diariodegarca.com\/wp-content\/uploads\/2025\/08\/whatsapp-image-2025-08-15-at-17.47.04.jpeg?fit=1080%2C1074&ssl=1&resize=525%2C300 1.5x, https:\/\/i0.wp.com\/diariodegarca.com\/wp-content\/uploads\/2025\/08\/whatsapp-image-2025-08-15-at-17.47.04.jpeg?fit=1080%2C1074&ssl=1&resize=700%2C400 2x, https:\/\/i0.wp.com\/diariodegarca.com\/wp-content\/uploads\/2025\/08\/whatsapp-image-2025-08-15-at-17.47.04.jpeg?fit=1080%2C1074&ssl=1&resize=1050%2C600 3x"},"classes":[]},{"id":5545,"url":"https:\/\/diariodegarca.com\/?p=5545","url_meta":{"origin":5713,"position":1},"title":"Palestra em Alvinl\u00e2ndia aborda conscientiza\u00e7\u00e3o e combate \u00e0 viol\u00eancia contra a mulher","author":"Di\u00e1rio de Gar\u00e7a","date":"13 de agosto de 2025","format":false,"excerpt":"Evento gratuito no dia 15 de agosto, com a investigadora Elaine Oliveira, ir\u00e1 discutir mecanismos de prote\u00e7\u00e3o e direitos das mulheres. No pr\u00f3ximo dia\u00a015 de agosto, sexta-feira, \u00e0s\u00a019h, o\u00a0Centro Comunit\u00e1rio de Alvinl\u00e2ndia\u00a0recebe uma palestra informativa sobre\u00a0combate \u00e0 viol\u00eancia contra a mulher, ministrada pela investigadora\u00a0Elaine Oliveira, da Delegacia de Defesa da\u2026","rel":"","context":"Em &quot;Alvinl\u00e2ndia&quot;","block_context":{"text":"Alvinl\u00e2ndia","link":"https:\/\/diariodegarca.com\/?cat=32102633"},"img":{"alt_text":"","src":"https:\/\/i0.wp.com\/diariodegarca.com\/wp-content\/uploads\/2025\/08\/b.jpg?fit=1200%2C1124&ssl=1&resize=350%2C200","width":350,"height":200,"srcset":"https:\/\/i0.wp.com\/diariodegarca.com\/wp-content\/uploads\/2025\/08\/b.jpg?fit=1200%2C1124&ssl=1&resize=350%2C200 1x, https:\/\/i0.wp.com\/diariodegarca.com\/wp-content\/uploads\/2025\/08\/b.jpg?fit=1200%2C1124&ssl=1&resize=525%2C300 1.5x, https:\/\/i0.wp.com\/diariodegarca.com\/wp-content\/uploads\/2025\/08\/b.jpg?fit=1200%2C1124&ssl=1&resize=700%2C400 2x, https:\/\/i0.wp.com\/diariodegarca.com\/wp-content\/uploads\/2025\/08\/b.jpg?fit=1200%2C1124&ssl=1&resize=1050%2C600 3x"},"classes":[]},{"id":5871,"url":"https:\/\/diariodegarca.com\/?p=5871","url_meta":{"origin":5713,"position":2},"title":"Agosto Lil\u00e1s: investigadora esclarece o ciclo sutil e persistente da viol\u00eancia dom\u00e9stica","author":"Di\u00e1rio de Gar\u00e7a","date":"20 de agosto de 2025","format":false,"excerpt":"Em entrevista, Elaine Oliveira detalha as fases da viol\u00eancia, as barreiras para a den\u00fancia e as ferramentas dispon\u00edveis para proteger v\u00edtimas, al\u00e9m de um panorama da Opera\u00e7\u00e3o Shamar e das a\u00e7\u00f5es do Agosto Lil\u00e1s no munic\u00edpio. Em uma entrevista concedida \u00e0 R\u00e1dio Nova Alternativa no \u00faltimo s\u00e1bado, 15 de agosto,\u2026","rel":"","context":"Em &quot;Campanha mensal&quot;","block_context":{"text":"Campanha mensal","link":"https:\/\/diariodegarca.com\/?cat=582590134"},"img":{"alt_text":"","src":"https:\/\/i0.wp.com\/diariodegarca.com\/wp-content\/uploads\/2025\/08\/elaine.jpg?fit=900%2C1200&ssl=1&resize=350%2C200","width":350,"height":200,"srcset":"https:\/\/i0.wp.com\/diariodegarca.com\/wp-content\/uploads\/2025\/08\/elaine.jpg?fit=900%2C1200&ssl=1&resize=350%2C200 1x, https:\/\/i0.wp.com\/diariodegarca.com\/wp-content\/uploads\/2025\/08\/elaine.jpg?fit=900%2C1200&ssl=1&resize=525%2C300 1.5x, https:\/\/i0.wp.com\/diariodegarca.com\/wp-content\/uploads\/2025\/08\/elaine.jpg?fit=900%2C1200&ssl=1&resize=700%2C400 2x"},"classes":[]},{"id":5536,"url":"https:\/\/diariodegarca.com\/?p=5536","url_meta":{"origin":5713,"position":3},"title":"Palestra em G\u00e1lia aborda direitos das mulheres e combate \u00e0 viol\u00eancia dom\u00e9stica","author":"Di\u00e1rio de Gar\u00e7a","date":"12 de agosto de 2025","format":false,"excerpt":"Evento gratuito no dia 13 de agosto re\u00fane a investigadora e vereadora Elaine Oliveira para discutir mecanismos de prote\u00e7\u00e3o e conscientiza\u00e7\u00e3o no Agosto Lil\u00e1s. No pr\u00f3ximo dia\u00a013 de agosto, quarta-feira, \u00e0s\u00a014h, o Anfiteatro da Secretaria Municipal de Educa\u00e7\u00e3o de G\u00e1lia, localizado na rua Jos\u00e9 Rodrigues, 682, recebe uma palestra sobre\u00a0direitos\u2026","rel":"","context":"Em &quot;Campanha mensal&quot;","block_context":{"text":"Campanha mensal","link":"https:\/\/diariodegarca.com\/?cat=582590134"},"img":{"alt_text":"","src":"https:\/\/i0.wp.com\/diariodegarca.com\/wp-content\/uploads\/2025\/08\/531842147_18072247271038080_7244612791675215943_n.jpg?fit=760%2C1200&ssl=1&resize=350%2C200","width":350,"height":200,"srcset":"https:\/\/i0.wp.com\/diariodegarca.com\/wp-content\/uploads\/2025\/08\/531842147_18072247271038080_7244612791675215943_n.jpg?fit=760%2C1200&ssl=1&resize=350%2C200 1x, https:\/\/i0.wp.com\/diariodegarca.com\/wp-content\/uploads\/2025\/08\/531842147_18072247271038080_7244612791675215943_n.jpg?fit=760%2C1200&ssl=1&resize=525%2C300 1.5x, https:\/\/i0.wp.com\/diariodegarca.com\/wp-content\/uploads\/2025\/08\/531842147_18072247271038080_7244612791675215943_n.jpg?fit=760%2C1200&ssl=1&resize=700%2C400 2x"},"classes":[]},{"id":5743,"url":"https:\/\/diariodegarca.com\/?p=5743","url_meta":{"origin":5713,"position":4},"title":"CRAS Lucian\u00f3polis promove roda de conversa sobre campanha do Agosto Lil\u00e1s","author":"Di\u00e1rio de Gar\u00e7a","date":"18 de agosto de 2025","format":false,"excerpt":"Evento no dia 19 de agosto re\u00fane especialistas para debater viol\u00eancia contra a mulher e protagonismo feminino, com palestras e troca de experi\u00eancias. O Centro de Refer\u00eancia de Assist\u00eancia Social (CRAS) de Lucian\u00f3polis realiza, no pr\u00f3ximo dia 19 de agosto, ter\u00e7a-feira, uma roda de conversa com o tema\u00a0\u201cMulher, vire a\u2026","rel":"","context":"Em &quot;Campanha mensal&quot;","block_context":{"text":"Campanha mensal","link":"https:\/\/diariodegarca.com\/?cat=582590134"},"img":{"alt_text":"","src":"https:\/\/i0.wp.com\/diariodegarca.com\/wp-content\/uploads\/2025\/08\/531870001_1087025303555916_4286004204300286004_n.jpg?fit=512%2C298&ssl=1&resize=350%2C200","width":350,"height":200},"classes":[]},{"id":6032,"url":"https:\/\/diariodegarca.com\/?p=6032","url_meta":{"origin":5713,"position":5},"title":"Ava\u00ed promove tarde de conscientiza\u00e7\u00e3o e autocuidado no Agosto Lil\u00e1s","author":"Di\u00e1rio de Gar\u00e7a","date":"25 de agosto de 2025","format":false,"excerpt":"Evento gratuito no dia 27 de agosto combina palestras informativas sobre o enfrentamento \u00e0 viol\u00eancia contra a mulher com servi\u00e7os de bem-estar; participa\u00e7\u00e3o requer inscri\u00e7\u00e3o pr\u00e9via. A Prefeitura de Ava\u00ed, por meio de uma a\u00e7\u00e3o integrada entre o CRAS e o Sebrae Aqui, adere \u00e0 campanha nacional\u00a0Agosto Lil\u00e1s\u00a0e promove um\u2026","rel":"","context":"Em &quot;Ava\u00ed&quot;","block_context":{"text":"Ava\u00ed","link":"https:\/\/diariodegarca.com\/?cat=1058698"},"img":{"alt_text":"","src":"https:\/\/i0.wp.com\/diariodegarca.com\/wp-content\/uploads\/2025\/08\/mulher-flexionando-o-braco-com-fita-e-copia-espaco.jpg?fit=1200%2C675&ssl=1&resize=350%2C200","width":350,"height":200,"srcset":"https:\/\/i0.wp.com\/diariodegarca.com\/wp-content\/uploads\/2025\/08\/mulher-flexionando-o-braco-com-fita-e-copia-espaco.jpg?fit=1200%2C675&ssl=1&resize=350%2C200 1x, https:\/\/i0.wp.com\/diariodegarca.com\/wp-content\/uploads\/2025\/08\/mulher-flexionando-o-braco-com-fita-e-copia-espaco.jpg?fit=1200%2C675&ssl=1&resize=525%2C300 1.5x, https:\/\/i0.wp.com\/diariodegarca.com\/wp-content\/uploads\/2025\/08\/mulher-flexionando-o-braco-com-fita-e-copia-espaco.jpg?fit=1200%2C675&ssl=1&resize=700%2C400 2x, https:\/\/i0.wp.com\/diariodegarca.com\/wp-content\/uploads\/2025\/08\/mulher-flexionando-o-braco-com-fita-e-copia-espaco.jpg?fit=1200%2C675&ssl=1&resize=1050%2C600 3x"},"classes":[]}],"_links":{"self":[{"href":"https:\/\/diariodegarca.com\/index.php?rest_route=\/wp\/v2\/posts\/5713","targetHints":{"allow":["GET"]}}],"collection":[{"href":"https:\/\/diariodegarca.com\/index.php?rest_route=\/wp\/v2\/posts"}],"about":[{"href":"https:\/\/diariodegarca.com\/index.php?rest_route=\/wp\/v2\/types\/post"}],"author":[{"embeddable":true,"href":"https:\/\/diariodegarca.com\/index.php?rest_route=\/wp\/v2\/users\/260896546"}],"replies":[{"embeddable":true,"href":"https:\/\/diariodegarca.com\/index.php?rest_route=%2Fwp%2Fv2%2Fcomments&post=5713"}],"version-history":[{"count":4,"href":"https:\/\/diariodegarca.com\/index.php?rest_route=\/wp\/v2\/posts\/5713\/revisions"}],"predecessor-version":[{"id":5725,"href":"https:\/\/diariodegarca.com\/index.php?rest_route=\/wp\/v2\/posts\/5713\/revisions\/5725"}],"wp:featuredmedia":[{"embeddable":true,"href":"https:\/\/diariodegarca.com\/index.php?rest_route=\/wp\/v2\/media\/5714"}],"wp:attachment":[{"href":"https:\/\/diariodegarca.com\/index.php?rest_route=%2Fwp%2Fv2%2Fmedia&parent=5713"}],"wp:term":[{"taxonomy":"category","embeddable":true,"href":"https:\/\/diariodegarca.com\/index.php?rest_route=%2Fwp%2Fv2%2Fcategories&post=5713"},{"taxonomy":"post_tag","embeddable":true,"href":"https:\/\/diariodegarca.com\/index.php?rest_route=%2Fwp%2Fv2%2Ftags&post=5713"}],"curies":[{"name":"wp","href":"https:\/\/api.w.org\/{rel}","templated":true}]}}