{"id":5756,"date":"2025-08-19T08:42:00","date_gmt":"2025-08-19T11:42:00","guid":{"rendered":"https:\/\/diariodegarca.com\/?p=5756"},"modified":"2025-08-17T18:53:05","modified_gmt":"2025-08-17T21:53:05","slug":"informacao-como-arma-palestra-na-camara-sobre-enfrentamento-da-violencia-em-marilia","status":"publish","type":"post","link":"https:\/\/diariodegarca.com\/?p=5756","title":{"rendered":"Informa\u00e7\u00e3o como arma: palestra na C\u00e2mara sobre enfrentamento da viol\u00eancia em Mar\u00edlia"},"content":{"rendered":"\n<p class=\"wp-block-paragraph\"><em>Especialista Denise Alexandre discute o papel crucial da informa\u00e7\u00e3o no combate \u00e0 viol\u00eancia f\u00edsica e virtual, com insights baseados em experi\u00eancia pr\u00e1tica e dados.<\/em><\/p>\n\n\n\n<p class=\"wp-block-paragraph\">A C\u00e2mara Municipal de Mar\u00edlia sediar\u00e1, no dia&nbsp;<strong>21 de agosto<\/strong>, a palestra&nbsp;<em>&#8220;O Poder da Informa\u00e7\u00e3o no Combate aos Crimes contra a Mulher \u2013 Da Viol\u00eancia F\u00edsica \u00e0 Virtual&#8221;<\/em>. O evento, que ocorrer\u00e1 das&nbsp;<strong>19h \u00e0s 21h<\/strong>&nbsp;na&nbsp;<strong>Sala Nasib Cury<\/strong>, contar\u00e1 com a presen\u00e7a da especialista&nbsp;<strong>Denise Alexandre<\/strong>, mestranda em Ci\u00eancia da Informa\u00e7\u00e3o, integrante da Pol\u00edcia Civil e Escriv\u00e3-Chefe na Delegacia de Defesa da Mulher de Mar\u00edlia.<\/p>\n\n\n\n<p class=\"wp-block-paragraph\">Com vasta experi\u00eancia no atendimento \u00e0s v\u00edtimas e participa\u00e7\u00e3o em projetos como\u00a0<em>&#8220;Informar para Proteger&#8221;<\/em>, Denise abordar\u00e1 como a informa\u00e7\u00e3o pode ser uma ferramenta na preven\u00e7\u00e3o e no enfrentamento da viol\u00eancia de g\u00eanero. A palestra trar\u00e1 dados atualizados, reflex\u00f5es sobre os desafios do ambiente virtual e orienta\u00e7\u00f5es pr\u00e1ticas para fortalecer a rede de prote\u00e7\u00e3o \u00e0s mulheres.<\/p>\n\n\n\n<p class=\"wp-block-paragraph\">O evento \u00e9 aberto ao p\u00fablico, com&nbsp;<strong>inscri\u00e7\u00f5es no local<\/strong>&nbsp;e&nbsp;<strong>emiss\u00e3o de certificado<\/strong>. A iniciativa visa mobilizar a comunidade, profissionais da \u00e1rea e interessados no tema, refor\u00e7ando a necessidade de a\u00e7\u00f5es integradas para combater a viol\u00eancia contra a mulher.<\/p>\n\n\n\n<p class=\"wp-block-paragraph\"><strong>Servi\u00e7o:<\/strong><\/p>\n\n\n\n<ul class=\"wp-block-list\">\n<li><strong>Data:<\/strong>\u00a021\/08\/2025<\/li>\n\n\n\n<li><strong>Hor\u00e1rio:<\/strong>\u00a019h \u00e0s 21h<\/li>\n\n\n\n<li><strong>Local:<\/strong>\u00a0Sala Nasib Cury \u2013 C\u00e2mara Municipal de Mar\u00edlia (R. Bandeirantes, 25)<\/li>\n\n\n\n<li><strong>Inscri\u00e7\u00f5es:<\/strong>\u00a0Gratuitas, no local<\/li>\n<\/ul>\n","protected":false},"excerpt":{"rendered":"<p>Especialista Denise Alexandre discute o papel crucial da informa\u00e7\u00e3o no combate \u00e0 viol\u00eancia f\u00edsica e virtual, com insights baseados em experi\u00eancia pr\u00e1tica e dados. A C\u00e2mara Municipal de Mar\u00edlia sediar\u00e1, no dia&nbsp;21 de agosto, a palestra&nbsp;&#8220;O Poder da Informa\u00e7\u00e3o no Combate aos Crimes contra a Mulher \u2013 Da Viol\u00eancia F\u00edsica \u00e0 Virtual&#8221;. O evento, que [&hellip;]<\/p>\n","protected":false},"author":260896546,"featured_media":5757,"comment_status":"open","ping_status":"open","sticky":false,"template":"","format":"standard","meta":{"_monsterinsights_skip_tracking":false,"advanced_seo_description":"","jetpack_seo_html_title":"","jetpack_seo_noindex":false,"jetpack_seo_schema_type":"","_jetpack_newsletter_access":"","_jetpack_dont_email_post_to_subs":false,"_jetpack_newsletter_tier_id":0,"_jetpack_memberships_contains_paywalled_content":false,"_wpcom_ai_launchpad_first_post":false,"_jetpack_feature_clip_id":0,"_jetpack_memberships_contains_paid_content":false,"footnotes":"","jetpack_publicize_message":"\ud83d\udce2 Informa\u00e7\u00e3o como arma: palestra na C\u00e2mara sobre enfrentamento da viol\u00eancia em Mar\u00edlia \ud83e\udde1\n\nNo dia 21\/08, a especialista Denise Alexandre (Pol\u00edcia Civil\/Delegacia da Mulher) ministrar\u00e1 a palestra \"O Poder da Informa\u00e7\u00e3o no Combate aos Crimes contra a Mulher\", na C\u00e2mara de Mar\u00edlia.\n\n\ud83d\udcc5 21\/08 | \ud83d\udd56 19h-21h\n\ud83d\udccd Sala Nasib Cury (R. Bandeirantes, 25)\n\ud83c\udf93 Certificado\n\ud83d\udcdd Inscri\u00e7\u00f5es no local\n\n\ud83d\udc49 Leia a mat\u00e9ria completa em  diariodegarca.com\n\n#Mar\u00edlia #Viol\u00eanciaContraAMulher #Informa\u00e7\u00e3oQueProtege \ud83d\udcaa\u2728","jetpack_publicize_feature_enabled":true,"jetpack_social_post_already_shared":false,"jetpack_social_options":{"image_generator_settings":{"template":"highway","default_image_id":0,"font":"","enabled":false},"version":2},"_wpas_customize_per_network":false,"jetpack_post_was_ever_published":false},"categories":[36947,683453294,115166],"tags":[],"class_list":["post-5756","post","type-post","status-publish","format-standard","has-post-thumbnail","hentry","category-curso","category-marilia-cidade","category-presencial"],"jetpack_publicize_connections":[],"jetpack_likes_enabled":true,"jetpack_sharing_enabled":true,"jetpack_shortlink":"https:\/\/wp.me\/pgitne-1uQ","jetpack-related-posts":[{"id":9204,"url":"https:\/\/diariodegarca.com\/?p=9204","url_meta":{"origin":5756,"position":0},"title":"Mar\u00edlia sedia roda de conversa sobre viol\u00eancia digital contra a mulher em campanha estadual","author":"Andreza Sega","date":"30 de novembro de 2025","format":false,"excerpt":"Evento integra a campanha \"SP Por Todas\" e contar\u00e1 com a presen\u00e7a de autoridades estaduais e locais para debater preven\u00e7\u00e3o, orienta\u00e7\u00e3o e combate a crimes online. A cidade de Mar\u00edlia foi escolhida como uma das sedes da campanha estadual \"SP Por Todas: 21 Dias por Elas\", que promove uma s\u00e9rie\u2026","rel":"","context":"Em &quot;Causa social&quot;","block_context":{"text":"Causa social","link":"https:\/\/diariodegarca.com\/?cat=781171849"},"img":{"alt_text":"","src":"https:\/\/i0.wp.com\/diariodegarca.com\/wp-content\/uploads\/2025\/11\/helide-parrera-e1764524289552.webp?fit=720%2C498&ssl=1&resize=350%2C200","width":350,"height":200,"srcset":"https:\/\/i0.wp.com\/diariodegarca.com\/wp-content\/uploads\/2025\/11\/helide-parrera-e1764524289552.webp?fit=720%2C498&ssl=1&resize=350%2C200 1x, https:\/\/i0.wp.com\/diariodegarca.com\/wp-content\/uploads\/2025\/11\/helide-parrera-e1764524289552.webp?fit=720%2C498&ssl=1&resize=525%2C300 1.5x, https:\/\/i0.wp.com\/diariodegarca.com\/wp-content\/uploads\/2025\/11\/helide-parrera-e1764524289552.webp?fit=720%2C498&ssl=1&resize=700%2C400 2x"},"classes":[]},{"id":9305,"url":"https:\/\/diariodegarca.com\/?p=9305","url_meta":{"origin":5756,"position":1},"title":"Tentativa de feminic\u00eddio em Gar\u00e7a vira alerta na C\u00e2mara: &#8220;N\u00e3o saiam sozinhas&#8221;, orienta vereadora","author":"Andreza Sega","date":"3 de dezembro de 2025","format":false,"excerpt":"Elaine Oliveira (PSD), que tamb\u00e9m trabalha na Delegacia da Mulher, fez apelo por informa\u00e7\u00f5es durante sess\u00e3o da C\u00e2mara; presidente Raquel Sartori (PL) refor\u00e7ou canais de den\u00fancia. Um crime brutal ocorrido no \u00faltimo fim de semana foi um dos temas debatidos no Grande Expediente na C\u00e2mara Municipal de Gar\u00e7a. Na noite\u2026","rel":"","context":"Em &quot;Gar\u00e7a&quot;","block_context":{"text":"Gar\u00e7a","link":"https:\/\/diariodegarca.com\/?cat=781171664"},"img":{"alt_text":"","src":"https:\/\/i0.wp.com\/diariodegarca.com\/wp-content\/uploads\/2025\/12\/elaine-oliveira.jpg?fit=705%2C340&ssl=1&resize=350%2C200","width":350,"height":200,"srcset":"https:\/\/i0.wp.com\/diariodegarca.com\/wp-content\/uploads\/2025\/12\/elaine-oliveira.jpg?fit=705%2C340&ssl=1&resize=350%2C200 1x, https:\/\/i0.wp.com\/diariodegarca.com\/wp-content\/uploads\/2025\/12\/elaine-oliveira.jpg?fit=705%2C340&ssl=1&resize=525%2C300 1.5x, https:\/\/i0.wp.com\/diariodegarca.com\/wp-content\/uploads\/2025\/12\/elaine-oliveira.jpg?fit=705%2C340&ssl=1&resize=700%2C400 2x"},"classes":[]},{"id":5345,"url":"https:\/\/diariodegarca.com\/?p=5345","url_meta":{"origin":5756,"position":2},"title":"Opera\u00e7\u00e3o Shamar refor\u00e7a combate \u00e0 viol\u00eancia contra a mulher, marcando os 19 anos da Lei Maria da Penha","author":"Di\u00e1rio de Gar\u00e7a","date":"6 de agosto de 2025","format":false,"excerpt":"Iniciativa nacional promove prote\u00e7\u00e3o e atendimento qualificado \u00e0s v\u00edtimas, com treinamento de policiais para atua\u00e7\u00e3o eficiente. Na quinta-feira, 7 de agosto, a Lei Maria da Penha completa 19 anos como uma das principais ferramentas no combate \u00e0 viol\u00eancia dom\u00e9stica no Brasil. Para marcar a data e refor\u00e7ar as a\u00e7\u00f5es de\u2026","rel":"","context":"Em &quot;Brasil&quot;","block_context":{"text":"Brasil","link":"https:\/\/diariodegarca.com\/?cat=38185"},"img":{"alt_text":"","src":"https:\/\/i0.wp.com\/diariodegarca.com\/wp-content\/uploads\/2025\/08\/palestrapolicia.jpg?fit=348%2C434&ssl=1&resize=350%2C200","width":350,"height":200},"classes":[]},{"id":2431,"url":"https:\/\/diariodegarca.com\/?p=2431","url_meta":{"origin":5756,"position":3},"title":"Policiais Militares prendem homem por tentativa de feminic\u00eddio em Mar\u00edlia","author":"Di\u00e1rio de Gar\u00e7a","date":"9 de abril de 2025","format":false,"excerpt":"\u00a0Na madrugada de quarta-feira, dia 9 de abril, por volta das 00h50, policiais militares do\u00a09\u00ba Batalh\u00e3o de Pol\u00edcia Militar do Interior\u00a0atenderam a uma ocorr\u00eancia de viol\u00eancia dom\u00e9stica ap\u00f3s serem acionados pela equipe m\u00e9dica do\u00a0Pronto Atendimento da zona Sul de Mar\u00edlia.Segundo as informa\u00e7\u00f5es repassadas, uma v\u00edtima havia chegado \u00e0 unidade de\u2026","rel":"","context":"Em &quot;Brasil&quot;","block_context":{"text":"Brasil","link":"https:\/\/diariodegarca.com\/?cat=38185"},"img":{"alt_text":"","src":"https:\/\/i0.wp.com\/blogger.googleusercontent.com\/img\/b\/R29vZ2xl\/AVvXsEjtLUaImOA1KqIrGe3xPY8otHHzWm1RywFs2SdICSVODQI3sMr4gXZpFsoOPp9wEkliD4Ya7hxxuF4SMBpbGv7qU77FTBFw72i_7QB4Puq47PZZY8NskkORi4lOMR41PzS_NdgLwpYZ6seNG-X-CYq7rGPLxWwBWem0_qBToQ6J4ZGVAceGWAhKNSoBObc\/s320\/POLICIAIS%20MILITARES%20PRENDEM%20INDIV%C3%8DDUO%20EM%20FLAGRANTE%20POR%20TENTATIVA%20DE%20FEMINIC%C3%8DDIO-VIOL%C3%8ANCIA%20DOM%C3%89STICAQuarta-feira%20%289%29%2C%20por%20volta%20das%2000h50min%2C%20policiais%20militares%20do%209%C2%BA%20Batalh%C3%A3o%20de%20Pol%C3%ADcia%20Militar%20do%20Inter.webp?resize=350%2C200&ssl=1","width":350,"height":200},"classes":[]},{"id":3887,"url":"https:\/\/diariodegarca.com\/?p=3887","url_meta":{"origin":5756,"position":4},"title":"Biblioteca de Mar\u00edlia divulga agenda cultural de junho","author":"Di\u00e1rio de Gar\u00e7a","date":"12 de junho de 2025","format":false,"excerpt":"Eventos gratuitos incluem exposi\u00e7\u00f5es, clubes de leitura, oficinas e celebra\u00e7\u00f5es art\u00edsticas para todas as idades. A\u00a0Biblioteca Municipal de Mar\u00edlia, vinculada a\u00a0Secretaria Municipal de Cultura, divulgou a programa\u00e7\u00e3o do m\u00eas de junho, com atividades que abrangem desde exposi\u00e7\u00f5es tem\u00e1ticas at\u00e9 encontros liter\u00e1rios e eventos interativos. Confira os destaques: Exposi\u00e7\u00f5es 1. \"Educa\u00e7\u00e3o\u2026","rel":"","context":"Em &quot;Cultura&quot;","block_context":{"text":"Cultura","link":"https:\/\/diariodegarca.com\/?cat=2367"},"img":{"alt_text":"","src":"","width":0,"height":0},"classes":[]},{"id":5283,"url":"https:\/\/diariodegarca.com\/?p=5283","url_meta":{"origin":5756,"position":5},"title":"Homem \u00e9 preso em Mar\u00edlia por porte ilegal de arma e amea\u00e7a de morte contra esposa","author":"Di\u00e1rio de Gar\u00e7a","date":"5 de agosto de 2025","format":false,"excerpt":"Caso ocorreu no Jardim Bandeirantes ap\u00f3s den\u00fancia de viol\u00eancia dom\u00e9stica; pol\u00edcia encontrou pistola carregada no carro do suspeito. Na manh\u00e3 desta sexta-feira, 1\u00b0 de agosto, agentes do 9\u00b0 Batalh\u00e3o de Pol\u00edcia Militar do Interior prenderam um homem no Jardim Bandeirantes, em Mar\u00edlia, acusado de porte ilegal de arma de fogo\u2026","rel":"","context":"Em &quot;Mar\u00edlia&quot;","block_context":{"text":"Mar\u00edlia","link":"https:\/\/diariodegarca.com\/?cat=683453294"},"img":{"alt_text":"","src":"https:\/\/i0.wp.com\/diariodegarca.com\/wp-content\/uploads\/2025\/08\/em-marilia-porte-ilegal-de-arma-de-fogo-violencia-domesticanesta-sexta-feira-1-policiais-m.webp?fit=1080%2C1080&ssl=1&resize=350%2C200","width":350,"height":200,"srcset":"https:\/\/i0.wp.com\/diariodegarca.com\/wp-content\/uploads\/2025\/08\/em-marilia-porte-ilegal-de-arma-de-fogo-violencia-domesticanesta-sexta-feira-1-policiais-m.webp?fit=1080%2C1080&ssl=1&resize=350%2C200 1x, https:\/\/i0.wp.com\/diariodegarca.com\/wp-content\/uploads\/2025\/08\/em-marilia-porte-ilegal-de-arma-de-fogo-violencia-domesticanesta-sexta-feira-1-policiais-m.webp?fit=1080%2C1080&ssl=1&resize=525%2C300 1.5x, https:\/\/i0.wp.com\/diariodegarca.com\/wp-content\/uploads\/2025\/08\/em-marilia-porte-ilegal-de-arma-de-fogo-violencia-domesticanesta-sexta-feira-1-policiais-m.webp?fit=1080%2C1080&ssl=1&resize=700%2C400 2x, https:\/\/i0.wp.com\/diariodegarca.com\/wp-content\/uploads\/2025\/08\/em-marilia-porte-ilegal-de-arma-de-fogo-violencia-domesticanesta-sexta-feira-1-policiais-m.webp?fit=1080%2C1080&ssl=1&resize=1050%2C600 3x"},"classes":[]}],"jetpack_featured_media_url":"https:\/\/i0.wp.com\/diariodegarca.com\/wp-content\/uploads\/2025\/08\/snapinsta.to_495970657_18502589854015247_3461186522774204341_n.jpg?fit=320%2C320&ssl=1","_links":{"self":[{"href":"https:\/\/diariodegarca.com\/index.php?rest_route=\/wp\/v2\/posts\/5756","targetHints":{"allow":["GET"]}}],"collection":[{"href":"https:\/\/diariodegarca.com\/index.php?rest_route=\/wp\/v2\/posts"}],"about":[{"href":"https:\/\/diariodegarca.com\/index.php?rest_route=\/wp\/v2\/types\/post"}],"author":[{"embeddable":true,"href":"https:\/\/diariodegarca.com\/index.php?rest_route=\/wp\/v2\/users\/260896546"}],"replies":[{"embeddable":true,"href":"https:\/\/diariodegarca.com\/index.php?rest_route=%2Fwp%2Fv2%2Fcomments&post=5756"}],"version-history":[{"count":3,"href":"https:\/\/diariodegarca.com\/index.php?rest_route=\/wp\/v2\/posts\/5756\/revisions"}],"predecessor-version":[{"id":5760,"href":"https:\/\/diariodegarca.com\/index.php?rest_route=\/wp\/v2\/posts\/5756\/revisions\/5760"}],"wp:featuredmedia":[{"embeddable":true,"href":"https:\/\/diariodegarca.com\/index.php?rest_route=\/wp\/v2\/media\/5757"}],"wp:attachment":[{"href":"https:\/\/diariodegarca.com\/index.php?rest_route=%2Fwp%2Fv2%2Fmedia&parent=5756"}],"wp:term":[{"taxonomy":"category","embeddable":true,"href":"https:\/\/diariodegarca.com\/index.php?rest_route=%2Fwp%2Fv2%2Fcategories&post=5756"},{"taxonomy":"post_tag","embeddable":true,"href":"https:\/\/diariodegarca.com\/index.php?rest_route=%2Fwp%2Fv2%2Ftags&post=5756"}],"curies":[{"name":"wp","href":"https:\/\/api.w.org\/{rel}","templated":true}]}}