{"id":5836,"date":"2025-08-23T08:37:00","date_gmt":"2025-08-23T11:37:00","guid":{"rendered":"https:\/\/diariodegarca.com\/?p=5836"},"modified":"2025-08-19T15:45:41","modified_gmt":"2025-08-19T18:45:41","slug":"pompeia-oferece-cursos-gratuitos-e-presenciais-de-soldagem-panificacao-e-jogos-digitais","status":"publish","type":"post","link":"https:\/\/diariodegarca.com\/?p=5836","title":{"rendered":"Pomp\u00e9ia oferece cursos gratuitos e presenciais de Soldagem, Panifica\u00e7\u00e3o e Jogos Digitais"},"content":{"rendered":"\n<p class=\"wp-block-paragraph\"><em>Iniciativa do Fundo Social de SP oferece quatro op\u00e7\u00f5es de qualifica\u00e7\u00e3o gratuita em diferentes locais da cidade. Inscri\u00e7\u00f5es devem ser feitas online e vagas s\u00e3o limitadas.<\/em><\/p>\n\n\n\n<p class=\"wp-block-paragraph\">A popula\u00e7\u00e3o de Pomp\u00e9ia tem uma oportunidade de capacita\u00e7\u00e3o profissional com a chegada do programa \u201cCaminho da Capacita\u00e7\u00e3o \u2013 Transformando vidas com educa\u00e7\u00e3o e oportunidades\u201d. O projeto, uma iniciativa do Fundo Social de S\u00e3o Paulo com apoio da Prefeitura Municipal, disponibilizar\u00e1 quatro cursos em diferentes \u00e1reas, atendendo a diversos interesses e perfis.<\/p>\n\n\n\n<p class=\"wp-block-paragraph\">Diferentemente de outras cidades que recebem uma \u00fanica unidade, Pomp\u00e9ia ser\u00e1 atendida por\u00a0<strong>duas carretas-escola<\/strong>\u00a0posicionadas em pontos estrat\u00e9gicos. Uma ficar\u00e1 em frente \u00e0 Arena, oferecendo cursos de <strong>Soldagem<\/strong> (para maiores de 18 anos) nos tr\u00eas turnos e <strong>Panifica\u00e7\u00e3o <\/strong>e <strong>Fabrica\u00e7\u00e3o de Pizzas<\/strong> (para maiores de 16 anos) nos per\u00edodos da manh\u00e3, tarde e noite, respectivamente. A segunda carreta estacionar\u00e1 em frente \u00e0 Igreja Matriz e ser\u00e1 dedicada integralmente ao curso de<strong> Jogos Digitais<\/strong> (para maiores de 16 anos), com turmas pela manh\u00e3, tarde e noite.<\/p>\n\n\n\n<p class=\"wp-block-paragraph\">O objetivo central do programa \u00e9 qualificar jovens e adultos, prioritariamente em situa\u00e7\u00e3o de vulnerabilidade social, ampliando suas chances de emprego e incentivando o empreendedorismo. As carretas s\u00e3o unidades m\u00f3veis de alto padr\u00e3o, equipadas com tudo necess\u00e1rio para aulas te\u00f3ricas e pr\u00e1ticas, incluindo internet e sistema de reconhecimento facial.<\/p>\n\n\n\n<p class=\"wp-block-paragraph\">As aulas ser\u00e3o ministradas por instrutores do Centro Paula Souza, e todos os participantes que conclu\u00edrem o curso receber\u00e3o um certificado oficial, v\u00e1lido para o mercado de trabalho.<\/p>\n\n\n\n<p class=\"wp-block-paragraph\"><strong>Como se inscrever:<\/strong><br>As inscri\u00e7\u00f5es s\u00e3o gratuitas e devem ser realizadas exclusivamente pelo site&nbsp;<strong><a href=\"http:\/\/www.caminhodacapacitacao.sp.gov.br\/\" target=\"_blank\" rel=\"noreferrer noopener\">www.caminhodacapacitacao.sp.gov.br<\/a><\/strong>. \u00c9 necess\u00e1rio ter em m\u00e3os os documentos RG, CPF e comprovante de resid\u00eancia no momento do preenchimento do formul\u00e1rio. As vagas s\u00e3o limitadas.<\/p>\n","protected":false},"excerpt":{"rendered":"<p>Iniciativa do Fundo Social de SP oferece quatro op\u00e7\u00f5es de qualifica\u00e7\u00e3o gratuita em diferentes locais da cidade. Inscri\u00e7\u00f5es devem ser feitas online e vagas s\u00e3o limitadas. A popula\u00e7\u00e3o de Pomp\u00e9ia tem uma oportunidade de capacita\u00e7\u00e3o profissional com a chegada do programa \u201cCaminho da Capacita\u00e7\u00e3o \u2013 Transformando vidas com educa\u00e7\u00e3o e oportunidades\u201d. O projeto, uma iniciativa [&hellip;]<\/p>\n","protected":false},"author":260896546,"featured_media":5837,"comment_status":"open","ping_status":"open","sticky":false,"template":"","format":"standard","meta":{"_monsterinsights_skip_tracking":false,"advanced_seo_description":"","jetpack_seo_html_title":"","jetpack_seo_noindex":false,"jetpack_seo_schema_type":"","_jetpack_newsletter_access":"","_jetpack_dont_email_post_to_subs":false,"_jetpack_newsletter_tier_id":0,"_jetpack_memberships_contains_paywalled_content":false,"_wpcom_ai_launchpad_first_post":false,"_jetpack_feature_clip_id":0,"_jetpack_memberships_contains_paid_content":false,"footnotes":"","jetpack_publicize_message":"\ud83d\ude9b\u2728 Pomp\u00e9ia oferece cursos gratuitos e presenciais de Soldagem, Panifica\u00e7\u00e3o e Jogos Digitais\n\n4 cursos gratuitos em duas carretas em pontos diferentes da cidade de Pomp\u00e9ia!\n\n\ud83d\udccd Locais:\nFrente \u00e0 Arena: Soldagem (+18), Panifica\u00e7\u00e3o (+16) e Pizza (+16)\nFrente \u00e0 Matriz: Jogos Digitais (+16)\n\n\ud83d\udc49 Saiba mais e como se inscrever em diariodegarca.com\n\n#Empreendedorismo #Pompeia #CursosGratuitos #Soldagem #JogosDigitais #Panificacao #FundoSocialSP #GeracaoDeRenda #CapacitacaoProfissional ","jetpack_publicize_feature_enabled":true,"jetpack_social_post_already_shared":false,"jetpack_social_options":{"image_generator_settings":{"template":"highway","default_image_id":0,"font":"","enabled":false},"version":2},"_wpas_customize_per_network":false,"jetpack_post_was_ever_published":false},"categories":[36947,7442,1549470,115166],"tags":[],"class_list":["post-5836","post","type-post","status-publish","format-standard","has-post-thumbnail","hentry","category-curso","category-empreendedorismo","category-pompeia","category-presencial"],"jetpack_publicize_connections":[],"jetpack_likes_enabled":true,"jetpack_sharing_enabled":true,"jetpack_shortlink":"https:\/\/wp.me\/pgitne-1w8","jetpack-related-posts":[{"id":8428,"url":"https:\/\/diariodegarca.com\/?p=8428","url_meta":{"origin":5836,"position":0},"title":"Curso gratuito formar\u00e1 eletricistas de rede em Gar\u00e7a e regi\u00e3o","author":"Andreza Sega","date":"4 de novembro de 2025","format":false,"excerpt":"CPFL Paulista abre 12 vagas para qualifica\u00e7\u00e3o profissional na \u00e1rea el\u00e9trica; aulas come\u00e7am em janeiro de 2026. Moradores de Gar\u00e7a, Mar\u00edlia, Pomp\u00e9ia, Hercul\u00e2ndia e Ocau\u00e7u t\u00eam uma nova chance de se qualificar para o mercado de trabalho. A CPFL Paulista, em parceria com a Elo Energia, est\u00e1 com inscri\u00e7\u00f5es abertas\u2026","rel":"","context":"Em &quot;Curso&quot;","block_context":{"text":"Curso","link":"https:\/\/diariodegarca.com\/?cat=36947"},"img":{"alt_text":"","src":"https:\/\/i0.wp.com\/diariodegarca.com\/wp-content\/uploads\/2025\/10\/CPFL.jpg?fit=617%2C429&ssl=1&resize=350%2C200","width":350,"height":200,"srcset":"https:\/\/i0.wp.com\/diariodegarca.com\/wp-content\/uploads\/2025\/10\/CPFL.jpg?fit=617%2C429&ssl=1&resize=350%2C200 1x, https:\/\/i0.wp.com\/diariodegarca.com\/wp-content\/uploads\/2025\/10\/CPFL.jpg?fit=617%2C429&ssl=1&resize=525%2C300 1.5x"},"classes":[]},{"id":7971,"url":"https:\/\/diariodegarca.com\/?p=7971","url_meta":{"origin":5836,"position":1},"title":"Escola de Eletricistas da CPFL oferta 20 vagas em curso gratuito para as regi\u00f5es de Mar\u00edlia e Bauru","author":"Di\u00e1rio de Gar\u00e7a","date":"23 de outubro de 2025","format":false,"excerpt":"Inscri\u00e7\u00f5es para a capacita\u00e7\u00e3o profissional, que tamb\u00e9m atende moradores de Gar\u00e7a, G\u00e1lia, Mar\u00edlia e outras cidades, seguem abertas at\u00e9 6 de novembro. Forma\u00e7\u00e3o \u00e9 presencial e exige Ensino M\u00e9dio completo. A CPFL Paulista, em parceria com a ELO Energia, est\u00e1 com inscri\u00e7\u00f5es abertas para uma nova turma da \u201cEscola de\u2026","rel":"","context":"Em &quot;Arealva&quot;","block_context":{"text":"Arealva","link":"https:\/\/diariodegarca.com\/?cat=781171854"},"img":{"alt_text":"","src":"https:\/\/i0.wp.com\/diariodegarca.com\/wp-content\/uploads\/2025\/10\/CPFL.jpg?fit=617%2C429&ssl=1&resize=350%2C200","width":350,"height":200,"srcset":"https:\/\/i0.wp.com\/diariodegarca.com\/wp-content\/uploads\/2025\/10\/CPFL.jpg?fit=617%2C429&ssl=1&resize=350%2C200 1x, https:\/\/i0.wp.com\/diariodegarca.com\/wp-content\/uploads\/2025\/10\/CPFL.jpg?fit=617%2C429&ssl=1&resize=525%2C300 1.5x"},"classes":[]},{"id":10034,"url":"https:\/\/diariodegarca.com\/?p=10034","url_meta":{"origin":5836,"position":2},"title":"Curso gratuito de soldagem em Gar\u00e7a qualifica para oportunidades no setor metal\u00fargico e de manuten\u00e7\u00e3o","author":"Di\u00e1rio de Gar\u00e7a","date":"11 de janeiro de 2026","format":false,"excerpt":"Capacita\u00e7\u00e3o oferecida pelo Sindicato Rural e SENAR, entre 21 e 23 de janeiro, visa formar m\u00e3o de obra especializada em uma t\u00e9cnica fundamental para diversas ind\u00fastrias da regi\u00e3o. O Sindicato Rural de Gar\u00e7a, em parceria com o Servi\u00e7o Nacional de Aprendizagem Rural (SENAR), abrir\u00e1 as portas, no final de janeiro,\u2026","rel":"","context":"Em &quot;Curso&quot;","block_context":{"text":"Curso","link":"https:\/\/diariodegarca.com\/?cat=36947"},"img":{"alt_text":"","src":"https:\/\/i0.wp.com\/diariodegarca.com\/wp-content\/uploads\/2026\/01\/14_Solda_com_eletrodo_blog.jpg?fit=700%2C420&ssl=1&resize=350%2C200","width":350,"height":200,"srcset":"https:\/\/i0.wp.com\/diariodegarca.com\/wp-content\/uploads\/2026\/01\/14_Solda_com_eletrodo_blog.jpg?fit=700%2C420&ssl=1&resize=350%2C200 1x, https:\/\/i0.wp.com\/diariodegarca.com\/wp-content\/uploads\/2026\/01\/14_Solda_com_eletrodo_blog.jpg?fit=700%2C420&ssl=1&resize=525%2C300 1.5x, https:\/\/i0.wp.com\/diariodegarca.com\/wp-content\/uploads\/2026\/01\/14_Solda_com_eletrodo_blog.jpg?fit=700%2C420&ssl=1&resize=700%2C400 2x"},"classes":[]},{"id":2696,"url":"https:\/\/diariodegarca.com\/?p=2696","url_meta":{"origin":5836,"position":3},"title":"CPFL Paulista abre inscri\u00e7\u00f5es para a Escola de Eletricistas","author":"Di\u00e1rio de Gar\u00e7a","date":"5 de mar\u00e7o de 2025","format":false,"excerpt":"A CPFL Paulista, em parceria com a Elo Energia, est\u00e1 com inscri\u00e7\u00f5es abertas para uma nova turma da Escola de Eletricistas de Rede de Distribui\u00e7\u00e3o El\u00e9trica. O curso \u00e9 totalmente gratuito, oferece 12 vagas e ser\u00e1 realizado no formato h\u00edbrido, com aulas presenciais em Mar\u00edlia e atividades online. As inscri\u00e7\u00f5es\u2026","rel":"","context":"Em &quot;Brasil&quot;","block_context":{"text":"Brasil","link":"https:\/\/diariodegarca.com\/?cat=38185"},"img":{"alt_text":"","src":"","width":0,"height":0},"classes":[]},{"id":2247,"url":"https:\/\/diariodegarca.com\/?p=2247","url_meta":{"origin":5836,"position":4},"title":"Oportunidades de emprego e est\u00e1gio na regi\u00e3o de Mar\u00edlia","author":"Di\u00e1rio de Gar\u00e7a","date":"29 de abril de 2025","format":false,"excerpt":"O CEPROM (Centro Profissionalizante) de Mar\u00edlia divulgou uma s\u00e9rie de vagas para profissionais e estudantes em diferentes \u00e1reas, abrangendo cidades como Mar\u00edlia, Pomp\u00e9ia, e Paul\u00f3polis. J\u00e1 a Prefeitura Municipal de Lup\u00e9rcio divulgou uma vaga de est\u00e1gio.\u00a0Confira as oportunidades dispon\u00edveis:1. Est\u00e1gio em Ensino M\u00e9dioLocal:\u00a0Mar\u00edlia - Rua Dr. Pr\u00f3spero Cec\u00edlio Coimbra, 330Entrevistas:\u00a0Ter\u00e7as\u2026","rel":"","context":"Em &quot;Brasil&quot;","block_context":{"text":"Brasil","link":"https:\/\/diariodegarca.com\/?cat=38185"},"img":{"alt_text":"","src":"https:\/\/i0.wp.com\/blogger.googleusercontent.com\/img\/b\/R29vZ2xl\/AVvXsEjuPiYXxTXBbB-T4ZY3dXq_3lTCb6XHluVYyvNc-fklZzP1S1dSqZ1jyDJQiJSmtpMwbDkkTt0DAvMhVKC4gm3sTtpcS8nX1bVtTKxKERxllBqF-Zk4zc9ZKv5WoWTD_ziypP07Iv5PDdRy6dJoaXyHxzjdvFmFX7PQCudUSIhimvQPH3rA8CjQ-uVhryk\/s320\/full-shot-men-high-five-office.jpg?resize=350%2C200&ssl=1","width":350,"height":200},"classes":[]},{"id":9500,"url":"https:\/\/diariodegarca.com\/?p=9500","url_meta":{"origin":5836,"position":5},"title":"Pomp\u00e9ia abre inscri\u00e7\u00f5es de Processo Seletivo  para forma\u00e7\u00e3o de cadastro de professores","author":"Andreza Sega","date":"11 de dezembro de 2025","format":false,"excerpt":"Prefeitura de Pomp\u00e9ia oferta oportunidades para Educa\u00e7\u00e3o Infantil, Fundamental I e II, com provas em janeiro de 2026. Cadastro reserva ter\u00e1 validade de um ano e oferece sal\u00e1rios de at\u00e9 R$ 3.768,14. A Prefeitura de Pomp\u00e9ia lan\u00e7ou o\u00a0Processo Seletivo n\u00ba 001\/2025, destinado \u00e0 forma\u00e7\u00e3o de\u00a0cadastro reserva\u00a0para contrata\u00e7\u00f5es tempor\u00e1rias de professores\u2026","rel":"","context":"Em &quot;Educa\u00e7\u00e3o&quot;","block_context":{"text":"Educa\u00e7\u00e3o","link":"https:\/\/diariodegarca.com\/?cat=17964"},"img":{"alt_text":"","src":"https:\/\/i0.wp.com\/diariodegarca.com\/wp-content\/uploads\/2025\/12\/professor-e-crianca-brincando-com-jogo-de-quebra-cabeca-de-matematica-sentado-na-mesa-no-jardim-de-infancia.jpg?fit=1200%2C669&ssl=1&resize=350%2C200","width":350,"height":200,"srcset":"https:\/\/i0.wp.com\/diariodegarca.com\/wp-content\/uploads\/2025\/12\/professor-e-crianca-brincando-com-jogo-de-quebra-cabeca-de-matematica-sentado-na-mesa-no-jardim-de-infancia.jpg?fit=1200%2C669&ssl=1&resize=350%2C200 1x, https:\/\/i0.wp.com\/diariodegarca.com\/wp-content\/uploads\/2025\/12\/professor-e-crianca-brincando-com-jogo-de-quebra-cabeca-de-matematica-sentado-na-mesa-no-jardim-de-infancia.jpg?fit=1200%2C669&ssl=1&resize=525%2C300 1.5x, https:\/\/i0.wp.com\/diariodegarca.com\/wp-content\/uploads\/2025\/12\/professor-e-crianca-brincando-com-jogo-de-quebra-cabeca-de-matematica-sentado-na-mesa-no-jardim-de-infancia.jpg?fit=1200%2C669&ssl=1&resize=700%2C400 2x, https:\/\/i0.wp.com\/diariodegarca.com\/wp-content\/uploads\/2025\/12\/professor-e-crianca-brincando-com-jogo-de-quebra-cabeca-de-matematica-sentado-na-mesa-no-jardim-de-infancia.jpg?fit=1200%2C669&ssl=1&resize=1050%2C600 3x"},"classes":[]}],"jetpack_featured_media_url":"https:\/\/i0.wp.com\/diariodegarca.com\/wp-content\/uploads\/2025\/08\/maos-de-alto-angulo-segurando-o-controlador.jpg?fit=7999%2C5333&ssl=1","_links":{"self":[{"href":"https:\/\/diariodegarca.com\/index.php?rest_route=\/wp\/v2\/posts\/5836","targetHints":{"allow":["GET"]}}],"collection":[{"href":"https:\/\/diariodegarca.com\/index.php?rest_route=\/wp\/v2\/posts"}],"about":[{"href":"https:\/\/diariodegarca.com\/index.php?rest_route=\/wp\/v2\/types\/post"}],"author":[{"embeddable":true,"href":"https:\/\/diariodegarca.com\/index.php?rest_route=\/wp\/v2\/users\/260896546"}],"replies":[{"embeddable":true,"href":"https:\/\/diariodegarca.com\/index.php?rest_route=%2Fwp%2Fv2%2Fcomments&post=5836"}],"version-history":[{"count":2,"href":"https:\/\/diariodegarca.com\/index.php?rest_route=\/wp\/v2\/posts\/5836\/revisions"}],"predecessor-version":[{"id":5839,"href":"https:\/\/diariodegarca.com\/index.php?rest_route=\/wp\/v2\/posts\/5836\/revisions\/5839"}],"wp:featuredmedia":[{"embeddable":true,"href":"https:\/\/diariodegarca.com\/index.php?rest_route=\/wp\/v2\/media\/5837"}],"wp:attachment":[{"href":"https:\/\/diariodegarca.com\/index.php?rest_route=%2Fwp%2Fv2%2Fmedia&parent=5836"}],"wp:term":[{"taxonomy":"category","embeddable":true,"href":"https:\/\/diariodegarca.com\/index.php?rest_route=%2Fwp%2Fv2%2Fcategories&post=5836"},{"taxonomy":"post_tag","embeddable":true,"href":"https:\/\/diariodegarca.com\/index.php?rest_route=%2Fwp%2Fv2%2Ftags&post=5836"}],"curies":[{"name":"wp","href":"https:\/\/api.w.org\/{rel}","templated":true}]}}