{"id":5844,"date":"2025-08-21T09:38:00","date_gmt":"2025-08-21T12:38:00","guid":{"rendered":"https:\/\/diariodegarca.com\/?p=5844"},"modified":"2025-08-19T16:03:06","modified_gmt":"2025-08-19T19:03:06","slug":"inmet-oferece-curso-gratuito-para-formacao-de-observadores-meteorologicos","status":"publish","type":"post","link":"https:\/\/diariodegarca.com\/?p=5844","title":{"rendered":"INMET oferece curso gratuito para forma\u00e7\u00e3o de Observadores Meteorol\u00f3gicos"},"content":{"rendered":"\n<p class=\"wp-block-paragraph\"><em>Capacita\u00e7\u00e3o EaD, com 20 horas de dura\u00e7\u00e3o, \u00e9 uma parceria com ENAGRO, MAPA, SDI e UnB e visa capacitar o p\u00fablico geral para uma das atividades fundamentais da ci\u00eancia atmosf\u00e9rica.<\/em><\/p>\n\n\n\n<p class=\"wp-block-paragraph\">O Instituto Nacional de Meteorologia (INMET) deu in\u00edcio \u00e0 terceira edi\u00e7\u00e3o do curso a dist\u00e2ncia &#8220;Forma\u00e7\u00e3o de Observador Meteorol\u00f3gico&#8221;. A capacita\u00e7\u00e3o \u00e9 oferecida gratuitamente e tem como objetivo qualificar interessados em atuar na \u00e1rea, al\u00e9m de servir como fonte de conhecimento para entusiastas ou como revis\u00e3o para profissionais que j\u00e1 atuam no setor.<\/p>\n\n\n\n<p class=\"wp-block-paragraph\">A iniciativa \u00e9 fruto de uma parceria estrat\u00e9gica entre o INMET, a Embrapa Agropecu\u00e1ria Digital (ENAGRO), a Secretaria de Defesa Agropecu\u00e1ria do Minist\u00e9rio da Agricultura e Pecu\u00e1ria (MAPA\/SDI) e a Universidade de Bras\u00edlia (UnB). O curso \u00e9 hospedado na plataforma de ensino da ENAGRO.<\/p>\n\n\n\n<p class=\"wp-block-paragraph\">Com carga hor\u00e1ria de 20 horas, o conte\u00fado program\u00e1tico foi cuidadosamente elaborado pela meteorologista do INMET, Helenir Trindade, garantindo a qualidade t\u00e9cnica e o alinhamento com as necessidades pr\u00e1ticas da profiss\u00e3o. O treinamento \u00e9 democr\u00e1tico e acess\u00edvel, exigindo apenas o ensino fundamental completo como pr\u00e9-requisito para inscri\u00e7\u00e3o.<\/p>\n\n\n\n<p class=\"wp-block-paragraph\">O sucesso das edi\u00e7\u00f5es anteriores comprova a relev\u00e2ncia da iniciativa. A primeira turma do curso recebeu mais de 1.4 mil inscri\u00e7\u00f5es, n\u00famero que se manteve expressivo na segunda edi\u00e7\u00e3o, com mais de 1.2 mil inscritos. O alto interesse demonstra uma crescente busca por qualifica\u00e7\u00e3o na \u00e1rea ambiental e meteorol\u00f3gica, que \u00e9 de grande import\u00e2ncia para setores como a agricultura, avia\u00e7\u00e3o, defesa civil e gest\u00e3o de recursos h\u00eddricos.<\/p>\n\n\n\n<p class=\"wp-block-paragraph\">As inscri\u00e7\u00f5es para a terceira turma permanecem abertas at\u00e9 o dia 1\u00ba de setembro, e os alunos ter\u00e3o at\u00e9 16 de setembro para concluir todos os m\u00f3dulos e atividades. E a oportunidade n\u00e3o para por a\u00ed: visando atender \u00e0 alta demanda, o INMET j\u00e1 planeja a abertura de mais seis turmas ao longo dos pr\u00f3ximos meses.<\/p>\n\n\n\n<p class=\"wp-block-paragraph\">Para se inscrever e acessar o curso, os interessados devem visitar o link:&nbsp;<a href=\"https:\/\/sistemasweb.agricultura.gov.br\/avaenagro\/mod\/page\/view.php?id=29993\" target=\"_blank\" rel=\"noreferrer noopener\">https:\/\/sistemasweb.agricultura.gov.br\/avaenagro\/mod\/page\/view.php?id=29993<\/a><\/p>\n","protected":false},"excerpt":{"rendered":"<p>Capacita\u00e7\u00e3o EaD, com 20 horas de dura\u00e7\u00e3o, \u00e9 uma parceria com ENAGRO, MAPA, SDI e UnB e visa capacitar o p\u00fablico geral para uma das atividades fundamentais da ci\u00eancia atmosf\u00e9rica. O Instituto Nacional de Meteorologia (INMET) deu in\u00edcio \u00e0 terceira edi\u00e7\u00e3o do curso a dist\u00e2ncia &#8220;Forma\u00e7\u00e3o de Observador Meteorol\u00f3gico&#8221;. A capacita\u00e7\u00e3o \u00e9 oferecida gratuitamente e [&hellip;]<\/p>\n","protected":false},"author":260896546,"featured_media":5845,"comment_status":"open","ping_status":"open","sticky":false,"template":"","format":"standard","meta":{"_crdt_document":"","_monsterinsights_skip_tracking":false,"_monsterinsights_sitenote_active":false,"_monsterinsights_sitenote_note":"","_monsterinsights_sitenote_category":0,"advanced_seo_description":"","jetpack_seo_html_title":"","jetpack_seo_noindex":false,"_jetpack_newsletter_access":"","_jetpack_dont_email_post_to_subs":false,"_jetpack_newsletter_tier_id":0,"_jetpack_memberships_contains_paywalled_content":false,"_jetpack_memberships_contains_paid_content":false,"footnotes":"","jetpack_publicize_message":"\ud83c\udf26\ufe0f O INMET est\u00e1 com inscri\u00e7\u00f5es abertas para o curso gratuito e online de Forma\u00e7\u00e3o de Observador Meteorol\u00f3gico.\n\u00c9 a sua chance de entender como funcionam as previs\u00f5es do tempo e dar o primeiro passo em uma \u00e1rea essencial para o agroneg\u00f3cio, avia\u00e7\u00e3o e muito mais!\n\n\ud83d\udd17 Quer saber todos os detalhes e garantir sua vaga? Acesse diariodegarca.com.\n\n#JornalismoAmbiental #INMET #Meteorologia #CursoGratuito #EaD #MeioAmbiente #Qualifica\u00e7\u00e3oProfissional #MAPA #UnB #ObservadorMeteorologico #Clima","jetpack_publicize_feature_enabled":true,"jetpack_social_post_already_shared":false,"jetpack_social_options":{"image_generator_settings":{"template":"highway","default_image_id":0,"font":"","enabled":false},"version":2},"_wpas_customize_per_network":false,"jetpack_post_was_ever_published":false},"categories":[36947,15243,91066845],"tags":[],"class_list":["post-5844","post","type-post","status-publish","format-standard","has-post-thumbnail","hentry","category-curso","category-meio-ambiente","category-online-curso"],"jetpack_publicize_connections":[],"jetpack_featured_media_url":"https:\/\/i0.wp.com\/diariodegarca.com\/wp-content\/uploads\/2025\/08\/mulher-sorridente-segurando-um-guarda-chuva-e-uma-folha.jpg?fit=5408%2C4731&ssl=1","jetpack_likes_enabled":true,"jetpack_sharing_enabled":true,"jetpack_shortlink":"https:\/\/wp.me\/pgitne-1wg","jetpack-related-posts":[{"id":2669,"url":"https:\/\/diariodegarca.com\/?p=2669","url_meta":{"origin":5844,"position":0},"title":"INMET abre inscri\u00e7\u00f5es para curso gratuito de Observador Meteorol\u00f3gico","author":"Di\u00e1rio de Gar\u00e7a","date":"8 de mar\u00e7o de 2025","format":false,"excerpt":"O Instituto Nacional de Meteorologia (INMET), em parceria com a Escola Nacional de Gest\u00e3o Agropecu\u00e1ria (ENAGRO), o Minist\u00e9rio da Agricultura e Pecu\u00e1ria (MAPA), a Secretaria de Defesa Agropecu\u00e1ria (SDI) e a Universidade de Bras\u00edlia (UnB), abrem inscri\u00e7\u00f5es para a segunda edi\u00e7\u00e3o do curso gratuito de Observador Meteorol\u00f3gico. \ud83d\udcc5 Inscri\u00e7\u00f5es e\u2026","rel":"","context":"Em &quot;Brasil&quot;","block_context":{"text":"Brasil","link":"https:\/\/diariodegarca.com\/?cat=38185"},"img":{"alt_text":"","src":"","width":0,"height":0},"classes":[]},{"id":6618,"url":"https:\/\/diariodegarca.com\/?p=6618","url_meta":{"origin":5844,"position":1},"title":"Escult abre inscri\u00e7\u00f5es para curso gratuito para formar gestores de projetos culturais","author":"Di\u00e1rio de Gar\u00e7a","date":"11 de setembro de 2025","format":false,"excerpt":"Capacita\u00e7\u00e3o de 160 horas ensina desde a concep\u00e7\u00e3o de ideias at\u00e9 a presta\u00e7\u00e3o de contas, preenchendo uma lacuna crucial no setor. A Escola Solano Trindade de Forma\u00e7\u00e3o e Qualifica\u00e7\u00e3o Art\u00edstica, T\u00e9cnica e Cultural (Escult) acaba de lan\u00e7ar um novo curso gratuito de Forma\u00e7\u00e3o Inicial e Continuada (FIC) em Gest\u00e3o de\u2026","rel":"","context":"Em &quot;Cultura&quot;","block_context":{"text":"Cultura","link":"https:\/\/diariodegarca.com\/?cat=2367"},"img":{"alt_text":"","src":"https:\/\/i0.wp.com\/diariodegarca.com\/wp-content\/uploads\/2025\/09\/c2a39c3a-ed1d-4c02-86d3-7a0bcc236834.png?fit=768%2C510&ssl=1&resize=350%2C200","width":350,"height":200,"srcset":"https:\/\/i0.wp.com\/diariodegarca.com\/wp-content\/uploads\/2025\/09\/c2a39c3a-ed1d-4c02-86d3-7a0bcc236834.png?fit=768%2C510&ssl=1&resize=350%2C200 1x, https:\/\/i0.wp.com\/diariodegarca.com\/wp-content\/uploads\/2025\/09\/c2a39c3a-ed1d-4c02-86d3-7a0bcc236834.png?fit=768%2C510&ssl=1&resize=525%2C300 1.5x, https:\/\/i0.wp.com\/diariodegarca.com\/wp-content\/uploads\/2025\/09\/c2a39c3a-ed1d-4c02-86d3-7a0bcc236834.png?fit=768%2C510&ssl=1&resize=700%2C400 2x"},"classes":[]},{"id":5191,"url":"https:\/\/diariodegarca.com\/?p=5191","url_meta":{"origin":5844,"position":2},"title":"Curso gratuito ensina direitos do consumidor no transporte a\u00e9reo","author":"Di\u00e1rio de Gar\u00e7a","date":"2 de agosto de 2025","format":false,"excerpt":"Forma\u00e7\u00e3o online com certificado da UnB aborda desde regula\u00e7\u00e3o at\u00e9 acessibilidade; inscri\u00e7\u00f5es v\u00e3o at\u00e9 25 de agosto. A\u00a0Ag\u00eancia Nacional de Avia\u00e7\u00e3o Civil (Anac)\u00a0e a\u00a0Secretaria Nacional do Consumidor (Senacon)\u00a0abriram as inscri\u00e7\u00f5es para uma nova turma do curso\u00a0\"Rela\u00e7\u00f5es de Consumo no Transporte A\u00e9reo\". A capacita\u00e7\u00e3o,\u00a0gratuita e online, \u00e9 voltada para passageiros, profissionais\u2026","rel":"","context":"Em &quot;Curso&quot;","block_context":{"text":"Curso","link":"https:\/\/diariodegarca.com\/?cat=36947"},"img":{"alt_text":"","src":"https:\/\/i0.wp.com\/diariodegarca.com\/wp-content\/uploads\/2025\/07\/40c5eec8-0860-43b9-ae38-f8c0de091f2a-e1753990653374.jpeg?fit=586%2C333&ssl=1&resize=350%2C200","width":350,"height":200,"srcset":"https:\/\/i0.wp.com\/diariodegarca.com\/wp-content\/uploads\/2025\/07\/40c5eec8-0860-43b9-ae38-f8c0de091f2a-e1753990653374.jpeg?fit=586%2C333&ssl=1&resize=350%2C200 1x, https:\/\/i0.wp.com\/diariodegarca.com\/wp-content\/uploads\/2025\/07\/40c5eec8-0860-43b9-ae38-f8c0de091f2a-e1753990653374.jpeg?fit=586%2C333&ssl=1&resize=525%2C300 1.5x"},"classes":[]},{"id":8036,"url":"https:\/\/diariodegarca.com\/?p=8036","url_meta":{"origin":5844,"position":3},"title":"Curso de forma\u00e7\u00e3o completa para operadores de tratores agr\u00edcolas em Gar\u00e7a","author":"Andreza Sega","date":"25 de outubro de 2025","format":false,"excerpt":"Iniciativa do SENAR e Sindicato Rural capacita profissionais para atuar com efici\u00eancia e seguran\u00e7a no manejo de m\u00e1quinas essenciais ao agroneg\u00f3cio. O campo exige cada vez mais profissionaliza\u00e7\u00e3o, e a opera\u00e7\u00e3o de maquin\u00e1rio \u00e9 um dos pilares dessa moderniza\u00e7\u00e3o. Pensando nisso, o Sindicato Rural de Gar\u00e7a, em parceria com o\u2026","rel":"","context":"Em &quot;Agricultura&quot;","block_context":{"text":"Agricultura","link":"https:\/\/diariodegarca.com\/?cat=34615"},"img":{"alt_text":"","src":"https:\/\/i0.wp.com\/diariodegarca.com\/wp-content\/uploads\/2025\/09\/campo-de-cultivo-de-maquina-agricola-trator.jpg?fit=1200%2C801&ssl=1&resize=350%2C200","width":350,"height":200,"srcset":"https:\/\/i0.wp.com\/diariodegarca.com\/wp-content\/uploads\/2025\/09\/campo-de-cultivo-de-maquina-agricola-trator.jpg?fit=1200%2C801&ssl=1&resize=350%2C200 1x, https:\/\/i0.wp.com\/diariodegarca.com\/wp-content\/uploads\/2025\/09\/campo-de-cultivo-de-maquina-agricola-trator.jpg?fit=1200%2C801&ssl=1&resize=525%2C300 1.5x, https:\/\/i0.wp.com\/diariodegarca.com\/wp-content\/uploads\/2025\/09\/campo-de-cultivo-de-maquina-agricola-trator.jpg?fit=1200%2C801&ssl=1&resize=700%2C400 2x, https:\/\/i0.wp.com\/diariodegarca.com\/wp-content\/uploads\/2025\/09\/campo-de-cultivo-de-maquina-agricola-trator.jpg?fit=1200%2C801&ssl=1&resize=1050%2C600 3x"},"classes":[]},{"id":2002,"url":"https:\/\/diariodegarca.com\/?p=2002","url_meta":{"origin":5844,"position":4},"title":"Curso capacita profissionais no combate \u00e0 viol\u00eancia contra mulher em espa\u00e7os de lazer","author":"Di\u00e1rio de Gar\u00e7a","date":"19 de maio de 2025","format":false,"excerpt":"O\u00a0Minist\u00e9rio das Mulheres, em parceria com a\u00a0Universidade de Bras\u00edlia (UnB), lan\u00e7ou o curso\u00a0\"Circuitos N\u00e3o \u00e9 N\u00e3o\", uma capacita\u00e7\u00e3o\u00a0gratuita\u00a0voltada a trabalhadores(as) de bares, restaurantes e casas noturnas para\u00a0prevenir e combater a viol\u00eancia e o ass\u00e9dio\u00a0contra mulheres nesses ambientes. A iniciativa \u00e9 resultado de uma colabora\u00e7\u00e3o entre governo, academia, setor privado e\u2026","rel":"","context":"Em &quot;Seguran\u00e7a&quot;","block_context":{"text":"Seguran\u00e7a","link":"https:\/\/diariodegarca.com\/?cat=21243"},"img":{"alt_text":"","src":"","width":0,"height":0},"classes":[]},{"id":2627,"url":"https:\/\/diariodegarca.com\/?p=2627","url_meta":{"origin":5844,"position":5},"title":"Curso gratuito sobre direitos das mulheres no consumo abre inscri\u00e7\u00f5es","author":"Di\u00e1rio de Gar\u00e7a","date":"13 de mar\u00e7o de 2025","format":false,"excerpt":"A Escola Nacional de Defesa do Consumidor (ENDC), vinculada ao Minist\u00e9rio da Justi\u00e7a e Seguran\u00e7a P\u00fablica, est\u00e1 oferecendo o curso gratuito \"Os Direitos e a Defesa das Mulheres nas Rela\u00e7\u00f5es de Consumo\". A forma\u00e7\u00e3o \u00e9 autoinstrucional e tem o objetivo de apresentar os principais temas do direito do consumidor sob\u2026","rel":"","context":"Em &quot;Brasil&quot;","block_context":{"text":"Brasil","link":"https:\/\/diariodegarca.com\/?cat=38185"},"img":{"alt_text":"","src":"","width":0,"height":0},"classes":[]}],"_links":{"self":[{"href":"https:\/\/diariodegarca.com\/index.php?rest_route=\/wp\/v2\/posts\/5844","targetHints":{"allow":["GET"]}}],"collection":[{"href":"https:\/\/diariodegarca.com\/index.php?rest_route=\/wp\/v2\/posts"}],"about":[{"href":"https:\/\/diariodegarca.com\/index.php?rest_route=\/wp\/v2\/types\/post"}],"author":[{"embeddable":true,"href":"https:\/\/diariodegarca.com\/index.php?rest_route=\/wp\/v2\/users\/260896546"}],"replies":[{"embeddable":true,"href":"https:\/\/diariodegarca.com\/index.php?rest_route=%2Fwp%2Fv2%2Fcomments&post=5844"}],"version-history":[{"count":2,"href":"https:\/\/diariodegarca.com\/index.php?rest_route=\/wp\/v2\/posts\/5844\/revisions"}],"predecessor-version":[{"id":5847,"href":"https:\/\/diariodegarca.com\/index.php?rest_route=\/wp\/v2\/posts\/5844\/revisions\/5847"}],"wp:featuredmedia":[{"embeddable":true,"href":"https:\/\/diariodegarca.com\/index.php?rest_route=\/wp\/v2\/media\/5845"}],"wp:attachment":[{"href":"https:\/\/diariodegarca.com\/index.php?rest_route=%2Fwp%2Fv2%2Fmedia&parent=5844"}],"wp:term":[{"taxonomy":"category","embeddable":true,"href":"https:\/\/diariodegarca.com\/index.php?rest_route=%2Fwp%2Fv2%2Fcategories&post=5844"},{"taxonomy":"post_tag","embeddable":true,"href":"https:\/\/diariodegarca.com\/index.php?rest_route=%2Fwp%2Fv2%2Ftags&post=5844"}],"curies":[{"name":"wp","href":"https:\/\/api.w.org\/{rel}","templated":true}]}}