{"id":5848,"date":"2025-08-19T16:56:53","date_gmt":"2025-08-19T19:56:53","guid":{"rendered":"https:\/\/diariodegarca.com\/?p=5848"},"modified":"2025-08-19T16:56:53","modified_gmt":"2025-08-19T19:56:53","slug":"pat-de-garca-oferta-vagas-e-capacitacao-gratuita-para-operadores-florestais","status":"publish","type":"post","link":"https:\/\/diariodegarca.com\/?p=5848","title":{"rendered":"PAT de Gar\u00e7a oferta vagas e capacita\u00e7\u00e3o gratuita para operadores florestais"},"content":{"rendered":"\n<p class=\"wp-block-paragraph\"><em>Oportunidades s\u00e3o ideais para quem busca recoloca\u00e7\u00e3o no mercado de trabalho. Processo seletivo para o curso de capacita\u00e7\u00e3o ocorre presencialmente na quinta-feira.<\/em><\/p>\n\n\n\n<p class=\"wp-block-paragraph\">O Posto de Atendimento ao Trabalhador (PAT) de Gar\u00e7a est\u00e1 com oportunidades de emprego abertas para as fun\u00e7\u00f5es de <strong>Operador de Neg\u00f3cios<\/strong> e <strong>Soldador<\/strong>. Al\u00e9m das vagas formais, uma <strong>capacita\u00e7\u00e3o gratuita para Operadores de M\u00e1quinas Florestais<\/strong>, fruto de uma parceria entre a Bracell e o SENAI, tamb\u00e9m est\u00e1 com processo de triagem marcado.<\/p>\n\n\n\n<p class=\"wp-block-paragraph\">As vagas em aberto no PAT s\u00e3o:<\/p>\n\n\n\n<p class=\"wp-block-paragraph\"><strong>Operador de Neg\u00f3cios (Consiga Gar\u00e7a)<\/strong><\/p>\n\n\n\n<ul class=\"wp-block-list\">\n<li><strong>Quantidade:<\/strong>\u00a01 vaga<\/li>\n\n\n\n<li><strong>Remunera\u00e7\u00e3o:<\/strong>\u00a0R$ 1.830,00<\/li>\n\n\n\n<li><strong>Per\u00edodo de Inscri\u00e7\u00e3o:<\/strong>\u00a015 a 20 de agosto de 2025.<\/li>\n\n\n\n<li><strong>Atribui\u00e7\u00f5es:<\/strong>\u00a0Prospec\u00e7\u00e3o de clientes, negocia\u00e7\u00e3o de contratos, cadastro e acompanhamento de propostas.<\/li>\n\n\n\n<li><strong>Hor\u00e1rio:<\/strong>\u00a0Segunda a sexta-feira, das 8h \u00e0s 18h, com 1h15 de intervalo.<\/li>\n\n\n\n<li><strong>Requisitos:<\/strong>\u00a0Experi\u00eancia na fun\u00e7\u00e3o.<\/li>\n\n\n\n<li><strong>Benef\u00edcios:<\/strong>\u00a0Bonifica\u00e7\u00f5es.<\/li>\n<\/ul>\n\n\n\n<p class=\"wp-block-paragraph\"><strong>Soldador<\/strong><\/p>\n\n\n\n<ul class=\"wp-block-list\">\n<li><strong>Quantidade:<\/strong>\u00a01 vaga<\/li>\n\n\n\n<li><strong>Remunera\u00e7\u00e3o:<\/strong>\u00a0A combinar, com piso compat\u00edvel com a fun\u00e7\u00e3o.<\/li>\n\n\n\n<li><strong>Per\u00edodo de Inscri\u00e7\u00e3o:<\/strong>\u00a013 a 22 de agosto de 2025.<\/li>\n\n\n\n<li><strong>Atribui\u00e7\u00f5es:<\/strong>\u00a0Unir e cortar pe\u00e7as de ligas met\u00e1licas usando processos como eletrodo revestido e MIG, preparar equipamentos e aplicar normas de seguran\u00e7a.<\/li>\n\n\n\n<li><strong>Hor\u00e1rio:<\/strong>\u00a0Segunda a sexta-feira, das 7h \u00e0s 17h18.<\/li>\n\n\n\n<li><strong>Requisitos:<\/strong>\u00a0Experi\u00eancia na fun\u00e7\u00e3o.<\/li>\n<\/ul>\n\n\n\n<p class=\"wp-block-paragraph\">As inscri\u00e7\u00f5es devem ser realizadas exclusivamente pelo site\u00a0<a href=\"https:\/\/www.emprega.garca.sp.gov.br\/pat\" target=\"_blank\" rel=\"noreferrer noopener\">https:\/\/www.emprega.garca.sp.gov.br\/pat<\/a>. O candidato deve fazer login, localizar a vaga desejada, clicar em &#8220;detalhes&#8221; e submeter sua candidatura. \u00c9 fundamental preencher todas as informa\u00e7\u00f5es do curr\u00edculo durante a inscri\u00e7\u00e3o, pois isso aumenta as chances de ser chamado para uma entrevista.<\/p>\n\n\n\n<h2 class=\"wp-block-heading\"><strong>Capacita\u00e7\u00e3o para Operadores(as) de M\u00e1quinas Florestais I<\/strong><\/h2>\n\n\n\n<p class=\"wp-block-paragraph\">Paralelamente, a empresa Bracell, em parceria com o SENAI, est\u00e1 oferecendo uma&nbsp;<strong>capacita\u00e7\u00e3o gratuita para Operadores(as) de M\u00e1quinas Florestais I<\/strong>. O curso, com 152 horas de dura\u00e7\u00e3o, oferece forma\u00e7\u00e3o te\u00f3rica para o desempenho seguro e eficiente da fun\u00e7\u00e3o. As aulas ocorrem de segunda a sexta-feira, das 19h \u00e0s 22h. \u00c9 importante destacar que a capacita\u00e7\u00e3o \u00e9 gratuita e n\u00e3o estabelece v\u00ednculo empregat\u00edcio.<\/p>\n\n\n\n<p class=\"wp-block-paragraph\">O processo de triagem para participar do curso ser\u00e1 presencial. Os interessados devem comparecer ao PAT de Gar\u00e7a, localizado na rua Bar\u00e3o do Rio Branco, 295, na\u00a0<strong>quinta-feira, 21 de agosto, entre 10h30 e 14h<\/strong>.<\/p>\n","protected":false},"excerpt":{"rendered":"<p>Oportunidades s\u00e3o ideais para quem busca recoloca\u00e7\u00e3o no mercado de trabalho. Processo seletivo para o curso de capacita\u00e7\u00e3o ocorre presencialmente na quinta-feira. O Posto de Atendimento ao Trabalhador (PAT) de Gar\u00e7a est\u00e1 com oportunidades de emprego abertas para as fun\u00e7\u00f5es de Operador de Neg\u00f3cios e Soldador. Al\u00e9m das vagas formais, uma capacita\u00e7\u00e3o gratuita para Operadores [&hellip;]<\/p>\n","protected":false},"author":260896546,"featured_media":5850,"comment_status":"open","ping_status":"open","sticky":false,"template":"","format":"standard","meta":{"_crdt_document":"","_monsterinsights_skip_tracking":false,"_monsterinsights_sitenote_active":false,"_monsterinsights_sitenote_note":"","_monsterinsights_sitenote_category":0,"advanced_seo_description":"","jetpack_seo_html_title":"","jetpack_seo_noindex":false,"_jetpack_newsletter_access":"","_jetpack_dont_email_post_to_subs":false,"_jetpack_newsletter_tier_id":0,"_jetpack_memberships_contains_paywalled_content":false,"_jetpack_memberships_contains_paid_content":false,"footnotes":"","jetpack_publicize_message":"\ud83d\udce2 Oportunidades de emprego e capacita\u00e7\u00e3o gratuita em Gar\u00e7a \n\nO PAT de Gar\u00e7a centraliza novas chances no mercado de trabalho. Confira os destaques:\n\ud83d\udee0 Vagas Imediatas:\n\u2022 Operador de Neg\u00f3cios: 1 vaga, R$ 1.830,00 + bonifica\u00e7\u00f5es. Inscri\u00e7\u00f5es at\u00e9 20\/08.\n\u2022 Soldador: 1 vaga, sal\u00e1rio compat\u00edvel. Inscri\u00e7\u00f5es at\u00e9 22\/08.\n\n\ud83c\udf33 Capacita\u00e7\u00e3o Gratuita:\nA Bracell e o SENAI abrem triagem para o curso de Operador de M\u00e1quinas Florestais I. A forma\u00e7\u00e3o \u00e9 totalmente gratuita, com 152h de aula no per\u00edodo noturno.\n\nSaiba como se inscrever para as vagas ou para a capacita\u00e7\u00e3o em diariodegarca.com\n\n#PatGarca #VagasEmpregoGarca #Capacita\u00e7\u00e3oGratuita #Bracell #Senai #DesenvolvimentoEconomico #GarcaSP #OportunidadeDeTrabalho","jetpack_publicize_feature_enabled":true,"jetpack_social_post_already_shared":false,"jetpack_social_options":{"image_generator_settings":{"template":"highway","default_image_id":0,"font":"","enabled":false},"version":2},"_wpas_customize_per_network":false,"jetpack_post_was_ever_published":false},"categories":[36947,781171664,115166,1085867,496224],"tags":[],"class_list":["post-5848","post","type-post","status-publish","format-standard","has-post-thumbnail","hentry","category-curso","category-garca-cidade","category-presencial","category-processo-seletivo","category-vagas"],"jetpack_publicize_connections":[],"jetpack_featured_media_url":"https:\/\/i0.wp.com\/diariodegarca.com\/wp-content\/uploads\/2025\/08\/homem-usando-uma-escavadeira-para-cavar-na-luz-dia.jpg?fit=5040%2C3360&ssl=1","jetpack_likes_enabled":true,"jetpack_sharing_enabled":true,"jetpack_shortlink":"https:\/\/wp.me\/pgitne-1wk","jetpack-related-posts":[{"id":8863,"url":"https:\/\/diariodegarca.com\/?p=8863","url_meta":{"origin":5848,"position":0},"title":"PAT de Gar\u00e7a oferece 68 oportunidades de emprego","author":"Andreza Sega","date":"19 de novembro de 2025","format":false,"excerpt":"Sal\u00e1rios chegam a R$ 4.455,00; processo seletivo para 60 vagas de Operador de Telesservi\u00e7os encerra em 21 de novembro. O Posto de Atendimento ao Trabalhador (PAT) de Gar\u00e7a \u00e9 um importante agente no fomento ao emprego local e atualmente centraliza 68 oportunidades de trabalho em diversas \u00e1reas. As vagas abrangem\u2026","rel":"","context":"Em &quot;Gar\u00e7a&quot;","block_context":{"text":"Gar\u00e7a","link":"https:\/\/diariodegarca.com\/?cat=781171664"},"img":{"alt_text":"","src":"https:\/\/i0.wp.com\/diariodegarca.com\/wp-content\/uploads\/2025\/11\/homem-senior-trabalhando-no-campo-com-frutas.jpg?fit=1200%2C800&ssl=1&resize=350%2C200","width":350,"height":200,"srcset":"https:\/\/i0.wp.com\/diariodegarca.com\/wp-content\/uploads\/2025\/11\/homem-senior-trabalhando-no-campo-com-frutas.jpg?fit=1200%2C800&ssl=1&resize=350%2C200 1x, https:\/\/i0.wp.com\/diariodegarca.com\/wp-content\/uploads\/2025\/11\/homem-senior-trabalhando-no-campo-com-frutas.jpg?fit=1200%2C800&ssl=1&resize=525%2C300 1.5x, https:\/\/i0.wp.com\/diariodegarca.com\/wp-content\/uploads\/2025\/11\/homem-senior-trabalhando-no-campo-com-frutas.jpg?fit=1200%2C800&ssl=1&resize=700%2C400 2x, https:\/\/i0.wp.com\/diariodegarca.com\/wp-content\/uploads\/2025\/11\/homem-senior-trabalhando-no-campo-com-frutas.jpg?fit=1200%2C800&ssl=1&resize=1050%2C600 3x"},"classes":[]},{"id":5000,"url":"https:\/\/diariodegarca.com\/?p=5000","url_meta":{"origin":5848,"position":1},"title":"Curso B\u00e1sico de Computa\u00e7\u00e3o gratuito em Fern\u00e3o","author":"Di\u00e1rio de Gar\u00e7a","date":"26 de julho de 2025","format":false,"excerpt":"Parceria busca capacitar moradores com aulas pr\u00e1ticas e certifica\u00e7\u00e3o. A popula\u00e7\u00e3o de Fern\u00e3o ter\u00e1 a oportunidade de se qualificar gratuitamente em inform\u00e1tica b\u00e1sica por meio de um curso oferecido em parceria entre o Fundo Social de Solidariedade, o Sindicato Rural de G\u00e1lia, a Federa\u00e7\u00e3o da Agricultura e Pecu\u00e1ria do Estado\u2026","rel":"","context":"Em &quot;Curso&quot;","block_context":{"text":"Curso","link":"https:\/\/diariodegarca.com\/?cat=36947"},"img":{"alt_text":"","src":"https:\/\/i0.wp.com\/diariodegarca.com\/wp-content\/uploads\/2025\/07\/tudo-vai-ser-incrivel-grupo-de-jovens-com-roupas-casuais-trabalhando-em-um-escritorio-moderno.jpg?fit=1200%2C801&ssl=1&resize=350%2C200","width":350,"height":200,"srcset":"https:\/\/i0.wp.com\/diariodegarca.com\/wp-content\/uploads\/2025\/07\/tudo-vai-ser-incrivel-grupo-de-jovens-com-roupas-casuais-trabalhando-em-um-escritorio-moderno.jpg?fit=1200%2C801&ssl=1&resize=350%2C200 1x, https:\/\/i0.wp.com\/diariodegarca.com\/wp-content\/uploads\/2025\/07\/tudo-vai-ser-incrivel-grupo-de-jovens-com-roupas-casuais-trabalhando-em-um-escritorio-moderno.jpg?fit=1200%2C801&ssl=1&resize=525%2C300 1.5x, https:\/\/i0.wp.com\/diariodegarca.com\/wp-content\/uploads\/2025\/07\/tudo-vai-ser-incrivel-grupo-de-jovens-com-roupas-casuais-trabalhando-em-um-escritorio-moderno.jpg?fit=1200%2C801&ssl=1&resize=700%2C400 2x, https:\/\/i0.wp.com\/diariodegarca.com\/wp-content\/uploads\/2025\/07\/tudo-vai-ser-incrivel-grupo-de-jovens-com-roupas-casuais-trabalhando-em-um-escritorio-moderno.jpg?fit=1200%2C801&ssl=1&resize=1050%2C600 3x"},"classes":[]},{"id":7971,"url":"https:\/\/diariodegarca.com\/?p=7971","url_meta":{"origin":5848,"position":2},"title":"Escola de Eletricistas da CPFL oferta 20 vagas em curso gratuito para as regi\u00f5es de Mar\u00edlia e Bauru","author":"Di\u00e1rio de Gar\u00e7a","date":"23 de outubro de 2025","format":false,"excerpt":"Inscri\u00e7\u00f5es para a capacita\u00e7\u00e3o profissional, que tamb\u00e9m atende moradores de Gar\u00e7a, G\u00e1lia, Mar\u00edlia e outras cidades, seguem abertas at\u00e9 6 de novembro. Forma\u00e7\u00e3o \u00e9 presencial e exige Ensino M\u00e9dio completo. A CPFL Paulista, em parceria com a ELO Energia, est\u00e1 com inscri\u00e7\u00f5es abertas para uma nova turma da \u201cEscola de\u2026","rel":"","context":"Em &quot;Arealva&quot;","block_context":{"text":"Arealva","link":"https:\/\/diariodegarca.com\/?cat=781171854"},"img":{"alt_text":"","src":"https:\/\/i0.wp.com\/diariodegarca.com\/wp-content\/uploads\/2025\/10\/CPFL.jpg?fit=617%2C429&ssl=1&resize=350%2C200","width":350,"height":200,"srcset":"https:\/\/i0.wp.com\/diariodegarca.com\/wp-content\/uploads\/2025\/10\/CPFL.jpg?fit=617%2C429&ssl=1&resize=350%2C200 1x, https:\/\/i0.wp.com\/diariodegarca.com\/wp-content\/uploads\/2025\/10\/CPFL.jpg?fit=617%2C429&ssl=1&resize=525%2C300 1.5x"},"classes":[]},{"id":5352,"url":"https:\/\/diariodegarca.com\/?p=5352","url_meta":{"origin":5848,"position":3},"title":"Mar\u00edlia oferece mais de 60 vagas de emprego com sal\u00e1rios acima de R$ 2 mil e benef\u00edcios","author":"Di\u00e1rio de Gar\u00e7a","date":"6 de agosto de 2025","format":false,"excerpt":"Oportunidades incluem cargos como motorista, fiscal de loja, auxiliar de invent\u00e1rio e consultor de vendas, com prazos de inscri\u00e7\u00e3o at\u00e9 11 de agosto. O Posto de Atendimento ao Trabalhador (PAT) de Mar\u00edlia est\u00e1 com mais de 60 vagas de emprego abertas nesta semana, abrangendo diversos setores e n\u00edveis de escolaridade.\u2026","rel":"","context":"Em &quot;Mar\u00edlia&quot;","block_context":{"text":"Mar\u00edlia","link":"https:\/\/diariodegarca.com\/?cat=683453294"},"img":{"alt_text":"","src":"https:\/\/i0.wp.com\/diariodegarca.com\/wp-content\/uploads\/2025\/08\/profissional-de-encanamento-fazendo-seu-trabalho.jpg?fit=1200%2C800&ssl=1&resize=350%2C200","width":350,"height":200,"srcset":"https:\/\/i0.wp.com\/diariodegarca.com\/wp-content\/uploads\/2025\/08\/profissional-de-encanamento-fazendo-seu-trabalho.jpg?fit=1200%2C800&ssl=1&resize=350%2C200 1x, https:\/\/i0.wp.com\/diariodegarca.com\/wp-content\/uploads\/2025\/08\/profissional-de-encanamento-fazendo-seu-trabalho.jpg?fit=1200%2C800&ssl=1&resize=525%2C300 1.5x, https:\/\/i0.wp.com\/diariodegarca.com\/wp-content\/uploads\/2025\/08\/profissional-de-encanamento-fazendo-seu-trabalho.jpg?fit=1200%2C800&ssl=1&resize=700%2C400 2x, https:\/\/i0.wp.com\/diariodegarca.com\/wp-content\/uploads\/2025\/08\/profissional-de-encanamento-fazendo-seu-trabalho.jpg?fit=1200%2C800&ssl=1&resize=1050%2C600 3x"},"classes":[]},{"id":3422,"url":"https:\/\/diariodegarca.com\/?p=3422","url_meta":{"origin":5848,"position":4},"title":"PAT de Gar\u00e7a oferta vagas em diversas \u00e1reas com oportunidades imediatas","author":"Di\u00e1rio de Gar\u00e7a","date":"26 de maio de 2025","format":false,"excerpt":"Algumas oportunidades se encerram hoje e outra, como operador de furadeira, almoxarifado, encanador, pedreiro e outras fun\u00e7\u00f5es, seguem abertas at\u00e9 o fim de maio O Posto de Atendimento ao Trabalhador (PAT) de Gar\u00e7a est\u00e1 com vagas abertas em diferentes setores, incluindo ind\u00fastria, constru\u00e7\u00e3o civil e servi\u00e7os. As oportunidades, que exigem\u2026","rel":"","context":"Em &quot;Gar\u00e7a&quot;","block_context":{"text":"Gar\u00e7a","link":"https:\/\/diariodegarca.com\/?cat=781171664"},"img":{"alt_text":"","src":"","width":0,"height":0},"classes":[]},{"id":7417,"url":"https:\/\/diariodegarca.com\/?p=7417","url_meta":{"origin":5848,"position":5},"title":"Vagas de emprego para Gar\u00e7a e zona rural: oferece oportunidades em diversos setores","author":"Andreza Sega","date":"3 de outubro de 2025","format":false,"excerpt":"De vagas no agroneg\u00f3cio a posi\u00e7\u00f5es no com\u00e9rcio, ind\u00fastria e servi\u00e7os, a regi\u00e3o concentra chances para profissionais com diferentes perfis. O mercado de trabalho em Gar\u00e7a, fora do PAT, tamb\u00e9m apresenta um leque diversificado de oportunidades de emprego para os mais variados n\u00edveis de forma\u00e7\u00e3o e experi\u00eancia. Empresas dos setores\u2026","rel":"","context":"Em &quot;Gar\u00e7a&quot;","block_context":{"text":"Gar\u00e7a","link":"https:\/\/diariodegarca.com\/?cat=781171664"},"img":{"alt_text":"","src":"https:\/\/i0.wp.com\/diariodegarca.com\/wp-content\/uploads\/2025\/10\/concurso-jovem-encaracolada-segurando-documentos.jpg?fit=1200%2C800&ssl=1&resize=350%2C200","width":350,"height":200,"srcset":"https:\/\/i0.wp.com\/diariodegarca.com\/wp-content\/uploads\/2025\/10\/concurso-jovem-encaracolada-segurando-documentos.jpg?fit=1200%2C800&ssl=1&resize=350%2C200 1x, https:\/\/i0.wp.com\/diariodegarca.com\/wp-content\/uploads\/2025\/10\/concurso-jovem-encaracolada-segurando-documentos.jpg?fit=1200%2C800&ssl=1&resize=525%2C300 1.5x, https:\/\/i0.wp.com\/diariodegarca.com\/wp-content\/uploads\/2025\/10\/concurso-jovem-encaracolada-segurando-documentos.jpg?fit=1200%2C800&ssl=1&resize=700%2C400 2x, https:\/\/i0.wp.com\/diariodegarca.com\/wp-content\/uploads\/2025\/10\/concurso-jovem-encaracolada-segurando-documentos.jpg?fit=1200%2C800&ssl=1&resize=1050%2C600 3x"},"classes":[]}],"_links":{"self":[{"href":"https:\/\/diariodegarca.com\/index.php?rest_route=\/wp\/v2\/posts\/5848","targetHints":{"allow":["GET"]}}],"collection":[{"href":"https:\/\/diariodegarca.com\/index.php?rest_route=\/wp\/v2\/posts"}],"about":[{"href":"https:\/\/diariodegarca.com\/index.php?rest_route=\/wp\/v2\/types\/post"}],"author":[{"embeddable":true,"href":"https:\/\/diariodegarca.com\/index.php?rest_route=\/wp\/v2\/users\/260896546"}],"replies":[{"embeddable":true,"href":"https:\/\/diariodegarca.com\/index.php?rest_route=%2Fwp%2Fv2%2Fcomments&post=5848"}],"version-history":[{"count":2,"href":"https:\/\/diariodegarca.com\/index.php?rest_route=\/wp\/v2\/posts\/5848\/revisions"}],"predecessor-version":[{"id":5851,"href":"https:\/\/diariodegarca.com\/index.php?rest_route=\/wp\/v2\/posts\/5848\/revisions\/5851"}],"wp:featuredmedia":[{"embeddable":true,"href":"https:\/\/diariodegarca.com\/index.php?rest_route=\/wp\/v2\/media\/5850"}],"wp:attachment":[{"href":"https:\/\/diariodegarca.com\/index.php?rest_route=%2Fwp%2Fv2%2Fmedia&parent=5848"}],"wp:term":[{"taxonomy":"category","embeddable":true,"href":"https:\/\/diariodegarca.com\/index.php?rest_route=%2Fwp%2Fv2%2Fcategories&post=5848"},{"taxonomy":"post_tag","embeddable":true,"href":"https:\/\/diariodegarca.com\/index.php?rest_route=%2Fwp%2Fv2%2Ftags&post=5848"}],"curies":[{"name":"wp","href":"https:\/\/api.w.org\/{rel}","templated":true}]}}