{"id":5871,"date":"2025-08-20T15:40:08","date_gmt":"2025-08-20T18:40:08","guid":{"rendered":"https:\/\/diariodegarca.com\/?p=5871"},"modified":"2025-08-20T15:40:08","modified_gmt":"2025-08-20T18:40:08","slug":"agosto-lilas-investigadora-esclarece-o-ciclo-sutil-e-persistente-da-violencia-domestica","status":"publish","type":"post","link":"https:\/\/diariodegarca.com\/?p=5871","title":{"rendered":"Agosto Lil\u00e1s: investigadora esclarece o ciclo sutil e persistente da viol\u00eancia dom\u00e9stica"},"content":{"rendered":"\n<p class=\"wp-block-paragraph\"><em>Em entrevista, Elaine Oliveira detalha as fases da viol\u00eancia, as barreiras para a den\u00fancia e as ferramentas dispon\u00edveis para proteger v\u00edtimas, al\u00e9m de um panorama da Opera\u00e7\u00e3o Shamar e das a\u00e7\u00f5es do Agosto Lil\u00e1s no munic\u00edpio.<\/em><\/p>\n\n\n\n<p class=\"wp-block-paragraph\">Em uma entrevista concedida \u00e0 <strong><a href=\"https:\/\/radionovaalternativagarca.com.br\/\">R\u00e1dio Nova Alternativa<\/a><\/strong> no \u00faltimo s\u00e1bado, <strong>15 de agosto<\/strong>, a investigadora da <strong>Delegacia de Defesa da Mulher (DDM)<\/strong> e vereadora de Gar\u00e7a, <strong>Elaine Oliveira<\/strong>, apresentou uma aula sobre a complexidade da viol\u00eancia dom\u00e9stica. A conversa, que integra as a\u00e7\u00f5es da Opera\u00e7\u00e3o Shamar e da campanha Agosto Lil\u00e1s, foi al\u00e9m dos n\u00fameros e abordou a realidade psicol\u00f3gica que mant\u00e9m milhares de mulheres em ciclos de agress\u00e3o e a necessidade de reconhecer os primeiros sinais de relacionamentos abusivos.<\/p>\n\n\n\n<h3 class=\"wp-block-heading\">Opera\u00e7\u00e3o Shamar em Gar\u00e7a<\/h3>\n\n\n\n<p class=\"wp-block-paragraph\">A Opera\u00e7\u00e3o Shamar, uma iniciativa nacional do Minist\u00e9rio de Justi\u00e7a e Seguran\u00e7a P\u00fablica, com parceria das pol\u00edcias Civil e Militar, j\u00e1 rendeu frutos expressivos no munic\u00edpio. De acordo com Elaine, <strong>a DDM j\u00e1 efetuou 8 pris\u00f5es<\/strong>, al\u00e9m de cumprir mandados de busca e apreens\u00e3o e registrar pris\u00f5es em flagrante. <\/p>\n\n\n\n<p class=\"wp-block-paragraph\">Os dados locais mostram um quadro preocupantes: apenas em 2025, j\u00e1 foram registrados <strong>339 boletins de Ocorr\u00eancia<\/strong> (BOs) na DDM, n\u00famero que deve superar os <strong>514 registrados em todo o ano de 2024<\/strong>. Para a investigadora, o aumento nas estat\u00edsticas n\u00e3o \u00e9 necessariamente um mau sinal, mas demonstra que as mulheres est\u00e3o conseguindo reagir.<\/p>\n\n\n\n<blockquote class=\"wp-block-quote is-layout-flow wp-block-quote-is-layout-flow\">\n<p class=\"wp-block-paragraph\">&#8220;N\u00f3s trabalhamos l\u00e1 com mais n\u00fameros de ocorr\u00eancia, mas as mulheres est\u00e3o mais aptas, e com menos vergonha, menos intimidada, para poder ir fazer e falar sobre o assunto e pedir socorro&#8221;, analisa Elaine.<\/p>\n<\/blockquote>\n\n\n\n<h3 class=\"wp-block-heading\">Ciclo da viol\u00eancia: do &#8220;amor&#8221; ao &#8220;cativeiro emocional&#8221;como come\u00e7a e por que \u00e9 dif\u00edcil romper&#8221;<\/h3>\n\n\n\n<p class=\"wp-block-paragraph\">A especialista explica que a viol\u00eancia raramente come\u00e7a com uma agress\u00e3o f\u00edsica. Ela se inicia de forma sutil, em um padr\u00e3o recorrente chamado &#8220;Ciclo da Viol\u00eancia&#8221;.<\/p>\n\n\n\n<blockquote class=\"wp-block-quote is-layout-flow wp-block-quote-is-layout-flow\">\n<p class=\"wp-block-paragraph\">\u201cNo come\u00e7o aparecem sinais sutis de controle, que muitas vezes s\u00e3o confundidos com ci\u00fame ou amor. Depois v\u00eam as agress\u00f5es e, em seguida, a fase da \u2018lua de mel\u2019, quando o agressor pede perd\u00e3o. Esse ciclo \u00e9 muito dif\u00edcil de ser quebrado porque a mulher acaba acreditando que a culpa \u00e9 dela\u201d, explicou Elaine.<\/p>\n<\/blockquote>\n\n\n\n<p class=\"wp-block-paragraph\">Esse padr\u00e3o, segundo ela, leva muitas mulheres a desenvolverem ansiedade, depress\u00e3o e at\u00e9 tentativas de suic\u00eddio. Ele \u00e9 composto por tr\u00eas fases:<\/p>\n\n\n\n<ol start=\"1\" class=\"wp-block-list\">\n<li><strong>Fase da Paix\u00e3o\/Controle Sutil:<\/strong>\u00a0o agressor come\u00e7a a controlar e manipular a v\u00edtima, proibindo-a de ver amigos, trabalhando ou exigindo senhas de redes sociais. &#8220;Ela acha ainda que isso \u00e9 amor, isso \u00e9 ci\u00fames. Ela perdoa&#8221;, relata Elaine.<\/li>\n\n\n\n<li><strong>Fase da Tens\u00e3o\/Viol\u00eancia:<\/strong>\u00a0A manipula\u00e7\u00e3o evolui para agress\u00f5es verbais, humilha\u00e7\u00f5es e, frequentemente, viol\u00eancia f\u00edsica.<\/li>\n\n\n\n<li><strong>Fase da &#8220;Lua de Mel&#8221;:<\/strong>\u00a0O agressor se arrepende, pede perd\u00e3o prometendo mudan\u00e7a, e a rela\u00e7\u00e3o vive um breve per\u00edodo de harmonia. &#8220;Mas \u00e9 sempre por pouco tempo&#8221;, alerta a investigadora.<\/li>\n<\/ol>\n\n\n\n<p class=\"wp-block-paragraph\">Romper este ciclo \u00e9 extremamente dif\u00edcil devido \u00e0 depend\u00eancia emocional e a uma profunda manipula\u00e7\u00e3o psicol\u00f3gica, conhecida como\u00a0<em>gaslighting<\/em>. <strong>&#8220;Ele consegue desconstruir uma mulher&#8230; Inverte a quest\u00e3o do autor e a quest\u00e3o da v\u00edtima, e ela acaba achando que ela deu causa \u00e0quela agress\u00e3o&#8221;<\/strong>, detalha Elaine. Frases como &#8220;voc\u00ea sem mim n\u00e3o \u00e9 nada&#8221; e &#8220;ningu\u00e9m vai te querer&#8221; s\u00e3o armas comuns para destruir a autoestima da v\u00edtima.<\/p>\n\n\n\n<h3 class=\"wp-block-heading\">Mais do que viol\u00eancia f\u00edsica<\/h3>\n\n\n\n<p class=\"wp-block-paragraph\">A vereadora lembrou que os abusos n\u00e3o se resumem \u00e0s agress\u00f5es vis\u00edveis.<\/p>\n\n\n\n<blockquote class=\"wp-block-quote is-layout-flow wp-block-quote-is-layout-flow\">\n<p class=\"wp-block-paragraph\">\u201cTemos tamb\u00e9m a <strong>viol\u00eancia psicol\u00f3gica, moral, sexual e patrimonial<\/strong>. A falta de pagamento de pens\u00e3o, por exemplo, tamb\u00e9m \u00e9 uma forma de viol\u00eancia contra a mulher e os filhos\u201d, ressaltou.<\/p>\n<\/blockquote>\n\n\n\n<p class=\"wp-block-paragraph\">Al\u00e9m do medo, a vergonha \u00e9 uma barreira para muitas mulheres denunciarem o que sofrem. &#8220;\u00c0s vezes elas tamb\u00e9m t\u00eam vergonha de chegar \u00e0 delegacia da mulher ou at\u00e9 contar o que sofrem dentro da sua casa para um amigo, para um familiar&#8221;. Esse isolamento \u00e9 muitas vezes incentivado pelo agressor, que afasta a v\u00edtima de sua rede de apoio. Elaine revela um triste retrato de gera\u00e7\u00f5es passadas:<\/p>\n\n\n\n<blockquote class=\"wp-block-quote is-layout-flow wp-block-quote-is-layout-flow\">\n<p class=\"wp-block-paragraph\">&#8220;Senhorinhas chegam na delegacia&#8230; e elas falam: &#8216;Eu vivi isso a minha vida inteira. Agora eu n\u00e3o aguento mais. Eu preciso ter paz'&#8221;.<\/p>\n<\/blockquote>\n\n\n\n<h3 class=\"wp-block-heading\">Impacto da viol\u00eancia em toda a fam\u00edlia<\/h3>\n\n\n\n<p class=\"wp-block-paragraph\">A viol\u00eancia n\u00e3o atinge apenas a mulher. Crian\u00e7as que crescem em lares violentos tamb\u00e9m sofrem graves consequ\u00eancias.<\/p>\n\n\n\n<blockquote class=\"wp-block-quote is-layout-flow wp-block-quote-is-layout-flow\">\n<p class=\"wp-block-paragraph\">\u201cRecebemos relatos de filhos ansiosos, que n\u00e3o conseguem dormir por medo da viol\u00eancia dentro de casa. O ciclo atinge toda a fam\u00edlia e pode se repetir nas pr\u00f3ximas gera\u00e7\u00f5es\u201d, relatou a investigadora.<\/p>\n<\/blockquote>\n\n\n\n<p class=\"wp-block-paragraph\">Quebrar esse ciclo n\u00e3o trar\u00e1 mais seguran\u00e7a apenas \u00e0 mulher, mas tamb\u00e9m aos filhos, que passam a ter um lar mais estruturado e deixa de presenciar brigas constantes e viol\u00eancia.<\/p>\n\n\n\n<h3 class=\"wp-block-heading\">Ferramentas de prote\u00e7\u00e3o<\/h3>\n\n\n\n<p class=\"wp-block-paragraph\">Elaine refor\u00e7ou os canais dispon\u00edveis para v\u00edtimas de viol\u00eancia:<\/p>\n\n\n\n<ul class=\"wp-block-list\">\n<li><strong>DDM de Gar\u00e7a<\/strong> \u2013 rua Carlos Gomes, 213 (pr\u00f3ximo aos Correios);<\/li>\n\n\n\n<li><strong>Telefone 180<\/strong> \u2013 Central de Atendimento \u00e0 Mulher;<\/li>\n\n\n\n<li><strong>Telefone 190<\/strong> \u2013 Pol\u00edcia Militar em casos de emerg\u00eancia;<\/li>\n\n\n\n<li><strong>Delegacia Eletr\u00f4nica<\/strong> \u2013 registro online;<\/li>\n\n\n\n<li><strong>Aplicativo SOS Mulher (SP)<\/strong> \u2013 gratuito para download para <a href=\"https:\/\/play.google.com\/store\/apps\/details?id=pmesp.appemer.mp.android.medidasprotetivas&amp;hl=pt_BR\">Android<\/a> e <a href=\"https:\/\/apps.apple.com\/br\/app\/s-o-s-mulher\/id1454832130\">IOS<\/a>.<\/li>\n<\/ul>\n\n\n\n<p class=\"wp-block-paragraph\">Durante a entrevista, ela deu destaque especial ao\u00a0<strong>aplicativo &#8220;SOS Mulher&#8221;<\/strong>, da PM-SP, ao explicar que mulheres com medida protetiva podem baixar o app, cadastrar seus dados e acionar um bot\u00e3o do p\u00e2nico silencioso em caso de emerg\u00eancia, que envia imediatamente a localiza\u00e7\u00e3o via GPS para o COPOM, priorizando o atendimento. Por\u00e9m, todas as mulheres podem e devem baixar o aplicativo para conhec\u00ea-lo e se manter informada.<\/p>\n\n\n\n<p class=\"wp-block-paragraph\">A investigadora ainda comentou sobre o projeto de lei em an\u00e1lise no Congresso que prev\u00ea <strong>tornozeleiras eletr\u00f4nicas para agressores<\/strong>, medida que pode ampliar a fiscaliza\u00e7\u00e3o do cumprimento das ordens judiciais.<\/p>\n\n\n\n<h3 class=\"wp-block-heading\">Romper o sil\u00eancio \u00e9 preciso<\/h3>\n\n\n\n<p class=\"wp-block-paragraph\">Elaine refor\u00e7ou que a culpa nunca \u00e9 da v\u00edtima e que o sil\u00eancio fortalece o agressor.<\/p>\n\n\n\n<blockquote class=\"wp-block-quote is-layout-flow wp-block-quote-is-layout-flow\">\n<p class=\"wp-block-paragraph\">\u201cMedo e controle n\u00e3o s\u00e3o amor. \u00c9 viol\u00eancia. E a sociedade n\u00e3o pode mais aceitar aquela ideia de que \u2018em briga de marido e mulher n\u00e3o se mete a colher\u2019. \u00c9 preciso intervir e denunciar\u201d, disse.<\/p>\n<\/blockquote>\n\n\n\n<p class=\"wp-block-paragraph\">A investigadora tamb\u00e9m destacou que a DDM est\u00e1 aberta n\u00e3o apenas para registros, mas tamb\u00e9m para orienta\u00e7\u00f5es.<\/p>\n\n\n\n<blockquote class=\"wp-block-quote is-layout-flow wp-block-quote-is-layout-flow\">\n<p class=\"wp-block-paragraph\">\u201c\u00c0s vezes a mulher s\u00f3 precisa conversar. A delegacia est\u00e1 de portas abertas\u201d, concluiu.<\/p>\n<\/blockquote>\n","protected":false},"excerpt":{"rendered":"<p>Em entrevista, Elaine Oliveira detalha as fases da viol\u00eancia, as barreiras para a den\u00fancia e as ferramentas dispon\u00edveis para proteger v\u00edtimas, al\u00e9m de um panorama da Opera\u00e7\u00e3o Shamar e das a\u00e7\u00f5es do Agosto Lil\u00e1s no munic\u00edpio. Em uma entrevista concedida \u00e0 R\u00e1dio Nova Alternativa no \u00faltimo s\u00e1bado, 15 de agosto, a investigadora da Delegacia de [&hellip;]<\/p>\n","protected":false},"author":260896546,"featured_media":5872,"comment_status":"open","ping_status":"open","sticky":false,"template":"","format":"standard","meta":{"_crdt_document":"","_monsterinsights_skip_tracking":false,"_monsterinsights_sitenote_active":false,"_monsterinsights_sitenote_note":"","_monsterinsights_sitenote_category":0,"advanced_seo_description":"","jetpack_seo_html_title":"","jetpack_seo_noindex":false,"_jetpack_newsletter_access":"","_jetpack_dont_email_post_to_subs":false,"_jetpack_newsletter_tier_id":0,"_jetpack_memberships_contains_paywalled_content":false,"_jetpack_memberships_contains_paid_content":false,"footnotes":"","jetpack_publicize_message":"\ud83d\udea8 Viol\u00eancia contra a mulher em pauta\n\nA investigadora da Pol\u00edcia Civil e vereadora Elaine Oliveira participou da R\u00e1dio Alternativa e falou sobre a Opera\u00e7\u00e3o Shamar, os n\u00fameros do Agosto Lil\u00e1s e os desafios para romper o ciclo de viol\u00eancia dom\u00e9stica.\n\n\ud83d\udc49 Leia a reportagem completa em diariodegarca.com\n\n#AgostoLilas #Opera\u00e7\u00e3oShamar #ViolenciaContraAMulher #Gar\u00e7a #DDM #ElaineOliveira #Conscientiza\u00e7\u00e3o #DiarioDeGarca #PoliciaCivilSP @radionovaalternativafmgarcasp","jetpack_publicize_feature_enabled":true,"jetpack_social_post_already_shared":false,"jetpack_social_options":{"image_generator_settings":{"template":"highway","default_image_id":0,"font":"","enabled":false},"version":2},"_wpas_customize_per_network":false,"jetpack_post_was_ever_published":false},"categories":[582590134],"tags":[],"class_list":["post-5871","post","type-post","status-publish","format-standard","has-post-thumbnail","hentry","category-campanha-mensal"],"jetpack_publicize_connections":[],"jetpack_featured_media_url":"https:\/\/i0.wp.com\/diariodegarca.com\/wp-content\/uploads\/2025\/08\/elaine.jpg?fit=1200%2C1600&ssl=1","jetpack_likes_enabled":true,"jetpack_sharing_enabled":true,"jetpack_shortlink":"https:\/\/wp.me\/pgitne-1wH","jetpack-related-posts":[{"id":5682,"url":"https:\/\/diariodegarca.com\/?p=5682","url_meta":{"origin":5871,"position":0},"title":"&#8220;Agosto Lil\u00e1s&#8221; leva conscientiza\u00e7\u00e3o sobre viol\u00eancia dom\u00e9stica a Lup\u00e9rcio, G\u00e1lia e Gar\u00e7a","author":"Di\u00e1rio de Gar\u00e7a","date":"15 de agosto de 2025","format":false,"excerpt":"Palestras da Pol\u00edcia Militar e da Pol\u00edcia Civil orientam mulheres sobre o aplicativo SOS Mulher; Opera\u00e7\u00e3o Shamar prende 8 homens por crimes de viol\u00eancia ou relacionados a pens\u00e3o aliment\u00edcia na regi\u00e3o. Nos munic\u00edpios de Lup\u00e9rcio e G\u00e1lia, a Pol\u00edcia Militar, representada pelos comandantes Subtenente PM Rog\u00e9rio Mecenero e 1\u00ba Sgt\u2026","rel":"","context":"Em &quot;Campanha mensal&quot;","block_context":{"text":"Campanha mensal","link":"https:\/\/diariodegarca.com\/?cat=582590134"},"img":{"alt_text":"","src":"https:\/\/i0.wp.com\/diariodegarca.com\/wp-content\/uploads\/2025\/08\/whatsapp-image-2025-08-15-at-17.47.04.jpeg?fit=1080%2C1074&ssl=1&resize=350%2C200","width":350,"height":200,"srcset":"https:\/\/i0.wp.com\/diariodegarca.com\/wp-content\/uploads\/2025\/08\/whatsapp-image-2025-08-15-at-17.47.04.jpeg?fit=1080%2C1074&ssl=1&resize=350%2C200 1x, https:\/\/i0.wp.com\/diariodegarca.com\/wp-content\/uploads\/2025\/08\/whatsapp-image-2025-08-15-at-17.47.04.jpeg?fit=1080%2C1074&ssl=1&resize=525%2C300 1.5x, https:\/\/i0.wp.com\/diariodegarca.com\/wp-content\/uploads\/2025\/08\/whatsapp-image-2025-08-15-at-17.47.04.jpeg?fit=1080%2C1074&ssl=1&resize=700%2C400 2x, https:\/\/i0.wp.com\/diariodegarca.com\/wp-content\/uploads\/2025\/08\/whatsapp-image-2025-08-15-at-17.47.04.jpeg?fit=1080%2C1074&ssl=1&resize=1050%2C600 3x"},"classes":[]},{"id":5713,"url":"https:\/\/diariodegarca.com\/?p=5713","url_meta":{"origin":5871,"position":1},"title":"&#8220;Agosto Lil\u00e1s&#8221; chega a Alvinl\u00e2ndia com palestra sobre viol\u00eancia dom\u00e9stica e ferramentas de prote\u00e7\u00e3o","author":"Di\u00e1rio de Gar\u00e7a","date":"17 de agosto de 2025","format":false,"excerpt":"Investigadora Elaine Oliveira e Pol\u00edcia Militar orientam mulheres sobre preven\u00e7\u00e3o, aplicativo SOS Mulher e Cabine Lil\u00e1s. Na noite de sexta-feira,\u00a015 de agosto, Alvinl\u00e2ndia recebeu uma edi\u00e7\u00e3o da campanha\u00a0\"Agosto Lil\u00e1s\", com uma palestra ministrada pela\u00a0investigadora da Pol\u00edcia Civil e vereadora de Gar\u00e7a, Elaine Oliveira, em parceria com a\u00a0Pol\u00edcia Militar. O evento,\u2026","rel":"","context":"Em &quot;Alvinl\u00e2ndia&quot;","block_context":{"text":"Alvinl\u00e2ndia","link":"https:\/\/diariodegarca.com\/?cat=32102633"},"img":{"alt_text":"","src":"https:\/\/i0.wp.com\/diariodegarca.com\/wp-content\/uploads\/2025\/08\/97b11998-6e54-4fc4-9159-c620a80a593e.jpg?fit=900%2C1200&ssl=1&resize=350%2C200","width":350,"height":200,"srcset":"https:\/\/i0.wp.com\/diariodegarca.com\/wp-content\/uploads\/2025\/08\/97b11998-6e54-4fc4-9159-c620a80a593e.jpg?fit=900%2C1200&ssl=1&resize=350%2C200 1x, https:\/\/i0.wp.com\/diariodegarca.com\/wp-content\/uploads\/2025\/08\/97b11998-6e54-4fc4-9159-c620a80a593e.jpg?fit=900%2C1200&ssl=1&resize=525%2C300 1.5x, https:\/\/i0.wp.com\/diariodegarca.com\/wp-content\/uploads\/2025\/08\/97b11998-6e54-4fc4-9159-c620a80a593e.jpg?fit=900%2C1200&ssl=1&resize=700%2C400 2x"},"classes":[]},{"id":5545,"url":"https:\/\/diariodegarca.com\/?p=5545","url_meta":{"origin":5871,"position":2},"title":"Palestra em Alvinl\u00e2ndia aborda conscientiza\u00e7\u00e3o e combate \u00e0 viol\u00eancia contra a mulher","author":"Di\u00e1rio de Gar\u00e7a","date":"13 de agosto de 2025","format":false,"excerpt":"Evento gratuito no dia 15 de agosto, com a investigadora Elaine Oliveira, ir\u00e1 discutir mecanismos de prote\u00e7\u00e3o e direitos das mulheres. No pr\u00f3ximo dia\u00a015 de agosto, sexta-feira, \u00e0s\u00a019h, o\u00a0Centro Comunit\u00e1rio de Alvinl\u00e2ndia\u00a0recebe uma palestra informativa sobre\u00a0combate \u00e0 viol\u00eancia contra a mulher, ministrada pela investigadora\u00a0Elaine Oliveira, da Delegacia de Defesa da\u2026","rel":"","context":"Em &quot;Alvinl\u00e2ndia&quot;","block_context":{"text":"Alvinl\u00e2ndia","link":"https:\/\/diariodegarca.com\/?cat=32102633"},"img":{"alt_text":"","src":"https:\/\/i0.wp.com\/diariodegarca.com\/wp-content\/uploads\/2025\/08\/b.jpg?fit=1200%2C1124&ssl=1&resize=350%2C200","width":350,"height":200,"srcset":"https:\/\/i0.wp.com\/diariodegarca.com\/wp-content\/uploads\/2025\/08\/b.jpg?fit=1200%2C1124&ssl=1&resize=350%2C200 1x, https:\/\/i0.wp.com\/diariodegarca.com\/wp-content\/uploads\/2025\/08\/b.jpg?fit=1200%2C1124&ssl=1&resize=525%2C300 1.5x, https:\/\/i0.wp.com\/diariodegarca.com\/wp-content\/uploads\/2025\/08\/b.jpg?fit=1200%2C1124&ssl=1&resize=700%2C400 2x, https:\/\/i0.wp.com\/diariodegarca.com\/wp-content\/uploads\/2025\/08\/b.jpg?fit=1200%2C1124&ssl=1&resize=1050%2C600 3x"},"classes":[]},{"id":5536,"url":"https:\/\/diariodegarca.com\/?p=5536","url_meta":{"origin":5871,"position":3},"title":"Palestra em G\u00e1lia aborda direitos das mulheres e combate \u00e0 viol\u00eancia dom\u00e9stica","author":"Di\u00e1rio de Gar\u00e7a","date":"12 de agosto de 2025","format":false,"excerpt":"Evento gratuito no dia 13 de agosto re\u00fane a investigadora e vereadora Elaine Oliveira para discutir mecanismos de prote\u00e7\u00e3o e conscientiza\u00e7\u00e3o no Agosto Lil\u00e1s. No pr\u00f3ximo dia\u00a013 de agosto, quarta-feira, \u00e0s\u00a014h, o Anfiteatro da Secretaria Municipal de Educa\u00e7\u00e3o de G\u00e1lia, localizado na rua Jos\u00e9 Rodrigues, 682, recebe uma palestra sobre\u00a0direitos\u2026","rel":"","context":"Em &quot;Campanha mensal&quot;","block_context":{"text":"Campanha mensal","link":"https:\/\/diariodegarca.com\/?cat=582590134"},"img":{"alt_text":"","src":"https:\/\/i0.wp.com\/diariodegarca.com\/wp-content\/uploads\/2025\/08\/531842147_18072247271038080_7244612791675215943_n.jpg?fit=760%2C1200&ssl=1&resize=350%2C200","width":350,"height":200,"srcset":"https:\/\/i0.wp.com\/diariodegarca.com\/wp-content\/uploads\/2025\/08\/531842147_18072247271038080_7244612791675215943_n.jpg?fit=760%2C1200&ssl=1&resize=350%2C200 1x, https:\/\/i0.wp.com\/diariodegarca.com\/wp-content\/uploads\/2025\/08\/531842147_18072247271038080_7244612791675215943_n.jpg?fit=760%2C1200&ssl=1&resize=525%2C300 1.5x, https:\/\/i0.wp.com\/diariodegarca.com\/wp-content\/uploads\/2025\/08\/531842147_18072247271038080_7244612791675215943_n.jpg?fit=760%2C1200&ssl=1&resize=700%2C400 2x"},"classes":[]},{"id":5345,"url":"https:\/\/diariodegarca.com\/?p=5345","url_meta":{"origin":5871,"position":4},"title":"Opera\u00e7\u00e3o Shamar refor\u00e7a combate \u00e0 viol\u00eancia contra a mulher, marcando os 19 anos da Lei Maria da Penha","author":"Di\u00e1rio de Gar\u00e7a","date":"6 de agosto de 2025","format":false,"excerpt":"Iniciativa nacional promove prote\u00e7\u00e3o e atendimento qualificado \u00e0s v\u00edtimas, com treinamento de policiais para atua\u00e7\u00e3o eficiente. Na quinta-feira, 7 de agosto, a Lei Maria da Penha completa 19 anos como uma das principais ferramentas no combate \u00e0 viol\u00eancia dom\u00e9stica no Brasil. Para marcar a data e refor\u00e7ar as a\u00e7\u00f5es de\u2026","rel":"","context":"Em &quot;Brasil&quot;","block_context":{"text":"Brasil","link":"https:\/\/diariodegarca.com\/?cat=38185"},"img":{"alt_text":"","src":"https:\/\/i0.wp.com\/diariodegarca.com\/wp-content\/uploads\/2025\/08\/palestrapolicia.jpg?fit=348%2C434&ssl=1&resize=350%2C200","width":350,"height":200},"classes":[]},{"id":5240,"url":"https:\/\/diariodegarca.com\/?p=5240","url_meta":{"origin":5871,"position":5},"title":"Agosto Lil\u00e1s: m\u00eas de enfrentamento \u00e0 viol\u00eancia contra a mulher","author":"Di\u00e1rio de Gar\u00e7a","date":"5 de agosto de 2025","format":false,"excerpt":"Campanha nacional refor\u00e7a a import\u00e2ncia da prote\u00e7\u00e3o \u00e0s mulheres e das redes de apoio. O\u00a0Agosto Lil\u00e1s\u00a0\u00e9 uma campanha nacional de conscientiza\u00e7\u00e3o e combate \u00e0 viol\u00eancia contra a mulher, criada para marcar o anivers\u00e1rio da\u00a0Lei Maria da Penha (Lei n\u00ba 11.340\/2006), completando\u00a019 anos em 2025. A iniciativa visa disseminar informa\u00e7\u00f5es sobre\u2026","rel":"","context":"Em &quot;Brasil&quot;","block_context":{"text":"Brasil","link":"https:\/\/diariodegarca.com\/?cat=38185"},"img":{"alt_text":"","src":"https:\/\/i0.wp.com\/diariodegarca.com\/wp-content\/uploads\/2025\/08\/mulher-deprimida-com-efeito-de-vidro-rachado.jpg?fit=1200%2C800&ssl=1&resize=350%2C200","width":350,"height":200,"srcset":"https:\/\/i0.wp.com\/diariodegarca.com\/wp-content\/uploads\/2025\/08\/mulher-deprimida-com-efeito-de-vidro-rachado.jpg?fit=1200%2C800&ssl=1&resize=350%2C200 1x, https:\/\/i0.wp.com\/diariodegarca.com\/wp-content\/uploads\/2025\/08\/mulher-deprimida-com-efeito-de-vidro-rachado.jpg?fit=1200%2C800&ssl=1&resize=525%2C300 1.5x, https:\/\/i0.wp.com\/diariodegarca.com\/wp-content\/uploads\/2025\/08\/mulher-deprimida-com-efeito-de-vidro-rachado.jpg?fit=1200%2C800&ssl=1&resize=700%2C400 2x, https:\/\/i0.wp.com\/diariodegarca.com\/wp-content\/uploads\/2025\/08\/mulher-deprimida-com-efeito-de-vidro-rachado.jpg?fit=1200%2C800&ssl=1&resize=1050%2C600 3x"},"classes":[]}],"_links":{"self":[{"href":"https:\/\/diariodegarca.com\/index.php?rest_route=\/wp\/v2\/posts\/5871","targetHints":{"allow":["GET"]}}],"collection":[{"href":"https:\/\/diariodegarca.com\/index.php?rest_route=\/wp\/v2\/posts"}],"about":[{"href":"https:\/\/diariodegarca.com\/index.php?rest_route=\/wp\/v2\/types\/post"}],"author":[{"embeddable":true,"href":"https:\/\/diariodegarca.com\/index.php?rest_route=\/wp\/v2\/users\/260896546"}],"replies":[{"embeddable":true,"href":"https:\/\/diariodegarca.com\/index.php?rest_route=%2Fwp%2Fv2%2Fcomments&post=5871"}],"version-history":[{"count":11,"href":"https:\/\/diariodegarca.com\/index.php?rest_route=\/wp\/v2\/posts\/5871\/revisions"}],"predecessor-version":[{"id":5883,"href":"https:\/\/diariodegarca.com\/index.php?rest_route=\/wp\/v2\/posts\/5871\/revisions\/5883"}],"wp:featuredmedia":[{"embeddable":true,"href":"https:\/\/diariodegarca.com\/index.php?rest_route=\/wp\/v2\/media\/5872"}],"wp:attachment":[{"href":"https:\/\/diariodegarca.com\/index.php?rest_route=%2Fwp%2Fv2%2Fmedia&parent=5871"}],"wp:term":[{"taxonomy":"category","embeddable":true,"href":"https:\/\/diariodegarca.com\/index.php?rest_route=%2Fwp%2Fv2%2Fcategories&post=5871"},{"taxonomy":"post_tag","embeddable":true,"href":"https:\/\/diariodegarca.com\/index.php?rest_route=%2Fwp%2Fv2%2Ftags&post=5871"}],"curies":[{"name":"wp","href":"https:\/\/api.w.org\/{rel}","templated":true}]}}