{"id":5884,"date":"2025-08-21T08:34:00","date_gmt":"2025-08-21T11:34:00","guid":{"rendered":"https:\/\/diariodegarca.com\/?p=5884"},"modified":"2025-08-20T16:16:08","modified_gmt":"2025-08-20T19:16:08","slug":"garca-exibe-animacao-turma-do-folclore-na-biblioteca","status":"publish","type":"post","link":"https:\/\/diariodegarca.com\/?p=5884","title":{"rendered":"Gar\u00e7a exibe anima\u00e7\u00e3o &#8220;Turma do Folclore&#8221; na Biblioteca"},"content":{"rendered":"\n<p class=\"wp-block-paragraph\"><em>Pontos MIS trar\u00e1 cinema de qualidade \u00e0 cidade com exibi\u00e7\u00f5es na quinta-feira (21), \u00e0s 9h e 13h30, na Audiovideoteca.<\/em><\/p>\n\n\n\n<p class=\"wp-block-paragraph\">Pontos MIS em parceria com a plataforma Tocha Play, promove na pr\u00f3xima <strong>quinta-feira, 21 de agosto<\/strong>, duas sess\u00f5es gratuitas de cinema em Gar\u00e7a. A atra\u00e7\u00e3o do dia ser\u00e1 o filme\u00a0<em>Turma do Folclore<\/em>, uma anima\u00e7\u00e3o nacional que celebra as lendas e personagens do imagin\u00e1rio brasileiro.<\/p>\n\n\n\n<p class=\"wp-block-paragraph\">As exibi\u00e7\u00f5es ocorrer\u00e3o na Audiovideoteca da Biblioteca P\u00fablica Municipal, localizada na avenida Dr. Rafael Paes de Barros, 522. O p\u00fablico ter\u00e1 duas op\u00e7\u00f5es de hor\u00e1rio para prestigiar a sess\u00e3o: <strong>\u00e0s 9h e \u00e0s 13h30<\/strong>. A entrada \u00e9 gratuita, com espa\u00e7o para 70 pessoas.<\/p>\n\n\n\n<p class=\"wp-block-paragraph\"><strong>Sobre a produ\u00e7\u00e3o<\/strong><\/p>\n\n\n\n<p class=\"wp-block-paragraph\"><em>Turma do Folclore<\/em>&nbsp;\u00e9 uma s\u00e9rie de anima\u00e7\u00e3o que transforma figuras ic\u00f4nicas do nosso folclore, como o Saci, o Curupira e a Iara, em her\u00f3is de aventuras modernas e divertidas. A narrativa une de forma l\u00fadica a riqueza da cultura popular brasileira com mensagens educativas, tendo como pano de fundo quest\u00f5es urgentes de sustentabilidade e preserva\u00e7\u00e3o ambiental. As hist\u00f3rias s\u00e3o pensadas para entreter crian\u00e7as e adultos, resgatando tradi\u00e7\u00f5es e ao mesmo tempo promovendo uma reflex\u00e3o sobre o cuidado com o planeta.<\/p>\n\n\n\n<p class=\"wp-block-paragraph\">A produ\u00e7\u00e3o \u00e9 um exemplo do crescimento e da qualidade do cinema de anima\u00e7\u00e3o nacional, que tem conquistado espa\u00e7o ao criar conte\u00fado que valoriza a identidade cultural do pa\u00eds.<\/p>\n\n\n\n<p class=\"wp-block-paragraph\"><strong>Sobre o Pontos MIS<\/strong><\/p>\n\n\n\n<p class=\"wp-block-paragraph\">O Pontos MIS \u00e9 um programa de forma\u00e7\u00e3o e difus\u00e3o cultural que come\u00e7ou como uma iniciativa do Museu da Imagem e do Som (MIS), institui\u00e7\u00e3o da Secretaria de Cultura, Economia e Ind\u00fastria Criativas do Estado de S\u00e3o Paulo. Com o objetivo de democratizar o acesso ao cinema, o projeto se expandiu significativamente ao conquistar o apoio do Minist\u00e9rio da Cultura e do Governo Federal, no \u00e2mbito do programa &#8220;Brasil e Reconstru\u00e7\u00e3o&#8221;.<\/p>\n\n\n\n<p class=\"wp-block-paragraph\">Essa parceria permitiu que o programa levasse uma programa\u00e7\u00e3o cultural diversificada (que inclui filmes, document\u00e1rios e curtas-metragens de diferentes g\u00eaneros e origens) a centenas de cidades pelo Brasil, fomentando a arte e a economia criativa diretamente nas comunidades.<\/p>\n","protected":false},"excerpt":{"rendered":"<p>Pontos MIS trar\u00e1 cinema de qualidade \u00e0 cidade com exibi\u00e7\u00f5es na quinta-feira (21), \u00e0s 9h e 13h30, na Audiovideoteca. Pontos MIS em parceria com a plataforma Tocha Play, promove na pr\u00f3xima quinta-feira, 21 de agosto, duas sess\u00f5es gratuitas de cinema em Gar\u00e7a. A atra\u00e7\u00e3o do dia ser\u00e1 o filme\u00a0Turma do Folclore, uma anima\u00e7\u00e3o nacional que [&hellip;]<\/p>\n","protected":false},"author":260896546,"featured_media":5886,"comment_status":"open","ping_status":"open","sticky":false,"template":"","format":"standard","meta":{"_monsterinsights_skip_tracking":false,"advanced_seo_description":"","jetpack_seo_html_title":"","jetpack_seo_noindex":false,"jetpack_seo_schema_type":"","_jetpack_newsletter_access":"","_jetpack_dont_email_post_to_subs":false,"_jetpack_newsletter_tier_id":0,"_jetpack_memberships_contains_paywalled_content":false,"_wpcom_ai_launchpad_first_post":false,"_jetpack_feature_clip_id":0,"_jetpack_memberships_contains_paid_content":false,"footnotes":"","jetpack_publicize_message":"\ud83c\udfac Cultura e anima\u00e7\u00e3o gratuitas em Gar\u00e7a\n\nA cidade recebe na pr\u00f3xima quinta-feira (21\/08) o projeto Pontos MIS com exibi\u00e7\u00f5es do filme nacional \"Turma do Folclore\". A anima\u00e7\u00e3o apresenta Saci, Curupira e outros personagens do nosso folclore em aventuras que divertem e ensinam sobre sustentabilidade.\n\nDuas sess\u00f5es:\n\u23f0 9h e 13h30\n\ud83d\udccc Biblioteca P\u00fablica Municipal (Audiovideoteca) - Av. Dr. Rafael Paes de Barros, 522.\n\n\ud83d\udcd6 Saiba mais em diariodegarca.com\n\n#Gar\u00e7a #Cultura #CinemaGratuito #TurmaDoFolclore #PontosMIS #Anima\u00e7\u00e3oNacional #FolcloreBrasileiro #SecretariaDeCulturaGarca #TochaPlay #EventoEmGarca","jetpack_publicize_feature_enabled":true,"jetpack_social_post_already_shared":false,"jetpack_social_options":{"image_generator_settings":{"template":"highway","default_image_id":0,"font":"","enabled":false},"version":2},"_wpas_customize_per_network":false,"jetpack_post_was_ever_published":false},"categories":[597,2367,781171664],"tags":[],"class_list":["post-5884","post","type-post","status-publish","format-standard","has-post-thumbnail","hentry","category-cinema","category-cultura","category-garca-cidade"],"jetpack_publicize_connections":[],"jetpack_likes_enabled":true,"jetpack_sharing_enabled":true,"jetpack_shortlink":"https:\/\/wp.me\/pgitne-1wU","jetpack-related-posts":[{"id":7109,"url":"https:\/\/diariodegarca.com\/?p=7109","url_meta":{"origin":5884,"position":0},"title":"Gar\u00e7a recebe sess\u00e3o gratuita de cinema com a &#8220;Turma do Folclore&#8221;","author":"Di\u00e1rio de Gar\u00e7a","date":"25 de setembro de 2025","format":false,"excerpt":"Produ\u00e7\u00e3o audiovisual infantil usa o folclore brasileiro para explicar de forma l\u00fadica os Objetivos de Desenvolvimento Sustent\u00e1vel da ONU. A Secretaria de Cultura de Gar\u00e7a (Secult), em parceria com o programa Pontos MIS e a Tocha Play, promove uma sess\u00e3o gratuita de cinema no pr\u00f3ximo dia 30 de setembro, ter\u00e7a-feira.\u2026","rel":"","context":"Em &quot;Cinema&quot;","block_context":{"text":"Cinema","link":"https:\/\/diariodegarca.com\/?cat=597"},"img":{"alt_text":"","src":"https:\/\/i0.wp.com\/diariodegarca.com\/wp-content\/uploads\/2025\/08\/main_turma_folclore_desenho_animado_cinema_bh-e1767735844103.jpg?fit=742%2C448&ssl=1&resize=350%2C200","width":350,"height":200,"srcset":"https:\/\/i0.wp.com\/diariodegarca.com\/wp-content\/uploads\/2025\/08\/main_turma_folclore_desenho_animado_cinema_bh-e1767735844103.jpg?fit=742%2C448&ssl=1&resize=350%2C200 1x, https:\/\/i0.wp.com\/diariodegarca.com\/wp-content\/uploads\/2025\/08\/main_turma_folclore_desenho_animado_cinema_bh-e1767735844103.jpg?fit=742%2C448&ssl=1&resize=525%2C300 1.5x, https:\/\/i0.wp.com\/diariodegarca.com\/wp-content\/uploads\/2025\/08\/main_turma_folclore_desenho_animado_cinema_bh-e1767735844103.jpg?fit=742%2C448&ssl=1&resize=700%2C400 2x"},"classes":[]},{"id":6645,"url":"https:\/\/diariodegarca.com\/?p=6645","url_meta":{"origin":5884,"position":1},"title":"Pontos MIS exibe &#8220;O Vendedor de Sonhos&#8221; em Gar\u00e7a nesta quinta-feira","author":"Di\u00e1rio de Gar\u00e7a","date":"16 de setembro de 2025","format":false,"excerpt":"Sess\u00e3o gratuita, aberta ao p\u00fablico, ocorre na Audiovideoteca da Biblioteca Municipal e faz parte de programa de democratiza\u00e7\u00e3o do acesso ao cinema. A cena cultural de Gar\u00e7a recebe, nesta quinta-feira, 18 de setembro, uma sess\u00e3o de cinema gratuita promovida pelo programa Pontos MIS. O filme em cartaz ser\u00e1 a produ\u00e7\u00e3o\u2026","rel":"","context":"Em &quot;Cinema&quot;","block_context":{"text":"Cinema","link":"https:\/\/diariodegarca.com\/?cat=597"},"img":{"alt_text":"","src":"https:\/\/i0.wp.com\/diariodegarca.com\/wp-content\/uploads\/2025\/08\/460043.jpg-r_1920_1080-f_jpg-q_x-xxyxx.jpg.jpg?fit=1200%2C784&ssl=1&resize=350%2C200","width":350,"height":200,"srcset":"https:\/\/i0.wp.com\/diariodegarca.com\/wp-content\/uploads\/2025\/08\/460043.jpg-r_1920_1080-f_jpg-q_x-xxyxx.jpg.jpg?fit=1200%2C784&ssl=1&resize=350%2C200 1x, https:\/\/i0.wp.com\/diariodegarca.com\/wp-content\/uploads\/2025\/08\/460043.jpg-r_1920_1080-f_jpg-q_x-xxyxx.jpg.jpg?fit=1200%2C784&ssl=1&resize=525%2C300 1.5x, https:\/\/i0.wp.com\/diariodegarca.com\/wp-content\/uploads\/2025\/08\/460043.jpg-r_1920_1080-f_jpg-q_x-xxyxx.jpg.jpg?fit=1200%2C784&ssl=1&resize=700%2C400 2x, https:\/\/i0.wp.com\/diariodegarca.com\/wp-content\/uploads\/2025\/08\/460043.jpg-r_1920_1080-f_jpg-q_x-xxyxx.jpg.jpg?fit=1200%2C784&ssl=1&resize=1050%2C600 3x"},"classes":[]},{"id":8162,"url":"https:\/\/diariodegarca.com\/?p=8162","url_meta":{"origin":5884,"position":2},"title":"Drama hist\u00f3rico &#8220;A Valsa do Imperador&#8221; tem exibi\u00e7\u00e3o gratuita em Gar\u00e7a","author":"Andreza Sega","date":"29 de outubro de 2025","format":false,"excerpt":"Sess\u00e3o do Pontos MIS acontece na Biblioteca Municipal com entrada franca e sem necessidade de inscri\u00e7\u00e3o pr\u00e9via. O programa Pontos MIS continua levando cinema de qualidade para Gar\u00e7a, desta vez com a exibi\u00e7\u00e3o do drama hist\u00f3rico \"A Valsa do Imperador\". A sess\u00e3o gratuita ocorrer\u00e1 na quinta-feira, 30 de outubro, \u00e0s\u2026","rel":"","context":"Em &quot;Cinema&quot;","block_context":{"text":"Cinema","link":"https:\/\/diariodegarca.com\/?cat=597"},"img":{"alt_text":"","src":"https:\/\/i0.wp.com\/diariodegarca.com\/wp-content\/uploads\/2025\/10\/Emperor-Waltz-2.webp?fit=960%2C540&ssl=1&resize=350%2C200","width":350,"height":200,"srcset":"https:\/\/i0.wp.com\/diariodegarca.com\/wp-content\/uploads\/2025\/10\/Emperor-Waltz-2.webp?fit=960%2C540&ssl=1&resize=350%2C200 1x, https:\/\/i0.wp.com\/diariodegarca.com\/wp-content\/uploads\/2025\/10\/Emperor-Waltz-2.webp?fit=960%2C540&ssl=1&resize=525%2C300 1.5x, https:\/\/i0.wp.com\/diariodegarca.com\/wp-content\/uploads\/2025\/10\/Emperor-Waltz-2.webp?fit=960%2C540&ssl=1&resize=700%2C400 2x"},"classes":[]},{"id":5445,"url":"https:\/\/diariodegarca.com\/?p=5445","url_meta":{"origin":5884,"position":3},"title":"&#8220;Kasa Branca&#8221;: filme sobre amor e resist\u00eancia na periferia com exibi\u00e7\u00e3o gratuita em Gar\u00e7a","author":"Di\u00e1rio de Gar\u00e7a","date":"10 de agosto de 2025","format":false,"excerpt":"Produ\u00e7\u00e3o inspirada em hist\u00f3rias reais retrata cuidado intergeracional e desafios sociais com sess\u00e3o gratuita na Biblioteca Municipal Na pr\u00f3xima quinta-feira, 14 de agosto, a\u00a0Biblioteca P\u00fablica Municipal de Gar\u00e7a\u00a0recebe a exibi\u00e7\u00e3o gratuita do filme\u00a0Kasa Branca\u00a0(2023), como parte do programa\u00a0Pontos MIS. A sess\u00e3o, marcada para as 14h na AudioVideoteca, na avenida Dr.\u2026","rel":"","context":"Em &quot;Cinema&quot;","block_context":{"text":"Cinema","link":"https:\/\/diariodegarca.com\/?cat=597"},"img":{"alt_text":"","src":"https:\/\/i0.wp.com\/diariodegarca.com\/wp-content\/uploads\/2025\/08\/kasabra_f03cor_2024112828.jpg?fit=770%2C434&ssl=1&resize=350%2C200","width":350,"height":200,"srcset":"https:\/\/i0.wp.com\/diariodegarca.com\/wp-content\/uploads\/2025\/08\/kasabra_f03cor_2024112828.jpg?fit=770%2C434&ssl=1&resize=350%2C200 1x, https:\/\/i0.wp.com\/diariodegarca.com\/wp-content\/uploads\/2025\/08\/kasabra_f03cor_2024112828.jpg?fit=770%2C434&ssl=1&resize=525%2C300 1.5x, https:\/\/i0.wp.com\/diariodegarca.com\/wp-content\/uploads\/2025\/08\/kasabra_f03cor_2024112828.jpg?fit=770%2C434&ssl=1&resize=700%2C400 2x"},"classes":[]},{"id":8470,"url":"https:\/\/diariodegarca.com\/?p=8470","url_meta":{"origin":5884,"position":4},"title":"&#8220;O Amor de Mumu&#8221;: drama sobre pai surdo e filha ter\u00e1 exibi\u00e7\u00e3o em Mar\u00edlia e Gar\u00e7a","author":"Andreza Sega","date":"5 de novembro de 2025","format":false,"excerpt":"Filme que explora os limites da comunica\u00e7\u00e3o e a for\u00e7a dos la\u00e7os familiares ser\u00e1 exibido pelo Pontos MIS; sess\u00f5es gratuitas acontecem nessa semana. Um drama sens\u00edvel que mergulha na complexidade da comunica\u00e7\u00e3o e nos sacrif\u00edcios pela fam\u00edlia. \u00c9 com esta premissa que o filme chin\u00eas\u00a0\"O Amor de Mu Mu\"\u00a0integra a\u2026","rel":"","context":"Em &quot;Cinema&quot;","block_context":{"text":"Cinema","link":"https:\/\/diariodegarca.com\/?cat=597"},"img":{"alt_text":"","src":"https:\/\/i0.wp.com\/diariodegarca.com\/wp-content\/uploads\/2025\/11\/o-amor-de-mumu.jpg?fit=1200%2C679&ssl=1&resize=350%2C200","width":350,"height":200,"srcset":"https:\/\/i0.wp.com\/diariodegarca.com\/wp-content\/uploads\/2025\/11\/o-amor-de-mumu.jpg?fit=1200%2C679&ssl=1&resize=350%2C200 1x, https:\/\/i0.wp.com\/diariodegarca.com\/wp-content\/uploads\/2025\/11\/o-amor-de-mumu.jpg?fit=1200%2C679&ssl=1&resize=525%2C300 1.5x, https:\/\/i0.wp.com\/diariodegarca.com\/wp-content\/uploads\/2025\/11\/o-amor-de-mumu.jpg?fit=1200%2C679&ssl=1&resize=700%2C400 2x, https:\/\/i0.wp.com\/diariodegarca.com\/wp-content\/uploads\/2025\/11\/o-amor-de-mumu.jpg?fit=1200%2C679&ssl=1&resize=1050%2C600 3x"},"classes":[]},{"id":8572,"url":"https:\/\/diariodegarca.com\/?p=8572","url_meta":{"origin":5884,"position":5},"title":"Biblioteca de Gar\u00e7a exibe sess\u00e3o gratuita de &#8220;Teca e Tuti: Uma Noite na Biblioteca&#8221;","author":"Andreza Sega","date":"8 de novembro de 2025","format":false,"excerpt":"Projeto Pontos MIS, que leva exibi\u00e7\u00f5es para todo o estado, promove sess\u00e3o infantil no dia 11 de novembro, com patroc\u00ednio da Petrobras, promovendo acesso \u00e0 cultura para a fam\u00edlia. Uma aventura animada espera pela crian\u00e7ada em Gar\u00e7a. No dia 11 de novembro, ter\u00e7a-feira, a Biblioteca P\u00fablica Municipal recebe uma sess\u00e3o\u2026","rel":"","context":"Em &quot;Cinema&quot;","block_context":{"text":"Cinema","link":"https:\/\/diariodegarca.com\/?cat=597"},"img":{"alt_text":"","src":"https:\/\/i0.wp.com\/diariodegarca.com\/wp-content\/uploads\/2025\/11\/teca-e-tuti-uma-noite-na-biblioteca.jpg?fit=1200%2C675&ssl=1&resize=350%2C200","width":350,"height":200,"srcset":"https:\/\/i0.wp.com\/diariodegarca.com\/wp-content\/uploads\/2025\/11\/teca-e-tuti-uma-noite-na-biblioteca.jpg?fit=1200%2C675&ssl=1&resize=350%2C200 1x, https:\/\/i0.wp.com\/diariodegarca.com\/wp-content\/uploads\/2025\/11\/teca-e-tuti-uma-noite-na-biblioteca.jpg?fit=1200%2C675&ssl=1&resize=525%2C300 1.5x, https:\/\/i0.wp.com\/diariodegarca.com\/wp-content\/uploads\/2025\/11\/teca-e-tuti-uma-noite-na-biblioteca.jpg?fit=1200%2C675&ssl=1&resize=700%2C400 2x, https:\/\/i0.wp.com\/diariodegarca.com\/wp-content\/uploads\/2025\/11\/teca-e-tuti-uma-noite-na-biblioteca.jpg?fit=1200%2C675&ssl=1&resize=1050%2C600 3x"},"classes":[]}],"jetpack_featured_media_url":"https:\/\/i0.wp.com\/diariodegarca.com\/wp-content\/uploads\/2025\/08\/main_turma_folclore_desenho_animado_cinema_bh-e1767735844103.jpg?fit=742%2C448&ssl=1","_links":{"self":[{"href":"https:\/\/diariodegarca.com\/index.php?rest_route=\/wp\/v2\/posts\/5884","targetHints":{"allow":["GET"]}}],"collection":[{"href":"https:\/\/diariodegarca.com\/index.php?rest_route=\/wp\/v2\/posts"}],"about":[{"href":"https:\/\/diariodegarca.com\/index.php?rest_route=\/wp\/v2\/types\/post"}],"author":[{"embeddable":true,"href":"https:\/\/diariodegarca.com\/index.php?rest_route=\/wp\/v2\/users\/260896546"}],"replies":[{"embeddable":true,"href":"https:\/\/diariodegarca.com\/index.php?rest_route=%2Fwp%2Fv2%2Fcomments&post=5884"}],"version-history":[{"count":3,"href":"https:\/\/diariodegarca.com\/index.php?rest_route=\/wp\/v2\/posts\/5884\/revisions"}],"predecessor-version":[{"id":5888,"href":"https:\/\/diariodegarca.com\/index.php?rest_route=\/wp\/v2\/posts\/5884\/revisions\/5888"}],"wp:featuredmedia":[{"embeddable":true,"href":"https:\/\/diariodegarca.com\/index.php?rest_route=\/wp\/v2\/media\/5886"}],"wp:attachment":[{"href":"https:\/\/diariodegarca.com\/index.php?rest_route=%2Fwp%2Fv2%2Fmedia&parent=5884"}],"wp:term":[{"taxonomy":"category","embeddable":true,"href":"https:\/\/diariodegarca.com\/index.php?rest_route=%2Fwp%2Fv2%2Fcategories&post=5884"},{"taxonomy":"post_tag","embeddable":true,"href":"https:\/\/diariodegarca.com\/index.php?rest_route=%2Fwp%2Fv2%2Ftags&post=5884"}],"curies":[{"name":"wp","href":"https:\/\/api.w.org\/{rel}","templated":true}]}}