{"id":5977,"date":"2025-08-23T09:09:00","date_gmt":"2025-08-23T12:09:00","guid":{"rendered":"https:\/\/diariodegarca.com\/?p=5977"},"modified":"2025-08-22T17:36:02","modified_gmt":"2025-08-22T20:36:02","slug":"defesa-agropecuaria-de-sp-alerta-sobre-surto-de-raiva-e-orienta-produtores-sobre-medidas-urgentes","status":"publish","type":"post","link":"https:\/\/diariodegarca.com\/?p=5977","title":{"rendered":"Defesa Agropecu\u00e1ria de SP alerta sobre surto de raiva e orienta produtores sobre medidas urgentes"},"content":{"rendered":"\n<p class=\"wp-block-paragraph\"><em>Campanha nas redes sociais da institui\u00e7\u00e3o detalha sinais cl\u00ednicos da doen\u00e7a em herb\u00edvoros, procedimentos em caso de mordedura por morcegos e a import\u00e2ncia de notificar as autoridades sanit\u00e1rias para conter o avan\u00e7o da zoonose.<\/em><\/p>\n\n\n\n<p class=\"wp-block-paragraph\">A Coordenadoria de Defesa Agropecu\u00e1ria do Estado de S\u00e3o Paulo, \u00f3rg\u00e3o vinculado \u00e0 Secretaria de Agricultura e Abastecimento, est\u00e1 conduzindo uma campanha digital para alertar produtores rurais e a popula\u00e7\u00e3o sobre <strong>os perigos da raiva<\/strong>, uma zoonose fatal que avan\u00e7a silenciosamente entre rebanhos. A iniciativa, veiculada nas redes sociais oficiais do \u00f3rg\u00e3o, busca combater a desinforma\u00e7\u00e3o e orientar sobre as a\u00e7\u00f5es imediatas necess\u00e1rias para salvar animais e, principalmente, proteger vidas humanas.<\/p>\n\n\n\n<p class=\"wp-block-paragraph\">A raiva, causada por um v\u00edrus que ataca o sistema nervoso central, \u00e9 uma amea\u00e7a constante \u00e0 sanidade animal e \u00e0 sa\u00fade p\u00fablica. Em herb\u00edvoros, como bovinos, equinos, b\u00fafalos e ovinos, a transmiss\u00e3o ocorre principalmente pela mordedura de morcegos hemat\u00f3fagos (que se alimentam de sangue), conhecidos como&nbsp;<em>Desmodus rotundus<\/em>. Estes morcegos s\u00e3o os principais reservat\u00f3rios da doen\u00e7a no ciclo rural.<\/p>\n\n\n\n<p class=\"wp-block-paragraph\">A campanha da Defesa Agropecu\u00e1ria \u00e9 clara ao enumerar os sinais cl\u00ednicos que demandam aten\u00e7\u00e3o m\u00e1xima. Se um animal apresentar&nbsp;<strong>altera\u00e7\u00f5es de comportamento<\/strong>&nbsp;repentinas (como agressividade incomum ou depress\u00e3o profunda),&nbsp;<strong>dilata\u00e7\u00e3o da pupila<\/strong>,&nbsp;<strong>fotofobia<\/strong>&nbsp;(avers\u00e3o \u00e0 luz),&nbsp;<strong>saliva\u00e7\u00e3o excessiva<\/strong>&nbsp;e&nbsp;<strong>dificuldade de locomo\u00e7\u00e3o<\/strong>&nbsp;ou em se manter de p\u00e9, a suspeita de raiva deve ser imediata.<\/p>\n\n\n\n<p class=\"wp-block-paragraph\">Diante de uma suspeita, a orienta\u00e7\u00e3o das autoridades sanit\u00e1rias \u00e9 enf\u00e1tica:\u00a0<strong>n\u00e3o sacrificar o animal<\/strong>. O sacrif\u00edcio precoce, antes da coleta de material para diagn\u00f3stico, impede a confirma\u00e7\u00e3o laboratorial da doen\u00e7a, necess\u00e1rio para mapear e conter o surto. Al\u00e9m disso, \u00e9 vital\u00a0<strong>n\u00e3o manipular o animal doente<\/strong>, reduzindo o risco de exposi\u00e7\u00e3o ao v\u00edrus presente na saliva.<\/p>\n\n\n\n<p class=\"wp-block-paragraph\">O material gr\u00e1fico da campanha tamb\u00e9m instrui sobre os passos a serem todos logo ap\u00f3s a detec\u00e7\u00e3o de uma mordedura. O produtor deve\u00a0<strong>comunicar imediatamente<\/strong>\u00a0a unidade mais pr\u00f3xima da Defesa Agropecu\u00e1ria,\u00a0<strong>isolar o animal<\/strong>\u00a0acometido do restante do rebanho para evitar novos contatos e, se houver uma ferida vis\u00edvel,\u00a0<strong>aplicar a pasta vampiricida<\/strong>\u00a0ao redor dela, uma medida de controle populacional do morcego transmissor.<\/p>\n\n\n\n<p class=\"wp-block-paragraph\">Para os casos de acidentes com humanos, a mensagem \u00e9 direta: se uma pessoa for mordida por qualquer morcego, deve-se\u00a0<strong>lavar o local exaustivamente com \u00e1gua e sab\u00e3o<\/strong>\u00a0e\u00a0<strong>procurar atendimento m\u00e9dico urgente<\/strong>\u00a0na unidade de sa\u00fade mais pr\u00f3xima. A profilaxia p\u00f3s-exposi\u00e7\u00e3o, com vacina e soro, \u00e9 100% eficaz se aplicada a tempo, antes do aparecimento dos sintomas, quando a doen\u00e7a se torna invariavelmente fatal.<\/p>\n","protected":false},"excerpt":{"rendered":"<p>Campanha nas redes sociais da institui\u00e7\u00e3o detalha sinais cl\u00ednicos da doen\u00e7a em herb\u00edvoros, procedimentos em caso de mordedura por morcegos e a import\u00e2ncia de notificar as autoridades sanit\u00e1rias para conter o avan\u00e7o da zoonose. A Coordenadoria de Defesa Agropecu\u00e1ria do Estado de S\u00e3o Paulo, \u00f3rg\u00e3o vinculado \u00e0 Secretaria de Agricultura e Abastecimento, est\u00e1 conduzindo uma [&hellip;]<\/p>\n","protected":false},"author":260896546,"featured_media":5978,"comment_status":"open","ping_status":"open","sticky":false,"template":"","format":"standard","meta":{"_crdt_document":"","_monsterinsights_skip_tracking":false,"_monsterinsights_sitenote_active":false,"_monsterinsights_sitenote_note":"","_monsterinsights_sitenote_category":0,"advanced_seo_description":"","jetpack_seo_html_title":"","jetpack_seo_noindex":false,"_jetpack_newsletter_access":"","_jetpack_dont_email_post_to_subs":false,"_jetpack_newsletter_tier_id":0,"_jetpack_memberships_contains_paywalled_content":false,"_jetpack_memberships_contains_paid_content":false,"footnotes":"","jetpack_publicize_message":"\ud83d\udea8 ADefesa Agropecu\u00e1ria de SP refor\u00e7a campanha contra a Raiva \ud83e\udd87\n\nA zoonose \u00e9 uma amea\u00e7a real aos rebanhos e \u00e0 popula\u00e7\u00e3o. Campanha alerta sobre como proceder, o que fazer e o que n\u00e3o fazer em caso de mordida em animais ou humanos.\n\n\ud83d\udcd6 Leia a mat\u00e9ria completa em diariodegarca.com\n\n#DefesaAgropecu\u00e1riaSP #SanidadeAnimal #Raiva #Sa\u00fadeP\u00fablica #AgriculturaSP #Agropecu\u00e1ria #M\u00e9dicoVeterin\u00e1rio #ProdutorRural #Pecu\u00e1ria #Zoonose #Instagram","jetpack_publicize_feature_enabled":true,"jetpack_social_post_already_shared":false,"jetpack_social_options":{"image_generator_settings":{"template":"highway","default_image_id":0,"font":"","enabled":false},"version":2},"_wpas_customize_per_network":false,"jetpack_post_was_ever_published":false},"categories":[34615,38185,1268075,72064],"tags":[],"class_list":["post-5977","post","type-post","status-publish","format-standard","has-post-thumbnail","hentry","category-agricultura","category-brasil","category-pecuaria","category-saude"],"jetpack_publicize_connections":[],"jetpack_featured_media_url":"https:\/\/i0.wp.com\/diariodegarca.com\/wp-content\/uploads\/2025\/08\/close-de-um-morcego-adormecido-envolto-em-suas-asas.jpg?fit=5184%2C3456&ssl=1","jetpack_likes_enabled":true,"jetpack_sharing_enabled":true,"jetpack_shortlink":"https:\/\/wp.me\/pgitne-1yp","jetpack-related-posts":[{"id":4385,"url":"https:\/\/diariodegarca.com\/?p=4385","url_meta":{"origin":5977,"position":0},"title":"Segunda etapa da campanha contra a Brucelose come\u00e7a no Estado de S\u00e3o Paulo","author":"Di\u00e1rio de Gar\u00e7a","date":"2 de julho de 2025","format":false,"excerpt":"Vacina\u00e7\u00e3o obrigat\u00f3ria vai at\u00e9 31 de dezembro e abrange f\u00eameas bovinas e bubalinas de 3 a 8 meses de idade Teve in\u00edcio nesta ter\u00e7a-feira, 1\u00ba de julho, a segunda etapa da campanha de vacina\u00e7\u00e3o contra a Brucelose no Estado de S\u00e3o Paulo. A a\u00e7\u00e3o segue at\u00e9 31 de dezembro de\u2026","rel":"","context":"Em &quot;Pecu\u00e1ria&quot;","block_context":{"text":"Pecu\u00e1ria","link":"https:\/\/diariodegarca.com\/?cat=1268075"},"img":{"alt_text":"","src":"https:\/\/i0.wp.com\/diariodegarca.com\/wp-content\/uploads\/2025\/07\/1751372717aitplu3wguzpugomcvazwa8lpnyztjgfl9s9em7c.jpeg?fit=700%2C466&ssl=1&resize=350%2C200","width":350,"height":200,"srcset":"https:\/\/i0.wp.com\/diariodegarca.com\/wp-content\/uploads\/2025\/07\/1751372717aitplu3wguzpugomcvazwa8lpnyztjgfl9s9em7c.jpeg?fit=700%2C466&ssl=1&resize=350%2C200 1x, https:\/\/i0.wp.com\/diariodegarca.com\/wp-content\/uploads\/2025\/07\/1751372717aitplu3wguzpugomcvazwa8lpnyztjgfl9s9em7c.jpeg?fit=700%2C466&ssl=1&resize=525%2C300 1.5x, https:\/\/i0.wp.com\/diariodegarca.com\/wp-content\/uploads\/2025\/07\/1751372717aitplu3wguzpugomcvazwa8lpnyztjgfl9s9em7c.jpeg?fit=700%2C466&ssl=1&resize=700%2C400 2x"},"classes":[]},{"id":3996,"url":"https:\/\/diariodegarca.com\/?p=3996","url_meta":{"origin":5977,"position":1},"title":"Produtores de citros de SP devem entregar relat\u00f3rio Cancro\/Greening at\u00e9 15 de julho","author":"Di\u00e1rio de Gar\u00e7a","date":"15 de junho de 2025","format":false,"excerpt":"Declara\u00e7\u00e3o no sistema GEDAVE ajuda no mapeamento de pragas e direcionamento de a\u00e7\u00f5es sanit\u00e1rias A Coordenadoria de Defesa Agropecu\u00e1ria (CDA), vinculada \u00e0 Secretaria de Agricultura e Abastecimento do Estado de S\u00e3o Paulo (SAA), publicou em suas redes sociais um refor\u00e7o aos citricultores sobre a import\u00e2ncia do envio do relat\u00f3rio Cancro\/Greening\u2026","rel":"","context":"Em &quot;Agricultura&quot;","block_context":{"text":"Agricultura","link":"https:\/\/diariodegarca.com\/?cat=34615"},"img":{"alt_text":"","src":"","width":0,"height":0},"classes":[]},{"id":4239,"url":"https:\/\/diariodegarca.com\/?p=4239","url_meta":{"origin":5977,"position":2},"title":"Campanha de vacina\u00e7\u00e3o contra brucelose em S\u00e3o Paulo se encerra em 30 de junho","author":"Di\u00e1rio de Gar\u00e7a","date":"25 de junho de 2025","format":false,"excerpt":"Produtores devem imunizar f\u00eameas bovinas e bubalinas de 3 a 8 meses para evitar restri\u00e7\u00f5es \u00e0 movimenta\u00e7\u00e3o do rebanho A Coordenadoria de Defesa Agropecu\u00e1ria (CDA), vinculada \u00e0 Secretaria de Agricultura e Abastecimento do Estado de S\u00e3o Paulo, alerta os produtores rurais sobre o encerramento do primeiro per\u00edodo da campanha de\u2026","rel":"","context":"Em &quot;Brasil&quot;","block_context":{"text":"Brasil","link":"https:\/\/diariodegarca.com\/?cat=38185"},"img":{"alt_text":"","src":"","width":0,"height":0},"classes":[]},{"id":4662,"url":"https:\/\/diariodegarca.com\/?p=4662","url_meta":{"origin":5977,"position":3},"title":"Produtores de citros t\u00eam at\u00e9 amanh\u00e3 para enviar relat\u00f3rio sobre cancro e greening","author":"Di\u00e1rio de Gar\u00e7a","date":"14 de julho de 2025","format":false,"excerpt":"Declara\u00e7\u00e3o trimestral no sistema GEDAVE \u00e9 obrigat\u00f3ria e auxilia no combate a pragas que amea\u00e7am a citricultura paulista. A Defesa Agropecu\u00e1ria da Secretaria de Agricultura e Abastecimento do Estado de S\u00e3o Paulo (SAA) alerta os produtores de citros sobre o prazo final para envio do\u00a0Relat\u00f3rio Cancro\/Greening, que vence\u00a0amanh\u00e3, 15 de\u2026","rel":"","context":"Em &quot;Agricultura&quot;","block_context":{"text":"Agricultura","link":"https:\/\/diariodegarca.com\/?cat=34615"},"img":{"alt_text":"","src":"","width":0,"height":0},"classes":[]},{"id":3832,"url":"https:\/\/diariodegarca.com\/?p=3832","url_meta":{"origin":5977,"position":4},"title":"SP capacita veterin\u00e1rios para diagn\u00f3stico de mormo em equ\u00eddeos com treinamento gratuito","author":"Di\u00e1rio de Gar\u00e7a","date":"9 de junho de 2025","format":false,"excerpt":"Curso online abordar\u00e1 uso de aplicativos para coleta e envio de amostras, fortalecendo a sanidade animal no estado A\u00a0Coordenadoria de Defesa Agropecu\u00e1ria (CDA), vinculada \u00e0 Secretaria de Agricultura e Abastecimento do Estado de S\u00e3o Paulo (SAA), promove no dia\u00a010 de junho\u00a0um treinamento gratuito para m\u00e9dicos-veterin\u00e1rios sobre o uso das plataformas\u00a0Resenha\u2026","rel":"","context":"Em &quot;Agricultura&quot;","block_context":{"text":"Agricultura","link":"https:\/\/diariodegarca.com\/?cat=34615"},"img":{"alt_text":"","src":"","width":0,"height":0},"classes":[]},{"id":5906,"url":"https:\/\/diariodegarca.com\/?p=5906","url_meta":{"origin":5977,"position":5},"title":"Minist\u00e9rio da Agricultura investiga \u00f3bitos de animais ligados a lotes espec\u00edficos de vacina contra clostridiose","author":"Di\u00e1rio de Gar\u00e7a","date":"22 de agosto de 2025","format":false,"excerpt":"Ap\u00f3s notifica\u00e7\u00e3o de quase 200 mortes no Piau\u00ed, Mapa determina apreens\u00e3o e recolhimento de dois lotes da vacina Excell 10. Investiga\u00e7\u00e3o deve se estender por 60 dias para confirmar a rela\u00e7\u00e3o causal. O Minist\u00e9rio da Agricultura e Pecu\u00e1ria (Mapa) est\u00e1 investigando a morte de 199 animais no estado do Piau\u00ed\u2026","rel":"","context":"Em &quot;Brasil&quot;","block_context":{"text":"Brasil","link":"https:\/\/diariodegarca.com\/?cat=38185"},"img":{"alt_text":"","src":"https:\/\/i0.wp.com\/diariodegarca.com\/wp-content\/uploads\/2025\/08\/estilo-de-vida-rural-com-ovelhas.jpg?fit=1200%2C800&ssl=1&resize=350%2C200","width":350,"height":200,"srcset":"https:\/\/i0.wp.com\/diariodegarca.com\/wp-content\/uploads\/2025\/08\/estilo-de-vida-rural-com-ovelhas.jpg?fit=1200%2C800&ssl=1&resize=350%2C200 1x, https:\/\/i0.wp.com\/diariodegarca.com\/wp-content\/uploads\/2025\/08\/estilo-de-vida-rural-com-ovelhas.jpg?fit=1200%2C800&ssl=1&resize=525%2C300 1.5x, https:\/\/i0.wp.com\/diariodegarca.com\/wp-content\/uploads\/2025\/08\/estilo-de-vida-rural-com-ovelhas.jpg?fit=1200%2C800&ssl=1&resize=700%2C400 2x, https:\/\/i0.wp.com\/diariodegarca.com\/wp-content\/uploads\/2025\/08\/estilo-de-vida-rural-com-ovelhas.jpg?fit=1200%2C800&ssl=1&resize=1050%2C600 3x"},"classes":[]}],"_links":{"self":[{"href":"https:\/\/diariodegarca.com\/index.php?rest_route=\/wp\/v2\/posts\/5977","targetHints":{"allow":["GET"]}}],"collection":[{"href":"https:\/\/diariodegarca.com\/index.php?rest_route=\/wp\/v2\/posts"}],"about":[{"href":"https:\/\/diariodegarca.com\/index.php?rest_route=\/wp\/v2\/types\/post"}],"author":[{"embeddable":true,"href":"https:\/\/diariodegarca.com\/index.php?rest_route=\/wp\/v2\/users\/260896546"}],"replies":[{"embeddable":true,"href":"https:\/\/diariodegarca.com\/index.php?rest_route=%2Fwp%2Fv2%2Fcomments&post=5977"}],"version-history":[{"count":4,"href":"https:\/\/diariodegarca.com\/index.php?rest_route=\/wp\/v2\/posts\/5977\/revisions"}],"predecessor-version":[{"id":5982,"href":"https:\/\/diariodegarca.com\/index.php?rest_route=\/wp\/v2\/posts\/5977\/revisions\/5982"}],"wp:featuredmedia":[{"embeddable":true,"href":"https:\/\/diariodegarca.com\/index.php?rest_route=\/wp\/v2\/media\/5978"}],"wp:attachment":[{"href":"https:\/\/diariodegarca.com\/index.php?rest_route=%2Fwp%2Fv2%2Fmedia&parent=5977"}],"wp:term":[{"taxonomy":"category","embeddable":true,"href":"https:\/\/diariodegarca.com\/index.php?rest_route=%2Fwp%2Fv2%2Fcategories&post=5977"},{"taxonomy":"post_tag","embeddable":true,"href":"https:\/\/diariodegarca.com\/index.php?rest_route=%2Fwp%2Fv2%2Ftags&post=5977"}],"curies":[{"name":"wp","href":"https:\/\/api.w.org\/{rel}","templated":true}]}}