{"id":6007,"date":"2025-08-23T15:43:36","date_gmt":"2025-08-23T18:43:36","guid":{"rendered":"https:\/\/diariodegarca.com\/?p=6007"},"modified":"2025-08-23T15:43:36","modified_gmt":"2025-08-23T18:43:36","slug":"lins-abre-processo-seletivo-para-medico-veterinario","status":"publish","type":"post","link":"https:\/\/diariodegarca.com\/?p=6007","title":{"rendered":"Lins abre processo seletivo para M\u00e9dico Veterin\u00e1rio"},"content":{"rendered":"\n<p class=\"wp-block-paragraph\"><em>Inscri\u00e7\u00f5es foram prorrogadas; sal\u00e1rio pode chegar a R$ 5.582,45 mais insalubridade para atua\u00e7\u00e3o em frigor\u00edfico.<\/em><\/p>\n\n\n\n<p class=\"wp-block-paragraph\">A Prefeitura Municipal de Lins, por meio da Secretaria de Meio Ambiente e Agropecu\u00e1ria, publicou nesta quarta-feira, 13 de agosto, uma\u00a0<strong>retifica\u00e7\u00e3o no Edital<\/strong>\u00a0do Processo Seletivo n\u00ba 02\/2025, aberto alguns dias antes, que visa a contrata\u00e7\u00e3o tempor\u00e1ria de dois M\u00e9dicos Veterin\u00e1rios. A principal altera\u00e7\u00e3o foi o\u00a0<strong>adiamento do per\u00edodo de inscri\u00e7\u00f5es<\/strong>.<\/p>\n\n\n\n<p class=\"wp-block-paragraph\">O processo seletivo \u00e9 destinado ao preenchimento de vagas para atuar na equipe federal de inspe\u00e7\u00e3o e fiscaliza\u00e7\u00e3o local em um frigor\u00edfico do munic\u00edpio, fruto de um Acordo de Coopera\u00e7\u00e3o T\u00e9cnica com o Minist\u00e9rio da Agricultura e Pecu\u00e1ria (MAPA).<\/p>\n\n\n\n<p class=\"wp-block-paragraph\"><strong>Confira os principais pontos do edital:<\/strong><\/p>\n\n\n\n<p class=\"wp-block-paragraph\"><strong>\ud83d\udcc5 Cronograma Retificado (Anexo III)<\/strong><br>As datas foram ajustadas. Confira a nova programa\u00e7\u00e3o:<\/p>\n\n\n\n<ul class=\"wp-block-list\">\n<li><strong>Publica\u00e7\u00e3o do Edital de Retifica\u00e7\u00e3o:<\/strong>\u00a013\/08\/2025<\/li>\n\n\n\n<li><strong>Inscri\u00e7\u00f5es:<\/strong>\u00a0De 16\/08\/2025 a 26\/08\/2025 (at\u00e9 23h59)<\/li>\n\n\n\n<li><strong>Divulga\u00e7\u00e3o da Listagem de Inscritos:<\/strong>\u00a027\/08\/2025<\/li>\n\n\n\n<li><strong>Prova de M\u00faltipla Escolha:<\/strong>\u00a031\/08\/2025<\/li>\n\n\n\n<li><strong>Divulga\u00e7\u00e3o do Gabarito Preliminar:<\/strong>\u00a001\/09\/2025<\/li>\n<\/ul>\n\n\n\n<p class=\"wp-block-paragraph\"><strong>\ud83d\udcbc Vagas e Remunera\u00e7\u00e3o<\/strong><br>S\u00e3o&nbsp;<strong>02 vagas<\/strong>&nbsp;em regime CLT, por prazo determinado de at\u00e9&nbsp;<strong>12 meses<\/strong>. A remunera\u00e7\u00e3o \u00e9 de&nbsp;<strong>R$ 5.582,45<\/strong>&nbsp;por 40 horas semanais, acrescida de&nbsp;<strong>adicional de insalubridade de 40%<\/strong>&nbsp;sobre o sal\u00e1rio-m\u00ednimo vigente.<\/p>\n\n\n\n<p class=\"wp-block-paragraph\"><strong>\ud83d\udccb Atribui\u00e7\u00f5es do Cargo<\/strong><br>O profissional contratado ficar\u00e1 lotado na Secretaria de Meio Ambiente e Agropecu\u00e1ria, mas atuar\u00e1 exclusivamente no frigor\u00edfico, em escala de trabalho que pode incluir finais de semana e feriados. As fun\u00e7\u00f5es envolvem a inspe\u00e7\u00e3o sanit\u00e1ria&nbsp;<em>ante mortem<\/em>&nbsp;e&nbsp;<em>post mortem<\/em>&nbsp;de animais, seguindo as orienta\u00e7\u00f5es de servidores federais do MAPA.<\/p>\n\n\n\n<p class=\"wp-block-paragraph\"><strong>\u270d\ufe0f Como se Inscrever<\/strong><br>As inscri\u00e7\u00f5es s\u00e3o&nbsp;<strong>gratuitas e exclusivamente online<\/strong>, devendo ser realizadas no site oficial da Prefeitura de Lins (<a href=\"http:\/\/www.lins.sp.gov.br\/\" target=\"_blank\" rel=\"noreferrer noopener\">www.lins.sp.gov.br<\/a>) dentro do novo prazo estabelecido.<\/p>\n\n\n\n<p class=\"wp-block-paragraph\"><strong>\ud83d\udcdd Processo de Sele\u00e7\u00e3o<\/strong><br>A sele\u00e7\u00e3o constar\u00e1 de uma&nbsp;<strong>prova objetiva<\/strong>&nbsp;com 20 quest\u00f5es de Conhecimentos Espec\u00edficos e 5 de L\u00edngua Portuguesa, com pontua\u00e7\u00e3o somada \u00e0&nbsp;<strong>an\u00e1lise de t\u00edtulos<\/strong>. S\u00e3o considerados t\u00edtulos cursos de Doutorado, Mestrado e Especializa\u00e7\u00e3o&nbsp;<em>Lato Sensu<\/em>&nbsp;na \u00e1rea de Medicina Veterin\u00e1ria.<\/p>\n\n\n\n<p class=\"wp-block-paragraph\"><strong>\ud83d\udd17 Acesse os Documentos Oficiais:<\/strong><\/p>\n\n\n\n<ul class=\"wp-block-list\">\n<li><strong><a href=\"https:\/\/dosp.com.br\/exibe_do.php?i=Njk1NTc0\" target=\"_blank\" rel=\"noreferrer noopener\">Edital Completo &#8211; Processo Seletivo 02\/2025<\/a><\/strong><\/li>\n\n\n\n<li><strong><a href=\"https:\/\/dosp.com.br\/exibe_do.php?i=Njk1ODY4\" target=\"_blank\" rel=\"noreferrer noopener\">Edital de Retifica\u00e7\u00e3o n\u00ba 01\/2025<\/a><\/strong><\/li>\n\n\n\n<li><strong><a href=\"https:\/\/www.lins.sp.gov.br\/portal\/servicos\/1221\/formulario-de-inscricao---veterinario\/\" target=\"_blank\" rel=\"noreferrer noopener\">Site para Inscri\u00e7\u00e3o<\/a><\/strong><\/li>\n<\/ul>\n\n\n\n<p class=\"wp-block-paragraph\">Os candidatos devem acompanhar todas as divulga\u00e7\u00f5es posteriores no Di\u00e1rio Oficial do Munic\u00edpio e no site da prefeitura.<\/p>\n","protected":false},"excerpt":{"rendered":"<p>Inscri\u00e7\u00f5es foram prorrogadas; sal\u00e1rio pode chegar a R$ 5.582,45 mais insalubridade para atua\u00e7\u00e3o em frigor\u00edfico. A Prefeitura Municipal de Lins, por meio da Secretaria de Meio Ambiente e Agropecu\u00e1ria, publicou nesta quarta-feira, 13 de agosto, uma\u00a0retifica\u00e7\u00e3o no Edital\u00a0do Processo Seletivo n\u00ba 02\/2025, aberto alguns dias antes, que visa a contrata\u00e7\u00e3o tempor\u00e1ria de dois M\u00e9dicos Veterin\u00e1rios. [&hellip;]<\/p>\n","protected":false},"author":260896546,"featured_media":6010,"comment_status":"open","ping_status":"open","sticky":false,"template":"","format":"standard","meta":{"_crdt_document":"","_monsterinsights_skip_tracking":false,"_monsterinsights_sitenote_active":false,"_monsterinsights_sitenote_note":"","_monsterinsights_sitenote_category":0,"advanced_seo_description":"","jetpack_seo_html_title":"","jetpack_seo_noindex":false,"_jetpack_newsletter_access":"","_jetpack_dont_email_post_to_subs":false,"_jetpack_newsletter_tier_id":0,"_jetpack_memberships_contains_paywalled_content":false,"_jetpack_memberships_contains_paid_content":false,"footnotes":"","jetpack_publicize_message":"\ud83c\udfdb\ufe0f Lins abre processo seletivo para M\u00e9dico Veterin\u00e1rio\n\nA Prefeitura de Lins abriu e retificou Processo Seletivo para contrata\u00e7\u00e3o de M\u00e9dicos Veterin\u00e1rios. \n\nEsta \u00e9 uma oportunidade para atuar em um projeto de inspe\u00e7\u00e3o federal em Lins.\n\nLeia mais e acesse os links em diariodegarca.com\n\n#Lins #ProcessoSeletivo #Concurso #MedicinaVeterinaria #Veterinario #Oportunidade #Emprego #SP","jetpack_publicize_feature_enabled":true,"jetpack_social_post_already_shared":false,"jetpack_social_options":{"image_generator_settings":{"template":"highway","default_image_id":0,"font":"","enabled":false},"version":2},"_wpas_customize_per_network":false,"jetpack_post_was_ever_published":false},"categories":[1356467,1085867,496224],"tags":[],"class_list":["post-6007","post","type-post","status-publish","format-standard","has-post-thumbnail","hentry","category-lins","category-processo-seletivo","category-vagas"],"jetpack_publicize_connections":[],"jetpack_featured_media_url":"https:\/\/i0.wp.com\/diariodegarca.com\/wp-content\/uploads\/2025\/08\/veterinario-na-fazenda-andando-no-estabulo-verificando-as-vacas.jpg?fit=4000%2C2667&ssl=1","jetpack_likes_enabled":true,"jetpack_sharing_enabled":true,"jetpack_shortlink":"https:\/\/wp.me\/pgitne-1yT","jetpack-related-posts":[{"id":3856,"url":"https:\/\/diariodegarca.com\/?p=3856","url_meta":{"origin":6007,"position":0},"title":"Prefeitura de Piraju\u00ed abre processo seletivo para cadastro de reserva na educa\u00e7\u00e3o","author":"Di\u00e1rio de Gar\u00e7a","date":"10 de junho de 2025","format":false,"excerpt":"Inscri\u00e7\u00f5es foram prorrogadas at\u00e9 19 de junho; sal\u00e1rios chegam a R$ 3.650,82 A Prefeitura de Piraju\u00ed publicou nesta semana o\u00a0Edital n\u00ba 01\/2025\u00a0para um Processo Seletivo com 7 vagas tempor\u00e1rias na \u00e1rea educacional. As oportunidades s\u00e3o para os cargos de\u00a0Professor de Educa\u00e7\u00e3o Infantil, Educa\u00e7\u00e3o B\u00e1sica I, e Educa\u00e7\u00e3o B\u00e1sica II\u00a0(Arte, Educa\u00e7\u00e3o\u2026","rel":"","context":"Em &quot;Educa\u00e7\u00e3o&quot;","block_context":{"text":"Educa\u00e7\u00e3o","link":"https:\/\/diariodegarca.com\/?cat=17964"},"img":{"alt_text":"","src":"https:\/\/i0.wp.com\/diariodegarca.com\/wp-content\/uploads\/2025\/06\/36cb356a-5695-4b46-ad4d-ae7376391bbf.jpeg?fit=1200%2C800&ssl=1&resize=350%2C200","width":350,"height":200,"srcset":"https:\/\/i0.wp.com\/diariodegarca.com\/wp-content\/uploads\/2025\/06\/36cb356a-5695-4b46-ad4d-ae7376391bbf.jpeg?fit=1200%2C800&ssl=1&resize=350%2C200 1x, https:\/\/i0.wp.com\/diariodegarca.com\/wp-content\/uploads\/2025\/06\/36cb356a-5695-4b46-ad4d-ae7376391bbf.jpeg?fit=1200%2C800&ssl=1&resize=525%2C300 1.5x, https:\/\/i0.wp.com\/diariodegarca.com\/wp-content\/uploads\/2025\/06\/36cb356a-5695-4b46-ad4d-ae7376391bbf.jpeg?fit=1200%2C800&ssl=1&resize=700%2C400 2x, https:\/\/i0.wp.com\/diariodegarca.com\/wp-content\/uploads\/2025\/06\/36cb356a-5695-4b46-ad4d-ae7376391bbf.jpeg?fit=1200%2C800&ssl=1&resize=1050%2C600 3x"},"classes":[]},{"id":9770,"url":"https:\/\/diariodegarca.com\/?p=9770","url_meta":{"origin":6007,"position":1},"title":"Vera Cruz abre Processo Seletivo para ajudante geral, servente e operador de m\u00e1quinas","author":"Di\u00e1rio de Gar\u00e7a","date":"5 de janeiro de 2026","format":false,"excerpt":"Sele\u00e7\u00e3o oferece vagas em cadastro reserva com inscri\u00e7\u00f5es abertas at\u00e9 dia 10 de janeiro; prova objetiva est\u00e1 marcada para 18 de janeiro. Documenta\u00e7\u00e3o deve ser apresentada presencialmente. A Prefeitura Municipal de\u00a0Vera Cruz est\u00e1 com inscri\u00e7\u00f5es abertas para um\u00a0Processo Seletivo Simplificado\u00a0destinado \u00e0 forma\u00e7\u00e3o de cadastro reserva para os cargos de\u00a0Ajudante Geral,\u2026","rel":"","context":"Em &quot;Processo seletivo&quot;","block_context":{"text":"Processo seletivo","link":"https:\/\/diariodegarca.com\/?cat=1085867"},"img":{"alt_text":"","src":"https:\/\/i0.wp.com\/diariodegarca.com\/wp-content\/uploads\/2026\/01\/homem-usando-uma-escavadeira-para-cavar-na-luz-dia.jpg?fit=1200%2C800&ssl=1&resize=350%2C200","width":350,"height":200,"srcset":"https:\/\/i0.wp.com\/diariodegarca.com\/wp-content\/uploads\/2026\/01\/homem-usando-uma-escavadeira-para-cavar-na-luz-dia.jpg?fit=1200%2C800&ssl=1&resize=350%2C200 1x, https:\/\/i0.wp.com\/diariodegarca.com\/wp-content\/uploads\/2026\/01\/homem-usando-uma-escavadeira-para-cavar-na-luz-dia.jpg?fit=1200%2C800&ssl=1&resize=525%2C300 1.5x, https:\/\/i0.wp.com\/diariodegarca.com\/wp-content\/uploads\/2026\/01\/homem-usando-uma-escavadeira-para-cavar-na-luz-dia.jpg?fit=1200%2C800&ssl=1&resize=700%2C400 2x, https:\/\/i0.wp.com\/diariodegarca.com\/wp-content\/uploads\/2026\/01\/homem-usando-uma-escavadeira-para-cavar-na-luz-dia.jpg?fit=1200%2C800&ssl=1&resize=1050%2C600 3x"},"classes":[]},{"id":9535,"url":"https:\/\/diariodegarca.com\/?p=9535","url_meta":{"origin":6007,"position":2},"title":"G\u00e1lia abre inscri\u00e7\u00f5es para processo seletivo de bolsa universit\u00e1ria","author":"Di\u00e1rio de Gar\u00e7a","date":"15 de dezembro de 2025","format":false,"excerpt":"Estudantes de gradua\u00e7\u00e3o t\u00eam de 15 a 18 de dezembro para se inscrever. Ser\u00e3o ofertadas quatro vagas, com sele\u00e7\u00e3o por prova de conhecimentos gerais do Ensino M\u00e9dio. A Secretaria Municipal de Educa\u00e7\u00e3o de G\u00e1lia, no interior de S\u00e3o Paulo, publicou na sexta-feira, 12 de dezembro, o edital de abertura do\u2026","rel":"","context":"Em &quot;Educa\u00e7\u00e3o&quot;","block_context":{"text":"Educa\u00e7\u00e3o","link":"https:\/\/diariodegarca.com\/?cat=17964"},"img":{"alt_text":"","src":"https:\/\/i0.wp.com\/diariodegarca.com\/wp-content\/uploads\/2025\/12\/amigos-sorridentes-posando-junto-com-livros.jpg?fit=1200%2C960&ssl=1&resize=350%2C200","width":350,"height":200,"srcset":"https:\/\/i0.wp.com\/diariodegarca.com\/wp-content\/uploads\/2025\/12\/amigos-sorridentes-posando-junto-com-livros.jpg?fit=1200%2C960&ssl=1&resize=350%2C200 1x, https:\/\/i0.wp.com\/diariodegarca.com\/wp-content\/uploads\/2025\/12\/amigos-sorridentes-posando-junto-com-livros.jpg?fit=1200%2C960&ssl=1&resize=525%2C300 1.5x, https:\/\/i0.wp.com\/diariodegarca.com\/wp-content\/uploads\/2025\/12\/amigos-sorridentes-posando-junto-com-livros.jpg?fit=1200%2C960&ssl=1&resize=700%2C400 2x, https:\/\/i0.wp.com\/diariodegarca.com\/wp-content\/uploads\/2025\/12\/amigos-sorridentes-posando-junto-com-livros.jpg?fit=1200%2C960&ssl=1&resize=1050%2C600 3x"},"classes":[]},{"id":3454,"url":"https:\/\/diariodegarca.com\/?p=3454","url_meta":{"origin":6007,"position":3},"title":"Prefeitura de G\u00e1lia abre inscri\u00e7\u00f5es para processo seletivo de est\u00e1gios em diversas \u00e1reas","author":"Di\u00e1rio de Gar\u00e7a","date":"26 de maio de 2025","format":false,"excerpt":"Vagas s\u00e3o destinadas a estudantes de n\u00edvel superior; inscri\u00e7\u00f5es v\u00e3o at\u00e9 11 de junho A Prefeitura Municipal de G\u00e1lia, em parceria com o Centro de Integra\u00e7\u00e3o Empresa-Escola (CIEE), divulgou o Edital n\u00ba 01\/2025 para a sele\u00e7\u00e3o de estagi\u00e1rios em diversas \u00e1reas. O processo seletivo visa formar um cadastro reserva para\u2026","rel":"","context":"Em &quot;Est\u00e1gio&quot;","block_context":{"text":"Est\u00e1gio","link":"https:\/\/diariodegarca.com\/?cat=64915"},"img":{"alt_text":"","src":"","width":0,"height":0},"classes":[]},{"id":9366,"url":"https:\/\/diariodegarca.com\/?p=9366","url_meta":{"origin":6007,"position":4},"title":"Mar\u00edlia abre processo seletivo para professores com sal\u00e1rios de at\u00e9 R$ 3,6 mil","author":"Andreza Sega","date":"5 de dezembro de 2025","format":false,"excerpt":"Inscri\u00e7\u00f5es gratuitas at\u00e9 18 de dezembro para fun\u00e7\u00f5es em EMEF, EMEI, Educa\u00e7\u00e3o Especial e Educa\u00e7\u00e3o F\u00edsica. Processo seletivo simplificado com prova em janeiro e vale-alimenta\u00e7\u00e3o de R$ 740; contrata\u00e7\u00f5es ser\u00e3o pela CLT.. A Prefeitura de Mar\u00edlia, por meio da Secretaria Municipal da Administra\u00e7\u00e3o, publicou nesta sexta-feira, 5 de dezembro, o\u2026","rel":"","context":"Em &quot;Mar\u00edlia&quot;","block_context":{"text":"Mar\u00edlia","link":"https:\/\/diariodegarca.com\/?cat=683453294"},"img":{"alt_text":"","src":"https:\/\/i0.wp.com\/diariodegarca.com\/wp-content\/uploads\/2025\/10\/parabens-voce-fez-um-teste-muito-bem.jpg?fit=1200%2C800&ssl=1&resize=350%2C200","width":350,"height":200,"srcset":"https:\/\/i0.wp.com\/diariodegarca.com\/wp-content\/uploads\/2025\/10\/parabens-voce-fez-um-teste-muito-bem.jpg?fit=1200%2C800&ssl=1&resize=350%2C200 1x, https:\/\/i0.wp.com\/diariodegarca.com\/wp-content\/uploads\/2025\/10\/parabens-voce-fez-um-teste-muito-bem.jpg?fit=1200%2C800&ssl=1&resize=525%2C300 1.5x, https:\/\/i0.wp.com\/diariodegarca.com\/wp-content\/uploads\/2025\/10\/parabens-voce-fez-um-teste-muito-bem.jpg?fit=1200%2C800&ssl=1&resize=700%2C400 2x, https:\/\/i0.wp.com\/diariodegarca.com\/wp-content\/uploads\/2025\/10\/parabens-voce-fez-um-teste-muito-bem.jpg?fit=1200%2C800&ssl=1&resize=1050%2C600 3x"},"classes":[]},{"id":6587,"url":"https:\/\/diariodegarca.com\/?p=6587","url_meta":{"origin":6007,"position":5},"title":"Ocau\u00e7u abre inscri\u00e7\u00f5es para vagas de est\u00e1gio em diversos n\u00edveis","author":"Di\u00e1rio de Gar\u00e7a","date":"10 de setembro de 2025","format":false,"excerpt":"Processo seletivo oferece oportunidades para ensino m\u00e9dio, t\u00e9cnico e superior; inscri\u00e7\u00f5es e provas s\u00e3o online at\u00e9 23 de setembro. A Prefeitura Municipal de Ocau\u00e7u, em parceria com o Centro de Integra\u00e7\u00e3o Empresa-Escola (CIEE), publicou o Edital n\u00ba 01\/2025, abrindo inscri\u00e7\u00f5es para a forma\u00e7\u00e3o de cadastro reserva de estagi\u00e1rios em diversas\u2026","rel":"","context":"Em &quot;Est\u00e1gio&quot;","block_context":{"text":"Est\u00e1gio","link":"https:\/\/diariodegarca.com\/?cat=64915"},"img":{"alt_text":"","src":"https:\/\/i0.wp.com\/diariodegarca.com\/wp-content\/uploads\/2025\/09\/pessoas-de-tiro-medio-com-papelada.jpg?fit=1200%2C800&ssl=1&resize=350%2C200","width":350,"height":200,"srcset":"https:\/\/i0.wp.com\/diariodegarca.com\/wp-content\/uploads\/2025\/09\/pessoas-de-tiro-medio-com-papelada.jpg?fit=1200%2C800&ssl=1&resize=350%2C200 1x, https:\/\/i0.wp.com\/diariodegarca.com\/wp-content\/uploads\/2025\/09\/pessoas-de-tiro-medio-com-papelada.jpg?fit=1200%2C800&ssl=1&resize=525%2C300 1.5x, https:\/\/i0.wp.com\/diariodegarca.com\/wp-content\/uploads\/2025\/09\/pessoas-de-tiro-medio-com-papelada.jpg?fit=1200%2C800&ssl=1&resize=700%2C400 2x, https:\/\/i0.wp.com\/diariodegarca.com\/wp-content\/uploads\/2025\/09\/pessoas-de-tiro-medio-com-papelada.jpg?fit=1200%2C800&ssl=1&resize=1050%2C600 3x"},"classes":[]}],"_links":{"self":[{"href":"https:\/\/diariodegarca.com\/index.php?rest_route=\/wp\/v2\/posts\/6007","targetHints":{"allow":["GET"]}}],"collection":[{"href":"https:\/\/diariodegarca.com\/index.php?rest_route=\/wp\/v2\/posts"}],"about":[{"href":"https:\/\/diariodegarca.com\/index.php?rest_route=\/wp\/v2\/types\/post"}],"author":[{"embeddable":true,"href":"https:\/\/diariodegarca.com\/index.php?rest_route=\/wp\/v2\/users\/260896546"}],"replies":[{"embeddable":true,"href":"https:\/\/diariodegarca.com\/index.php?rest_route=%2Fwp%2Fv2%2Fcomments&post=6007"}],"version-history":[{"count":3,"href":"https:\/\/diariodegarca.com\/index.php?rest_route=\/wp\/v2\/posts\/6007\/revisions"}],"predecessor-version":[{"id":6011,"href":"https:\/\/diariodegarca.com\/index.php?rest_route=\/wp\/v2\/posts\/6007\/revisions\/6011"}],"wp:featuredmedia":[{"embeddable":true,"href":"https:\/\/diariodegarca.com\/index.php?rest_route=\/wp\/v2\/media\/6010"}],"wp:attachment":[{"href":"https:\/\/diariodegarca.com\/index.php?rest_route=%2Fwp%2Fv2%2Fmedia&parent=6007"}],"wp:term":[{"taxonomy":"category","embeddable":true,"href":"https:\/\/diariodegarca.com\/index.php?rest_route=%2Fwp%2Fv2%2Fcategories&post=6007"},{"taxonomy":"post_tag","embeddable":true,"href":"https:\/\/diariodegarca.com\/index.php?rest_route=%2Fwp%2Fv2%2Ftags&post=6007"}],"curies":[{"name":"wp","href":"https:\/\/api.w.org\/{rel}","templated":true}]}}