{"id":6027,"date":"2025-08-24T09:03:00","date_gmt":"2025-08-24T12:03:00","guid":{"rendered":"https:\/\/diariodegarca.com\/?p=6027"},"modified":"2025-08-23T21:52:04","modified_gmt":"2025-08-24T00:52:04","slug":"curso-gratuito-e-presencial-de-operacao-de-tratores-em-garca","status":"publish","type":"post","link":"https:\/\/diariodegarca.com\/?p=6027","title":{"rendered":"Curso gratuito e presencial de opera\u00e7\u00e3o de tratores em Gar\u00e7a"},"content":{"rendered":"\n<p class=\"wp-block-paragraph\"><em>Capacita\u00e7\u00e3o voltada para produtores e trabalhadores rurais, com alimenta\u00e7\u00e3o inclusa, e que combina aulas te\u00f3ricas e pr\u00e1ticas.<\/em><\/p>\n\n\n\n<p class=\"wp-block-paragraph\">O Sindicato Rural de Gar\u00e7a, em parceria com o Servi\u00e7o Nacional de Aprendizagem Rural (Senar), est\u00e1 com inscri\u00e7\u00f5es abertas para um curso essencial para o agroneg\u00f3cio local:<strong> Opera\u00e7\u00e3o e Manuten\u00e7\u00e3o de Tratores Agr\u00edcolas<\/strong>. <\/p>\n\n\n\n<p class=\"wp-block-paragraph\">A capacita\u00e7\u00e3o, totalmente gratuita, ser\u00e1 realizada em setembro e \u00e9 voltada para trabalhadores rurais e produtores que buscam se profissionalizar na opera\u00e7\u00e3o segura e na manuten\u00e7\u00e3o b\u00e1sica de um dos equipamentos mais importantes para a produtividade no campo.<\/p>\n\n\n\n<p class=\"wp-block-paragraph\">A iniciativa refor\u00e7a o compromisso das entidades em fomentar a qualifica\u00e7\u00e3o profissional na zona rural, fundamental para o desenvolvimento do setor e para a gera\u00e7\u00e3o de renda. A mecaniza\u00e7\u00e3o agr\u00edcola \u00e9 uma realidade, e dominar a opera\u00e7\u00e3o correta dos equipamentos vai muito al\u00e9m de saber dirigir; envolve compreender a m\u00e1quina, realizar ajustes, fazer a manuten\u00e7\u00e3o preventiva e, acima de tudo, operar com seguran\u00e7a para evitar acidentes.<\/p>\n\n\n\n<p class=\"wp-block-paragraph\">O curso oferece uma estrutura completa, dividida entre ambiente de sala de aula e a viv\u00eancia real no campo. A parte te\u00f3rica ocorrer\u00e1 na sede do Sindicato Rural, enquanto as aulas pr\u00e1ticas ser\u00e3o realizadas na Fazenda Santa Flora, garantindo que os alunos possam colocar a m\u00e3o na massa e aprender na pr\u00e1tica.<\/p>\n\n\n\n<p class=\"wp-block-paragraph\"><strong>Cronograma do Curso<\/strong><\/p>\n\n\n\n<p class=\"wp-block-paragraph\">O curso do Senar \u00e9 conhecido por sua abordagem intensiva e altamente pr\u00e1tica. O cronograma em Gar\u00e7a segue o modelo de sucesso j\u00e1 consagrado:<\/p>\n\n\n\n<ul class=\"wp-block-list\">\n<li><strong>Dias 01, 02 e 03\/09\/2025 (Segunda a Quarta-feira):<\/strong>\n<ul class=\"wp-block-list\">\n<li><strong>Local:<\/strong>\u00a0Sindicato Rural de Gar\u00e7a (Aulas Te\u00f3ricas).<\/li>\n\n\n\n<li><strong>Conte\u00fado:<\/strong>\u00a0Os alunos ter\u00e3o aulas sobre os princ\u00edpios de funcionamento do motor diesel, sistemas hidr\u00e1ulico, el\u00e9trico e de transmiss\u00e3o do trator. A seguran\u00e7a na opera\u00e7\u00e3o, including a preven\u00e7\u00e3o de acidentes com o tombamento da m\u00e1quina, \u00e9 um dos t\u00f3picos mais importantes desta etapa. Tamb\u00e9m ser\u00e3o abordadas no\u00e7\u00f5es de manuten\u00e7\u00e3o preventiva, como checagem de \u00f3leo, \u00e1gua, filtros e press\u00e3o dos pneus.<\/li>\n<\/ul>\n<\/li>\n\n\n\n<li><strong>Dias 08 e 09\/09\/2025 (Segunda e Ter\u00e7a-feira):<\/strong>\n<ul class=\"wp-block-list\">\n<li><strong>Local:<\/strong>\u00a0Fazenda Santa Flora (Aulas Pr\u00e1ticas).<\/li>\n\n\n\n<li><strong>Conte\u00fado:<\/strong>\u00a0\u00c9 a hora de aplicar o conhecimento. Sob a supervis\u00e3o de instrutores especializados do Senar, os participantes ter\u00e3o contato direto com os tratores. As atividades incluir\u00e3o partida e deslocamento seguro, acoplamento e desacoplamento de implementos, manobras em diferentes terrenos e simula\u00e7\u00e3o de opera\u00e7\u00f5es agr\u00edcolas como ara\u00e7\u00e3o e gradagem. A identifica\u00e7\u00e3o e solu\u00e7\u00e3o de problemas simples tamb\u00e9m faz parte do aprendizado.<\/li>\n<\/ul>\n<\/li>\n<\/ul>\n\n\n\n<p class=\"wp-block-paragraph\">Em todas as etapas, os participantes receber\u00e3o toda a alimenta\u00e7\u00e3o (almo\u00e7o) fornecida pelo Senar. Ao final do curso, os alunos que cumprirem a carga hor\u00e1ria e aproveitamento recebem um certificado de conclus\u00e3o, v\u00e1lido em todo o territ\u00f3rio nacional.<\/p>\n\n\n\n<p class=\"wp-block-paragraph\">As vagas s\u00e3o limitadas, e o investimento na qualifica\u00e7\u00e3o \u00e9 zero para o participante. Para se inscrever, os interessados devem preencher o formul\u00e1rio dispon\u00edvel no <a href=\"https:\/\/docs.google.com\/forms\/d\/1OhSFl1cHngMNETIcl9gnUhZrITlFWk6_7krQN5v1kOs\/edit\">link<\/a>.<\/p>\n","protected":false},"excerpt":{"rendered":"<p>Capacita\u00e7\u00e3o voltada para produtores e trabalhadores rurais, com alimenta\u00e7\u00e3o inclusa, e que combina aulas te\u00f3ricas e pr\u00e1ticas. O Sindicato Rural de Gar\u00e7a, em parceria com o Servi\u00e7o Nacional de Aprendizagem Rural (Senar), est\u00e1 com inscri\u00e7\u00f5es abertas para um curso essencial para o agroneg\u00f3cio local: Opera\u00e7\u00e3o e Manuten\u00e7\u00e3o de Tratores Agr\u00edcolas. A capacita\u00e7\u00e3o, totalmente gratuita, ser\u00e1 [&hellip;]<\/p>\n","protected":false},"author":260896546,"featured_media":6029,"comment_status":"open","ping_status":"open","sticky":false,"template":"","format":"standard","meta":{"_crdt_document":"","_monsterinsights_skip_tracking":false,"_monsterinsights_sitenote_active":false,"_monsterinsights_sitenote_note":"","_monsterinsights_sitenote_category":0,"advanced_seo_description":"","jetpack_seo_html_title":"","jetpack_seo_noindex":false,"_jetpack_newsletter_access":"","_jetpack_dont_email_post_to_subs":false,"_jetpack_newsletter_tier_id":0,"_jetpack_memberships_contains_paywalled_content":false,"_jetpack_memberships_contains_paid_content":false,"footnotes":"","jetpack_publicize_message":"\ud83d\udcf0 Inscri\u00e7\u00f5es abertas para curso gratuito de manuten\u00e7\u00e3o de tratores em Gar\u00e7a\n\nO Sindicato Rural de Gar\u00e7a e o Senar abrem vagas para o curso de Opera\u00e7\u00e3o e Manuten\u00e7\u00e3o de Tratores Agr\u00edcolas. Uma oportunidade para produtores e trabalhadores rurais se profissionalizarem na opera\u00e7\u00e3o segura e eficiente do principal equipamento da lavoura.\n\n\u2705 GRATUITO e com ALIMENTa\u00e7\u00e3o inclusa\n\u2705 Aulas TE\u00d3RICAS e PR\u00c1TICAS em fazenda\n\u2705 Certificado de conclus\u00e3o\n\ud83d\uddd3\ufe0f Datas: 01, 02, 03\/09 + 08, 09\/09\n\ud83d\udccd Locais: Sindicato Rural e Fazenda Santa Flora\n\n\n\ud83d\udc49 Acesse o link de inscri\u00e7\u00e3o em diariodegarca.com\n\n#Senar #SindicatoRural #Garca #CursoGratuito #Trator #Qualifica\u00e7\u00e3oRural #Agronegocio #EmpreendedorismoRural #MeioRural #Capacita\u00e7\u00e3o #Gar\u00e7aSP @srgarca","jetpack_publicize_feature_enabled":true,"jetpack_social_post_already_shared":false,"jetpack_social_options":{"image_generator_settings":{"template":"highway","default_image_id":0,"font":"","enabled":false},"version":2},"_wpas_customize_per_network":false,"jetpack_post_was_ever_published":false},"categories":[34615,36947,781171664,115166],"tags":[],"class_list":["post-6027","post","type-post","status-publish","format-standard","has-post-thumbnail","hentry","category-agricultura","category-curso","category-garca-cidade","category-presencial"],"jetpack_publicize_connections":[],"jetpack_featured_media_url":"https:\/\/i0.wp.com\/diariodegarca.com\/wp-content\/uploads\/2025\/08\/jovem-agricultor-cuidando-de-seu-negocio.jpg?fit=7316%2C4916&ssl=1","jetpack_likes_enabled":true,"jetpack_sharing_enabled":true,"jetpack_shortlink":"https:\/\/wp.me\/pgitne-1zd","jetpack-related-posts":[{"id":10063,"url":"https:\/\/diariodegarca.com\/?p=10063","url_meta":{"origin":6027,"position":0},"title":"Curso gratuito de tratores com inscri\u00e7\u00f5es abertas em Gar\u00e7a","author":"Di\u00e1rio de Gar\u00e7a","date":"16 de janeiro de 2026","format":false,"excerpt":"Capacita\u00e7\u00e3o do SENAR e Sindicato Rural acontece entre 9 e 13 de fevereiro, com aulas te\u00f3ricas e pr\u00e1ticas, e visa reduzir acidentes no campo. Um dos equipamentos mais essenciais e potentes da agricultura moderna ser\u00e1 o foco de uma qualifica\u00e7\u00e3o profissional gratuita em Gar\u00e7a. O Sindicato Rural, em parceria com\u2026","rel":"","context":"Em &quot;Agricultura&quot;","block_context":{"text":"Agricultura","link":"https:\/\/diariodegarca.com\/?cat=34615"},"img":{"alt_text":"","src":"https:\/\/i0.wp.com\/diariodegarca.com\/wp-content\/uploads\/2026\/01\/combine-machine-service-mechanic-repairing-motor-outdoors.jpg?fit=1200%2C801&ssl=1&resize=350%2C200","width":350,"height":200,"srcset":"https:\/\/i0.wp.com\/diariodegarca.com\/wp-content\/uploads\/2026\/01\/combine-machine-service-mechanic-repairing-motor-outdoors.jpg?fit=1200%2C801&ssl=1&resize=350%2C200 1x, https:\/\/i0.wp.com\/diariodegarca.com\/wp-content\/uploads\/2026\/01\/combine-machine-service-mechanic-repairing-motor-outdoors.jpg?fit=1200%2C801&ssl=1&resize=525%2C300 1.5x, https:\/\/i0.wp.com\/diariodegarca.com\/wp-content\/uploads\/2026\/01\/combine-machine-service-mechanic-repairing-motor-outdoors.jpg?fit=1200%2C801&ssl=1&resize=700%2C400 2x, https:\/\/i0.wp.com\/diariodegarca.com\/wp-content\/uploads\/2026\/01\/combine-machine-service-mechanic-repairing-motor-outdoors.jpg?fit=1200%2C801&ssl=1&resize=1050%2C600 3x"},"classes":[]},{"id":7298,"url":"https:\/\/diariodegarca.com\/?p=7298","url_meta":{"origin":6027,"position":1},"title":"Curso gratuito de opera\u00e7\u00e3o e manuten\u00e7\u00e3o de tratores em Fern\u00e3o","author":"Andreza Sega","date":"30 de setembro de 2025","format":false,"excerpt":"Capacita\u00e7\u00e3o ocorre de 6 a 10 de outubro e visa a qualifica\u00e7\u00e3o profissional de trabalhadores rurais e interessados no setor agr\u00edcola. Fern\u00e3o abre inscri\u00e7\u00f5es para uma capacita\u00e7\u00e3o de grande import\u00e2ncia para o setor agropecu\u00e1rio. Entre os dias 6 e 10 de outubro, o Servi\u00e7o Nacional de Aprendizagem Rural (SENAR), em\u2026","rel":"","context":"Em &quot;Curso&quot;","block_context":{"text":"Curso","link":"https:\/\/diariodegarca.com\/?cat=36947"},"img":{"alt_text":"","src":"https:\/\/i0.wp.com\/diariodegarca.com\/wp-content\/uploads\/2025\/09\/campo-de-cultivo-de-maquina-agricola-trator.jpg?fit=1200%2C801&ssl=1&resize=350%2C200","width":350,"height":200,"srcset":"https:\/\/i0.wp.com\/diariodegarca.com\/wp-content\/uploads\/2025\/09\/campo-de-cultivo-de-maquina-agricola-trator.jpg?fit=1200%2C801&ssl=1&resize=350%2C200 1x, https:\/\/i0.wp.com\/diariodegarca.com\/wp-content\/uploads\/2025\/09\/campo-de-cultivo-de-maquina-agricola-trator.jpg?fit=1200%2C801&ssl=1&resize=525%2C300 1.5x, https:\/\/i0.wp.com\/diariodegarca.com\/wp-content\/uploads\/2025\/09\/campo-de-cultivo-de-maquina-agricola-trator.jpg?fit=1200%2C801&ssl=1&resize=700%2C400 2x, https:\/\/i0.wp.com\/diariodegarca.com\/wp-content\/uploads\/2025\/09\/campo-de-cultivo-de-maquina-agricola-trator.jpg?fit=1200%2C801&ssl=1&resize=1050%2C600 3x"},"classes":[]},{"id":8036,"url":"https:\/\/diariodegarca.com\/?p=8036","url_meta":{"origin":6027,"position":2},"title":"Curso de forma\u00e7\u00e3o completa para operadores de tratores agr\u00edcolas em Gar\u00e7a","author":"Andreza Sega","date":"25 de outubro de 2025","format":false,"excerpt":"Iniciativa do SENAR e Sindicato Rural capacita profissionais para atuar com efici\u00eancia e seguran\u00e7a no manejo de m\u00e1quinas essenciais ao agroneg\u00f3cio. O campo exige cada vez mais profissionaliza\u00e7\u00e3o, e a opera\u00e7\u00e3o de maquin\u00e1rio \u00e9 um dos pilares dessa moderniza\u00e7\u00e3o. Pensando nisso, o Sindicato Rural de Gar\u00e7a, em parceria com o\u2026","rel":"","context":"Em &quot;Agricultura&quot;","block_context":{"text":"Agricultura","link":"https:\/\/diariodegarca.com\/?cat=34615"},"img":{"alt_text":"","src":"https:\/\/i0.wp.com\/diariodegarca.com\/wp-content\/uploads\/2025\/09\/campo-de-cultivo-de-maquina-agricola-trator.jpg?fit=1200%2C801&ssl=1&resize=350%2C200","width":350,"height":200,"srcset":"https:\/\/i0.wp.com\/diariodegarca.com\/wp-content\/uploads\/2025\/09\/campo-de-cultivo-de-maquina-agricola-trator.jpg?fit=1200%2C801&ssl=1&resize=350%2C200 1x, https:\/\/i0.wp.com\/diariodegarca.com\/wp-content\/uploads\/2025\/09\/campo-de-cultivo-de-maquina-agricola-trator.jpg?fit=1200%2C801&ssl=1&resize=525%2C300 1.5x, https:\/\/i0.wp.com\/diariodegarca.com\/wp-content\/uploads\/2025\/09\/campo-de-cultivo-de-maquina-agricola-trator.jpg?fit=1200%2C801&ssl=1&resize=700%2C400 2x, https:\/\/i0.wp.com\/diariodegarca.com\/wp-content\/uploads\/2025\/09\/campo-de-cultivo-de-maquina-agricola-trator.jpg?fit=1200%2C801&ssl=1&resize=1050%2C600 3x"},"classes":[]},{"id":6906,"url":"https:\/\/diariodegarca.com\/?p=6906","url_meta":{"origin":6027,"position":3},"title":"Curso presencial de Opera\u00e7\u00e3o de Motoniveladora em Lup\u00e9rcio","author":"Di\u00e1rio de Gar\u00e7a","date":"19 de setembro de 2025","format":false,"excerpt":"Capacita\u00e7\u00e3o do SENAR, com apenas 4 vagas, exige curso pr\u00e9vio de trator e atende demanda por profissionais especializados em infraestrutura rural. O SENAR (Servi\u00e7o Nacional de Aprendizagem Rural) promover\u00e1 um curso essencial para o setor de infraestrutura no campo entre os dias 22 e 26 de setembro, no munic\u00edpio de\u2026","rel":"","context":"Em &quot;Agricultura&quot;","block_context":{"text":"Agricultura","link":"https:\/\/diariodegarca.com\/?cat=34615"},"img":{"alt_text":"","src":"https:\/\/i0.wp.com\/diariodegarca.com\/wp-content\/uploads\/2025\/09\/visao-de-maquinas-pesadas-utilizadas-na-industria-da-construcao.jpg?fit=1200%2C715&ssl=1&resize=350%2C200","width":350,"height":200,"srcset":"https:\/\/i0.wp.com\/diariodegarca.com\/wp-content\/uploads\/2025\/09\/visao-de-maquinas-pesadas-utilizadas-na-industria-da-construcao.jpg?fit=1200%2C715&ssl=1&resize=350%2C200 1x, https:\/\/i0.wp.com\/diariodegarca.com\/wp-content\/uploads\/2025\/09\/visao-de-maquinas-pesadas-utilizadas-na-industria-da-construcao.jpg?fit=1200%2C715&ssl=1&resize=525%2C300 1.5x, https:\/\/i0.wp.com\/diariodegarca.com\/wp-content\/uploads\/2025\/09\/visao-de-maquinas-pesadas-utilizadas-na-industria-da-construcao.jpg?fit=1200%2C715&ssl=1&resize=700%2C400 2x, https:\/\/i0.wp.com\/diariodegarca.com\/wp-content\/uploads\/2025\/09\/visao-de-maquinas-pesadas-utilizadas-na-industria-da-construcao.jpg?fit=1200%2C715&ssl=1&resize=1050%2C600 3x"},"classes":[]},{"id":10059,"url":"https:\/\/diariodegarca.com\/?p=10059","url_meta":{"origin":6027,"position":4},"title":"Sindicato Rural de Gar\u00e7a oferece curso de seguran\u00e7a no uso de agrot\u00f3xicos","author":"Di\u00e1rio de Gar\u00e7a","date":"15 de janeiro de 2026","format":false,"excerpt":"Capacita\u00e7\u00e3o para trabalhadores rurais busca reduzir acidentes e promover a sa\u00fade no campo, com certifica\u00e7\u00e3o conforme norma NR 31.7. Produtores rurais, funcion\u00e1rios e trabalhadores do setor agropecu\u00e1rio t\u00eam uma oportunidade para se capacitar em uma das \u00e1reas mais sens\u00edveis da atividade no campo. O Sindicato Rural de Gar\u00e7a, em parceria\u2026","rel":"","context":"Em &quot;Curso&quot;","block_context":{"text":"Curso","link":"https:\/\/diariodegarca.com\/?cat=36947"},"img":{"alt_text":"","src":"https:\/\/i0.wp.com\/diariodegarca.com\/wp-content\/uploads\/2026\/01\/portrait-female-gardener-holding-sprayer-greenhouse.jpg?fit=1200%2C800&ssl=1&resize=350%2C200","width":350,"height":200,"srcset":"https:\/\/i0.wp.com\/diariodegarca.com\/wp-content\/uploads\/2026\/01\/portrait-female-gardener-holding-sprayer-greenhouse.jpg?fit=1200%2C800&ssl=1&resize=350%2C200 1x, https:\/\/i0.wp.com\/diariodegarca.com\/wp-content\/uploads\/2026\/01\/portrait-female-gardener-holding-sprayer-greenhouse.jpg?fit=1200%2C800&ssl=1&resize=525%2C300 1.5x, https:\/\/i0.wp.com\/diariodegarca.com\/wp-content\/uploads\/2026\/01\/portrait-female-gardener-holding-sprayer-greenhouse.jpg?fit=1200%2C800&ssl=1&resize=700%2C400 2x, https:\/\/i0.wp.com\/diariodegarca.com\/wp-content\/uploads\/2026\/01\/portrait-female-gardener-holding-sprayer-greenhouse.jpg?fit=1200%2C800&ssl=1&resize=1050%2C600 3x"},"classes":[]},{"id":7057,"url":"https:\/\/diariodegarca.com\/?p=7057","url_meta":{"origin":6027,"position":5},"title":"Curso gratuito e presencial para profissionais da cafeicultura no Sindicato Rural de Gar\u00e7a","author":"Di\u00e1rio de Gar\u00e7a","date":"23 de setembro de 2025","format":false,"excerpt":"Capacita\u00e7\u00e3o em \"Opera\u00e7\u00e3o e Manuten\u00e7\u00e3o de Lavador e Secador de Caf\u00e9\" visa aumentar a efici\u00eancia e a qualidade do produto final, com inscri\u00e7\u00f5es abertas para os dias 23 e 24 de outubro. Produtores rurais e funcion\u00e1rios envolvidos na cadeia do caf\u00e9 t\u00eam uma oportunidade de se qualificar gratuitamente. O Sindicato\u2026","rel":"","context":"Em &quot;Agricultura&quot;","block_context":{"text":"Agricultura","link":"https:\/\/diariodegarca.com\/?cat=34615"},"img":{"alt_text":"","src":"https:\/\/i0.wp.com\/diariodegarca.com\/wp-content\/uploads\/2025\/09\/vista-superior-de-graos-torrados-de-cafe-e-garconete-preparando-cafe.jpg?fit=1200%2C798&ssl=1&resize=350%2C200","width":350,"height":200,"srcset":"https:\/\/i0.wp.com\/diariodegarca.com\/wp-content\/uploads\/2025\/09\/vista-superior-de-graos-torrados-de-cafe-e-garconete-preparando-cafe.jpg?fit=1200%2C798&ssl=1&resize=350%2C200 1x, https:\/\/i0.wp.com\/diariodegarca.com\/wp-content\/uploads\/2025\/09\/vista-superior-de-graos-torrados-de-cafe-e-garconete-preparando-cafe.jpg?fit=1200%2C798&ssl=1&resize=525%2C300 1.5x, https:\/\/i0.wp.com\/diariodegarca.com\/wp-content\/uploads\/2025\/09\/vista-superior-de-graos-torrados-de-cafe-e-garconete-preparando-cafe.jpg?fit=1200%2C798&ssl=1&resize=700%2C400 2x, https:\/\/i0.wp.com\/diariodegarca.com\/wp-content\/uploads\/2025\/09\/vista-superior-de-graos-torrados-de-cafe-e-garconete-preparando-cafe.jpg?fit=1200%2C798&ssl=1&resize=1050%2C600 3x"},"classes":[]}],"_links":{"self":[{"href":"https:\/\/diariodegarca.com\/index.php?rest_route=\/wp\/v2\/posts\/6027","targetHints":{"allow":["GET"]}}],"collection":[{"href":"https:\/\/diariodegarca.com\/index.php?rest_route=\/wp\/v2\/posts"}],"about":[{"href":"https:\/\/diariodegarca.com\/index.php?rest_route=\/wp\/v2\/types\/post"}],"author":[{"embeddable":true,"href":"https:\/\/diariodegarca.com\/index.php?rest_route=\/wp\/v2\/users\/260896546"}],"replies":[{"embeddable":true,"href":"https:\/\/diariodegarca.com\/index.php?rest_route=%2Fwp%2Fv2%2Fcomments&post=6027"}],"version-history":[{"count":3,"href":"https:\/\/diariodegarca.com\/index.php?rest_route=\/wp\/v2\/posts\/6027\/revisions"}],"predecessor-version":[{"id":6031,"href":"https:\/\/diariodegarca.com\/index.php?rest_route=\/wp\/v2\/posts\/6027\/revisions\/6031"}],"wp:featuredmedia":[{"embeddable":true,"href":"https:\/\/diariodegarca.com\/index.php?rest_route=\/wp\/v2\/media\/6029"}],"wp:attachment":[{"href":"https:\/\/diariodegarca.com\/index.php?rest_route=%2Fwp%2Fv2%2Fmedia&parent=6027"}],"wp:term":[{"taxonomy":"category","embeddable":true,"href":"https:\/\/diariodegarca.com\/index.php?rest_route=%2Fwp%2Fv2%2Fcategories&post=6027"},{"taxonomy":"post_tag","embeddable":true,"href":"https:\/\/diariodegarca.com\/index.php?rest_route=%2Fwp%2Fv2%2Ftags&post=6027"}],"curies":[{"name":"wp","href":"https:\/\/api.w.org\/{rel}","templated":true}]}}