{"id":6067,"date":"2025-08-25T13:53:09","date_gmt":"2025-08-25T16:53:09","guid":{"rendered":"https:\/\/diariodegarca.com\/?p=6067"},"modified":"2025-08-25T13:53:09","modified_gmt":"2025-08-25T16:53:09","slug":"homem-e-preso-em-flagrante-por-agredir-ex-companheira-e-sequestrar-criancas-em-parapua","status":"publish","type":"post","link":"https:\/\/diariodegarca.com\/?p=6067","title":{"rendered":"Homem \u00e9 preso em flagrante por agredir ex-companheira e sequestrar crian\u00e7as em Parapu\u00e3"},"content":{"rendered":"\n<p class=\"wp-block-paragraph\"><em>Ap\u00f3s espancar a v\u00edtima e fugir com os dois filhos pequenos, agressor foi localizado em um bar pela PM. Mesmo na delegacia, ele continuou com as amea\u00e7as de morte.<\/em><\/p>\n\n\n\n<p class=\"wp-block-paragraph\">Um caso grave de viol\u00eancia dom\u00e9stica terminou com a pris\u00e3o de um homem na noite de domingo, 24 de agosto, em Parapu\u00e3. Por volta das 20h40, policiais militares do 9\u00ba Batalh\u00e3o de Pol\u00edcia Militar do Interior (9\u00ba BPI) foram acionados para atender uma ocorr\u00eancia envolvendo agress\u00f5es e o sequestro de duas crian\u00e7as de colo.<\/p>\n\n\n\n<p class=\"wp-block-paragraph\">De acordo com as informa\u00e7\u00f5es apuradas pela reportagem, o homem invadiu a resid\u00eancia de sua ex-companheira e a agrediu violentamente com socos. Ap\u00f3s o ataque, ele fugiu do local levando consigo os dois filhos do casal, ambos ainda beb\u00eas.<\/p>\n\n\n\n<p class=\"wp-block-paragraph\">A guarni\u00e7\u00e3o policial iniciou as buscas imediatamente. Um fato importante para o desfecho do caso foi a a\u00e7\u00e3o de um cidad\u00e3o, que n\u00e3o ter\u00e1 seu nome divulgado, que conseguiu resgatar uma das crian\u00e7as e a devolveu \u00e0 m\u00e3e. Foi este mesmo cidad\u00e3o quem informou aos PMs que o agressor possivelmente estaria escondido em um bar da cidade.<\/p>\n\n\n\n<p class=\"wp-block-paragraph\">Os policiais se deslocaram at\u00e9 o estabelecimento e, ao avistar a equipe, o suspeito tentou fugir. Ele foi interceptado e contido pelos agentes. Preso em flagrante, o homem foi conduzido \u00e0 Delegacia de Pol\u00edcia Judici\u00e1ria de Tup\u00e3, cidade da regi\u00e3o que centraliza os procedimentos policiais.<\/p>\n\n\n\n<p class=\"wp-block-paragraph\">O comportamento violento do indiv\u00edduo persistiu mesmo dentro da delegacia. Ele proferiu novas amea\u00e7as de morte contra a ex-companheira, refor\u00e7ando a gravidade da situa\u00e7\u00e3o e o risco iminente \u00e0 qual a v\u00edtima estava exposta.<\/p>\n\n\n\n<p class=\"wp-block-paragraph\">Diante da materialidade do crime e da reitera\u00e7\u00e3o da conduta criminosa, a autoridade policial de plant\u00e3o ratificou a pris\u00e3o em flagrante. O agressor foi autuado e permaneceu \u00e0 disposi\u00e7\u00e3o da Justi\u00e7a para a realiza\u00e7\u00e3o de audi\u00eancia de cust\u00f3dia.<\/p>\n\n\n\n<p class=\"wp-block-paragraph\">O caso, tratado sob o protocolo de viol\u00eancia dom\u00e9stica, exemplifica a atua\u00e7\u00e3o integrada entre a comunidade, que auxiliou no resgate da crian\u00e7a e na localiza\u00e7\u00e3o do suspeito, e a Pol\u00edcia Militar, que assegurou a pronta resposta e a pris\u00e3o do acusado.<\/p>\n","protected":false},"excerpt":{"rendered":"<p>Ap\u00f3s espancar a v\u00edtima e fugir com os dois filhos pequenos, agressor foi localizado em um bar pela PM. Mesmo na delegacia, ele continuou com as amea\u00e7as de morte. Um caso grave de viol\u00eancia dom\u00e9stica terminou com a pris\u00e3o de um homem na noite de domingo, 24 de agosto, em Parapu\u00e3. Por volta das 20h40, [&hellip;]<\/p>\n","protected":false},"author":260896546,"featured_media":6069,"comment_status":"open","ping_status":"open","sticky":false,"template":"","format":"standard","meta":{"_crdt_document":"","_monsterinsights_skip_tracking":false,"_monsterinsights_sitenote_active":false,"_monsterinsights_sitenote_note":"","_monsterinsights_sitenote_category":0,"advanced_seo_description":"","jetpack_seo_html_title":"","jetpack_seo_noindex":false,"_jetpack_newsletter_access":"","_jetpack_dont_email_post_to_subs":false,"_jetpack_newsletter_tier_id":0,"_jetpack_memberships_contains_paywalled_content":false,"_jetpack_memberships_contains_paid_content":false,"footnotes":"","jetpack_publicize_message":"Parapu\u00e3 registra caso grave de viol\u00eancia dom\u00e9stica. \n\nNeste domingo (24\/8), um homem agrediu a ex-companheira com socos e fugiu com os dois filhos do casal, ainda beb\u00eas. A a\u00e7\u00e3o r\u00e1pida de um cidad\u00e3o, que resgatou uma das crian\u00e7as e alertou a PM, foi essencial. O agressor foi localizado em um bar e preso. Mesmo na delegacia, ele continuou amea\u00e7ando a v\u00edtima de morte. \n\nLeia a mat\u00e9ria completa em diariodegarca.com\n\n#Viol\u00eanciaDom\u00e9stica #Parapu\u00e3 #9BPI #Seguran\u00e7a","jetpack_publicize_feature_enabled":true,"jetpack_social_post_already_shared":false,"jetpack_social_options":{"image_generator_settings":{"template":"highway","default_image_id":0,"font":"","enabled":false},"version":2},"_wpas_customize_per_network":false,"jetpack_post_was_ever_published":false},"categories":[2380082],"tags":[],"class_list":["post-6067","post","type-post","status-publish","format-standard","has-post-thumbnail","hentry","category-parapua"],"jetpack_publicize_connections":[],"jetpack_featured_media_url":"https:\/\/i0.wp.com\/diariodegarca.com\/wp-content\/uploads\/2025\/08\/silhuetas-de-maos-aterrorizantes-no-estudio.jpg?fit=8000%2C5335&ssl=1","jetpack_likes_enabled":true,"jetpack_sharing_enabled":true,"jetpack_shortlink":"https:\/\/wp.me\/pgitne-1zR","jetpack-related-posts":[{"id":7627,"url":"https:\/\/diariodegarca.com\/?p=7627","url_meta":{"origin":6067,"position":0},"title":"Homem \u00e9 preso por amea\u00e7ar companheira e filho de 2 anos de morte em Echapor\u00e3","author":"Andreza Sega","date":"11 de outubro de 2025","format":false,"excerpt":"Caso ocorreu na noite desta sexta; al\u00e9m de viol\u00eancia dom\u00e9stica e amea\u00e7a, homem resistiu \u00e0 pris\u00e3o e simulou estar sendo agredido pela pol\u00edcia. Um caso de viol\u00eancia dom\u00e9stica com cenas de intensa tens\u00e3o terminou com a pris\u00e3o de um homem na noite desta sexta-feira, 10 de outubro, em Echapor\u00e3. O\u2026","rel":"","context":"Em &quot;Echapor\u00e3&quot;","block_context":{"text":"Echapor\u00e3","link":"https:\/\/diariodegarca.com\/?cat=9098997"},"img":{"alt_text":"","src":"https:\/\/i0.wp.com\/diariodegarca.com\/wp-content\/uploads\/2025\/10\/WhatsApp-Image-2025-10-11-at-08.39.58.jpeg?fit=906%2C1200&ssl=1&resize=350%2C200","width":350,"height":200,"srcset":"https:\/\/i0.wp.com\/diariodegarca.com\/wp-content\/uploads\/2025\/10\/WhatsApp-Image-2025-10-11-at-08.39.58.jpeg?fit=906%2C1200&ssl=1&resize=350%2C200 1x, https:\/\/i0.wp.com\/diariodegarca.com\/wp-content\/uploads\/2025\/10\/WhatsApp-Image-2025-10-11-at-08.39.58.jpeg?fit=906%2C1200&ssl=1&resize=525%2C300 1.5x, https:\/\/i0.wp.com\/diariodegarca.com\/wp-content\/uploads\/2025\/10\/WhatsApp-Image-2025-10-11-at-08.39.58.jpeg?fit=906%2C1200&ssl=1&resize=700%2C400 2x"},"classes":[]},{"id":5034,"url":"https:\/\/diariodegarca.com\/?p=5034","url_meta":{"origin":6067,"position":1},"title":"PM prende suspeitos de sequestro, tr\u00e1fico e cumpre mandados em Mar\u00edlia, Tup\u00e3 e Pomp\u00e9ia","author":"Di\u00e1rio de Gar\u00e7a","date":"25 de julho de 2025","format":false,"excerpt":"Opera\u00e7\u00f5es do 9\u00ba BPM\/I resultaram em pris\u00f5es, apreens\u00e3o de armas e drogas em diferentes cidades da regi\u00e3o. A seguran\u00e7a p\u00fablica na regi\u00e3o de Mar\u00edlia esteve movimentada nesta semana, com a\u00e7\u00f5es policiais que resultaram na pris\u00e3o de criminosos envolvidos em crimes graves, como sequestro, tr\u00e1fico de drogas e posse ilegal de\u2026","rel":"","context":"Em &quot;Mar\u00edlia&quot;","block_context":{"text":"Mar\u00edlia","link":"https:\/\/diariodegarca.com\/?cat=683453294"},"img":{"alt_text":"","src":"https:\/\/i0.wp.com\/diariodegarca.com\/wp-content\/uploads\/2025\/07\/whatsapp-image-2025-07-25-at-15.40.53.jpeg?fit=1200%2C987&ssl=1&resize=350%2C200","width":350,"height":200,"srcset":"https:\/\/i0.wp.com\/diariodegarca.com\/wp-content\/uploads\/2025\/07\/whatsapp-image-2025-07-25-at-15.40.53.jpeg?fit=1200%2C987&ssl=1&resize=350%2C200 1x, https:\/\/i0.wp.com\/diariodegarca.com\/wp-content\/uploads\/2025\/07\/whatsapp-image-2025-07-25-at-15.40.53.jpeg?fit=1200%2C987&ssl=1&resize=525%2C300 1.5x, https:\/\/i0.wp.com\/diariodegarca.com\/wp-content\/uploads\/2025\/07\/whatsapp-image-2025-07-25-at-15.40.53.jpeg?fit=1200%2C987&ssl=1&resize=700%2C400 2x, https:\/\/i0.wp.com\/diariodegarca.com\/wp-content\/uploads\/2025\/07\/whatsapp-image-2025-07-25-at-15.40.53.jpeg?fit=1200%2C987&ssl=1&resize=1050%2C600 3x"},"classes":[]},{"id":4097,"url":"https:\/\/diariodegarca.com\/?p=4097","url_meta":{"origin":6067,"position":2},"title":"Pol\u00edcia Militar registra pris\u00f5es por viol\u00eancia em Echapor\u00e3 e Mar\u00edlia","author":"Di\u00e1rio de Gar\u00e7a","date":"19 de junho de 2025","format":false,"excerpt":"Homem \u00e9 detido por tentativa de homic\u00eddio ap\u00f3s disparos em bar; em outro caso, agressor \u00e9 preso por les\u00e3o corporal e amea\u00e7a contra companheira. No interior paulista, o\u00a09\u00ba Batalh\u00e3o de Pol\u00edcia Militar do Interior (9\u00ba BPM\/I)\u00a0registrou dois casos graves de viol\u00eancia nas cidades de\u00a0Echapor\u00e3 e Mar\u00edlia, resultando na pris\u00e3o dos\u2026","rel":"","context":"Em &quot;Echapor\u00e3&quot;","block_context":{"text":"Echapor\u00e3","link":"https:\/\/diariodegarca.com\/?cat=9098997"},"img":{"alt_text":"","src":"","width":0,"height":0},"classes":[]},{"id":8622,"url":"https:\/\/diariodegarca.com\/?p=8622","url_meta":{"origin":6067,"position":3},"title":"Homem \u00e9 preso ap\u00f3s agredir ex-companheira adolescente e tia em Gar\u00e7a","author":"Andreza Sega","date":"10 de novembro de 2025","format":false,"excerpt":"Homem desferiu cabe\u00e7ada na jovem e agrediu a tia dela, que tentou intervir; caso foi registrado como viol\u00eancia dom\u00e9stica. Um homem foi preso em flagrante na manh\u00e3 de domingo, 9 de novembro, ap\u00f3s agredir a ex-companheira, uma adolescente e a tia dela no Jardim dos Eucaliptos, em Gar\u00e7a. O epis\u00f3dio,\u2026","rel":"","context":"Em &quot;Gar\u00e7a&quot;","block_context":{"text":"Gar\u00e7a","link":"https:\/\/diariodegarca.com\/?cat=781171664"},"img":{"alt_text":"","src":"https:\/\/i0.wp.com\/diariodegarca.com\/wp-content\/uploads\/2025\/10\/policia-civil.jpg?fit=790%2C499&ssl=1&resize=350%2C200","width":350,"height":200,"srcset":"https:\/\/i0.wp.com\/diariodegarca.com\/wp-content\/uploads\/2025\/10\/policia-civil.jpg?fit=790%2C499&ssl=1&resize=350%2C200 1x, https:\/\/i0.wp.com\/diariodegarca.com\/wp-content\/uploads\/2025\/10\/policia-civil.jpg?fit=790%2C499&ssl=1&resize=525%2C300 1.5x, https:\/\/i0.wp.com\/diariodegarca.com\/wp-content\/uploads\/2025\/10\/policia-civil.jpg?fit=790%2C499&ssl=1&resize=700%2C400 2x"},"classes":[]},{"id":2554,"url":"https:\/\/diariodegarca.com\/?p=2554","url_meta":{"origin":6067,"position":4},"title":"Homem \u00e9 preso por descumprir medida protetiva e amea\u00e7ar ex-companheira com faca em Tup\u00e3","author":"Di\u00e1rio de Gar\u00e7a","date":"24 de mar\u00e7o de 2025","format":false,"excerpt":"Na madrugada desta segunda-feira, dis 24 de\u00a0 mar\u00e7o, policiais militares do 9\u00ba Batalh\u00e3o do Interior prenderam um homem por descumprimento de medida protetiva e agress\u00e3o contra sua ex-companheira no bairro Morada do Sol, em Tup\u00e3.\u00a0\u00a0De acordo com informa\u00e7\u00f5es da Pol\u00edcia Militar, o fato ocorreu por volta das 0h48, ap\u00f3s a\u2026","rel":"","context":"Em &quot;Brasil&quot;","block_context":{"text":"Brasil","link":"https:\/\/diariodegarca.com\/?cat=38185"},"img":{"alt_text":"","src":"","width":0,"height":0},"classes":[]},{"id":7479,"url":"https:\/\/diariodegarca.com\/?p=7479","url_meta":{"origin":6067,"position":5},"title":"Dois homens s\u00e3o presos em flagrante por viol\u00eancia dom\u00e9stica em Gar\u00e7a","author":"Andreza Sega","date":"6 de outubro de 2025","format":false,"excerpt":"Opera\u00e7\u00f5es da Pol\u00edcia Militar, no \u00faltimo s\u00e1bado, resultaram na pris\u00e3o de dois agressores em cen\u00e1rios distintos: um no bairro Vila Rebelo e outro na zona rural do munic\u00edpio. A Pol\u00edcia Militar do 9\u00ba Batalh\u00e3o prendeu, na \u00faltima sexta-feira, 4 de outubro, dois homens por crimes de viol\u00eancia dom\u00e9stica em Gar\u00e7a.\u2026","rel":"","context":"Em &quot;Gar\u00e7a&quot;","block_context":{"text":"Gar\u00e7a","link":"https:\/\/diariodegarca.com\/?cat=781171664"},"img":{"alt_text":"","src":"https:\/\/i0.wp.com\/diariodegarca.com\/wp-content\/uploads\/2025\/09\/imagem-nao-explicita-de-abuso-de-criancas.jpg?fit=1200%2C800&ssl=1&resize=350%2C200","width":350,"height":200,"srcset":"https:\/\/i0.wp.com\/diariodegarca.com\/wp-content\/uploads\/2025\/09\/imagem-nao-explicita-de-abuso-de-criancas.jpg?fit=1200%2C800&ssl=1&resize=350%2C200 1x, https:\/\/i0.wp.com\/diariodegarca.com\/wp-content\/uploads\/2025\/09\/imagem-nao-explicita-de-abuso-de-criancas.jpg?fit=1200%2C800&ssl=1&resize=525%2C300 1.5x, https:\/\/i0.wp.com\/diariodegarca.com\/wp-content\/uploads\/2025\/09\/imagem-nao-explicita-de-abuso-de-criancas.jpg?fit=1200%2C800&ssl=1&resize=700%2C400 2x, https:\/\/i0.wp.com\/diariodegarca.com\/wp-content\/uploads\/2025\/09\/imagem-nao-explicita-de-abuso-de-criancas.jpg?fit=1200%2C800&ssl=1&resize=1050%2C600 3x"},"classes":[]}],"_links":{"self":[{"href":"https:\/\/diariodegarca.com\/index.php?rest_route=\/wp\/v2\/posts\/6067","targetHints":{"allow":["GET"]}}],"collection":[{"href":"https:\/\/diariodegarca.com\/index.php?rest_route=\/wp\/v2\/posts"}],"about":[{"href":"https:\/\/diariodegarca.com\/index.php?rest_route=\/wp\/v2\/types\/post"}],"author":[{"embeddable":true,"href":"https:\/\/diariodegarca.com\/index.php?rest_route=\/wp\/v2\/users\/260896546"}],"replies":[{"embeddable":true,"href":"https:\/\/diariodegarca.com\/index.php?rest_route=%2Fwp%2Fv2%2Fcomments&post=6067"}],"version-history":[{"count":2,"href":"https:\/\/diariodegarca.com\/index.php?rest_route=\/wp\/v2\/posts\/6067\/revisions"}],"predecessor-version":[{"id":6070,"href":"https:\/\/diariodegarca.com\/index.php?rest_route=\/wp\/v2\/posts\/6067\/revisions\/6070"}],"wp:featuredmedia":[{"embeddable":true,"href":"https:\/\/diariodegarca.com\/index.php?rest_route=\/wp\/v2\/media\/6069"}],"wp:attachment":[{"href":"https:\/\/diariodegarca.com\/index.php?rest_route=%2Fwp%2Fv2%2Fmedia&parent=6067"}],"wp:term":[{"taxonomy":"category","embeddable":true,"href":"https:\/\/diariodegarca.com\/index.php?rest_route=%2Fwp%2Fv2%2Fcategories&post=6067"},{"taxonomy":"post_tag","embeddable":true,"href":"https:\/\/diariodegarca.com\/index.php?rest_route=%2Fwp%2Fv2%2Ftags&post=6067"}],"curies":[{"name":"wp","href":"https:\/\/api.w.org\/{rel}","templated":true}]}}