{"id":6096,"date":"2025-08-26T15:26:27","date_gmt":"2025-08-26T18:26:27","guid":{"rendered":"https:\/\/diariodegarca.com\/?p=6096"},"modified":"2025-08-26T15:26:27","modified_gmt":"2025-08-26T18:26:27","slug":"estado-de-sao-paulo-proibe-acorrentamento-de-caes-e-gatos","status":"publish","type":"post","link":"https:\/\/diariodegarca.com\/?p=6096","title":{"rendered":"Estado de S\u00e3o Paulo pro\u00edbe acorrentamento de c\u00e3es e gatos"},"content":{"rendered":"\n<p class=\"wp-block-paragraph\"><em>Nova lei estadual, sancionada pelo governador, criminaliza a pr\u00e1tica de manter animais presos por correntes e estabelece crit\u00e9rios m\u00ednimos de bem-estar para casos excepcionais de conten\u00e7\u00e3o.<\/em><\/p>\n\n\n\n<p class=\"wp-block-paragraph\">O estado de S\u00e3o Paulo deu um passo significativo na prote\u00e7\u00e3o animal com a san\u00e7\u00e3o da <a href=\"https:\/\/doe.sp.gov.br\/executivo\/leis\/lei-n-18184-de-21-de-agosto-de-2025\">Lei Estadual n\u00ba 18.184\/2025<\/a>, que pro\u00edbe o acorrentamento de c\u00e3es e gatos e a manuten\u00e7\u00e3o desses animais em alojamentos considerados inadequados. A lei, de autoria do deputado estadual Rafael Saraiva, foi sancionada pelo governador Tarc\u00edsio de Freitas no \u00faltimo dia 25 de agosto e publicada no Di\u00e1rio Oficial do estado.<\/p>\n\n\n\n<p class=\"wp-block-paragraph\">A normativa visa coibir uma pr\u00e1tica historicamente condenada por protetores e especialistas em bem-estar animal, que causa sofrimento f\u00edsico e psicol\u00f3gico, podendo levar a les\u00f5es, estrangulamento e comportamento agressivo.<\/p>\n\n\n\n<p class=\"wp-block-paragraph\"><strong>O que a lei pro\u00edbe?<\/strong><\/p>\n\n\n\n<p class=\"wp-block-paragraph\">De acordo com o texto legal, fica expressamente proibido:<\/p>\n\n\n\n<ul class=\"wp-block-list\">\n<li><strong>Acorrentamento:<\/strong>\u00a0Utilizar correntes, cordas ou similares para restringir permanentemente a liberdade do animal, impedindo sua locomo\u00e7\u00e3o livre.<\/li>\n\n\n\n<li><strong>Alojamento inadequado:<\/strong>\u00a0Manter o animal em qualquer espa\u00e7o que ofere\u00e7a risco \u00e0 sua vida ou sa\u00fade, que n\u00e3o tenha dimens\u00f5es compat\u00edveis com seu porte ou que desrespeite as normas de bem-estar.<\/li>\n<\/ul>\n\n\n\n<p class=\"wp-block-paragraph\"><strong>E quando a conten\u00e7\u00e3o \u00e9 necess\u00e1ria?<\/strong><\/p>\n\n\n\n<p class=\"wp-block-paragraph\">A lei reconhece que, em situa\u00e7\u00f5es pontuais e de impossibilidade tempor\u00e1ria, pode ser necess\u00e1rio conter o animal. No entanto, essa pr\u00e1tica est\u00e1 sujeita a uma s\u00e9rie de condi\u00e7\u00f5es rigorosas para garantir o m\u00ednimo de dignidade. O texto especifica que, nesses casos excepcionais, s\u00f3 \u00e9 permitido o uso de uma corrente do tipo &#8220;vaiv\u00e9m&#8221; (que desliza por um var\u00e3o, permitindo maior mobilidade) e que deve assegurar:<\/p>\n\n\n\n<ul class=\"wp-block-list\">\n<li><strong>Temporariedade:<\/strong>\u00a0a conten\u00e7\u00e3o n\u00e3o pode ser permanente.<\/li>\n\n\n\n<li><strong>Mobilidade m\u00ednima:<\/strong>\u00a0a corrente deve permitir deslocamento adequado.<\/li>\n\n\n\n<li><strong>Coleira segura:<\/strong>\u00a0uso de coleira compat\u00edvel com o porte, sendo vedados enforcadores de qualquer tipo.<\/li>\n\n\n\n<li><strong>Abrigo:<\/strong>\u00a0o animal deve ter acesso a abrigo contra sol, chuva, calor ou frio excessivos.<\/li>\n\n\n\n<li><strong>\u00c1gua e comida:<\/strong>\u00a0disponibilidade permanente de \u00e1gua limpa e alimenta\u00e7\u00e3o.<\/li>\n\n\n\n<li><strong>Higiene:<\/strong>\u00a0conserva\u00e7\u00e3o da limpeza do local e do pr\u00f3prio animal.<\/li>\n\n\n\n<li><strong>Isolamento:<\/strong>\u00a0impedir contato com animais agressivos ou doentes.<\/li>\n<\/ul>\n\n\n\n<p class=\"wp-block-paragraph\"><strong>Quais as penalidades para quem descumprir?<\/strong><\/p>\n\n\n\n<p class=\"wp-block-paragraph\">Os infratores estar\u00e3o sujeitos \u00e0s san\u00e7\u00f5es previstas na Lei Federal de Crimes Ambientais (<a href=\"https:\/\/www.planalto.gov.br\/ccivil_03\/LEIS\/L9605.htm\">n\u00ba 9.605\/1998<\/a>), que prev\u00ea multas e, em casos mais graves, deten\u00e7\u00e3o.<\/p>\n\n\n\n<p class=\"wp-block-paragraph\">Para o deputado autor da lei, Rafael Saraiva, a medida \u00e9 hist\u00f3rica. &#8220;<em>Mais uma vez o Parlamento estadual faz hist\u00f3ria. \u00c9 um grande passo para que esses animais n\u00e3o fiquem presos 24 horas por dia, sem possibilidade de locomo\u00e7\u00e3o e liberdade<\/em>&#8220;, afirmou o parlamentar.<\/p>\n\n\n\n<p class=\"wp-block-paragraph\">A lei j\u00e1 est\u00e1 em vigor desde ontem, 25 de agosto, data de sua publica\u00e7\u00e3o no Di\u00e1rio Oficial. A expectativa \u00e9 de que, com a conscientiza\u00e7\u00e3o e a aplica\u00e7\u00e3o da fiscaliza\u00e7\u00e3o, haja melhoria na qualidade de vida de milhares de animais em todo o estado.<\/p>\n","protected":false},"excerpt":{"rendered":"<p>Nova lei estadual, sancionada pelo governador, criminaliza a pr\u00e1tica de manter animais presos por correntes e estabelece crit\u00e9rios m\u00ednimos de bem-estar para casos excepcionais de conten\u00e7\u00e3o. O estado de S\u00e3o Paulo deu um passo significativo na prote\u00e7\u00e3o animal com a san\u00e7\u00e3o da Lei Estadual n\u00ba 18.184\/2025, que pro\u00edbe o acorrentamento de c\u00e3es e gatos e [&hellip;]<\/p>\n","protected":false},"author":260896546,"featured_media":6099,"comment_status":"open","ping_status":"open","sticky":false,"template":"","format":"standard","meta":{"_crdt_document":"","_monsterinsights_skip_tracking":false,"_monsterinsights_sitenote_active":false,"_monsterinsights_sitenote_note":"","_monsterinsights_sitenote_category":0,"advanced_seo_description":"","jetpack_seo_html_title":"","jetpack_seo_noindex":false,"_jetpack_newsletter_access":"","_jetpack_dont_email_post_to_subs":false,"_jetpack_newsletter_tier_id":0,"_jetpack_memberships_contains_paywalled_content":false,"_jetpack_memberships_contains_paid_content":false,"footnotes":"","jetpack_publicize_message":"\ud83c\udfdb\ufe0f S\u00e3o Paulo pro\u00edbe o acorrentamento de c\u00e3es e gatos. \ud83d\udc15\ud83d\udc08\n\nA partir de agora, \u00e9 crime no estado de S\u00e3o Paulo manter c\u00e3es e gatos acorrentados permanentemente ou em alojamentos inadequados. A Lei 18.184\/2025, foi sancionada pelo executivo e j\u00e1 est\u00e1 em vigor.\n\nQuer entender todos os detalhes e como a lei funciona na pr\u00e1tica? A mat\u00e9ria completa est\u00e1 no nosso site! \n\n\ud83d\udc49 diariodegarca.com\n\n#LeiSP #BemEstarAnimal #FimDoAcorrentamento #DireitoAnimal #CausaAnimal #S\u00e3oPaulo #DiarioDeGarca","jetpack_publicize_feature_enabled":true,"jetpack_social_post_already_shared":false,"jetpack_social_options":{"image_generator_settings":{"template":"highway","default_image_id":0,"font":"","enabled":false},"version":2},"_wpas_customize_per_network":false,"jetpack_post_was_ever_published":false},"categories":[26891317],"tags":[],"class_list":["post-6096","post","type-post","status-publish","format-standard","has-post-thumbnail","hentry","category-causa-animal"],"jetpack_publicize_connections":[],"jetpack_featured_media_url":"https:\/\/i0.wp.com\/diariodegarca.com\/wp-content\/uploads\/2025\/08\/deixar-cachorro-preso-crime-capa.webp?fit=709%2C472&ssl=1","jetpack_likes_enabled":true,"jetpack_sharing_enabled":true,"jetpack_shortlink":"https:\/\/wp.me\/pgitne-1Ak","jetpack-related-posts":[{"id":2587,"url":"https:\/\/diariodegarca.com\/?p=2587","url_meta":{"origin":6096,"position":0},"title":"Eutan\u00e1sia de c\u00e3es e gatos por \u00f3rg\u00e3os p\u00fablicos \u00e9 proibida por Lei","author":"Di\u00e1rio de Gar\u00e7a","date":"20 de mar\u00e7o de 2025","format":false,"excerpt":"A Lei 14.228\/2021, sancionada em 20 de outubro de 2021, marca um avan\u00e7o na prote\u00e7\u00e3o animal no Brasil. A nova legisla\u00e7\u00e3o pro\u00edbe a eutan\u00e1sia de c\u00e3es e gatos por \u00f3rg\u00e3os de controle de zoonoses, canis p\u00fablicos e estabelecimentos similares, exceto em casos espec\u00edficos: \u2714 Quando h\u00e1 doen\u00e7as graves incur\u00e1veis \u2714\u2026","rel":"","context":"Em &quot;Brasil&quot;","block_context":{"text":"Brasil","link":"https:\/\/diariodegarca.com\/?cat=38185"},"img":{"alt_text":"","src":"","width":0,"height":0},"classes":[]},{"id":4392,"url":"https:\/\/diariodegarca.com\/?p=4392","url_meta":{"origin":6096,"position":1},"title":"Junho Dourado refor\u00e7a a import\u00e2ncia da vacina\u00e7\u00e3o e dos cuidados com a sa\u00fade animal","author":"Di\u00e1rio de Gar\u00e7a","date":"3 de julho de 2025","format":false,"excerpt":"M\u00eas \u00e9 dedicado \u00e0 conscientiza\u00e7\u00e3o sobre o bem-estar dos pets, preven\u00e7\u00e3o de zoonoses e refor\u00e7o da vacina\u00e7\u00e3o como ferramenta essencial \u00e0 sa\u00fade p\u00fablica e animal Um m\u00eas pela sa\u00fade dos animais O Junho Dourado \u00e9 uma campanha nacional voltada \u00e0 conscientiza\u00e7\u00e3o sobre a sa\u00fade animal, com \u00eanfase na vacina\u00e7\u00e3o, preven\u00e7\u00e3o\u2026","rel":"","context":"Em &quot;Brasil&quot;","block_context":{"text":"Brasil","link":"https:\/\/diariodegarca.com\/?cat=38185"},"img":{"alt_text":"","src":"https:\/\/i0.wp.com\/diariodegarca.com\/wp-content\/uploads\/2025\/07\/visao-de-gatos-e-caes-sendo-amigos-e1751484548616.jpg?fit=1200%2C982&ssl=1&resize=350%2C200","width":350,"height":200,"srcset":"https:\/\/i0.wp.com\/diariodegarca.com\/wp-content\/uploads\/2025\/07\/visao-de-gatos-e-caes-sendo-amigos-e1751484548616.jpg?fit=1200%2C982&ssl=1&resize=350%2C200 1x, https:\/\/i0.wp.com\/diariodegarca.com\/wp-content\/uploads\/2025\/07\/visao-de-gatos-e-caes-sendo-amigos-e1751484548616.jpg?fit=1200%2C982&ssl=1&resize=525%2C300 1.5x, https:\/\/i0.wp.com\/diariodegarca.com\/wp-content\/uploads\/2025\/07\/visao-de-gatos-e-caes-sendo-amigos-e1751484548616.jpg?fit=1200%2C982&ssl=1&resize=700%2C400 2x, https:\/\/i0.wp.com\/diariodegarca.com\/wp-content\/uploads\/2025\/07\/visao-de-gatos-e-caes-sendo-amigos-e1751484548616.jpg?fit=1200%2C982&ssl=1&resize=1050%2C600 3x"},"classes":[]},{"id":9973,"url":"https:\/\/diariodegarca.com\/?p=9973","url_meta":{"origin":6096,"position":2},"title":"Vera Cruz ter\u00e1 castra\u00e7\u00e3o gratuita de c\u00e3es e gatos com Castrabus","author":"Di\u00e1rio de Gar\u00e7a","date":"9 de janeiro de 2026","format":false,"excerpt":"Munic\u00edpio exige cadastro pr\u00e9vio online; vagas s\u00e3o limitadas e atendimento ocorrer\u00e1 na Casa da Agricultura. A cidade de Vera Cruz receber\u00e1, no dia 22 de janeiro, a primeira edi\u00e7\u00e3o do Castrabus, iniciativa que garante a castra\u00e7\u00e3o gratuita de c\u00e3es e gatos no munic\u00edpio. A a\u00e7\u00e3o ser\u00e1 realizada na Casa da\u2026","rel":"","context":"Em &quot;Causa animal&quot;","block_context":{"text":"Causa animal","link":"https:\/\/diariodegarca.com\/?cat=26891317"},"img":{"alt_text":"","src":"https:\/\/i0.wp.com\/diariodegarca.com\/wp-content\/uploads\/2026\/01\/castramovel-e1767920853433.jpg?fit=641%2C405&ssl=1&resize=350%2C200","width":350,"height":200,"srcset":"https:\/\/i0.wp.com\/diariodegarca.com\/wp-content\/uploads\/2026\/01\/castramovel-e1767920853433.jpg?fit=641%2C405&ssl=1&resize=350%2C200 1x, https:\/\/i0.wp.com\/diariodegarca.com\/wp-content\/uploads\/2026\/01\/castramovel-e1767920853433.jpg?fit=641%2C405&ssl=1&resize=525%2C300 1.5x"},"classes":[]},{"id":5489,"url":"https:\/\/diariodegarca.com\/?p=5489","url_meta":{"origin":6096,"position":3},"title":"Agosto Dourado, Laranja e Preto: m\u00eas de sa\u00fade e conscientiza\u00e7\u00e3o animal","author":"Di\u00e1rio de Gar\u00e7a","date":"11 de agosto de 2025","format":false,"excerpt":"Campanhas destacam ado\u00e7\u00e3o respons\u00e1vel, preven\u00e7\u00e3o de doen\u00e7as e combate ao preconceito contra gatos pretos. Enquanto agosto \u00e9 amplamente conhecido por campanhas de sa\u00fade humana, como o\u00a0\"Agosto Dourado\"\u00a0(aleitamento materno), o m\u00eas tamb\u00e9m \u00e9 marcado por importantes iniciativas voltadas aos animais. ONGs, protetores independentes e cl\u00ednicas veterin\u00e1rias promovem a\u00e7\u00f5es de conscientiza\u00e7\u00e3o sobre\u2026","rel":"","context":"Em &quot;Brasil&quot;","block_context":{"text":"Brasil","link":"https:\/\/diariodegarca.com\/?cat=38185"},"img":{"alt_text":"","src":"https:\/\/i0.wp.com\/diariodegarca.com\/wp-content\/uploads\/2025\/08\/visao-de-gatos-e-caes-sendo-amigos-1.jpg?fit=1200%2C673&ssl=1&resize=350%2C200","width":350,"height":200,"srcset":"https:\/\/i0.wp.com\/diariodegarca.com\/wp-content\/uploads\/2025\/08\/visao-de-gatos-e-caes-sendo-amigos-1.jpg?fit=1200%2C673&ssl=1&resize=350%2C200 1x, https:\/\/i0.wp.com\/diariodegarca.com\/wp-content\/uploads\/2025\/08\/visao-de-gatos-e-caes-sendo-amigos-1.jpg?fit=1200%2C673&ssl=1&resize=525%2C300 1.5x, https:\/\/i0.wp.com\/diariodegarca.com\/wp-content\/uploads\/2025\/08\/visao-de-gatos-e-caes-sendo-amigos-1.jpg?fit=1200%2C673&ssl=1&resize=700%2C400 2x, https:\/\/i0.wp.com\/diariodegarca.com\/wp-content\/uploads\/2025\/08\/visao-de-gatos-e-caes-sendo-amigos-1.jpg?fit=1200%2C673&ssl=1&resize=1050%2C600 3x"},"classes":[]},{"id":2355,"url":"https:\/\/diariodegarca.com\/?p=2355","url_meta":{"origin":6096,"position":4},"title":"Governo lan\u00e7ar\u00e1 Programa Nacional de Prote\u00e7\u00e3o e Identifica\u00e7\u00e3o de C\u00e3es e Gatos amanh\u00e3","author":"Di\u00e1rio de Gar\u00e7a","date":"16 de abril de 2025","format":false,"excerpt":"Na pr\u00f3xima quinta-feira, dia 17 de abril, o presidente Luiz In\u00e1cio Lula da Silva assinar\u00e1 o decreto que institui o\u00a0Programa Nacional de Prote\u00e7\u00e3o e Manejo Populacional \u00c9tico de C\u00e3es e Gatos (ProPatinhas), marcando tamb\u00e9m o lan\u00e7amento oficial do\u00a0Sistema Nacional de Identifica\u00e7\u00e3o de C\u00e3es e Gatos (SinPatinhas). A iniciativa tem como\u2026","rel":"","context":"Em &quot;Brasil&quot;","block_context":{"text":"Brasil","link":"https:\/\/diariodegarca.com\/?cat=38185"},"img":{"alt_text":"","src":"https:\/\/i0.wp.com\/blogger.googleusercontent.com\/img\/b\/R29vZ2xl\/AVvXsEjhtJtesQyel8YS1G3hgW2wv8oG6YhxHBWx4tkmM8DQ3XlIlXrOMiODCPsNyMLY4JxfRs4o1RYPKAvLokcxgWznt1E1FAo8FivZKUl8U8qpwjPm9v-X0PMQCgYN8qY0RDv14Vsca-ph8Mhf3vb-i-EBdAWL9rFTIKQBC7XqT7TLK5YLngoglhhXU1LEZ2Q\/s320\/smiley-woman-playing-shelter-with-dog-waiting-be-adopted.jpg?resize=350%2C200&ssl=1","width":350,"height":200},"classes":[]},{"id":2332,"url":"https:\/\/diariodegarca.com\/?p=2332","url_meta":{"origin":6096,"position":5},"title":"ProPatinhas e SinPatinhas: Governo Federal lan\u00e7a programa pioneiro para prote\u00e7\u00e3o de c\u00e3es e gatos","author":"Di\u00e1rio de Gar\u00e7a","date":"17 de abril de 2025","format":false,"excerpt":"Nesta quinta-feira, dia 17 de abril, o Governo Federal deu um passo hist\u00f3rico na defesa dos animais com o lan\u00e7amento do\u00a0Programa Nacional de Prote\u00e7\u00e3o e Manejo Populacional \u00c9tico de C\u00e3es e Gatos (ProPatinhas)\u00a0e do\u00a0Sistema de Cadastro Nacional de Animais Dom\u00e9sticos (SinPatinhas). As iniciativas, coordenadas pelo\u00a0Minist\u00e9rio do Meio Ambiente e Mudan\u00e7a\u2026","rel":"","context":"Em &quot;Brasil&quot;","block_context":{"text":"Brasil","link":"https:\/\/diariodegarca.com\/?cat=38185"},"img":{"alt_text":"","src":"https:\/\/i0.wp.com\/blogger.googleusercontent.com\/img\/b\/R29vZ2xl\/AVvXsEgs8WMwifJGuum8PS_UR1-RPhico2Z-_YPtzVQDLoE6U8KvYU48yFYFnYjO5KVDAHeBpjBHAX2Mk4uFwRA1wT66BnhKqQJ13T2YglzVP3lDAG1Zv4TSwXgBi_9N0kirBD9_7UmDMsVw6olX6EugNznStvkhOD3qB_XZN-IfatlpuDzHoHrLJTF25VJ2Sik\/s320\/54458589055_be6a99e4b8_c.jpg?resize=350%2C200&ssl=1","width":350,"height":200},"classes":[]}],"_links":{"self":[{"href":"https:\/\/diariodegarca.com\/index.php?rest_route=\/wp\/v2\/posts\/6096","targetHints":{"allow":["GET"]}}],"collection":[{"href":"https:\/\/diariodegarca.com\/index.php?rest_route=\/wp\/v2\/posts"}],"about":[{"href":"https:\/\/diariodegarca.com\/index.php?rest_route=\/wp\/v2\/types\/post"}],"author":[{"embeddable":true,"href":"https:\/\/diariodegarca.com\/index.php?rest_route=\/wp\/v2\/users\/260896546"}],"replies":[{"embeddable":true,"href":"https:\/\/diariodegarca.com\/index.php?rest_route=%2Fwp%2Fv2%2Fcomments&post=6096"}],"version-history":[{"count":3,"href":"https:\/\/diariodegarca.com\/index.php?rest_route=\/wp\/v2\/posts\/6096\/revisions"}],"predecessor-version":[{"id":6100,"href":"https:\/\/diariodegarca.com\/index.php?rest_route=\/wp\/v2\/posts\/6096\/revisions\/6100"}],"wp:featuredmedia":[{"embeddable":true,"href":"https:\/\/diariodegarca.com\/index.php?rest_route=\/wp\/v2\/media\/6099"}],"wp:attachment":[{"href":"https:\/\/diariodegarca.com\/index.php?rest_route=%2Fwp%2Fv2%2Fmedia&parent=6096"}],"wp:term":[{"taxonomy":"category","embeddable":true,"href":"https:\/\/diariodegarca.com\/index.php?rest_route=%2Fwp%2Fv2%2Fcategories&post=6096"},{"taxonomy":"post_tag","embeddable":true,"href":"https:\/\/diariodegarca.com\/index.php?rest_route=%2Fwp%2Fv2%2Ftags&post=6096"}],"curies":[{"name":"wp","href":"https:\/\/api.w.org\/{rel}","templated":true}]}}