{"id":6101,"date":"2025-08-26T19:43:38","date_gmt":"2025-08-26T22:43:38","guid":{"rendered":"https:\/\/diariodegarca.com\/?p=6101"},"modified":"2025-08-26T19:43:38","modified_gmt":"2025-08-26T22:43:38","slug":"adolescente-e-apreendido-por-trafico-de-drogas-em-garca-4","status":"publish","type":"post","link":"https:\/\/diariodegarca.com\/?p=6101","title":{"rendered":"\u00a0Adolescente \u00e9 apreendido por tr\u00e1fico de drogas em Gar\u00e7a"},"content":{"rendered":"\n<p class=\"wp-block-paragraph\"><em>Durante patrulha de rotina no bairro Vila Araceli, policiais militares flagraram e prenderam um jovem com crack, coca\u00edna e maconha para venda.<\/em><\/p>\n\n\n\n<p class=\"wp-block-paragraph\">Em uma a\u00e7\u00e3o de patrulhamento de rotina na tarde desta ter\u00e7a-feira, 26 de agosto, por volta das 16h26, policiais militares da For\u00e7a T\u00e1tica apreenderam um adolescente por tr\u00e1fico de drogas no bairro Vila Araceli, em Gar\u00e7a.<\/p>\n\n\n\n<p class=\"wp-block-paragraph\">De acordo com a ocorr\u00eancia, a equipe abordou o jovem, que j\u00e1 era conhecido pelas autoridades. Ao notar a presen\u00e7a dos policiais, ele demonstrou nervosismo imediato e tentou se afastar do local. A conduta suspeita motivou a abordagem e uma revista pessoal.<\/p>\n\n\n\n<p class=\"wp-block-paragraph\">Durante a a\u00e7\u00e3o, os militares encontraram com o adolescente 13 pedras de crack, 9 microtubos de coca\u00edna e 3 por\u00e7\u00f5es de maconha prontas para a comercializa\u00e7\u00e3o. Diante das evid\u00eancias, o jovem confessou, de forma informal, que praticava o tr\u00e1fico de drogas naquela \u00e1rea.<\/p>\n\n\n\n<p class=\"wp-block-paragraph\">O adolescente foi apreendido em flagrante e, acompanhado de sua av\u00f3, foi conduzido \u00e0 delegacia para as provid\u00eancias legais. O delegado de plant\u00e3o ratificou a apreens\u00e3o dos entorpecentes e o encaminhamento do menor \u00e0 Funda\u00e7\u00e3o CASA. Ele permanece \u00e0 disposi\u00e7\u00e3o da Justi\u00e7a.<\/p>\n","protected":false},"excerpt":{"rendered":"<p>Durante patrulha de rotina no bairro Vila Araceli, policiais militares flagraram e prenderam um jovem com crack, coca\u00edna e maconha para venda. Em uma a\u00e7\u00e3o de patrulhamento de rotina na tarde desta ter\u00e7a-feira, 26 de agosto, por volta das 16h26, policiais militares da For\u00e7a T\u00e1tica apreenderam um adolescente por tr\u00e1fico de drogas no bairro Vila [&hellip;]<\/p>\n","protected":false},"author":260896546,"featured_media":6104,"comment_status":"open","ping_status":"open","sticky":false,"template":"","format":"standard","meta":{"_monsterinsights_skip_tracking":false,"advanced_seo_description":"","jetpack_seo_html_title":"","jetpack_seo_noindex":false,"jetpack_seo_schema_type":"","_jetpack_newsletter_access":"","_jetpack_dont_email_post_to_subs":false,"_jetpack_newsletter_tier_id":0,"_jetpack_memberships_contains_paywalled_content":false,"_wpcom_ai_launchpad_first_post":false,"_jetpack_feature_clip_id":0,"_jetpack_memberships_contains_paid_content":false,"footnotes":"","jetpack_publicize_message":"\ud83d\udea8 Pol\u00edcia Militar apreende adolescente por tr\u00e1fico de drogas no bairro Vila Araceli.\n\nEm patrulha de rotina nesta ter\u00e7a (26\/8), a For\u00e7a T\u00e1tica flagrou um jovem conhecido pelas autoridades. Com ele, foram encontradas:\n\u2705 13 pedras de crack\n\u2705 9 microtubos de coca\u00edna\n\u2705 3 por\u00e7\u00f5es de maconha\n\nO adolescente confessou a pr\u00e1tica do tr\u00e1fico. Ap\u00f3s passagem pela delegacia, ele foi encaminhado para a Funda\u00e7\u00e3o CASA e agora aguarda decis\u00e3o judicial.\n\n\ud83d\udcd6 Leia a mat\u00e9ria completa em diariodegarca.com\n\n#Seguran\u00e7a #Not\u00edcia #Garca #PoliciaMilitar #Funda\u00e7\u00e3oCASA","jetpack_publicize_feature_enabled":true,"jetpack_social_post_already_shared":false,"jetpack_social_options":{"image_generator_settings":{"template":"highway","default_image_id":0,"font":"","enabled":false},"version":2},"_wpas_customize_per_network":false,"jetpack_post_was_ever_published":false},"categories":[781171664,21243],"tags":[],"class_list":["post-6101","post","type-post","status-publish","format-standard","has-post-thumbnail","hentry","category-garca-cidade","category-seguranca"],"jetpack_publicize_connections":[],"jetpack_likes_enabled":true,"jetpack_sharing_enabled":true,"jetpack_shortlink":"https:\/\/wp.me\/pgitne-1Ap","jetpack-related-posts":[{"id":2873,"url":"https:\/\/diariodegarca.com\/?p=2873","url_meta":{"origin":6101,"position":0},"title":"Adolescente \u00e9 apreendido por tr\u00e1fico de drogas em Mar\u00edlia durante patrulhamento policial","author":"Di\u00e1rio de Gar\u00e7a","date":"8 de fevereiro de 2025","format":false,"excerpt":"Na noite de sexta-feira, dia 7 de setembro, policiais militares do 9\u00b0 Batalh\u00e3o de Pol\u00edcia Militar do Interior (9\u00b0 BPMM) prenderam um adolescente por tr\u00e1fico de drogas no bairro Argolo Ferr\u00e3o, em Mar\u00edlia. A a\u00e7\u00e3o ocorreu por volta das 22h30, durante patrulhamento de rotina, quando os agentes avistaram o jovem\u2026","rel":"","context":"Em &quot;Brasil&quot;","block_context":{"text":"Brasil","link":"https:\/\/diariodegarca.com\/?cat=38185"},"img":{"alt_text":"","src":"","width":0,"height":0},"classes":[]},{"id":6566,"url":"https:\/\/diariodegarca.com\/?p=6566","url_meta":{"origin":6101,"position":1},"title":"Homem \u00e9 preso com drogas durante patrulhamento no bairro Araceli, em Gar\u00e7a","author":"Di\u00e1rio de Gar\u00e7a","date":"10 de setembro de 2025","format":false,"excerpt":"Flagrante ocorreu em ponto de venda conhecido no bairro Araceli; al\u00e9m de entorpecentes, PMs apreenderam dinheiro que seria proveniente do crime. Um indiv\u00edduo com hist\u00f3rico de envolvimento com o tr\u00e1fico de drogas foi preso em flagrante na na ter\u00e7a-feira, 9 de setembro, por volta das 20h15, na rua C\u00e9sar Corr\u00eaa\u2026","rel":"","context":"Em &quot;Gar\u00e7a&quot;","block_context":{"text":"Gar\u00e7a","link":"https:\/\/diariodegarca.com\/?cat=781171664"},"img":{"alt_text":"","src":"https:\/\/i0.wp.com\/diariodegarca.com\/wp-content\/uploads\/2025\/09\/05cede21-90ec-4133-a787-2c10b59f1712.jpg?fit=1200%2C1089&ssl=1&resize=350%2C200","width":350,"height":200,"srcset":"https:\/\/i0.wp.com\/diariodegarca.com\/wp-content\/uploads\/2025\/09\/05cede21-90ec-4133-a787-2c10b59f1712.jpg?fit=1200%2C1089&ssl=1&resize=350%2C200 1x, https:\/\/i0.wp.com\/diariodegarca.com\/wp-content\/uploads\/2025\/09\/05cede21-90ec-4133-a787-2c10b59f1712.jpg?fit=1200%2C1089&ssl=1&resize=525%2C300 1.5x, https:\/\/i0.wp.com\/diariodegarca.com\/wp-content\/uploads\/2025\/09\/05cede21-90ec-4133-a787-2c10b59f1712.jpg?fit=1200%2C1089&ssl=1&resize=700%2C400 2x, https:\/\/i0.wp.com\/diariodegarca.com\/wp-content\/uploads\/2025\/09\/05cede21-90ec-4133-a787-2c10b59f1712.jpg?fit=1200%2C1089&ssl=1&resize=1050%2C600 3x"},"classes":[]},{"id":7509,"url":"https:\/\/diariodegarca.com\/?p=7509","url_meta":{"origin":6101,"position":2},"title":"Mulher \u00e9 presa em flagrante por tr\u00e1fico de drogas no bairro Araceli, em Gar\u00e7a","author":"Andreza Sega","date":"7 de outubro de 2025","format":false,"excerpt":"Durante patrulhamento, policiais militares apreenderam coca\u00edna, maconha, crack e dinheiro com a suspeita. Uma mulher foi presa em flagrante, na manh\u00e3 de segunda-feira, 6 de outubro, sob a acusa\u00e7\u00e3o de tr\u00e1fico de entorpecentes no bairro Araceli, em Gar\u00e7a. A a\u00e7\u00e3o foi realizada por uma equipe da 4\u00aa Companhia da Pol\u00edcia\u2026","rel":"","context":"Em &quot;Gar\u00e7a&quot;","block_context":{"text":"Gar\u00e7a","link":"https:\/\/diariodegarca.com\/?cat=781171664"},"img":{"alt_text":"","src":"https:\/\/i0.wp.com\/diariodegarca.com\/wp-content\/uploads\/2025\/10\/WhatsApp-Image-2025-10-06-at-18.02.00.jpeg?fit=1176%2C1024&ssl=1&resize=350%2C200","width":350,"height":200,"srcset":"https:\/\/i0.wp.com\/diariodegarca.com\/wp-content\/uploads\/2025\/10\/WhatsApp-Image-2025-10-06-at-18.02.00.jpeg?fit=1176%2C1024&ssl=1&resize=350%2C200 1x, https:\/\/i0.wp.com\/diariodegarca.com\/wp-content\/uploads\/2025\/10\/WhatsApp-Image-2025-10-06-at-18.02.00.jpeg?fit=1176%2C1024&ssl=1&resize=525%2C300 1.5x, https:\/\/i0.wp.com\/diariodegarca.com\/wp-content\/uploads\/2025\/10\/WhatsApp-Image-2025-10-06-at-18.02.00.jpeg?fit=1176%2C1024&ssl=1&resize=700%2C400 2x, https:\/\/i0.wp.com\/diariodegarca.com\/wp-content\/uploads\/2025\/10\/WhatsApp-Image-2025-10-06-at-18.02.00.jpeg?fit=1176%2C1024&ssl=1&resize=1050%2C600 3x"},"classes":[]},{"id":10234,"url":"https:\/\/diariodegarca.com\/?p=10234","url_meta":{"origin":6101,"position":3},"title":"Adolescente \u00e9 apreendido por tr\u00e1fico de drogas ap\u00f3s den\u00fancia an\u00f4nima em Gar\u00e7a","author":"Di\u00e1rio de Gar\u00e7a","date":"26 de janeiro de 2026","format":false,"excerpt":"Policiais militares localizaram adolescente com coca\u00edna, crack e maconha escondidos em mato de canteiro central no bairro S\u00e3o Lucas. Um adolescente foi apreendido por policiais militares na noite da \u00faltima sexta-feira, 23 de janeiro, no bairro S\u00e3o Lucas, em Gar\u00e7a, suspeito de praticar ato infracional an\u00e1logo ao tr\u00e1fico de drogas.\u2026","rel":"","context":"Em &quot;Gar\u00e7a&quot;","block_context":{"text":"Gar\u00e7a","link":"https:\/\/diariodegarca.com\/?cat=781171664"},"img":{"alt_text":"","src":"https:\/\/i0.wp.com\/diariodegarca.com\/wp-content\/uploads\/2026\/01\/2-e1769446983941.jpeg?fit=1105%2C780&ssl=1&resize=350%2C200","width":350,"height":200,"srcset":"https:\/\/i0.wp.com\/diariodegarca.com\/wp-content\/uploads\/2026\/01\/2-e1769446983941.jpeg?fit=1105%2C780&ssl=1&resize=350%2C200 1x, https:\/\/i0.wp.com\/diariodegarca.com\/wp-content\/uploads\/2026\/01\/2-e1769446983941.jpeg?fit=1105%2C780&ssl=1&resize=525%2C300 1.5x, https:\/\/i0.wp.com\/diariodegarca.com\/wp-content\/uploads\/2026\/01\/2-e1769446983941.jpeg?fit=1105%2C780&ssl=1&resize=700%2C400 2x, https:\/\/i0.wp.com\/diariodegarca.com\/wp-content\/uploads\/2026\/01\/2-e1769446983941.jpeg?fit=1105%2C780&ssl=1&resize=1050%2C600 3x"},"classes":[]},{"id":2558,"url":"https:\/\/diariodegarca.com\/?p=2558","url_meta":{"origin":6101,"position":4},"title":"Adolescente \u00e9 apreendido por tr\u00e1fico de drogas em Gar\u00e7a","author":"Di\u00e1rio de Gar\u00e7a","date":"23 de mar\u00e7o de 2025","format":false,"excerpt":"No \u00faltimo s\u00e1bado, dia 22 de mar\u00e7o, policiais militares do 9\u00ba Batalh\u00e3o de Pol\u00edcia Militar do Interior prenderam um adolescente por tr\u00e1fico de drogas na cidade de Gar\u00e7a. A a\u00e7\u00e3o ocorreu por volta das 19h23, durante um patrulhamento de rotina na Rua Santana.\u00a0De acordo com as informa\u00e7\u00f5es repassadas pela corpora\u00e7\u00e3o,\u2026","rel":"","context":"Em &quot;Brasil&quot;","block_context":{"text":"Brasil","link":"https:\/\/diariodegarca.com\/?cat=38185"},"img":{"alt_text":"","src":"","width":0,"height":0},"classes":[]},{"id":8023,"url":"https:\/\/diariodegarca.com\/?p=8023","url_meta":{"origin":6101,"position":5},"title":"Dois adolescentes s\u00e3o apreendidos por tr\u00e1fico de drogas durante patrulhamento em Mar\u00edlia","author":"Di\u00e1rio de Gar\u00e7a","date":"24 de outubro de 2025","format":false,"excerpt":"Apreens\u00e3o ocorreu na comunidade do Azaleia ap\u00f3s os jovens tentarem fugir da abordagem policial; foram encontradas por\u00e7\u00f5es de maconha, crack, coca\u00edna e dinheiro. Em uma a\u00e7\u00e3o de rotina realizada na tarde de quinta-feira, 23 de outubro, policiais militares do 9\u00ba Batalh\u00e3o do Interior (9\u00ba BPM\/I) apreenderam dois adolescentes por suspeita\u2026","rel":"","context":"Em &quot;Mar\u00edlia&quot;","block_context":{"text":"Mar\u00edlia","link":"https:\/\/diariodegarca.com\/?cat=683453294"},"img":{"alt_text":"","src":"https:\/\/i0.wp.com\/diariodegarca.com\/wp-content\/uploads\/2025\/10\/SnapInsta.to_567144858_18321977860246526_6087277550362665221_n-e1761329152793.webp?fit=1200%2C790&ssl=1&resize=350%2C200","width":350,"height":200,"srcset":"https:\/\/i0.wp.com\/diariodegarca.com\/wp-content\/uploads\/2025\/10\/SnapInsta.to_567144858_18321977860246526_6087277550362665221_n-e1761329152793.webp?fit=1200%2C790&ssl=1&resize=350%2C200 1x, https:\/\/i0.wp.com\/diariodegarca.com\/wp-content\/uploads\/2025\/10\/SnapInsta.to_567144858_18321977860246526_6087277550362665221_n-e1761329152793.webp?fit=1200%2C790&ssl=1&resize=525%2C300 1.5x, https:\/\/i0.wp.com\/diariodegarca.com\/wp-content\/uploads\/2025\/10\/SnapInsta.to_567144858_18321977860246526_6087277550362665221_n-e1761329152793.webp?fit=1200%2C790&ssl=1&resize=700%2C400 2x, https:\/\/i0.wp.com\/diariodegarca.com\/wp-content\/uploads\/2025\/10\/SnapInsta.to_567144858_18321977860246526_6087277550362665221_n-e1761329152793.webp?fit=1200%2C790&ssl=1&resize=1050%2C600 3x"},"classes":[]}],"jetpack_featured_media_url":"https:\/\/i0.wp.com\/diariodegarca.com\/wp-content\/uploads\/2025\/08\/eebb8677-5a8d-4b8a-8a92-ff9ff747001d.jpg?fit=960%2C1280&ssl=1","_links":{"self":[{"href":"https:\/\/diariodegarca.com\/index.php?rest_route=\/wp\/v2\/posts\/6101","targetHints":{"allow":["GET"]}}],"collection":[{"href":"https:\/\/diariodegarca.com\/index.php?rest_route=\/wp\/v2\/posts"}],"about":[{"href":"https:\/\/diariodegarca.com\/index.php?rest_route=\/wp\/v2\/types\/post"}],"author":[{"embeddable":true,"href":"https:\/\/diariodegarca.com\/index.php?rest_route=\/wp\/v2\/users\/260896546"}],"replies":[{"embeddable":true,"href":"https:\/\/diariodegarca.com\/index.php?rest_route=%2Fwp%2Fv2%2Fcomments&post=6101"}],"version-history":[{"count":3,"href":"https:\/\/diariodegarca.com\/index.php?rest_route=\/wp\/v2\/posts\/6101\/revisions"}],"predecessor-version":[{"id":6105,"href":"https:\/\/diariodegarca.com\/index.php?rest_route=\/wp\/v2\/posts\/6101\/revisions\/6105"}],"wp:featuredmedia":[{"embeddable":true,"href":"https:\/\/diariodegarca.com\/index.php?rest_route=\/wp\/v2\/media\/6104"}],"wp:attachment":[{"href":"https:\/\/diariodegarca.com\/index.php?rest_route=%2Fwp%2Fv2%2Fmedia&parent=6101"}],"wp:term":[{"taxonomy":"category","embeddable":true,"href":"https:\/\/diariodegarca.com\/index.php?rest_route=%2Fwp%2Fv2%2Fcategories&post=6101"},{"taxonomy":"post_tag","embeddable":true,"href":"https:\/\/diariodegarca.com\/index.php?rest_route=%2Fwp%2Fv2%2Ftags&post=6101"}],"curies":[{"name":"wp","href":"https:\/\/api.w.org\/{rel}","templated":true}]}}