{"id":6116,"date":"2025-08-27T10:12:25","date_gmt":"2025-08-27T13:12:25","guid":{"rendered":"https:\/\/diariodegarca.com\/?p=6116"},"modified":"2025-08-27T10:12:25","modified_gmt":"2025-08-27T13:12:25","slug":"justica-determina-prisao-de-condenado-durante-abordagem-de-rotina-em-galia","status":"publish","type":"post","link":"https:\/\/diariodegarca.com\/?p=6116","title":{"rendered":"Justi\u00e7a determina pris\u00e3o de condenado durante abordagem de rotina em G\u00e1lia"},"content":{"rendered":"\n<p class=\"wp-block-paragraph\"><em>Ap\u00f3s reconhecimento em base de dados, homem foi conduzido para a delegacia e permanece \u00e0 disposi\u00e7\u00e3o do Poder Judici\u00e1rio.<\/em><\/p>\n\n\n\n<p class=\"wp-block-paragraph\">Um homem condenado pela Justi\u00e7a foi capturado pela Pol\u00edcia Militar na tarde de ter\u00e7a-feira, 26 de agosto, no munic\u00edpio de G\u00e1lia. A pris\u00e3o ocorreu durante uma a\u00e7\u00e3o de patrulhamento preventivo realizada pelos militares da 4\u00aa Companhia do 9\u00ba Batalh\u00e3o.<\/p>\n\n\n\n<p class=\"wp-block-paragraph\">Por volta das 17h20, os policiais abordaram um indiv\u00edduo que demonstrava atitude suspeita na rua Jos\u00e9 Gutierrez. Seguindo o protocolo de rotina, foi realizada uma consulta ao nome do homem no sistema do Centro de Opera\u00e7\u00f5es da Pol\u00edcia Militar (COPOM). A busca confirmou a exist\u00eancia de um mandado de pris\u00e3o expedido contra ele pela Justi\u00e7a, pendente de cumprimento.<\/p>\n\n\n\n<p class=\"wp-block-paragraph\">Diante da informa\u00e7\u00e3o, os policiais procederam com a captura imediata. O homem foi ent\u00e3o conduzido ao Centro de Processamento de Presos (CPJ) de Mar\u00edlia. No local, a autoridade policial judici\u00e1ria confirmou a validade do mandado e ratificou a pris\u00e3o. Agora, o preso permanece custodiado e \u00e0 disposi\u00e7\u00e3o do Poder Judici\u00e1rio para os tr\u00e2mites legais.<\/p>\n","protected":false},"excerpt":{"rendered":"<p>Ap\u00f3s reconhecimento em base de dados, homem foi conduzido para a delegacia e permanece \u00e0 disposi\u00e7\u00e3o do Poder Judici\u00e1rio. Um homem condenado pela Justi\u00e7a foi capturado pela Pol\u00edcia Militar na tarde de ter\u00e7a-feira, 26 de agosto, no munic\u00edpio de G\u00e1lia. A pris\u00e3o ocorreu durante uma a\u00e7\u00e3o de patrulhamento preventivo realizada pelos militares da 4\u00aa Companhia [&hellip;]<\/p>\n","protected":false},"author":260896546,"featured_media":0,"comment_status":"open","ping_status":"open","sticky":false,"template":"","format":"standard","meta":{"_monsterinsights_skip_tracking":false,"advanced_seo_description":"","jetpack_seo_html_title":"","jetpack_seo_noindex":false,"jetpack_seo_schema_type":"","_jetpack_newsletter_access":"","_jetpack_dont_email_post_to_subs":false,"_jetpack_newsletter_tier_id":0,"_jetpack_memberships_contains_paywalled_content":false,"_wpcom_ai_launchpad_first_post":false,"_jetpack_feature_clip_id":0,"_jetpack_memberships_contains_paid_content":false,"footnotes":"","jetpack_publicize_message":"\ud83d\udd0d Um homem condenado pela Justi\u00e7a foi preso pela Pol\u00edcia Militar durante um patrulhamento de rotina em G\u00e1lia, na tarde de ter\u00e7a-feira (26\/8).\nA a\u00e7\u00e3o ocorreu na rua Jos\u00e9 Gutierrez, ap\u00f3s os militares identificarem um indiv\u00edduo com atitude suspeita. A consulta aos sistemas policiais confirmou um mandado de pris\u00e3o em aberto contra ele.\n\n\ud83d\udcd6 Leia a reportagem completa sobre a opera\u00e7\u00e3o em diariodegarca.com.\n\n#Not\u00edciaDeG\u00e1lia #Seguran\u00e7aP\u00fablica #PoliciaMilitar #9\u00baBPM #Justi\u00e7a #Mar\u00edlia","jetpack_publicize_feature_enabled":true,"jetpack_social_post_already_shared":false,"jetpack_social_options":{"image_generator_settings":{"template":"highway","default_image_id":0,"font":"","enabled":false},"version":2},"_wpas_customize_per_network":false,"jetpack_post_was_ever_published":false},"categories":[1600904,21243],"tags":[],"class_list":["post-6116","post","type-post","status-publish","format-standard","hentry","category-galia","category-seguranca"],"jetpack_publicize_connections":[],"jetpack_likes_enabled":true,"jetpack_sharing_enabled":true,"jetpack_shortlink":"https:\/\/wp.me\/pgitne-1AE","jetpack-related-posts":[{"id":7165,"url":"https:\/\/diariodegarca.com\/?p=7165","url_meta":{"origin":6116,"position":0},"title":"Policiais capturam condenado por estupro de vulner\u00e1vel em G\u00e1lia","author":"Di\u00e1rio de Gar\u00e7a","date":"25 de setembro de 2025","format":false,"excerpt":"Indiv\u00edduo com mandado de pris\u00e3o e pena de 14 anos foi localizado e preso pela 4\u00aa Companhia da PM durante abordagem de rotina. Um condenado pela pr\u00e1tica de estupro de vulner\u00e1vel foi capturado pela Pol\u00edcia Militar na manh\u00e3 de quarta-feira, 24 de setembro, em G\u00e1lia A a\u00e7\u00e3o, realizada por policiais\u2026","rel":"","context":"Em &quot;G\u00e1lia&quot;","block_context":{"text":"G\u00e1lia","link":"https:\/\/diariodegarca.com\/?cat=1600904"},"img":{"alt_text":"","src":"https:\/\/i0.wp.com\/diariodegarca.com\/wp-content\/uploads\/2025\/09\/snapinsta.to_541509882_18314372977246526_9078746985333242125_n.jpg?fit=1080%2C1080&ssl=1&resize=350%2C200","width":350,"height":200,"srcset":"https:\/\/i0.wp.com\/diariodegarca.com\/wp-content\/uploads\/2025\/09\/snapinsta.to_541509882_18314372977246526_9078746985333242125_n.jpg?fit=1080%2C1080&ssl=1&resize=350%2C200 1x, https:\/\/i0.wp.com\/diariodegarca.com\/wp-content\/uploads\/2025\/09\/snapinsta.to_541509882_18314372977246526_9078746985333242125_n.jpg?fit=1080%2C1080&ssl=1&resize=525%2C300 1.5x, https:\/\/i0.wp.com\/diariodegarca.com\/wp-content\/uploads\/2025\/09\/snapinsta.to_541509882_18314372977246526_9078746985333242125_n.jpg?fit=1080%2C1080&ssl=1&resize=700%2C400 2x, https:\/\/i0.wp.com\/diariodegarca.com\/wp-content\/uploads\/2025\/09\/snapinsta.to_541509882_18314372977246526_9078746985333242125_n.jpg?fit=1080%2C1080&ssl=1&resize=1050%2C600 3x"},"classes":[]},{"id":9056,"url":"https:\/\/diariodegarca.com\/?p=9056","url_meta":{"origin":6116,"position":1},"title":"Condenado por tr\u00e1fico \u00e9 capturado ap\u00f3s reagir violentamente a abordagem policial em G\u00e1lia","author":"Andreza Sega","date":"26 de novembro de 2025","format":false,"excerpt":"Durante patrulha de rotina, policiais encontraram drogas e descobriram mandado de pris\u00e3o em aberto contra homem de 22 anos. Na noite da \u00faltima ter\u00e7a-feira, 25 de novembro, uma a\u00e7\u00e3o de patrulhamento preventivo da 4\u00aa Companhia da Pol\u00edcia Militar resultou na captura de um condenado por tr\u00e1fico de drogas no bairro\u2026","rel":"","context":"Em &quot;G\u00e1lia&quot;","block_context":{"text":"G\u00e1lia","link":"https:\/\/diariodegarca.com\/?cat=1600904"},"img":{"alt_text":"","src":"https:\/\/i0.wp.com\/diariodegarca.com\/wp-content\/uploads\/2025\/11\/WhatsApp-Image-2025-11-26-at-08.50.14-e1764159685389.jpeg?fit=472%2C586&ssl=1&resize=350%2C200","width":350,"height":200},"classes":[]},{"id":7383,"url":"https:\/\/diariodegarca.com\/?p=7383","url_meta":{"origin":6116,"position":2},"title":"Pol\u00edcia Militar prende dois procurados pela Justi\u00e7a em Mar\u00edlia em a\u00e7\u00f5es distintas","author":"Andreza Sega","date":"2 de outubro de 2025","format":false,"excerpt":"Opera\u00e7\u00f5es realizadas no Jardim Am\u00e9rica e na Vila Real resultaram na captura de dois homens: um condenado por crimes sexuais e outro evadido do sistema prisional. A Pol\u00edcia Militar prendeu, na ter\u00e7a-feira, 30 de setembro, dois homens procurados pela Justi\u00e7a em opera\u00e7\u00f5es realizadas em diferentes bairros de Mar\u00edlia. As a\u00e7\u00f5es,\u2026","rel":"","context":"Em &quot;Mar\u00edlia&quot;","block_context":{"text":"Mar\u00edlia","link":"https:\/\/diariodegarca.com\/?cat=683453294"},"img":{"alt_text":"","src":"https:\/\/i0.wp.com\/diariodegarca.com\/wp-content\/uploads\/2025\/10\/SnapInsta.to_557528506_18318068773246526_832833806383143441_n-e1760795315532.jpg?fit=1080%2C750&ssl=1&resize=350%2C200","width":350,"height":200,"srcset":"https:\/\/i0.wp.com\/diariodegarca.com\/wp-content\/uploads\/2025\/10\/SnapInsta.to_557528506_18318068773246526_832833806383143441_n-e1760795315532.jpg?fit=1080%2C750&ssl=1&resize=350%2C200 1x, https:\/\/i0.wp.com\/diariodegarca.com\/wp-content\/uploads\/2025\/10\/SnapInsta.to_557528506_18318068773246526_832833806383143441_n-e1760795315532.jpg?fit=1080%2C750&ssl=1&resize=525%2C300 1.5x, https:\/\/i0.wp.com\/diariodegarca.com\/wp-content\/uploads\/2025\/10\/SnapInsta.to_557528506_18318068773246526_832833806383143441_n-e1760795315532.jpg?fit=1080%2C750&ssl=1&resize=700%2C400 2x, https:\/\/i0.wp.com\/diariodegarca.com\/wp-content\/uploads\/2025\/10\/SnapInsta.to_557528506_18318068773246526_832833806383143441_n-e1760795315532.jpg?fit=1080%2C750&ssl=1&resize=1050%2C600 3x"},"classes":[]},{"id":5812,"url":"https:\/\/diariodegarca.com\/?p=5812","url_meta":{"origin":6116,"position":3},"title":"Opera\u00e7\u00e3o da PM em G\u00e1lia prende dois condenados por tr\u00e1fico","author":"Di\u00e1rio de Gar\u00e7a","date":"19 de agosto de 2025","format":false,"excerpt":"A\u00e7\u00e3o de patrulhamento de rotina resultou na captura de dois foragidos da justi\u00e7a, que cumpriram mandados de pris\u00e3o em endere\u00e7os distintos da cidade. Um deles, tem mais de 12 anos de reclus\u00e3o para cumprir. Uma opera\u00e7\u00e3o de patrulhamento ostensivo da Pol\u00edcia Militar de G\u00e1lia resultou na captura de dois homens\u2026","rel":"","context":"Em &quot;G\u00e1lia&quot;","block_context":{"text":"G\u00e1lia","link":"https:\/\/diariodegarca.com\/?cat=1600904"},"img":{"alt_text":"","src":"https:\/\/i0.wp.com\/diariodegarca.com\/wp-content\/uploads\/2025\/08\/531576471_1211820540966016_232558562964173725_n.jpg?fit=490%2C325&ssl=1&resize=350%2C200","width":350,"height":200},"classes":[]},{"id":9745,"url":"https:\/\/diariodegarca.com\/?p=9745","url_meta":{"origin":6116,"position":4},"title":"De v\u00edtima a preso: homem \u00e9 detido em Hospital de G\u00e1lia","author":"Di\u00e1rio de Gar\u00e7a","date":"3 de janeiro de 2026","format":false,"excerpt":"Ao buscar tratamento ap\u00f3s agress\u00e3o da ex-mulher, homem tem mandado de pris\u00e3o descoberto pela PM e \u00e9 algemado dentro da unidade de sa\u00fade. Um homem teve uma noite at\u00edpica e conturbada em G\u00e1lia, na \u00faltima sexta-feira, 2 de janeiro. O que come\u00e7ou como uma busca por atendimento m\u00e9dico ap\u00f3s uma\u2026","rel":"","context":"Em &quot;G\u00e1lia&quot;","block_context":{"text":"G\u00e1lia","link":"https:\/\/diariodegarca.com\/?cat=1600904"},"img":{"alt_text":"","src":"https:\/\/i0.wp.com\/diariodegarca.com\/wp-content\/uploads\/2025\/10\/SnapInsta.to_561908263_18319438843246526_1816024880825141096_n-e1761515366631.jpg?fit=1080%2C716&ssl=1&resize=350%2C200","width":350,"height":200,"srcset":"https:\/\/i0.wp.com\/diariodegarca.com\/wp-content\/uploads\/2025\/10\/SnapInsta.to_561908263_18319438843246526_1816024880825141096_n-e1761515366631.jpg?fit=1080%2C716&ssl=1&resize=350%2C200 1x, https:\/\/i0.wp.com\/diariodegarca.com\/wp-content\/uploads\/2025\/10\/SnapInsta.to_561908263_18319438843246526_1816024880825141096_n-e1761515366631.jpg?fit=1080%2C716&ssl=1&resize=525%2C300 1.5x, https:\/\/i0.wp.com\/diariodegarca.com\/wp-content\/uploads\/2025\/10\/SnapInsta.to_561908263_18319438843246526_1816024880825141096_n-e1761515366631.jpg?fit=1080%2C716&ssl=1&resize=700%2C400 2x, https:\/\/i0.wp.com\/diariodegarca.com\/wp-content\/uploads\/2025\/10\/SnapInsta.to_561908263_18319438843246526_1816024880825141096_n-e1761515366631.jpg?fit=1080%2C716&ssl=1&resize=1050%2C600 3x"},"classes":[]},{"id":6158,"url":"https:\/\/diariodegarca.com\/?p=6158","url_meta":{"origin":6116,"position":5},"title":"Dois procurados da Justi\u00e7a s\u00e3o capturados em cidades distintas em menos de tr\u00eas horas","author":"Di\u00e1rio de Gar\u00e7a","date":"28 de agosto de 2025","format":false,"excerpt":"A\u00e7\u00f5es independentes da PM em G\u00e1lia e Pomp\u00e9ia, na segunda-feira, resultaram na recaptura de dois homens com mandados de pris\u00e3o em aberto. Um deles era investigado por tr\u00e1fico de drogas. Em uma noite de opera\u00e7\u00f5es de rotina, agentes do 9\u00ba Batalh\u00e3o do Interior de S\u00e3o Paulo conseguiram a recaptura de\u2026","rel":"","context":"Em &quot;G\u00e1lia&quot;","block_context":{"text":"G\u00e1lia","link":"https:\/\/diariodegarca.com\/?cat=1600904"},"img":{"alt_text":"","src":"https:\/\/i0.wp.com\/diariodegarca.com\/wp-content\/uploads\/2025\/08\/snapinsta.to_537054804_18313669852246526_6756489479500565260_n.webp?fit=1080%2C1080&ssl=1&resize=350%2C200","width":350,"height":200,"srcset":"https:\/\/i0.wp.com\/diariodegarca.com\/wp-content\/uploads\/2025\/08\/snapinsta.to_537054804_18313669852246526_6756489479500565260_n.webp?fit=1080%2C1080&ssl=1&resize=350%2C200 1x, https:\/\/i0.wp.com\/diariodegarca.com\/wp-content\/uploads\/2025\/08\/snapinsta.to_537054804_18313669852246526_6756489479500565260_n.webp?fit=1080%2C1080&ssl=1&resize=525%2C300 1.5x, https:\/\/i0.wp.com\/diariodegarca.com\/wp-content\/uploads\/2025\/08\/snapinsta.to_537054804_18313669852246526_6756489479500565260_n.webp?fit=1080%2C1080&ssl=1&resize=700%2C400 2x, https:\/\/i0.wp.com\/diariodegarca.com\/wp-content\/uploads\/2025\/08\/snapinsta.to_537054804_18313669852246526_6756489479500565260_n.webp?fit=1080%2C1080&ssl=1&resize=1050%2C600 3x"},"classes":[]}],"jetpack_featured_media_url":"","_links":{"self":[{"href":"https:\/\/diariodegarca.com\/index.php?rest_route=\/wp\/v2\/posts\/6116","targetHints":{"allow":["GET"]}}],"collection":[{"href":"https:\/\/diariodegarca.com\/index.php?rest_route=\/wp\/v2\/posts"}],"about":[{"href":"https:\/\/diariodegarca.com\/index.php?rest_route=\/wp\/v2\/types\/post"}],"author":[{"embeddable":true,"href":"https:\/\/diariodegarca.com\/index.php?rest_route=\/wp\/v2\/users\/260896546"}],"replies":[{"embeddable":true,"href":"https:\/\/diariodegarca.com\/index.php?rest_route=%2Fwp%2Fv2%2Fcomments&post=6116"}],"version-history":[{"count":3,"href":"https:\/\/diariodegarca.com\/index.php?rest_route=\/wp\/v2\/posts\/6116\/revisions"}],"predecessor-version":[{"id":6119,"href":"https:\/\/diariodegarca.com\/index.php?rest_route=\/wp\/v2\/posts\/6116\/revisions\/6119"}],"wp:attachment":[{"href":"https:\/\/diariodegarca.com\/index.php?rest_route=%2Fwp%2Fv2%2Fmedia&parent=6116"}],"wp:term":[{"taxonomy":"category","embeddable":true,"href":"https:\/\/diariodegarca.com\/index.php?rest_route=%2Fwp%2Fv2%2Fcategories&post=6116"},{"taxonomy":"post_tag","embeddable":true,"href":"https:\/\/diariodegarca.com\/index.php?rest_route=%2Fwp%2Fv2%2Ftags&post=6116"}],"curies":[{"name":"wp","href":"https:\/\/api.w.org\/{rel}","templated":true}]}}