{"id":6154,"date":"2025-08-28T09:06:49","date_gmt":"2025-08-28T12:06:49","guid":{"rendered":"https:\/\/diariodegarca.com\/?p=6154"},"modified":"2025-08-28T09:06:49","modified_gmt":"2025-08-28T12:06:49","slug":"patrulha-apreende-cocaina-e-prende-mulher-durante-abordagem-de-rotina-em-iacri","status":"publish","type":"post","link":"https:\/\/diariodegarca.com\/?p=6154","title":{"rendered":"Patrulha apreende coca\u00edna e prende mulher durante abordagem de rotina em Iacri"},"content":{"rendered":"\n<p class=\"wp-block-paragraph\"><em>Condutora de ve\u00edculo em atitude suspeita na \u00e1rea central confirmou aos policiais que portava entorpecentes. Droga foi encontrada embalada a v\u00e1cuo; outros ocupantes foram liberados ap\u00f3s prestarem depoimento.<\/em><\/p>\n\n\n\n<p class=\"wp-block-paragraph\">Em uma a\u00e7\u00e3o de patrulhamento de rotina na noite de ter\u00e7a-feira, 26 de agosto, agentes do 9\u00ba BPM\/I prenderam uma mulher por tr\u00e1fico de drogas no munic\u00edpio de Iacri. O fato ocorreu por volta das 23h44, no centro da cidade, ap\u00f3s os militares avistarem um ve\u00edculo transitando com os far\u00f3is baixos e em atitude considerada suspeita.<\/p>\n\n\n\n<p class=\"wp-block-paragraph\">Ao notar a aproxima\u00e7\u00e3o da viatura policial, o motorista do carro tentou fugir, acelerando de forma brusca e incompat\u00edvel com a via. No entanto, os policiais efetuaram a abordagem e procederam com a vistoria do ve\u00edculo e a revista dos seus ocupantes.<\/p>\n\n\n\n<p class=\"wp-block-paragraph\">Durante a entrevista inicial com o grupo, uma das passageiras confirmou espontaneamente que portava entorpecentes no bolso de sua blusa. Ela entregou aos policiais um total de 17 papelotes de coca\u00edna, individualmente embalados a v\u00e1cuo para comercializa\u00e7\u00e3o. Al\u00e9m da droga, foi localizado no banco traseiro, onde a mulher estava sentada, a quantia de R$ 7,00 em esp\u00e9cie e tr\u00eas aparelhos celulares.<\/p>\n\n\n\n<p class=\"wp-block-paragraph\">Diante dos fatos, todos os ocupantes do ve\u00edculo foram conduzidos \u00e0 Central de Pol\u00edcia Judici\u00e1ria de Tup\u00e3 para as provid\u00eancias cab\u00edveis. A mulher que portava a coca\u00edna foi autuada em flagrante por tr\u00e1fico de drogas e permanece presa, \u00e0 disposi\u00e7\u00e3o da Justi\u00e7a. Os demais envolvidos tiveram os celulares apreendidos para fins de investiga\u00e7\u00e3o, foram ouvidos e, posteriormente, liberados. O caso segue sob investiga\u00e7\u00e3o para apurar a origem e o destino da droga apreendida.<\/p>\n","protected":false},"excerpt":{"rendered":"<p>Condutora de ve\u00edculo em atitude suspeita na \u00e1rea central confirmou aos policiais que portava entorpecentes. Droga foi encontrada embalada a v\u00e1cuo; outros ocupantes foram liberados ap\u00f3s prestarem depoimento. Em uma a\u00e7\u00e3o de patrulhamento de rotina na noite de ter\u00e7a-feira, 26 de agosto, agentes do 9\u00ba BPM\/I prenderam uma mulher por tr\u00e1fico de drogas no munic\u00edpio [&hellip;]<\/p>\n","protected":false},"author":260896546,"featured_media":6155,"comment_status":"open","ping_status":"open","sticky":false,"template":"","format":"standard","meta":{"_crdt_document":"","_monsterinsights_skip_tracking":false,"_monsterinsights_sitenote_active":false,"_monsterinsights_sitenote_note":"","_monsterinsights_sitenote_category":0,"advanced_seo_description":"","jetpack_seo_html_title":"","jetpack_seo_noindex":false,"_jetpack_newsletter_access":"","_jetpack_dont_email_post_to_subs":false,"_jetpack_newsletter_tier_id":0,"_jetpack_memberships_contains_paywalled_content":false,"_jetpack_memberships_contains_paid_content":false,"footnotes":"","jetpack_publicize_message":"Patrulha apreende coca\u00edna e prende mulher durante abordagem de rotina em Iacri\n\nEm uma abordagem de rotina em Iacri, na noite de ter\u00e7a-feira (26\/8), a PM prendeu uma mulher por tr\u00e1fico de drogas. \nAp\u00f3s avistarem um carro com far\u00f3is baixos em atitude suspeita, os policiais realizaram a abordagem. Durante a revista, a pr\u00f3pria passageira informou que portava entorpecentes. \n\n\u2139\ufe0f Leia mais informa\u00e7\u00f5es em diariodegarca.com \ud83d\udd17\n\n#Not\u00edcia #Iacri #PMMaisPertoDeVoc\u00ea #9bpm #Seguran\u00e7a #Tup\u00e3","jetpack_publicize_feature_enabled":true,"jetpack_social_post_already_shared":false,"jetpack_social_options":{"image_generator_settings":{"template":"highway","default_image_id":0,"font":"","enabled":false},"version":2},"_wpas_customize_per_network":false,"jetpack_post_was_ever_published":false},"categories":[71537226,21243],"tags":[],"class_list":["post-6154","post","type-post","status-publish","format-standard","has-post-thumbnail","hentry","category-iacri","category-seguranca"],"jetpack_publicize_connections":[],"jetpack_featured_media_url":"https:\/\/i0.wp.com\/diariodegarca.com\/wp-content\/uploads\/2025\/08\/snapinsta.to_537025938_18313672105246526_4700897187565289920_n.webp?fit=1080%2C884&ssl=1","jetpack_likes_enabled":true,"jetpack_sharing_enabled":true,"jetpack_shortlink":"https:\/\/wp.me\/pgitne-1Bg","jetpack-related-posts":[{"id":6987,"url":"https:\/\/diariodegarca.com\/?p=6987","url_meta":{"origin":6154,"position":0},"title":"A\u00e7\u00f5es da PM resultam em quatro pris\u00f5es em cidades da regi\u00e3o em tr\u00eas dias","author":"Di\u00e1rio de Gar\u00e7a","date":"21 de setembro de 2025","format":false,"excerpt":"Opera\u00e7\u00f5es de rotina e atendimento a den\u00fancias levaram \u00e0 captura de procurados por crimes como furto, estelionato e tr\u00e1fico de drogas; todos foram encaminhados \u00e0 pol\u00edcia judici\u00e1ria. Em uma s\u00e9rie de opera\u00e7\u00f5es realizadas entre quinta-feira, 18, e s\u00e1bado, 20 de setembro, policiais militares do 9\u00ba Batalh\u00e3o cumpriram mandados de pris\u00e3o\u2026","rel":"","context":"Em &quot;Iacri&quot;","block_context":{"text":"Iacri","link":"https:\/\/diariodegarca.com\/?cat=71537226"},"img":{"alt_text":"","src":"https:\/\/i0.wp.com\/diariodegarca.com\/wp-content\/uploads\/2025\/09\/SnapInsta.to_551970903_18316317214246526_1097097420418584703_n.webp?fit=1200%2C1200&ssl=1&resize=350%2C200","width":350,"height":200,"srcset":"https:\/\/i0.wp.com\/diariodegarca.com\/wp-content\/uploads\/2025\/09\/SnapInsta.to_551970903_18316317214246526_1097097420418584703_n.webp?fit=1200%2C1200&ssl=1&resize=350%2C200 1x, https:\/\/i0.wp.com\/diariodegarca.com\/wp-content\/uploads\/2025\/09\/SnapInsta.to_551970903_18316317214246526_1097097420418584703_n.webp?fit=1200%2C1200&ssl=1&resize=525%2C300 1.5x, https:\/\/i0.wp.com\/diariodegarca.com\/wp-content\/uploads\/2025\/09\/SnapInsta.to_551970903_18316317214246526_1097097420418584703_n.webp?fit=1200%2C1200&ssl=1&resize=700%2C400 2x, https:\/\/i0.wp.com\/diariodegarca.com\/wp-content\/uploads\/2025\/09\/SnapInsta.to_551970903_18316317214246526_1097097420418584703_n.webp?fit=1200%2C1200&ssl=1&resize=1050%2C600 3x"},"classes":[]},{"id":8739,"url":"https:\/\/diariodegarca.com\/?p=8739","url_meta":{"origin":6154,"position":1},"title":"Apreens\u00e3o de drogas no Labien\u00f3polis, em Gar\u00e7a, resulta em pris\u00e3o por tr\u00e1fico","author":"Andreza Sega","date":"14 de novembro de 2025","format":false,"excerpt":"Ap\u00f3s abordagem de rotina, pol\u00edcia encontra quase cem por\u00e7\u00f5es de coca\u00edna com suspeito que inicialmente alegou ser apenas usu\u00e1rio. Na madrugada desta sexta-feira, 14 de novembro, uma a\u00e7\u00e3o de patrulhamento preventivo da Pol\u00edcia Militar no bairro Labien\u00f3polis, em Gar\u00e7a, resultou na pris\u00e3o em flagrante de um homem por tr\u00e1fico de\u2026","rel":"","context":"Em &quot;Gar\u00e7a&quot;","block_context":{"text":"Gar\u00e7a","link":"https:\/\/diariodegarca.com\/?cat=781171664"},"img":{"alt_text":"","src":"https:\/\/i0.wp.com\/diariodegarca.com\/wp-content\/uploads\/2025\/11\/WhatsApp-Image-2025-11-14-at-10.44.17-1.jpeg?fit=716%2C937&ssl=1&resize=350%2C200","width":350,"height":200,"srcset":"https:\/\/i0.wp.com\/diariodegarca.com\/wp-content\/uploads\/2025\/11\/WhatsApp-Image-2025-11-14-at-10.44.17-1.jpeg?fit=716%2C937&ssl=1&resize=350%2C200 1x, https:\/\/i0.wp.com\/diariodegarca.com\/wp-content\/uploads\/2025\/11\/WhatsApp-Image-2025-11-14-at-10.44.17-1.jpeg?fit=716%2C937&ssl=1&resize=525%2C300 1.5x, https:\/\/i0.wp.com\/diariodegarca.com\/wp-content\/uploads\/2025\/11\/WhatsApp-Image-2025-11-14-at-10.44.17-1.jpeg?fit=716%2C937&ssl=1&resize=700%2C400 2x"},"classes":[]},{"id":2913,"url":"https:\/\/diariodegarca.com\/?p=2913","url_meta":{"origin":6154,"position":2},"title":"Homem \u00e9 preso por tr\u00e1fico de drogas ap\u00f3s tentativa de resist\u00eancia em Iacri","author":"Di\u00e1rio de Gar\u00e7a","date":"3 de fevereiro de 2025","format":false,"excerpt":"Na madrugada de domingo, dia 2 de fevereiro, policiais militares do 9\u00ba Batalh\u00e3o de Pol\u00edcia Militar do Interior prenderam um homem por suspeita de tr\u00e1fico de drogas na cidade de Iacri. O indiv\u00edduo, que tentou resistir \u00e0 abordagem, foi detido pela equipe de Radiopatrulhamento ap\u00f3s uma a\u00e7\u00e3o r\u00e1pida e eficiente.\u00a0\u00a0Tudo\u2026","rel":"","context":"Em &quot;Brasil&quot;","block_context":{"text":"Brasil","link":"https:\/\/diariodegarca.com\/?cat=38185"},"img":{"alt_text":"","src":"","width":0,"height":0},"classes":[]},{"id":8791,"url":"https:\/\/diariodegarca.com\/?p=8791","url_meta":{"origin":6154,"position":3},"title":"Apreens\u00e3o de drogas e pris\u00e3o de mulher por tr\u00e1fico em Pomp\u00e9ia","author":"Andreza Sega","date":"17 de novembro de 2025","format":false,"excerpt":"Mulher foi flagrada com crack, coca\u00edna e dinheiro durante a\u00e7\u00e3o da Pol\u00edcia Militar no bairro Fl\u00e2ndria. Em uma a\u00e7\u00e3o de patrulhamento de rotina no \u00faltimo domingo, 16 de novembro, a Pol\u00edcia Militar prendeu uma mulher por tr\u00e1fico de drogas no bairro Fl\u00e2ndria, em Pomp\u00e9ia. A abordagem, realizada no per\u00edodo da\u2026","rel":"","context":"Em &quot;Pomp\u00e9ia&quot;","block_context":{"text":"Pomp\u00e9ia","link":"https:\/\/diariodegarca.com\/?cat=1549470"},"img":{"alt_text":"","src":"https:\/\/i0.wp.com\/diariodegarca.com\/wp-content\/uploads\/2025\/11\/SnapInsta.to_584253545_18325989208246526_8725556783358556581_n-e1763413516964.jpg?fit=1080%2C750&ssl=1&resize=350%2C200","width":350,"height":200,"srcset":"https:\/\/i0.wp.com\/diariodegarca.com\/wp-content\/uploads\/2025\/11\/SnapInsta.to_584253545_18325989208246526_8725556783358556581_n-e1763413516964.jpg?fit=1080%2C750&ssl=1&resize=350%2C200 1x, https:\/\/i0.wp.com\/diariodegarca.com\/wp-content\/uploads\/2025\/11\/SnapInsta.to_584253545_18325989208246526_8725556783358556581_n-e1763413516964.jpg?fit=1080%2C750&ssl=1&resize=525%2C300 1.5x, https:\/\/i0.wp.com\/diariodegarca.com\/wp-content\/uploads\/2025\/11\/SnapInsta.to_584253545_18325989208246526_8725556783358556581_n-e1763413516964.jpg?fit=1080%2C750&ssl=1&resize=700%2C400 2x, https:\/\/i0.wp.com\/diariodegarca.com\/wp-content\/uploads\/2025\/11\/SnapInsta.to_584253545_18325989208246526_8725556783358556581_n-e1763413516964.jpg?fit=1080%2C750&ssl=1&resize=1050%2C600 3x"},"classes":[]},{"id":2547,"url":"https:\/\/diariodegarca.com\/?p=2547","url_meta":{"origin":6154,"position":4},"title":"Pol\u00edcia Militar prende suspeito por tr\u00e1fico de drogas em Pomp\u00e9ia","author":"Di\u00e1rio de Gar\u00e7a","date":"26 de mar\u00e7o de 2025","format":false,"excerpt":"No in\u00edcio da tarde de quinta-feira, dia 25 de mar\u00e7o, policiais militares do 9\u00ba Batalh\u00e3o de Pol\u00edcia Militar do Interior prenderam um homem por tr\u00e1fico de drogas no bairro Flandria, em Pomp\u00e9ia. A a\u00e7\u00e3o ocorreu por volta das 12h31, durante patrulhamento de rotina em uma \u00e1rea conhecida pelo com\u00e9rcio ilegal\u2026","rel":"","context":"Em &quot;Brasil&quot;","block_context":{"text":"Brasil","link":"https:\/\/diariodegarca.com\/?cat=38185"},"img":{"alt_text":"","src":"","width":0,"height":0},"classes":[]},{"id":5860,"url":"https:\/\/diariodegarca.com\/?p=5860","url_meta":{"origin":6154,"position":5},"title":"A\u00e7\u00e3o da PM em Alvinl\u00e2ndia apreende quase 50 gramas de maconha e prende homem por tr\u00e1fico","author":"Di\u00e1rio de Gar\u00e7a","date":"20 de agosto de 2025","format":false,"excerpt":"Flagrante ocorreu na noite desta ter\u00e7a-feira ap\u00f3s abordagem a suspeito na rua Jos\u00e9 Bonif\u00e1cio do Couto; material estava embalado para a venda. Em uma opera\u00e7\u00e3o de rotina que resultou em um flagrante de tr\u00e1fico, policiais militares prenderam um homem na noite desta ter\u00e7a-feira, 19 de agosto, no munic\u00edpio de Alvinl\u00e2ndia.\u2026","rel":"","context":"Em &quot;Alvinl\u00e2ndia&quot;","block_context":{"text":"Alvinl\u00e2ndia","link":"https:\/\/diariodegarca.com\/?cat=32102633"},"img":{"alt_text":"","src":"https:\/\/i0.wp.com\/diariodegarca.com\/wp-content\/uploads\/2025\/07\/em-garcahoje-11-por-volta-das-09h08min-policiais-militares-do-9o-batalhao-de-policia-milita-e1769719609181.webp?fit=1080%2C690&ssl=1&resize=350%2C200","width":350,"height":200,"srcset":"https:\/\/i0.wp.com\/diariodegarca.com\/wp-content\/uploads\/2025\/07\/em-garcahoje-11-por-volta-das-09h08min-policiais-militares-do-9o-batalhao-de-policia-milita-e1769719609181.webp?fit=1080%2C690&ssl=1&resize=350%2C200 1x, https:\/\/i0.wp.com\/diariodegarca.com\/wp-content\/uploads\/2025\/07\/em-garcahoje-11-por-volta-das-09h08min-policiais-militares-do-9o-batalhao-de-policia-milita-e1769719609181.webp?fit=1080%2C690&ssl=1&resize=525%2C300 1.5x, https:\/\/i0.wp.com\/diariodegarca.com\/wp-content\/uploads\/2025\/07\/em-garcahoje-11-por-volta-das-09h08min-policiais-militares-do-9o-batalhao-de-policia-milita-e1769719609181.webp?fit=1080%2C690&ssl=1&resize=700%2C400 2x, https:\/\/i0.wp.com\/diariodegarca.com\/wp-content\/uploads\/2025\/07\/em-garcahoje-11-por-volta-das-09h08min-policiais-militares-do-9o-batalhao-de-policia-milita-e1769719609181.webp?fit=1080%2C690&ssl=1&resize=1050%2C600 3x"},"classes":[]}],"_links":{"self":[{"href":"https:\/\/diariodegarca.com\/index.php?rest_route=\/wp\/v2\/posts\/6154","targetHints":{"allow":["GET"]}}],"collection":[{"href":"https:\/\/diariodegarca.com\/index.php?rest_route=\/wp\/v2\/posts"}],"about":[{"href":"https:\/\/diariodegarca.com\/index.php?rest_route=\/wp\/v2\/types\/post"}],"author":[{"embeddable":true,"href":"https:\/\/diariodegarca.com\/index.php?rest_route=\/wp\/v2\/users\/260896546"}],"replies":[{"embeddable":true,"href":"https:\/\/diariodegarca.com\/index.php?rest_route=%2Fwp%2Fv2%2Fcomments&post=6154"}],"version-history":[{"count":2,"href":"https:\/\/diariodegarca.com\/index.php?rest_route=\/wp\/v2\/posts\/6154\/revisions"}],"predecessor-version":[{"id":6157,"href":"https:\/\/diariodegarca.com\/index.php?rest_route=\/wp\/v2\/posts\/6154\/revisions\/6157"}],"wp:featuredmedia":[{"embeddable":true,"href":"https:\/\/diariodegarca.com\/index.php?rest_route=\/wp\/v2\/media\/6155"}],"wp:attachment":[{"href":"https:\/\/diariodegarca.com\/index.php?rest_route=%2Fwp%2Fv2%2Fmedia&parent=6154"}],"wp:term":[{"taxonomy":"category","embeddable":true,"href":"https:\/\/diariodegarca.com\/index.php?rest_route=%2Fwp%2Fv2%2Fcategories&post=6154"},{"taxonomy":"post_tag","embeddable":true,"href":"https:\/\/diariodegarca.com\/index.php?rest_route=%2Fwp%2Fv2%2Ftags&post=6154"}],"curies":[{"name":"wp","href":"https:\/\/api.w.org\/{rel}","templated":true}]}}