{"id":6217,"date":"2025-08-31T17:28:39","date_gmt":"2025-08-31T20:28:39","guid":{"rendered":"https:\/\/diariodegarca.com\/?p=6217"},"modified":"2025-08-31T17:28:39","modified_gmt":"2025-08-31T20:28:39","slug":"patrulhamento-de-rotina-resulta-na-prisao-de-suspeito-por-trafico-em-garca","status":"publish","type":"post","link":"https:\/\/diariodegarca.com\/?p=6217","title":{"rendered":"Patrulhamento de rotina resulta na pris\u00e3o de suspeito por tr\u00e1fico em Gar\u00e7a"},"content":{"rendered":"\n<p class=\"wp-block-paragraph\"><em>Homem foi flagrado com coca\u00edna, crack e maconha no Jardim S\u00e3o Lucas e foi encaminhado para a cadeia p\u00fablica.<\/em><\/p>\n\n\n\n<p class=\"wp-block-paragraph\">Um homem foi preso em flagrante por tr\u00e1fico de drogas no \u00faltimo s\u00e1bado, 30 de agosto, no Jardim S\u00e3o Lucas, em Gar\u00e7a. A a\u00e7\u00e3o foi conduzida por policiais militares do 9\u00b0 Batalh\u00e3o de Pol\u00edcia Militar do Interior (BPM\/I) durante patrulhamento preventivo na regi\u00e3o, que \u00e9 tradicionalmente monitorada devido \u00e0 incid\u00eancia de crimes ligados ao entorpecentes.<\/p>\n\n\n\n<p class=\"wp-block-paragraph\">De acordo com o registro policial, a equipe em vigil\u00e2ncia notou a atitude suspeita de um indiv\u00edduo, que, ao avistar a viatura, mudou seu comportamento repentinamente e acelerou o passo, tentando evitar o contato. A atitude foi considerada suficiente para a abordagem.<\/p>\n\n\n\n<p class=\"wp-block-paragraph\">Durante a busca pessoal, os militares localizaram um pacote pl\u00e1stico em sua posse. O material apreendido continha 16 microtubos de coca\u00edna, 15 por\u00e7\u00f5es de crack individualmente embrulhadas em papel alum\u00ednio e uma por\u00e7\u00e3o de maconha pronta para a venda. Al\u00e9m das drogas, o suspeito portava R$ 50,00 em dinheiro, valor considerado pelas autoridades como proveniente do com\u00e9rcio ilegal.<\/p>\n\n\n\n<p class=\"wp-block-paragraph\">O infrator foi conduzido imediatamente para a Central de Pris\u00e3o em Flagrante (CPJ) de Mar\u00edlia. Ap\u00f3s os procedimentos cab\u00edveis, a cust\u00f3dia foi mantida, e ele permanece preso \u00e0 disposi\u00e7\u00e3o da Justi\u00e7a, aguardando as pr\u00f3ximas etapas do processo legal.<\/p>\n","protected":false},"excerpt":{"rendered":"<p>Homem foi flagrado com coca\u00edna, crack e maconha no Jardim S\u00e3o Lucas e foi encaminhado para a cadeia p\u00fablica. Um homem foi preso em flagrante por tr\u00e1fico de drogas no \u00faltimo s\u00e1bado, 30 de agosto, no Jardim S\u00e3o Lucas, em Gar\u00e7a. A a\u00e7\u00e3o foi conduzida por policiais militares do 9\u00b0 Batalh\u00e3o de Pol\u00edcia Militar do [&hellip;]<\/p>\n","protected":false},"author":260896546,"featured_media":6218,"comment_status":"open","ping_status":"open","sticky":false,"template":"","format":"standard","meta":{"_monsterinsights_skip_tracking":false,"advanced_seo_description":"","jetpack_seo_html_title":"","jetpack_seo_noindex":false,"jetpack_seo_schema_type":"","_jetpack_newsletter_access":"","_jetpack_dont_email_post_to_subs":false,"_jetpack_newsletter_tier_id":0,"_jetpack_memberships_contains_paywalled_content":false,"_wpcom_ai_launchpad_first_post":false,"_jetpack_feature_clip_id":0,"_jetpack_memberships_contains_paid_content":false,"footnotes":"","jetpack_publicize_message":"\ud83d\udea8 Pris\u00e3o por tr\u00e1fico em Gar\u00e7a\n\nEm a\u00e7\u00e3o de rotina no Jardim S\u00e3o Lucas, a PM prendeu um homem por tr\u00e1fico de drogas no s\u00e1bado (30\/8). Com o suspeito, foram apreendidos:\n\u2705 16 por\u00e7\u00f5es de coca\u00edna;\n\u2705 15 pedras de crack;\n\u2705 Por\u00e7\u00f5es de maconha;\n\u2705 Dinheiro em esp\u00e9cie.\n\nO indiv\u00edduo foi encaminhado \u00e0 CPJ de Mar\u00edlia e est\u00e1 preso \u00e0 disposi\u00e7\u00e3o da Justi\u00e7a.\n\n\ud83d\udcd6 Leia a mat\u00e9ria completa em diariodegarca.com \ud83d\udd17\n\n#Seguran\u00e7aP\u00fablica #Not\u00edciaDeGarca #PMPoliciaMilitar #CombateAoTr\u00e1fico #JardimS\u00e3oLucas","jetpack_publicize_feature_enabled":true,"jetpack_social_post_already_shared":false,"jetpack_social_options":{"image_generator_settings":{"template":"highway","default_image_id":0,"font":"","enabled":false},"version":2},"_wpas_customize_per_network":false,"jetpack_post_was_ever_published":false},"categories":[781171664,21243],"tags":[],"class_list":["post-6217","post","type-post","status-publish","format-standard","has-post-thumbnail","hentry","category-garca-cidade","category-seguranca"],"jetpack_publicize_connections":[],"jetpack_likes_enabled":true,"jetpack_sharing_enabled":true,"jetpack_shortlink":"https:\/\/wp.me\/pgitne-1Ch","jetpack-related-posts":[{"id":2682,"url":"https:\/\/diariodegarca.com\/?p=2682","url_meta":{"origin":6217,"position":0},"title":"Homem \u00e9 preso em flagrante com drogas e dinheiro em Gar\u00e7a","author":"Di\u00e1rio de Gar\u00e7a","date":"7 de mar\u00e7o de 2025","format":false,"excerpt":"Na noite desta quinta-feira, 6 de mar\u00e7o, por volta das 19h, uma equipe do 9\u00ba Batalh\u00e3o de Pol\u00edcia Militar do Interior prendeu em flagrante um indiv\u00edduo por tr\u00e1fico de drogas no bairro Jardim S\u00e3o Lucas, em Gar\u00e7a. Durante patrulhamento preventivo, os policiais militares avistaram o suspeito em atitude suspeita na\u2026","rel":"","context":"Em &quot;Brasil&quot;","block_context":{"text":"Brasil","link":"https:\/\/diariodegarca.com\/?cat=38185"},"img":{"alt_text":"","src":"","width":0,"height":0},"classes":[]},{"id":8313,"url":"https:\/\/diariodegarca.com\/?p=8313","url_meta":{"origin":6217,"position":1},"title":"A\u00e7\u00e3o policial apreende drogas e prende mulher por tr\u00e1fico em Gar\u00e7a","author":"Di\u00e1rio de Gar\u00e7a","date":"1 de novembro de 2025","format":false,"excerpt":"Opera\u00e7\u00e3o no Jardim S\u00e3o Lucas resultou na apreens\u00e3o de coca\u00edna, crack, maconha e dinheiro, com uma pessoa presa em flagrante. Uma a\u00e7\u00e3o de rotina da Pol\u00edcia Militar na manh\u00e3 de sexta-feira, 31 de novembro, resultou na desarticula\u00e7\u00e3o de um ponto de venda de drogas no Jardim S\u00e3o Lucas, em Gar\u00e7a.\u2026","rel":"","context":"Em &quot;Brasil&quot;","block_context":{"text":"Brasil","link":"https:\/\/diariodegarca.com\/?cat=38185"},"img":{"alt_text":"","src":"https:\/\/i0.wp.com\/diariodegarca.com\/wp-content\/uploads\/2025\/11\/image_editor_output_image-1959510407-17620341099481982961546659164432.jpg?fit=756%2C925&ssl=1&resize=350%2C200","width":350,"height":200,"srcset":"https:\/\/i0.wp.com\/diariodegarca.com\/wp-content\/uploads\/2025\/11\/image_editor_output_image-1959510407-17620341099481982961546659164432.jpg?fit=756%2C925&ssl=1&resize=350%2C200 1x, https:\/\/i0.wp.com\/diariodegarca.com\/wp-content\/uploads\/2025\/11\/image_editor_output_image-1959510407-17620341099481982961546659164432.jpg?fit=756%2C925&ssl=1&resize=525%2C300 1.5x, https:\/\/i0.wp.com\/diariodegarca.com\/wp-content\/uploads\/2025\/11\/image_editor_output_image-1959510407-17620341099481982961546659164432.jpg?fit=756%2C925&ssl=1&resize=700%2C400 2x"},"classes":[]},{"id":6343,"url":"https:\/\/diariodegarca.com\/?p=6343","url_meta":{"origin":6217,"position":2},"title":"Mulher \u00e9 presa por tr\u00e1fico de drogas no Jardim S\u00e3o Lucas, em Gar\u00e7a","author":"Di\u00e1rio de Gar\u00e7a","date":"4 de setembro de 2025","format":false,"excerpt":"Durante patrulhamento de rotina, policiais da For\u00e7a T\u00e1tica interceptam venda de crack e apreendem drogas e dinheiro; dois usu\u00e1rios no local confirmaram a finalidade do ponto. Uma a\u00e7\u00e3o de patrulhamento preventivo da For\u00e7a T\u00e1tica resultou na pris\u00e3o em flagrante de uma mulher por tr\u00e1fico de drogas na tarde desta ter\u00e7a-feira,\u2026","rel":"","context":"Em &quot;Gar\u00e7a&quot;","block_context":{"text":"Gar\u00e7a","link":"https:\/\/diariodegarca.com\/?cat=781171664"},"img":{"alt_text":"","src":"https:\/\/i0.wp.com\/diariodegarca.com\/wp-content\/uploads\/2025\/09\/652f78b9-df5e-4d99-9d18-fa1df459c409.jpg?fit=1006%2C1200&ssl=1&resize=350%2C200","width":350,"height":200,"srcset":"https:\/\/i0.wp.com\/diariodegarca.com\/wp-content\/uploads\/2025\/09\/652f78b9-df5e-4d99-9d18-fa1df459c409.jpg?fit=1006%2C1200&ssl=1&resize=350%2C200 1x, https:\/\/i0.wp.com\/diariodegarca.com\/wp-content\/uploads\/2025\/09\/652f78b9-df5e-4d99-9d18-fa1df459c409.jpg?fit=1006%2C1200&ssl=1&resize=525%2C300 1.5x, https:\/\/i0.wp.com\/diariodegarca.com\/wp-content\/uploads\/2025\/09\/652f78b9-df5e-4d99-9d18-fa1df459c409.jpg?fit=1006%2C1200&ssl=1&resize=700%2C400 2x"},"classes":[]},{"id":7683,"url":"https:\/\/diariodegarca.com\/?p=7683","url_meta":{"origin":6217,"position":3},"title":"Pol\u00edcia Militar prende mulher em flagrante com coca\u00edna e crack no Jardim S\u00e3o Lucas, em Gar\u00e7a","author":"Andreza Sega","date":"15 de outubro de 2025","format":false,"excerpt":"A\u00e7\u00e3o da For\u00e7a T\u00e1tica interceptou tentativa de fuga e resultou na apreens\u00e3o de drogas e valores. A pris\u00e3o em flagrante foi ratificada pela delegacia. Em uma a\u00e7\u00e3o de patrulhamento preventivo na tarde de ter\u00e7a-feira, 14 de outubro, policiais militares da For\u00e7a T\u00e1tica da 4\u00aa Companhia prenderam uma mulher em flagrante\u2026","rel":"","context":"Em &quot;Gar\u00e7a&quot;","block_context":{"text":"Gar\u00e7a","link":"https:\/\/diariodegarca.com\/?cat=781171664"},"img":{"alt_text":"","src":"https:\/\/i0.wp.com\/diariodegarca.com\/wp-content\/uploads\/2025\/10\/WhatsApp-Image-2025-10-15-at-11.07.59-e1760651077409.jpeg?fit=1200%2C820&ssl=1&resize=350%2C200","width":350,"height":200,"srcset":"https:\/\/i0.wp.com\/diariodegarca.com\/wp-content\/uploads\/2025\/10\/WhatsApp-Image-2025-10-15-at-11.07.59-e1760651077409.jpeg?fit=1200%2C820&ssl=1&resize=350%2C200 1x, https:\/\/i0.wp.com\/diariodegarca.com\/wp-content\/uploads\/2025\/10\/WhatsApp-Image-2025-10-15-at-11.07.59-e1760651077409.jpeg?fit=1200%2C820&ssl=1&resize=525%2C300 1.5x, https:\/\/i0.wp.com\/diariodegarca.com\/wp-content\/uploads\/2025\/10\/WhatsApp-Image-2025-10-15-at-11.07.59-e1760651077409.jpeg?fit=1200%2C820&ssl=1&resize=700%2C400 2x, https:\/\/i0.wp.com\/diariodegarca.com\/wp-content\/uploads\/2025\/10\/WhatsApp-Image-2025-10-15-at-11.07.59-e1760651077409.jpeg?fit=1200%2C820&ssl=1&resize=1050%2C600 3x"},"classes":[]},{"id":3655,"url":"https:\/\/diariodegarca.com\/?p=3655","url_meta":{"origin":6217,"position":4},"title":"Pris\u00f5es por estupro e tr\u00e1fico marcam fim de semana na regi\u00e3o","author":"Di\u00e1rio de Gar\u00e7a","date":"4 de junho de 2025","format":false,"excerpt":"A\u00e7\u00f5es do 9\u00ba Batalh\u00e3o da aconteceu nas cidades de Mar\u00edlia, Tup\u00e3 e Gar\u00e7a, com pris\u00f5es em flagrantes O 9\u00ba Batalh\u00e3o de Pol\u00edcia Militar do Interior registrou, no \u00faltimo fim de semana, ocorr\u00eancias graves em diferentes cidades da regi\u00e3o, resultando na pris\u00e3o de indiv\u00edduos por crimes como estupro, viol\u00eancia dom\u00e9stica e\u2026","rel":"","context":"Em &quot;Gar\u00e7a&quot;","block_context":{"text":"Gar\u00e7a","link":"https:\/\/diariodegarca.com\/?cat=781171664"},"img":{"alt_text":"","src":"","width":0,"height":0},"classes":[]},{"id":8896,"url":"https:\/\/diariodegarca.com\/?p=8896","url_meta":{"origin":6217,"position":5},"title":"Suspeito de tr\u00e1fico \u00e9 preso ap\u00f3s resistir a abordagem e tumulto com populares em Gar\u00e7a","author":"Andreza Sega","date":"21 de novembro de 2025","format":false,"excerpt":"Homem jogou mochila com drogas e dinheiro para fora de quintal, entrou em luta corporal com PMs e precisou ser contido com g\u00e1s de pimenta. Um homem foi preso em flagrante na tarde de quinta-feira, 20 de novembro, no Jardim Sol Nascente, em Gar\u00e7a, acusado dos crimes de tr\u00e1fico de\u2026","rel":"","context":"Em &quot;Gar\u00e7a&quot;","block_context":{"text":"Gar\u00e7a","link":"https:\/\/diariodegarca.com\/?cat=781171664"},"img":{"alt_text":"","src":"https:\/\/i0.wp.com\/diariodegarca.com\/wp-content\/uploads\/2025\/09\/SnapInsta.to_547985380_18315538426246526_1698898200516764268_n-e1762269645583.webp?fit=1080%2C718&ssl=1&resize=350%2C200","width":350,"height":200,"srcset":"https:\/\/i0.wp.com\/diariodegarca.com\/wp-content\/uploads\/2025\/09\/SnapInsta.to_547985380_18315538426246526_1698898200516764268_n-e1762269645583.webp?fit=1080%2C718&ssl=1&resize=350%2C200 1x, https:\/\/i0.wp.com\/diariodegarca.com\/wp-content\/uploads\/2025\/09\/SnapInsta.to_547985380_18315538426246526_1698898200516764268_n-e1762269645583.webp?fit=1080%2C718&ssl=1&resize=525%2C300 1.5x, https:\/\/i0.wp.com\/diariodegarca.com\/wp-content\/uploads\/2025\/09\/SnapInsta.to_547985380_18315538426246526_1698898200516764268_n-e1762269645583.webp?fit=1080%2C718&ssl=1&resize=700%2C400 2x, https:\/\/i0.wp.com\/diariodegarca.com\/wp-content\/uploads\/2025\/09\/SnapInsta.to_547985380_18315538426246526_1698898200516764268_n-e1762269645583.webp?fit=1080%2C718&ssl=1&resize=1050%2C600 3x"},"classes":[]}],"jetpack_featured_media_url":"https:\/\/i0.wp.com\/diariodegarca.com\/wp-content\/uploads\/2025\/08\/snapinsta.to_541530518_18314152939246526_8183298163872401029_n.webp?fit=1080%2C1440&ssl=1","_links":{"self":[{"href":"https:\/\/diariodegarca.com\/index.php?rest_route=\/wp\/v2\/posts\/6217","targetHints":{"allow":["GET"]}}],"collection":[{"href":"https:\/\/diariodegarca.com\/index.php?rest_route=\/wp\/v2\/posts"}],"about":[{"href":"https:\/\/diariodegarca.com\/index.php?rest_route=\/wp\/v2\/types\/post"}],"author":[{"embeddable":true,"href":"https:\/\/diariodegarca.com\/index.php?rest_route=\/wp\/v2\/users\/260896546"}],"replies":[{"embeddable":true,"href":"https:\/\/diariodegarca.com\/index.php?rest_route=%2Fwp%2Fv2%2Fcomments&post=6217"}],"version-history":[{"count":3,"href":"https:\/\/diariodegarca.com\/index.php?rest_route=\/wp\/v2\/posts\/6217\/revisions"}],"predecessor-version":[{"id":6221,"href":"https:\/\/diariodegarca.com\/index.php?rest_route=\/wp\/v2\/posts\/6217\/revisions\/6221"}],"wp:featuredmedia":[{"embeddable":true,"href":"https:\/\/diariodegarca.com\/index.php?rest_route=\/wp\/v2\/media\/6218"}],"wp:attachment":[{"href":"https:\/\/diariodegarca.com\/index.php?rest_route=%2Fwp%2Fv2%2Fmedia&parent=6217"}],"wp:term":[{"taxonomy":"category","embeddable":true,"href":"https:\/\/diariodegarca.com\/index.php?rest_route=%2Fwp%2Fv2%2Fcategories&post=6217"},{"taxonomy":"post_tag","embeddable":true,"href":"https:\/\/diariodegarca.com\/index.php?rest_route=%2Fwp%2Fv2%2Ftags&post=6217"}],"curies":[{"name":"wp","href":"https:\/\/api.w.org\/{rel}","templated":true}]}}