{"id":6256,"date":"2025-09-02T09:44:19","date_gmt":"2025-09-02T12:44:19","guid":{"rendered":"https:\/\/diariodegarca.com\/?p=6256"},"modified":"2025-09-02T09:44:19","modified_gmt":"2025-09-02T12:44:19","slug":"pm-prende-homem-por-furto-a-mercado-em-vera-cruz","status":"publish","type":"post","link":"https:\/\/diariodegarca.com\/?p=6256","title":{"rendered":"PM prende homem por furto a mercado em Vera Cruz"},"content":{"rendered":"\n<p class=\"wp-block-paragraph\"><em>Acionados por arrombamento, policiais usaram imagens de c\u00e2meras de seguran\u00e7a para identificar e prender o suspeito nas proximidades do local do crime.<\/em><\/p>\n\n\n\n<p class=\"wp-block-paragraph\">Um homem foi preso em flagrante na manh\u00e3 desta segunda-feira, dia 1\u00ba de setembro, suspeito de furtar um mercado no munic\u00edpio de Vera Cruz. A a\u00e7\u00e3o foi realizada por policiais militares da 4\u00aa Companhia do 9\u00ba Batalh\u00e3o, que responderam ao chamado por volta das 7h30.<\/p>\n\n\n\n<p class=\"wp-block-paragraph\">O estabelecimento comercial, localizado na rua Paulo Guerreiro Franco, foi encontrado com sinais de arrombamento. De acordo com a ocorr\u00eancia, o principal item subtra\u00eddo foi uma quantidade de bebidas alco\u00f3licas.<\/p>\n\n\n\n<p class=\"wp-block-paragraph\">A investiga\u00e7\u00e3o no local foi agilizada pelas c\u00e2meras de seguran\u00e7a do mercado. As imagens, acessadas rapidamente pela guarni\u00e7\u00e3o, foram essenciais para que os agentes obtivessem a descri\u00e7\u00e3o f\u00edsica e as roupas do suposto autor do crime. Com essas informa\u00e7\u00f5es em m\u00e3os, os policiais intensificaram o patrulhamento nas redondezas.<\/p>\n\n\n\n<p class=\"wp-block-paragraph\">A estrat\u00e9gia surtiu efeito. Em pouco tempo, a equipe localizou um indiv\u00edduo que correspondia perfeitamente \u00e0s caracter\u00edsticas registradas pelas c\u00e2meras. Ap\u00f3s o reconhecimento, ele foi detido no local. O valor total dos produtos furtados foi estimado em cerca de R$ 30,00.<\/p>\n\n\n\n<p class=\"wp-block-paragraph\">O suspeito foi conduzido \u00e0 Delegacia de Pol\u00edcia Civil de Vera Cruz, onde a pris\u00e3o em flagrante foi formalizada pela autoridade policial. Ele ficou \u00e0 disposi\u00e7\u00e3o do Poder Judici\u00e1rio para as medidas cab\u00edveis.<\/p>\n","protected":false},"excerpt":{"rendered":"<p>Acionados por arrombamento, policiais usaram imagens de c\u00e2meras de seguran\u00e7a para identificar e prender o suspeito nas proximidades do local do crime. Um homem foi preso em flagrante na manh\u00e3 desta segunda-feira, dia 1\u00ba de setembro, suspeito de furtar um mercado no munic\u00edpio de Vera Cruz. A a\u00e7\u00e3o foi realizada por policiais militares da 4\u00aa [&hellip;]<\/p>\n","protected":false},"author":260896546,"featured_media":0,"comment_status":"open","ping_status":"open","sticky":false,"template":"","format":"standard","meta":{"_crdt_document":"","_monsterinsights_skip_tracking":false,"_monsterinsights_sitenote_active":false,"_monsterinsights_sitenote_note":"","_monsterinsights_sitenote_category":0,"advanced_seo_description":"","jetpack_seo_html_title":"","jetpack_seo_noindex":false,"_jetpack_newsletter_access":"","_jetpack_dont_email_post_to_subs":false,"_jetpack_newsletter_tier_id":0,"_jetpack_memberships_contains_paywalled_content":false,"_jetpack_memberships_contains_paid_content":false,"footnotes":"","jetpack_publicize_message":"\ud83d\udd34 Em Vera Cruz, PM prende homem por furto a mercado na manh\u00e3 de segunda-feira (01\/09).\n\nA a\u00e7\u00e3o da 4\u00aa Cia\/9\u00ba BPM foi r\u00e1pida: acionados por um arrombamento na rua Paulo Guerreiro Franco, os policiais usaram as imagens das c\u00e2meras de seguran\u00e7a para identificar o suspeito. Minutos depois, ele foi localizado e preso nas proximidades do local.\n\n\ud83d\udcac Acompanhe as not\u00edcias de seguran\u00e7a da nossa regi\u00e3o. Leia a reportagem completa em diariodegarca.com\n\n#PoliciaMilitar #VeraCruz #Furto #Seguran\u00e7aPublica #9BPM #Noticia #Regi\u00e3oDeGarca #DiarioDeGarca","jetpack_publicize_feature_enabled":true,"jetpack_social_post_already_shared":false,"jetpack_social_options":{"image_generator_settings":{"template":"highway","default_image_id":0,"font":"","enabled":false},"version":2},"_wpas_customize_per_network":false,"jetpack_post_was_ever_published":false},"categories":[21243,963369],"tags":[],"class_list":["post-6256","post","type-post","status-publish","format-standard","hentry","category-seguranca","category-vera-cruz"],"jetpack_publicize_connections":[],"jetpack_featured_media_url":"","jetpack_likes_enabled":true,"jetpack_sharing_enabled":true,"jetpack_shortlink":"https:\/\/wp.me\/pgitne-1CU","jetpack-related-posts":[{"id":6278,"url":"https:\/\/diariodegarca.com\/?p=6278","url_meta":{"origin":6256,"position":0},"title":"PM prende homem por tentativa de furto a ve\u00edculo em Vera Cruz","author":"Di\u00e1rio de Gar\u00e7a","date":"2 de setembro de 2025","format":false,"excerpt":"Ap\u00f3s ser impedido por moradores, suspeito foi localizado por policiais militares tentando escapar e foi reconhecido pela v\u00edtima. Um indiv\u00edduo foi preso em flagrante nesta ter\u00e7a-feira, 2 de setembro, acusado de tentativa de furto qualificado no munic\u00edpio de Vera Cruz. A a\u00e7\u00e3o foi realizada por uma guarni\u00e7\u00e3o da 4\u00aa Companhia\u2026","rel":"","context":"Em &quot;Seguran\u00e7a&quot;","block_context":{"text":"Seguran\u00e7a","link":"https:\/\/diariodegarca.com\/?cat=21243"},"img":{"alt_text":"","src":"https:\/\/i0.wp.com\/diariodegarca.com\/wp-content\/uploads\/2025\/09\/snapinsta.to_541509882_18314372977246526_9078746985333242125_n.jpg?fit=1080%2C1080&ssl=1&resize=350%2C200","width":350,"height":200,"srcset":"https:\/\/i0.wp.com\/diariodegarca.com\/wp-content\/uploads\/2025\/09\/snapinsta.to_541509882_18314372977246526_9078746985333242125_n.jpg?fit=1080%2C1080&ssl=1&resize=350%2C200 1x, https:\/\/i0.wp.com\/diariodegarca.com\/wp-content\/uploads\/2025\/09\/snapinsta.to_541509882_18314372977246526_9078746985333242125_n.jpg?fit=1080%2C1080&ssl=1&resize=525%2C300 1.5x, https:\/\/i0.wp.com\/diariodegarca.com\/wp-content\/uploads\/2025\/09\/snapinsta.to_541509882_18314372977246526_9078746985333242125_n.jpg?fit=1080%2C1080&ssl=1&resize=700%2C400 2x, https:\/\/i0.wp.com\/diariodegarca.com\/wp-content\/uploads\/2025\/09\/snapinsta.to_541509882_18314372977246526_9078746985333242125_n.jpg?fit=1080%2C1080&ssl=1&resize=1050%2C600 3x"},"classes":[]},{"id":2015,"url":"https:\/\/diariodegarca.com\/?p=2015","url_meta":{"origin":6256,"position":1},"title":"Pol\u00edcia Militar prende dois por furto a quitanda e apreende drogas e arma em Tup\u00e3","author":"Di\u00e1rio de Gar\u00e7a","date":"20 de maio de 2025","format":false,"excerpt":"Na \u00faltima segunda-feira, dia 19 de maio, o\u00a09\u00ba Batalh\u00e3o de Pol\u00edcia Militar do Interior\u00a0registrou duas ocorr\u00eancias de destaque em\u00a0Tup\u00e3, resultando em pris\u00f5es em flagrante por furto qualificado, recepta\u00e7\u00e3o e tr\u00e1fico de drogas. Furto a estabelecimento comercial Por volta das\u00a05h, o propriet\u00e1rio de uma\u00a0quitanda\u00a0no centro da cidade acionou a\u00a0Pol\u00edcia Militar\u00a0ap\u00f3s flagrar\u2026","rel":"","context":"Em &quot;Seguran\u00e7a&quot;","block_context":{"text":"Seguran\u00e7a","link":"https:\/\/diariodegarca.com\/?cat=21243"},"img":{"alt_text":"","src":"","width":0,"height":0},"classes":[]},{"id":6113,"url":"https:\/\/diariodegarca.com\/?p=6113","url_meta":{"origin":6256,"position":2},"title":"Homem \u00e9 preso em flagrante por quebrar c\u00e2mera de monitoramento em Vera Cruz","author":"Di\u00e1rio de Gar\u00e7a","date":"27 de agosto de 2025","format":false,"excerpt":"Agente foi identificado pelas pr\u00f3prias imagens do equipamento p\u00fablico que danificou e confessou o crime durante abordagem policial. Um homem foi preso em flagrante na tarde de ter\u00e7a-feira, 26 de agosto, pelo crime de dano ao patrim\u00f4nio p\u00fablico. O caso ocorreu por volta das 18h30, no cruzamento da rua Joaquim\u2026","rel":"","context":"Em &quot;Seguran\u00e7a&quot;","block_context":{"text":"Seguran\u00e7a","link":"https:\/\/diariodegarca.com\/?cat=21243"},"img":{"alt_text":"","src":"https:\/\/i0.wp.com\/diariodegarca.com\/wp-content\/uploads\/2025\/05\/1747614796816088-0-e1763988403926.jpg?fit=1080%2C670&ssl=1&resize=350%2C200","width":350,"height":200,"srcset":"https:\/\/i0.wp.com\/diariodegarca.com\/wp-content\/uploads\/2025\/05\/1747614796816088-0-e1763988403926.jpg?fit=1080%2C670&ssl=1&resize=350%2C200 1x, https:\/\/i0.wp.com\/diariodegarca.com\/wp-content\/uploads\/2025\/05\/1747614796816088-0-e1763988403926.jpg?fit=1080%2C670&ssl=1&resize=525%2C300 1.5x, https:\/\/i0.wp.com\/diariodegarca.com\/wp-content\/uploads\/2025\/05\/1747614796816088-0-e1763988403926.jpg?fit=1080%2C670&ssl=1&resize=700%2C400 2x, https:\/\/i0.wp.com\/diariodegarca.com\/wp-content\/uploads\/2025\/05\/1747614796816088-0-e1763988403926.jpg?fit=1080%2C670&ssl=1&resize=1050%2C600 3x"},"classes":[]},{"id":7040,"url":"https:\/\/diariodegarca.com\/?p=7040","url_meta":{"origin":6256,"position":3},"title":"Pol\u00edcia Militar prende homem por roubo e furtos em s\u00e9rie na zona sul de Mar\u00edlia","author":"Di\u00e1rio de Gar\u00e7a","date":"23 de setembro de 2025","format":false,"excerpt":"Ap\u00f3s roubo em farm\u00e1cia e furtos em outros estabelecimentos, policiais localizaram e prenderam o suspeito em um centro de tratamento. Na tarde de domingo, 21 de setembro, uma a\u00e7\u00e3o coordenada entre diferentes equipes do 9\u00ba Batalh\u00e3o da Pol\u00edcia Militar (9\u00ba BPM) resultou na pris\u00e3o em flagrante de um homem por\u2026","rel":"","context":"Em &quot;Mar\u00edlia&quot;","block_context":{"text":"Mar\u00edlia","link":"https:\/\/diariodegarca.com\/?cat=683453294"},"img":{"alt_text":"","src":"https:\/\/i0.wp.com\/diariodegarca.com\/wp-content\/uploads\/2025\/09\/SnapInsta.to_551985741_18316643455246526_2768663160623585563_n.jpg?fit=1080%2C810&ssl=1&resize=350%2C200","width":350,"height":200,"srcset":"https:\/\/i0.wp.com\/diariodegarca.com\/wp-content\/uploads\/2025\/09\/SnapInsta.to_551985741_18316643455246526_2768663160623585563_n.jpg?fit=1080%2C810&ssl=1&resize=350%2C200 1x, https:\/\/i0.wp.com\/diariodegarca.com\/wp-content\/uploads\/2025\/09\/SnapInsta.to_551985741_18316643455246526_2768663160623585563_n.jpg?fit=1080%2C810&ssl=1&resize=525%2C300 1.5x, https:\/\/i0.wp.com\/diariodegarca.com\/wp-content\/uploads\/2025\/09\/SnapInsta.to_551985741_18316643455246526_2768663160623585563_n.jpg?fit=1080%2C810&ssl=1&resize=700%2C400 2x, https:\/\/i0.wp.com\/diariodegarca.com\/wp-content\/uploads\/2025\/09\/SnapInsta.to_551985741_18316643455246526_2768663160623585563_n.jpg?fit=1080%2C810&ssl=1&resize=1050%2C600 3x"},"classes":[]},{"id":2792,"url":"https:\/\/diariodegarca.com\/?p=2792","url_meta":{"origin":6256,"position":4},"title":"Homem \u00e9 preso ap\u00f3s arrombar casa e amea\u00e7ar morador com facas em Mar\u00edlia","author":"Di\u00e1rio de Gar\u00e7a","date":"19 de fevereiro de 2025","format":false,"excerpt":"Na noite de ter\u00e7a-feira, dia 18 de fevereiro, por volta das 23h19, policiais do 9\u00ba Batalh\u00e3o de Pol\u00edcia Militar do Interior (9\u00ba BPMI) prenderam um homem acusado de invadir uma resid\u00eancia no munic\u00edpio de Mar\u00edlia.\u00a0Segundo relatos, o infrator arrombou a propriedade e subtraiu cerca de 15 metros de fios de\u2026","rel":"","context":"Em &quot;Brasil&quot;","block_context":{"text":"Brasil","link":"https:\/\/diariodegarca.com\/?cat=38185"},"img":{"alt_text":"","src":"","width":0,"height":0},"classes":[]},{"id":2897,"url":"https:\/\/diariodegarca.com\/?p=2897","url_meta":{"origin":6256,"position":5},"title":"Policiais Militares prendem homem por tr\u00e1fico de drogas em Vera Cruz","author":"Di\u00e1rio de Gar\u00e7a","date":"5 de fevereiro de 2025","format":false,"excerpt":"Na noite de ter\u00e7a-feira, dia 4 de fevereiro, policiais militares do 9\u00ba Batalh\u00e3o de Pol\u00edcia Militar do Interior (BPM\/I) prenderam um homem por tr\u00e1fico de drogas na cidade de Vera Cruz. A a\u00e7\u00e3o ocorreu por volta das 20h40, durante patrulhamento de rotina realizado pela For\u00e7a T\u00e1tica da corpora\u00e7\u00e3o.Durante a abordagem,\u2026","rel":"","context":"Em &quot;Brasil&quot;","block_context":{"text":"Brasil","link":"https:\/\/diariodegarca.com\/?cat=38185"},"img":{"alt_text":"","src":"","width":0,"height":0},"classes":[]}],"_links":{"self":[{"href":"https:\/\/diariodegarca.com\/index.php?rest_route=\/wp\/v2\/posts\/6256","targetHints":{"allow":["GET"]}}],"collection":[{"href":"https:\/\/diariodegarca.com\/index.php?rest_route=\/wp\/v2\/posts"}],"about":[{"href":"https:\/\/diariodegarca.com\/index.php?rest_route=\/wp\/v2\/types\/post"}],"author":[{"embeddable":true,"href":"https:\/\/diariodegarca.com\/index.php?rest_route=\/wp\/v2\/users\/260896546"}],"replies":[{"embeddable":true,"href":"https:\/\/diariodegarca.com\/index.php?rest_route=%2Fwp%2Fv2%2Fcomments&post=6256"}],"version-history":[{"count":2,"href":"https:\/\/diariodegarca.com\/index.php?rest_route=\/wp\/v2\/posts\/6256\/revisions"}],"predecessor-version":[{"id":6258,"href":"https:\/\/diariodegarca.com\/index.php?rest_route=\/wp\/v2\/posts\/6256\/revisions\/6258"}],"wp:attachment":[{"href":"https:\/\/diariodegarca.com\/index.php?rest_route=%2Fwp%2Fv2%2Fmedia&parent=6256"}],"wp:term":[{"taxonomy":"category","embeddable":true,"href":"https:\/\/diariodegarca.com\/index.php?rest_route=%2Fwp%2Fv2%2Fcategories&post=6256"},{"taxonomy":"post_tag","embeddable":true,"href":"https:\/\/diariodegarca.com\/index.php?rest_route=%2Fwp%2Fv2%2Ftags&post=6256"}],"curies":[{"name":"wp","href":"https:\/\/api.w.org\/{rel}","templated":true}]}}