{"id":6259,"date":"2025-09-02T09:48:55","date_gmt":"2025-09-02T12:48:55","guid":{"rendered":"https:\/\/diariodegarca.com\/?p=6259"},"modified":"2025-09-02T09:48:55","modified_gmt":"2025-09-02T12:48:55","slug":"operacao-impacto-prende-individuo-procurado-por-trafico-de-drogas-em-garca","status":"publish","type":"post","link":"https:\/\/diariodegarca.com\/?p=6259","title":{"rendered":"Opera\u00e7\u00e3o Impacto prende indiv\u00edduo procurado por tr\u00e1fico de drogas em Gar\u00e7a"},"content":{"rendered":"\n<p class=\"wp-block-paragraph\"><em>Durante patrulhamento de rotina no bairro Salgueiro, equipe da For\u00e7a T\u00e1tica localizou homem com mandado de pris\u00e3o em aberto, que foi encaminhado para a delegacia.<\/em><\/p>\n\n\n\n<p class=\"wp-block-paragraph\">Um homem com mandado de pris\u00e3o em aberto foi capturado pela Pol\u00edcia Militar na noite de segunda-feira, 1\u00ba de setembro, no bairro Salgueiro, em Gar\u00e7a. A a\u00e7\u00e3o foi realizada por integrantes da For\u00e7a T\u00e1tica da 4\u00aa Companhia do PM, no contexto da Opera\u00e7\u00e3o Impacto, que intensifica o patrulhamento ostensivo na regi\u00e3o.<\/p>\n\n\n\n<p class=\"wp-block-paragraph\">Por volta das 19h, durante uma ronda de rotina, os policiais militares avistaram e abordaram o indiv\u00edduo em uma via p\u00fablica. Ap\u00f3s uma busca pessoal, que n\u00e3o encontrou nenhum item il\u00edcito em sua posse no momento, os agentes procederam com a consulta de seus dados em sistema.<\/p>\n\n\n\n<p class=\"wp-block-paragraph\">A verifica\u00e7\u00e3o confirmou que o homem era procurado pela Justi\u00e7a devido a um mandado de pris\u00e3o relacionado a um crime previsto na Lei de Drogas (Lei n\u00ba 11.343\/06). A senten\u00e7a determinava o cumprimento de pena em regime inicial fechado.<\/p>\n\n\n\n<p class=\"wp-block-paragraph\">Diante da confirma\u00e7\u00e3o, os PMs informaram ao homem que ele estava preso em flagrante por decis\u00e3o judicial. Ele foi informado sobre seus direitos constitucionais. Em seguida, foi conduzido \u00e0 Central de Pol\u00edcia Judici\u00e1ria (CPJ) de Mar\u00edlia, onde ficou \u00e0 disposi\u00e7\u00e3o da Justi\u00e7a para a realiza\u00e7\u00e3o de audi\u00eancia de cust\u00f3dia.<\/p>\n","protected":false},"excerpt":{"rendered":"<p>Durante patrulhamento de rotina no bairro Salgueiro, equipe da For\u00e7a T\u00e1tica localizou homem com mandado de pris\u00e3o em aberto, que foi encaminhado para a delegacia. Um homem com mandado de pris\u00e3o em aberto foi capturado pela Pol\u00edcia Militar na noite de segunda-feira, 1\u00ba de setembro, no bairro Salgueiro, em Gar\u00e7a. A a\u00e7\u00e3o foi realizada por [&hellip;]<\/p>\n","protected":false},"author":260896546,"featured_media":4984,"comment_status":"open","ping_status":"open","sticky":false,"template":"","format":"standard","meta":{"_crdt_document":"","_monsterinsights_skip_tracking":false,"_monsterinsights_sitenote_active":false,"_monsterinsights_sitenote_note":"","_monsterinsights_sitenote_category":0,"advanced_seo_description":"","jetpack_seo_html_title":"","jetpack_seo_noindex":false,"_jetpack_newsletter_access":"","_jetpack_dont_email_post_to_subs":false,"_jetpack_newsletter_tier_id":0,"_jetpack_memberships_contains_paywalled_content":false,"_jetpack_memberships_contains_paid_content":false,"footnotes":"","jetpack_publicize_message":"\ud83d\udd34 For\u00e7a T\u00e1tica prende procurado por tr\u00e1fico em Gar\u00e7a\n\nEm a\u00e7\u00e3o da Opera\u00e7\u00e3o Impacto, policiais da For\u00e7a T\u00e1tica prenderam na noite de segunda-feira (1\/9) um homem com mandado de pris\u00e3o em aberto. A captura ocorreu durante patrulhamento no bairro Salgueiro.\n\n\ud83d\udcd6 Leia a mat\u00e9ria completa no nosso site, diariodegarca.com.\n\n#DiarioDeGarca #Not\u00edcia #Garca #Opera\u00e7\u00e3oImpacto #PoliciaMilitar #Seguran\u00e7a","jetpack_publicize_feature_enabled":true,"jetpack_social_post_already_shared":false,"jetpack_social_options":{"image_generator_settings":{"template":"highway","default_image_id":0,"font":"","enabled":false},"version":2},"_wpas_customize_per_network":false,"jetpack_post_was_ever_published":false},"categories":[781171664,21243],"tags":[],"class_list":["post-6259","post","type-post","status-publish","format-standard","has-post-thumbnail","hentry","category-garca-cidade","category-seguranca"],"jetpack_publicize_connections":[],"jetpack_featured_media_url":"https:\/\/i0.wp.com\/diariodegarca.com\/wp-content\/uploads\/2025\/07\/522381887_4217999475080153_2060988269710767919_n.heic?fit=640%2C640&ssl=1","jetpack_likes_enabled":true,"jetpack_sharing_enabled":true,"jetpack_shortlink":"https:\/\/wp.me\/pgitne-1CX","jetpack-related-posts":[{"id":6435,"url":"https:\/\/diariodegarca.com\/?p=6435","url_meta":{"origin":6259,"position":0},"title":"For\u00e7a T\u00e1tica prende homem procurado por viola\u00e7\u00e3o de domic\u00edlio em Gar\u00e7a","author":"Di\u00e1rio de Gar\u00e7a","date":"6 de setembro de 2025","format":false,"excerpt":"Indiv\u00edduo com mandado de pris\u00e3o em aberto foi localizado durante patrulhamento de rotina no bairro Rebelo e conduzido \u00e0 delegacia. Um homem com mandado de pris\u00e3o em aberto foi capturado pela For\u00e7a T\u00e1tica da Pol\u00edcia Militar na tarde desta quarta-feira, 4 de setembro, no bairro Rebelo, em Gar\u00e7a. A a\u00e7\u00e3o\u2026","rel":"","context":"Em &quot;Gar\u00e7a&quot;","block_context":{"text":"Gar\u00e7a","link":"https:\/\/diariodegarca.com\/?cat=781171664"},"img":{"alt_text":"","src":"https:\/\/i0.wp.com\/diariodegarca.com\/wp-content\/uploads\/2025\/09\/snapinsta.to_544536280_18314788987246526_2801474471700788649_n.webp?fit=1080%2C1080&ssl=1&resize=350%2C200","width":350,"height":200,"srcset":"https:\/\/i0.wp.com\/diariodegarca.com\/wp-content\/uploads\/2025\/09\/snapinsta.to_544536280_18314788987246526_2801474471700788649_n.webp?fit=1080%2C1080&ssl=1&resize=350%2C200 1x, https:\/\/i0.wp.com\/diariodegarca.com\/wp-content\/uploads\/2025\/09\/snapinsta.to_544536280_18314788987246526_2801474471700788649_n.webp?fit=1080%2C1080&ssl=1&resize=525%2C300 1.5x, https:\/\/i0.wp.com\/diariodegarca.com\/wp-content\/uploads\/2025\/09\/snapinsta.to_544536280_18314788987246526_2801474471700788649_n.webp?fit=1080%2C1080&ssl=1&resize=700%2C400 2x, https:\/\/i0.wp.com\/diariodegarca.com\/wp-content\/uploads\/2025\/09\/snapinsta.to_544536280_18314788987246526_2801474471700788649_n.webp?fit=1080%2C1080&ssl=1&resize=1050%2C600 3x"},"classes":[]},{"id":9227,"url":"https:\/\/diariodegarca.com\/?p=9227","url_meta":{"origin":6259,"position":1},"title":"For\u00e7a T\u00e1tica prende procurado pela Justi\u00e7a no bairro Paineiras, em Gar\u00e7a","author":"Andreza Sega","date":"1 de dezembro de 2025","format":false,"excerpt":"Homem com mandado de pris\u00e3o em aberto foi localizado e capturado por policiais militares durante patrulhamento de rotina na tarde de sexta-feira. Na tarde da \u00faltima sexta-feira, 28 de novembro, por volta das 18h13, uma a\u00e7\u00e3o da For\u00e7a T\u00e1tica da 4\u00aa Companhia da Pol\u00edcia Militar resultou na captura de um\u2026","rel":"","context":"Em &quot;Gar\u00e7a&quot;","block_context":{"text":"Gar\u00e7a","link":"https:\/\/diariodegarca.com\/?cat=781171664"},"img":{"alt_text":"","src":"https:\/\/i0.wp.com\/diariodegarca.com\/wp-content\/uploads\/2025\/09\/SnapInsta.to_553032039_18317046430246526_2415893925996311691_n-e1762784179548.webp?fit=1200%2C832&ssl=1&resize=350%2C200","width":350,"height":200,"srcset":"https:\/\/i0.wp.com\/diariodegarca.com\/wp-content\/uploads\/2025\/09\/SnapInsta.to_553032039_18317046430246526_2415893925996311691_n-e1762784179548.webp?fit=1200%2C832&ssl=1&resize=350%2C200 1x, https:\/\/i0.wp.com\/diariodegarca.com\/wp-content\/uploads\/2025\/09\/SnapInsta.to_553032039_18317046430246526_2415893925996311691_n-e1762784179548.webp?fit=1200%2C832&ssl=1&resize=525%2C300 1.5x, https:\/\/i0.wp.com\/diariodegarca.com\/wp-content\/uploads\/2025\/09\/SnapInsta.to_553032039_18317046430246526_2415893925996311691_n-e1762784179548.webp?fit=1200%2C832&ssl=1&resize=700%2C400 2x, https:\/\/i0.wp.com\/diariodegarca.com\/wp-content\/uploads\/2025\/09\/SnapInsta.to_553032039_18317046430246526_2415893925996311691_n-e1762784179548.webp?fit=1200%2C832&ssl=1&resize=1050%2C600 3x"},"classes":[]},{"id":2778,"url":"https:\/\/diariodegarca.com\/?p=2778","url_meta":{"origin":6259,"position":2},"title":"For\u00e7a T\u00e1tica prende homem com mandado de pris\u00e3o por estelionato em Tup\u00e3","author":"Di\u00e1rio de Gar\u00e7a","date":"20 de fevereiro de 2025","format":false,"excerpt":"Equipes do 9\u00ba Batalh\u00e3o de Pol\u00edcia Militar do Interior efetuaram a pris\u00e3o de um homem procurado pela Justi\u00e7a durante patrulhamento no bairro Bela Vista, em Tup\u00e3, na quinta-feira, dia 20 de fevereiro.A a\u00e7\u00e3o foi conduzida pela For\u00e7a T\u00e1tica, que localizou o indiv\u00edduo ap\u00f3s informa\u00e7\u00f5es sobre um mandado de pris\u00e3o em\u2026","rel":"","context":"Em &quot;Brasil&quot;","block_context":{"text":"Brasil","link":"https:\/\/diariodegarca.com\/?cat=38185"},"img":{"alt_text":"","src":"","width":0,"height":0},"classes":[]},{"id":7364,"url":"https:\/\/diariodegarca.com\/?p=7364","url_meta":{"origin":6259,"position":3},"title":"\u00a0Pol\u00edcia Militar prende dois procurados pela Justi\u00e7a em a\u00e7\u00f5es realizadas em Gar\u00e7a","author":"Andreza Sega","date":"2 de outubro de 2025","format":false,"excerpt":"Opera\u00e7\u00f5es ocorreram em diferentes hor\u00e1rios e bairros da cidade, resultando no cumprimento de mandados de pris\u00e3o civil. A Pol\u00edcia Militar registrou duas ocorr\u00eancias de pris\u00e3o de procurados pela Justi\u00e7a na \u00faltima ter\u00e7a-feira, 30 de setembro, no munic\u00edpio de Gar\u00e7a. As a\u00e7\u00f5es, realizadas em hor\u00e1rios e locais distintos, cumpriram mandados judiciais\u2026","rel":"","context":"Em &quot;Gar\u00e7a&quot;","block_context":{"text":"Gar\u00e7a","link":"https:\/\/diariodegarca.com\/?cat=781171664"},"img":{"alt_text":"","src":"https:\/\/i0.wp.com\/diariodegarca.com\/wp-content\/uploads\/2025\/09\/snapinsta.to_541509882_18314372977246526_9078746985333242125_n.jpg?fit=1080%2C1080&ssl=1&resize=350%2C200","width":350,"height":200,"srcset":"https:\/\/i0.wp.com\/diariodegarca.com\/wp-content\/uploads\/2025\/09\/snapinsta.to_541509882_18314372977246526_9078746985333242125_n.jpg?fit=1080%2C1080&ssl=1&resize=350%2C200 1x, https:\/\/i0.wp.com\/diariodegarca.com\/wp-content\/uploads\/2025\/09\/snapinsta.to_541509882_18314372977246526_9078746985333242125_n.jpg?fit=1080%2C1080&ssl=1&resize=525%2C300 1.5x, https:\/\/i0.wp.com\/diariodegarca.com\/wp-content\/uploads\/2025\/09\/snapinsta.to_541509882_18314372977246526_9078746985333242125_n.jpg?fit=1080%2C1080&ssl=1&resize=700%2C400 2x, https:\/\/i0.wp.com\/diariodegarca.com\/wp-content\/uploads\/2025\/09\/snapinsta.to_541509882_18314372977246526_9078746985333242125_n.jpg?fit=1080%2C1080&ssl=1&resize=1050%2C600 3x"},"classes":[]},{"id":10280,"url":"https:\/\/diariodegarca.com\/?p=10280","url_meta":{"origin":6259,"position":4},"title":"For\u00e7a T\u00e1tica prende dois procurados em a\u00e7\u00f5es em Gar\u00e7a e \u00c1lvaro de Carvalho","author":"Di\u00e1rio de Gar\u00e7a","date":"28 de janeiro de 2026","format":false,"excerpt":"Opera\u00e7\u00e3o Impacto resultou na captura de um homem por furto e outro por les\u00e3o corporal e amea\u00e7a; ambos foram encaminhados \u00e0 penitenci\u00e1ria para audi\u00eancia de cust\u00f3dia. Durante o patrulhamento preventivo da Opera\u00e7\u00e3o Impacto, focada na manuten\u00e7\u00e3o da ordem p\u00fablica, equipes da For\u00e7a T\u00e1tica da 4\u00aa Companhia da Pol\u00edcia Militar prenderam,\u2026","rel":"","context":"Em &quot;\u00c1lvaro de Carvalho&quot;","block_context":{"text":"\u00c1lvaro de Carvalho","link":"https:\/\/diariodegarca.com\/?cat=29815376"},"img":{"alt_text":"","src":"https:\/\/i0.wp.com\/diariodegarca.com\/wp-content\/uploads\/2025\/11\/SnapInsta.to_582789894_18325798687246526_2708297248035910926_n-e1763412687114.jpg?fit=1080%2C730&ssl=1&resize=350%2C200","width":350,"height":200,"srcset":"https:\/\/i0.wp.com\/diariodegarca.com\/wp-content\/uploads\/2025\/11\/SnapInsta.to_582789894_18325798687246526_2708297248035910926_n-e1763412687114.jpg?fit=1080%2C730&ssl=1&resize=350%2C200 1x, https:\/\/i0.wp.com\/diariodegarca.com\/wp-content\/uploads\/2025\/11\/SnapInsta.to_582789894_18325798687246526_2708297248035910926_n-e1763412687114.jpg?fit=1080%2C730&ssl=1&resize=525%2C300 1.5x, https:\/\/i0.wp.com\/diariodegarca.com\/wp-content\/uploads\/2025\/11\/SnapInsta.to_582789894_18325798687246526_2708297248035910926_n-e1763412687114.jpg?fit=1080%2C730&ssl=1&resize=700%2C400 2x, https:\/\/i0.wp.com\/diariodegarca.com\/wp-content\/uploads\/2025\/11\/SnapInsta.to_582789894_18325798687246526_2708297248035910926_n-e1763412687114.jpg?fit=1080%2C730&ssl=1&resize=1050%2C600 3x"},"classes":[]},{"id":2768,"url":"https:\/\/diariodegarca.com\/?p=2768","url_meta":{"origin":6259,"position":5},"title":"PM prende traficante em Hercul\u00e2ndia durante patrulhamento","author":"Di\u00e1rio de Gar\u00e7a","date":"22 de fevereiro de 2025","format":false,"excerpt":"Na noite de sexta-feira, dia 21 de fevereiro, o 9\u00ba Batalh\u00e3o de Pol\u00edcia Militar do Interior (PM-SP) prendeu um homem com mandado de pris\u00e3o em aberto na cidade de Hercul\u00e2ndia. A a\u00e7\u00e3o ocorreu durante opera\u00e7\u00f5es de rotina no bairro \u00c1gua Boa.\u00a0\u00a0Por volta das 22h, durante patrulhamento conjunto da For\u00e7a T\u00e1tica\u2026","rel":"","context":"Em &quot;Brasil&quot;","block_context":{"text":"Brasil","link":"https:\/\/diariodegarca.com\/?cat=38185"},"img":{"alt_text":"","src":"","width":0,"height":0},"classes":[]}],"_links":{"self":[{"href":"https:\/\/diariodegarca.com\/index.php?rest_route=\/wp\/v2\/posts\/6259","targetHints":{"allow":["GET"]}}],"collection":[{"href":"https:\/\/diariodegarca.com\/index.php?rest_route=\/wp\/v2\/posts"}],"about":[{"href":"https:\/\/diariodegarca.com\/index.php?rest_route=\/wp\/v2\/types\/post"}],"author":[{"embeddable":true,"href":"https:\/\/diariodegarca.com\/index.php?rest_route=\/wp\/v2\/users\/260896546"}],"replies":[{"embeddable":true,"href":"https:\/\/diariodegarca.com\/index.php?rest_route=%2Fwp%2Fv2%2Fcomments&post=6259"}],"version-history":[{"count":2,"href":"https:\/\/diariodegarca.com\/index.php?rest_route=\/wp\/v2\/posts\/6259\/revisions"}],"predecessor-version":[{"id":6261,"href":"https:\/\/diariodegarca.com\/index.php?rest_route=\/wp\/v2\/posts\/6259\/revisions\/6261"}],"wp:featuredmedia":[{"embeddable":true,"href":"https:\/\/diariodegarca.com\/index.php?rest_route=\/wp\/v2\/media\/4984"}],"wp:attachment":[{"href":"https:\/\/diariodegarca.com\/index.php?rest_route=%2Fwp%2Fv2%2Fmedia&parent=6259"}],"wp:term":[{"taxonomy":"category","embeddable":true,"href":"https:\/\/diariodegarca.com\/index.php?rest_route=%2Fwp%2Fv2%2Fcategories&post=6259"},{"taxonomy":"post_tag","embeddable":true,"href":"https:\/\/diariodegarca.com\/index.php?rest_route=%2Fwp%2Fv2%2Ftags&post=6259"}],"curies":[{"name":"wp","href":"https:\/\/api.w.org\/{rel}","templated":true}]}}