{"id":6265,"date":"2025-09-02T17:36:49","date_gmt":"2025-09-02T20:36:49","guid":{"rendered":"https:\/\/diariodegarca.com\/?p=6265"},"modified":"2025-09-02T17:36:49","modified_gmt":"2025-09-02T20:36:49","slug":"marilia-exibe-sessao-gratuita-de-crepusculo-dos-deuses-pelo-programa-pontos-mis","status":"publish","type":"post","link":"https:\/\/diariodegarca.com\/?p=6265","title":{"rendered":"Mar\u00edlia exibe sess\u00e3o gratuita de &#8220;Crep\u00fasculo dos Deuses&#8221; pelo programa Pontos MIS"},"content":{"rendered":"\n<p class=\"wp-block-paragraph\"><em>Exibi\u00e7\u00e3o do drama sat\u00edrico de Billy Wilder ocorre em 3 de setembro, no Complexo Cultural &#8220;Braz Al\u00e9cio&#8221;, com entrada franca.<\/em><\/p>\n\n\n\n<p class=\"wp-block-paragraph\">O projeto\u00a0<strong>Pontos MIS<\/strong>\u00a0(Museu da Imagem e do Som) traz, em sess\u00e3o gratuita o aclamado filme\u00a0<strong>&#8220;Crep\u00fasculo dos Deuses&#8221;<\/strong>\u00a0(1950), obra-prima do diretor Billy Wilder. A exibi\u00e7\u00e3o est\u00e1 marcada para amanh\u00e3, <strong>quarta-feira<\/strong>, <strong>3 de setembro, \u00e0s 14h30<\/strong>, na Sala de Proje\u00e7\u00e3o do CCM \u201cEm\u00edlio Pedutti Filho\u201d, localizada no piso superior do Complexo Cultural &#8220;Braz Al\u00e9cio&#8221;, na avenida Sampaio Vidal, 245, no Centro.<\/p>\n\n\n\n<p class=\"wp-block-paragraph\">A sess\u00e3o \u00e9 uma realiza\u00e7\u00e3o do Museu da Imagem e do Som, em parceria com a Secretaria Municipal da Cultura de Mar\u00edlia, e integra as a\u00e7\u00f5es do Pontos MIS, programa que democratiza o acesso \u00e0 s\u00e9tima arte em todo o estado.<\/p>\n\n\n\n<p class=\"wp-block-paragraph\"><strong>Sobre o filme<\/strong><\/p>\n\n\n\n<p class=\"wp-block-paragraph\">Dirigido pelo lend\u00e1rio Billy Wilder, &#8220;Crep\u00fasculo dos Deuses&#8221; (Sunset Boulevard) \u00e9 um drama sat\u00edrico e sombrio que mergulha nas entranhas de Hollywood. O filme narra a hist\u00f3ria de Joe Gillis (William Holden), um roteirista em crise financeira que, ao fugir de agentes de cobran\u00e7a, encontra ref\u00fagio na decadente e opulenta mans\u00e3o de Norma Desmond (Gloria Swanson). Ela \u00e9 uma ex-estrela gigante do cinema mudo, agora reclusa e obcecada pelo plano de um grandioso retorno \u00e0s telas, guiada por seu leal mordomo Max (Erich von Stroheim).<\/p>\n\n\n\n<p class=\"wp-block-paragraph\">Seduzido pelo conforto luxuoso e pela promessa de ganhar bem para trabalhar no roteiro de sua volta, Gillis aceita a proposta. No entanto, ele se v\u00ea cada vez mais enredado no mundo de ilus\u00f5es e manipula\u00e7\u00e3o de Norma, enquanto simultaneamente desenvolve sentimentos por Betty (Nancy Olson), uma jovem e talentosa aspirante a roteirista. O longa-metragem \u00e9 uma cr\u00edtica mordaz \u00e0 fama, ao esquecimento e \u00e0 ind\u00fastria cinematogr\u00e1fica, sendo considerado um dos melhores filmes de todos os tempos.<\/p>\n\n\n\n<p class=\"wp-block-paragraph\"><strong>Democratiza\u00e7\u00e3o do Cinema<\/strong><\/p>\n\n\n\n<p class=\"wp-block-paragraph\">O Pontos MIS come\u00e7ou como uma iniciativa do Governo do Estado de S\u00e3o Paulo, por meio da Secretaria de Cultura e Economia Criativa e do pr\u00f3prio Museu da Imagem e do Som, com o objetivo de levar cinema de qualidade para munic\u00edpios paulistas. O sucesso e a import\u00e2ncia do programa fizeram com que ele se expandisse nacionalmente, conquistando o apoio do&nbsp;<strong>Minist\u00e9rio da Cultura<\/strong>&nbsp;e do&nbsp;<strong>Governo Federal<\/strong>.<\/p>\n\n\n\n<p class=\"wp-block-paragraph\">A a\u00e7\u00e3o visa democratizar o acesso \u00e0 cultura, oferecendo uma programa\u00e7\u00e3o regular e gratuita de filmes, document\u00e1rios e produ\u00e7\u00f5es audiovisuais diversas, fomentando a forma\u00e7\u00e3o de novas plateias e ampliando o repert\u00f3rio cultural do p\u00fablico. A exibi\u00e7\u00e3o em Mar\u00edlia \u00e9 um exemplo dessa miss\u00e3o, proporcionando \u00e0 popula\u00e7\u00e3o local a oportunidade de assistir a um cl\u00e1ssico essencial da hist\u00f3ria do cinema em uma sala de proje\u00e7\u00e3o.<\/p>\n\n\n\n<p class=\"wp-block-paragraph\">A classifica\u00e7\u00e3o indicativa do filme \u00e9 de&nbsp;<strong>14 anos<\/strong>. A entrada \u00e9 gratuita, sujeita \u00e0 lota\u00e7\u00e3o da sala.<\/p>\n","protected":false},"excerpt":{"rendered":"<p>Exibi\u00e7\u00e3o do drama sat\u00edrico de Billy Wilder ocorre em 3 de setembro, no Complexo Cultural &#8220;Braz Al\u00e9cio&#8221;, com entrada franca. O projeto\u00a0Pontos MIS\u00a0(Museu da Imagem e do Som) traz, em sess\u00e3o gratuita o aclamado filme\u00a0&#8220;Crep\u00fasculo dos Deuses&#8221;\u00a0(1950), obra-prima do diretor Billy Wilder. A exibi\u00e7\u00e3o est\u00e1 marcada para amanh\u00e3, quarta-feira, 3 de setembro, \u00e0s 14h30, na [&hellip;]<\/p>\n","protected":false},"author":260896546,"featured_media":6267,"comment_status":"open","ping_status":"open","sticky":false,"template":"","format":"standard","meta":{"_monsterinsights_skip_tracking":false,"advanced_seo_description":"","jetpack_seo_html_title":"","jetpack_seo_noindex":false,"jetpack_seo_schema_type":"","_jetpack_newsletter_access":"","_jetpack_dont_email_post_to_subs":false,"_jetpack_newsletter_tier_id":0,"_jetpack_memberships_contains_paywalled_content":false,"_wpcom_ai_launchpad_first_post":false,"_jetpack_feature_clip_id":0,"_jetpack_memberships_contains_paid_content":false,"footnotes":"","jetpack_publicize_message":"\u2728\ud83c\udfac Cinema gratuito em Mar\u00edlia \u2728\n\nO projeto Pontos MIS traz para Mar\u00edlia uma joia do cinema: \"Crep\u00fasculo dos Deuses\", de Billy Wilder. N\u00e3o perca!\n\n\ud83d\udcc5 Quando: 03\/09 (qua), \u00e0s 14h30\n\ud83d\udccd Onde: Sala de Proje\u00e7\u00e3o do CCM (av. Sampaio Vidal, 245 - Centro, piso superior)\n\ud83c\udf9f\ufe0f Entrada gratuita | Classifica\u00e7\u00e3o: 14 anos\n\nA trama sat\u00edrica acompanha um roteirista falido que se envolve com uma ex-estrela do cinema mudo obcecada por um retorno triunfal. Um filme sobre fama, ilus\u00e3o e os bastidores de Hollywood.\n\nLeia a mat\u00e9ria completa em diariodegarca.com\n\n#PontosMIS #Mar\u00edlia #Cultura #CinemaGratuito #Crep\u00fasculoDosDeuses #BillyWilder #ClassicoDoCinema #SecretariaDaCultura #MIS #ComplexoCulturalBrazAlecio","jetpack_publicize_feature_enabled":true,"jetpack_social_post_already_shared":false,"jetpack_social_options":{"image_generator_settings":{"template":"highway","default_image_id":0,"font":"","enabled":false},"version":2},"_wpas_customize_per_network":false,"jetpack_post_was_ever_published":false},"categories":[597,2367,683453294],"tags":[],"class_list":["post-6265","post","type-post","status-publish","format-standard","has-post-thumbnail","hentry","category-cinema","category-cultura","category-marilia-cidade"],"jetpack_publicize_connections":[],"jetpack_likes_enabled":true,"jetpack_sharing_enabled":true,"jetpack_shortlink":"https:\/\/wp.me\/pgitne-1D3","jetpack-related-posts":[{"id":2600,"url":"https:\/\/diariodegarca.com\/?p=2600","url_meta":{"origin":6265,"position":0},"title":"Clube de Cinema de Mar\u00edlia exibe gratuitamente &#034;Os Olhos de Cabul&#034;","author":"Di\u00e1rio de Gar\u00e7a","date":"19 de mar\u00e7o de 2025","format":false,"excerpt":"A Secretaria da Cultura de Mar\u00edlia, em parceria com o Museu da Imagem e do Som (Pontos MIS), promove nesta quinta-feira, dia 20 de mar\u00e7o, \u00e0s 20h, a exibi\u00e7\u00e3o gratuita do premiado filme \"Os Olhos de Cabul\". A sess\u00e3o acontece na Sala Municipal de Proje\u00e7\u00e3o do Clube de Cinema de\u2026","rel":"","context":"Em &quot;Brasil&quot;","block_context":{"text":"Brasil","link":"https:\/\/diariodegarca.com\/?cat=38185"},"img":{"alt_text":"","src":"","width":0,"height":0},"classes":[]},{"id":5302,"url":"https:\/\/diariodegarca.com\/?p=5302","url_meta":{"origin":6265,"position":1},"title":"&#8220;O Vendedor de Sonhos&#8221; chega a Mar\u00edlia em sess\u00e3o gratuita do Pontos MIS","author":"Di\u00e1rio de Gar\u00e7a","date":"6 de agosto de 2025","format":false,"excerpt":"Programa democratiza acesso ao cinema e exibe drama nacional nesta quinta (7) no Complexo Cultural Braz Al\u00e9cio. A cultura mariliense ganha destaque nesta quinta-feira, 7 de agosto, com a exibi\u00e7\u00e3o do filme nacional\u00a0\"O Vendedor de Sonhos\", baseado no livro do autor Augusto Cury de mesmo nome. A sess\u00e3o gratuita acontece\u2026","rel":"","context":"Em &quot;Cultura&quot;","block_context":{"text":"Cultura","link":"https:\/\/diariodegarca.com\/?cat=2367"},"img":{"alt_text":"","src":"https:\/\/i0.wp.com\/diariodegarca.com\/wp-content\/uploads\/2025\/08\/460043.jpg-r_1920_1080-f_jpg-q_x-xxyxx.jpg.jpg?fit=1200%2C784&ssl=1&resize=350%2C200","width":350,"height":200,"srcset":"https:\/\/i0.wp.com\/diariodegarca.com\/wp-content\/uploads\/2025\/08\/460043.jpg-r_1920_1080-f_jpg-q_x-xxyxx.jpg.jpg?fit=1200%2C784&ssl=1&resize=350%2C200 1x, https:\/\/i0.wp.com\/diariodegarca.com\/wp-content\/uploads\/2025\/08\/460043.jpg-r_1920_1080-f_jpg-q_x-xxyxx.jpg.jpg?fit=1200%2C784&ssl=1&resize=525%2C300 1.5x, https:\/\/i0.wp.com\/diariodegarca.com\/wp-content\/uploads\/2025\/08\/460043.jpg-r_1920_1080-f_jpg-q_x-xxyxx.jpg.jpg?fit=1200%2C784&ssl=1&resize=700%2C400 2x, https:\/\/i0.wp.com\/diariodegarca.com\/wp-content\/uploads\/2025\/08\/460043.jpg-r_1920_1080-f_jpg-q_x-xxyxx.jpg.jpg?fit=1200%2C784&ssl=1&resize=1050%2C600 3x"},"classes":[]},{"id":6269,"url":"https:\/\/diariodegarca.com\/?p=6269","url_meta":{"origin":6265,"position":2},"title":"&#8220;Deus e o Diabo na Terra do Sol&#8221; ser\u00e1 exibido gratuitamente em Mar\u00edlia","author":"Di\u00e1rio de Gar\u00e7a","date":"3 de setembro de 2025","format":false,"excerpt":"Sess\u00e3o do marco do Cinema Novo acontece no dia 4 de setembro, no Complexo Cultural \"Em\u00edlio Pedutti Filho\"; entrada \u00e9 franca. A cidade de Mar\u00edlia exibir\u00e1, amanh\u00e3, 4 de setembro, uma sess\u00e3o especial de um dos filmes mais importantes da cinematografia nacional. \"Deus e o Diabo na Terra do Sol\"\u2026","rel":"","context":"Em &quot;Cinema&quot;","block_context":{"text":"Cinema","link":"https:\/\/diariodegarca.com\/?cat=597"},"img":{"alt_text":"","src":"https:\/\/i0.wp.com\/diariodegarca.com\/wp-content\/uploads\/2025\/09\/deus-e-o-diabo222.jpg?fit=1200%2C675&ssl=1&resize=350%2C200","width":350,"height":200,"srcset":"https:\/\/i0.wp.com\/diariodegarca.com\/wp-content\/uploads\/2025\/09\/deus-e-o-diabo222.jpg?fit=1200%2C675&ssl=1&resize=350%2C200 1x, https:\/\/i0.wp.com\/diariodegarca.com\/wp-content\/uploads\/2025\/09\/deus-e-o-diabo222.jpg?fit=1200%2C675&ssl=1&resize=525%2C300 1.5x, https:\/\/i0.wp.com\/diariodegarca.com\/wp-content\/uploads\/2025\/09\/deus-e-o-diabo222.jpg?fit=1200%2C675&ssl=1&resize=700%2C400 2x, https:\/\/i0.wp.com\/diariodegarca.com\/wp-content\/uploads\/2025\/09\/deus-e-o-diabo222.jpg?fit=1200%2C675&ssl=1&resize=1050%2C600 3x"},"classes":[]},{"id":5893,"url":"https:\/\/diariodegarca.com\/?p=5893","url_meta":{"origin":6265,"position":3},"title":"Pontos MIS exibe &#8220;O Melhor Amigo&#8221; em sess\u00e3o gratuita em Mar\u00edlia nesta noite","author":"Di\u00e1rio de Gar\u00e7a","date":"21 de agosto de 2025","format":false,"excerpt":"Romance musical nacional ser\u00e1 apresentado hoje, quarta-feira, no Centro Cultural Municipal, com classifica\u00e7\u00e3o indicativa de 16 anos. A Prefeitura de Mar\u00edlia, por meio da Secretaria da Cultura, e o Museu da Imagem e do Som (MIS) realizam nesta quarta-feira, 21 de agosto, mais uma edi\u00e7\u00e3o do projeto Cinema Pontos MIS.\u2026","rel":"","context":"Em &quot;Cinema&quot;","block_context":{"text":"Cinema","link":"https:\/\/diariodegarca.com\/?cat=597"},"img":{"alt_text":"","src":"https:\/\/i0.wp.com\/diariodegarca.com\/wp-content\/uploads\/2025\/08\/o-melhor-amigo.jpg?fit=1200%2C800&ssl=1&resize=350%2C200","width":350,"height":200,"srcset":"https:\/\/i0.wp.com\/diariodegarca.com\/wp-content\/uploads\/2025\/08\/o-melhor-amigo.jpg?fit=1200%2C800&ssl=1&resize=350%2C200 1x, https:\/\/i0.wp.com\/diariodegarca.com\/wp-content\/uploads\/2025\/08\/o-melhor-amigo.jpg?fit=1200%2C800&ssl=1&resize=525%2C300 1.5x, https:\/\/i0.wp.com\/diariodegarca.com\/wp-content\/uploads\/2025\/08\/o-melhor-amigo.jpg?fit=1200%2C800&ssl=1&resize=700%2C400 2x, https:\/\/i0.wp.com\/diariodegarca.com\/wp-content\/uploads\/2025\/08\/o-melhor-amigo.jpg?fit=1200%2C800&ssl=1&resize=1050%2C600 3x"},"classes":[]},{"id":9488,"url":"https:\/\/diariodegarca.com\/?p=9488","url_meta":{"origin":6265,"position":4},"title":"Curta-documental sobre a realidade de mulheres trans ter\u00e1 pr\u00e9-estreia gratuita em Mar\u00edlia","author":"Andreza Sega","date":"13 de dezembro de 2025","format":false,"excerpt":"Projeto selecionado via edital municipal da Lei Aldir Blanc ser\u00e1 exibido no Clube de Cinema de Mar\u00edlia no dia 16 de dezembro, com int\u00e9rprete de libras. O curta-metragem documental\u00a0\u201cEu Existo - um olhar sobre a realidade mariliense\u201d\u00a0ter\u00e1 sua primeira exibi\u00e7\u00e3o p\u00fablica no dia\u00a016 de dezembro, ter\u00e7a-feira, \u00e0s 20h, na Sala\u2026","rel":"","context":"Em &quot;Cinema&quot;","block_context":{"text":"Cinema","link":"https:\/\/diariodegarca.com\/?cat=597"},"img":{"alt_text":"","src":"https:\/\/i0.wp.com\/diariodegarca.com\/wp-content\/uploads\/2025\/12\/SN33BE1-e1765391126565.jpg?fit=720%2C723&ssl=1&resize=350%2C200","width":350,"height":200,"srcset":"https:\/\/i0.wp.com\/diariodegarca.com\/wp-content\/uploads\/2025\/12\/SN33BE1-e1765391126565.jpg?fit=720%2C723&ssl=1&resize=350%2C200 1x, https:\/\/i0.wp.com\/diariodegarca.com\/wp-content\/uploads\/2025\/12\/SN33BE1-e1765391126565.jpg?fit=720%2C723&ssl=1&resize=525%2C300 1.5x, https:\/\/i0.wp.com\/diariodegarca.com\/wp-content\/uploads\/2025\/12\/SN33BE1-e1765391126565.jpg?fit=720%2C723&ssl=1&resize=700%2C400 2x"},"classes":[]},{"id":6529,"url":"https:\/\/diariodegarca.com\/?p=6529","url_meta":{"origin":6265,"position":5},"title":"Oficina de dublagem acontece em Mar\u00edlia e Gar\u00e7a gratuitamente","author":"Di\u00e1rio de Gar\u00e7a","date":"9 de setembro de 2025","format":false,"excerpt":"Eventos presenciais ser\u00e3o ministrados pelo especialista \u00cdtalo Yuri. O curso abordar\u00e1 t\u00e9cnicas de capta\u00e7\u00e3o e edi\u00e7\u00e3o de \u00e1udio para dublagem de forma pr\u00e1tica e acess\u00edvel. Inscri\u00e7\u00f5es est\u00e3o abertas para as duas cidades. A arte de dar vida e novas emo\u00e7\u00f5es a cenas de cinema atrav\u00e9s da voz est\u00e1 ao alcance\u2026","rel":"","context":"Em &quot;Cinema&quot;","block_context":{"text":"Cinema","link":"https:\/\/diariodegarca.com\/?cat=597"},"img":{"alt_text":"","src":"https:\/\/i0.wp.com\/diariodegarca.com\/wp-content\/uploads\/2025\/09\/italoyuri-e1569554093729-273x300-1.jpg?fit=273%2C300&ssl=1&resize=350%2C200","width":350,"height":200},"classes":[]}],"jetpack_featured_media_url":"https:\/\/i0.wp.com\/diariodegarca.com\/wp-content\/uploads\/2025\/09\/r.jpg?fit=800%2C592&ssl=1","_links":{"self":[{"href":"https:\/\/diariodegarca.com\/index.php?rest_route=\/wp\/v2\/posts\/6265","targetHints":{"allow":["GET"]}}],"collection":[{"href":"https:\/\/diariodegarca.com\/index.php?rest_route=\/wp\/v2\/posts"}],"about":[{"href":"https:\/\/diariodegarca.com\/index.php?rest_route=\/wp\/v2\/types\/post"}],"author":[{"embeddable":true,"href":"https:\/\/diariodegarca.com\/index.php?rest_route=\/wp\/v2\/users\/260896546"}],"replies":[{"embeddable":true,"href":"https:\/\/diariodegarca.com\/index.php?rest_route=%2Fwp%2Fv2%2Fcomments&post=6265"}],"version-history":[{"count":2,"href":"https:\/\/diariodegarca.com\/index.php?rest_route=\/wp\/v2\/posts\/6265\/revisions"}],"predecessor-version":[{"id":6268,"href":"https:\/\/diariodegarca.com\/index.php?rest_route=\/wp\/v2\/posts\/6265\/revisions\/6268"}],"wp:featuredmedia":[{"embeddable":true,"href":"https:\/\/diariodegarca.com\/index.php?rest_route=\/wp\/v2\/media\/6267"}],"wp:attachment":[{"href":"https:\/\/diariodegarca.com\/index.php?rest_route=%2Fwp%2Fv2%2Fmedia&parent=6265"}],"wp:term":[{"taxonomy":"category","embeddable":true,"href":"https:\/\/diariodegarca.com\/index.php?rest_route=%2Fwp%2Fv2%2Fcategories&post=6265"},{"taxonomy":"post_tag","embeddable":true,"href":"https:\/\/diariodegarca.com\/index.php?rest_route=%2Fwp%2Fv2%2Ftags&post=6265"}],"curies":[{"name":"wp","href":"https:\/\/api.w.org\/{rel}","templated":true}]}}