{"id":6282,"date":"2025-09-02T18:18:45","date_gmt":"2025-09-02T21:18:45","guid":{"rendered":"https:\/\/diariodegarca.com\/?p=6282"},"modified":"2025-09-02T18:18:45","modified_gmt":"2025-09-02T21:18:45","slug":"condutor-e-detido-em-fiscalizacao-de-transito-em-arco-iris","status":"publish","type":"post","link":"https:\/\/diariodegarca.com\/?p=6282","title":{"rendered":"Condutor \u00e9 detido em fiscaliza\u00e7\u00e3o de tr\u00e2nsito em Arco-\u00cdris"},"content":{"rendered":"\n<p class=\"wp-block-paragraph\"><em>Durante abordagem de rotina, policiais localizam entorpecentes e descobrem que motorista era procurado pela Justi\u00e7a do Rio Grande do Sul.<\/em><\/p>\n\n\n\n<p class=\"wp-block-paragraph\">Na segunda-feira, dia 1\u00ba de setembro, uma a\u00e7\u00e3o de fiscaliza\u00e7\u00e3o de tr\u00e2nsito rotineira na \u00e1rea central no munic\u00edpio de Arco-\u00cdris, resultou na pris\u00e3o de um indiv\u00edduo por m\u00faltiplas infra\u00e7\u00f5es. A abordagem, realizada pela Pol\u00edcia Militar, teve in\u00edcio com a verifica\u00e7\u00e3o de um ve\u00edculo com placas de Taubat\u00e9.<\/p>\n\n\n\n<p class=\"wp-block-paragraph\">Ao consultar os sistemas policiais, os militares constataram que o condutor era alvo da Justi\u00e7a. Havia um mandado de pris\u00e3o civil em seu nome, expedido pela comarca de Bag\u00e9, no Rio Grande do Sul. Enquanto procediam com a vistoria do autom\u00f3vel, a situa\u00e7\u00e3o tornou-se ainda mais grave.<\/p>\n\n\n\n<p class=\"wp-block-paragraph\">Os policiais localizaram e apreenderam duas por\u00e7\u00f5es de coca\u00edna e uma por\u00e7\u00e3o de maconha, que estavam escondidas no assoalho do carro. Diante dos fatos, o homem foi imediatamente conduzido e apresentado \u00e0 Central de Pol\u00edcia Judici\u00e1ria da cidade de Tup\u00e3.<\/p>\n\n\n\n<p class=\"wp-block-paragraph\">O indiv\u00edduo permaneceu custodiado no local aguardando a realiza\u00e7\u00e3o de audi\u00eancia de cust\u00f3dia, onde um juiz determinou as medidas legais cab\u00edveis. Al\u00e9m disso, o ve\u00edculo foi recolhido e removido para o p\u00e1tio oficial, uma vez que tamb\u00e9m apresentava licenciamento em atraso.<\/p>\n\n\n\n<p class=\"wp-block-paragraph\">O caso, que come\u00e7ou com uma simples infra\u00e7\u00e3o de tr\u00e2nsito, evoluiu para a pris\u00e3o por um mandado de outra unidade da federa\u00e7\u00e3o e para a descoberta de posse de entorpecentes, ilustrando como opera\u00e7\u00f5es de fiscaliza\u00e7\u00e3o de rotina s\u00e3o fundamentais para a seguran\u00e7a p\u00fablica.<\/p>\n","protected":false},"excerpt":{"rendered":"<p>Durante abordagem de rotina, policiais localizam entorpecentes e descobrem que motorista era procurado pela Justi\u00e7a do Rio Grande do Sul. Na segunda-feira, dia 1\u00ba de setembro, uma a\u00e7\u00e3o de fiscaliza\u00e7\u00e3o de tr\u00e2nsito rotineira na \u00e1rea central no munic\u00edpio de Arco-\u00cdris, resultou na pris\u00e3o de um indiv\u00edduo por m\u00faltiplas infra\u00e7\u00f5es. A abordagem, realizada pela Pol\u00edcia Militar, [&hellip;]<\/p>\n","protected":false},"author":260896546,"featured_media":6283,"comment_status":"open","ping_status":"open","sticky":false,"template":"","format":"standard","meta":{"_crdt_document":"","_monsterinsights_skip_tracking":false,"_monsterinsights_sitenote_active":false,"_monsterinsights_sitenote_note":"","_monsterinsights_sitenote_category":0,"advanced_seo_description":"","jetpack_seo_html_title":"","jetpack_seo_noindex":false,"jetpack_post_was_ever_published":false,"_jetpack_newsletter_access":"","_jetpack_dont_email_post_to_subs":false,"_jetpack_newsletter_tier_id":0,"_jetpack_memberships_contains_paywalled_content":false,"_jetpack_memberships_contains_paid_content":false,"footnotes":"","jetpack_publicize_message":"\ud83d\udd34 Condutor \u00e9 preso com drogas e mandado durante blitz em Arco-\u00cdris\n\nUma fiscaliza\u00e7\u00e3o de tr\u00e2nsito no centro de Arco-\u00cdris, ontem (1\/9), resultou na pris\u00e3o de um motorista. Al\u00e9m de ser alvo de um mandado de pris\u00e3o civil expedido pelo RS, ele foi flagrado com por\u00e7\u00f5es de coca\u00edna e maconha escondidas no carro.\n\nA mat\u00e9ria completa est\u00e1 no nosso site! \ud83d\udcf2 diariodegarca.com (link na bio).\n\n#DiariodeGarca #Not\u00edcias #Arco\u00cdris #Policia #Seguran\u00e7a #Blitz #Fiscaliza\u00e7\u00e3o #Tup\u00e3 #Taubat\u00e9","jetpack_publicize_feature_enabled":true,"jetpack_social_post_already_shared":false,"jetpack_social_options":{"image_generator_settings":{"template":"highway","default_image_id":0,"font":"","enabled":false},"version":2},"_wpas_customize_per_network":false},"categories":[873132,21243,781171665],"tags":[],"class_list":["post-6282","post","type-post","status-publish","format-standard","has-post-thumbnail","hentry","category-arco-iris","category-seguranca","category-tupa-cidade"],"jetpack_publicize_connections":[],"jetpack_featured_media_url":"https:\/\/i0.wp.com\/diariodegarca.com\/wp-content\/uploads\/2025\/09\/snapinsta.to_542307886_18314338009246526_1830501084667190770_n.jpg?fit=1080%2C636&ssl=1","jetpack_likes_enabled":true,"jetpack_sharing_enabled":true,"jetpack_shortlink":"https:\/\/wp.me\/pgitne-1Dk","jetpack-related-posts":[{"id":7515,"url":"https:\/\/diariodegarca.com\/?p=7515","url_meta":{"origin":6282,"position":0},"title":"Justi\u00e7a captura acusado de extors\u00e3o durante opera\u00e7\u00e3o policial em Arco-\u00cdris","author":"Andreza Sega","date":"7 de outubro de 2025","format":false,"excerpt":"Homem condenado a mais de seis anos de pris\u00e3o foi localizado e capturado por equipes de Radiopatrulhamento na noite da \u00faltima sexta-feira. Uma a\u00e7\u00e3o rotineira resultou na pris\u00e3o de um procurado pela justi\u00e7a, equipes de Radiopatrulhamento cumpriram um mandado na noite da \u00faltima sexta-feira, 3 de outubro, na cidade de\u2026","rel":"","context":"Em &quot;Arco-\u00cdris&quot;","block_context":{"text":"Arco-\u00cdris","link":"https:\/\/diariodegarca.com\/?cat=873132"},"img":{"alt_text":"","src":"https:\/\/i0.wp.com\/diariodegarca.com\/wp-content\/uploads\/2025\/10\/SnapInsta.to_559198693_18318883537246526_2966559636977172711_n-e1760794983548.jpg?fit=1080%2C730&ssl=1&resize=350%2C200","width":350,"height":200,"srcset":"https:\/\/i0.wp.com\/diariodegarca.com\/wp-content\/uploads\/2025\/10\/SnapInsta.to_559198693_18318883537246526_2966559636977172711_n-e1760794983548.jpg?fit=1080%2C730&ssl=1&resize=350%2C200 1x, https:\/\/i0.wp.com\/diariodegarca.com\/wp-content\/uploads\/2025\/10\/SnapInsta.to_559198693_18318883537246526_2966559636977172711_n-e1760794983548.jpg?fit=1080%2C730&ssl=1&resize=525%2C300 1.5x, https:\/\/i0.wp.com\/diariodegarca.com\/wp-content\/uploads\/2025\/10\/SnapInsta.to_559198693_18318883537246526_2966559636977172711_n-e1760794983548.jpg?fit=1080%2C730&ssl=1&resize=700%2C400 2x, https:\/\/i0.wp.com\/diariodegarca.com\/wp-content\/uploads\/2025\/10\/SnapInsta.to_559198693_18318883537246526_2966559636977172711_n-e1760794983548.jpg?fit=1080%2C730&ssl=1&resize=1050%2C600 3x"},"classes":[]},{"id":5279,"url":"https:\/\/diariodegarca.com\/?p=5279","url_meta":{"origin":6282,"position":1},"title":"Opera\u00e7\u00f5es policiais em Arco-\u00cdris, Tup\u00e3 e Mar\u00edlia resultam em pris\u00f5es por tr\u00e1fico, amea\u00e7a e outros crimes","author":"Di\u00e1rio de Gar\u00e7a","date":"5 de agosto de 2025","format":false,"excerpt":"A\u00e7\u00f5es do 9\u00ba Batalh\u00e3o da PM prenderam suspeitos por tr\u00e1fico de drogas, capturaram foragidos e desarticularam atividades criminosas nas tr\u00eas cidades. Tr\u00e1fico de drogas em Arco-\u00cdris Na \u00faltima sexta-feira, 1\u00ba de agosto, policiais militares do 9\u00ba Batalh\u00e3o prenderam um homem por tr\u00e1fico de drogas em Arco-\u00cdris. O suspeito foi flagrado\u2026","rel":"","context":"Em &quot;Arco-\u00cdris&quot;","block_context":{"text":"Arco-\u00cdris","link":"https:\/\/diariodegarca.com\/?cat=873132"},"img":{"alt_text":"","src":"https:\/\/i0.wp.com\/diariodegarca.com\/wp-content\/uploads\/2025\/08\/trafico-de-drogas-em-arco-irisnesta-sexta-feira-1-por-volta-das-19h29min-policiais-militare.webp?fit=1080%2C607&ssl=1&resize=350%2C200","width":350,"height":200,"srcset":"https:\/\/i0.wp.com\/diariodegarca.com\/wp-content\/uploads\/2025\/08\/trafico-de-drogas-em-arco-irisnesta-sexta-feira-1-por-volta-das-19h29min-policiais-militare.webp?fit=1080%2C607&ssl=1&resize=350%2C200 1x, https:\/\/i0.wp.com\/diariodegarca.com\/wp-content\/uploads\/2025\/08\/trafico-de-drogas-em-arco-irisnesta-sexta-feira-1-por-volta-das-19h29min-policiais-militare.webp?fit=1080%2C607&ssl=1&resize=525%2C300 1.5x, https:\/\/i0.wp.com\/diariodegarca.com\/wp-content\/uploads\/2025\/08\/trafico-de-drogas-em-arco-irisnesta-sexta-feira-1-por-volta-das-19h29min-policiais-militare.webp?fit=1080%2C607&ssl=1&resize=700%2C400 2x, https:\/\/i0.wp.com\/diariodegarca.com\/wp-content\/uploads\/2025\/08\/trafico-de-drogas-em-arco-irisnesta-sexta-feira-1-por-volta-das-19h29min-policiais-militare.webp?fit=1080%2C607&ssl=1&resize=1050%2C600 3x"},"classes":[]},{"id":6973,"url":"https:\/\/diariodegarca.com\/?p=6973","url_meta":{"origin":6282,"position":2},"title":"Opera\u00e7\u00e3o na Semana do Tr\u00e2nsito em Tup\u00e3 apreende motocicleta e prende condutor","author":"Di\u00e1rio de Gar\u00e7a","date":"21 de setembro de 2025","format":false,"excerpt":"Durante a\u00e7\u00e3o de fiscaliza\u00e7\u00e3o na Pra\u00e7a da Bandeira, policiais militares identificaram ve\u00edculo com motor e chassi adulterados e placa suspeita; homem foi preso e encaminhado para audi\u00eancia de cust\u00f3dia. Em uma a\u00e7\u00e3o de fiscaliza\u00e7\u00e3o integrada \u00e0 Semana Nacional do Tr\u00e2nsito, policiais militares de Tup\u00e3 apreenderam uma motocicleta com fortes ind\u00edcios\u2026","rel":"","context":"Em &quot;Seguran\u00e7a&quot;","block_context":{"text":"Seguran\u00e7a","link":"https:\/\/diariodegarca.com\/?cat=21243"},"img":{"alt_text":"","src":"https:\/\/i0.wp.com\/diariodegarca.com\/wp-content\/uploads\/2025\/09\/SnapInsta.to_551579707_18316304713246526_1168040458776884086_n.webp?fit=1200%2C628&ssl=1&resize=350%2C200","width":350,"height":200,"srcset":"https:\/\/i0.wp.com\/diariodegarca.com\/wp-content\/uploads\/2025\/09\/SnapInsta.to_551579707_18316304713246526_1168040458776884086_n.webp?fit=1200%2C628&ssl=1&resize=350%2C200 1x, https:\/\/i0.wp.com\/diariodegarca.com\/wp-content\/uploads\/2025\/09\/SnapInsta.to_551579707_18316304713246526_1168040458776884086_n.webp?fit=1200%2C628&ssl=1&resize=525%2C300 1.5x, https:\/\/i0.wp.com\/diariodegarca.com\/wp-content\/uploads\/2025\/09\/SnapInsta.to_551579707_18316304713246526_1168040458776884086_n.webp?fit=1200%2C628&ssl=1&resize=700%2C400 2x, https:\/\/i0.wp.com\/diariodegarca.com\/wp-content\/uploads\/2025\/09\/SnapInsta.to_551579707_18316304713246526_1168040458776884086_n.webp?fit=1200%2C628&ssl=1&resize=1050%2C600 3x"},"classes":[]},{"id":9744,"url":"https:\/\/diariodegarca.com\/?p=9744","url_meta":{"origin":6282,"position":3},"title":"Foragido por persegui\u00e7\u00e3o \u00e9 preso alcoolizado em blitz no Lago de Gar\u00e7a","author":"Di\u00e1rio de Gar\u00e7a","date":"2 de janeiro de 2026","format":false,"excerpt":"Homem com mandado de pris\u00e3o foi localizado por equipes t\u00e1ticas durante fiscaliza\u00e7\u00e3o de rotina; ele apresentava sinais de embriaguez e teve a motocicleta apreendida. Um homem procurado pela Justi\u00e7a pelo crime de persegui\u00e7\u00e3o foi capturado na madrugada de quinta-feira, 1\u00ba de janeiro, em Gar\u00e7a. A pris\u00e3o ocorreu durante uma opera\u00e7\u00e3o\u2026","rel":"","context":"Em &quot;Gar\u00e7a&quot;","block_context":{"text":"Gar\u00e7a","link":"https:\/\/diariodegarca.com\/?cat=781171664"},"img":{"alt_text":"","src":"","width":0,"height":0},"classes":[]},{"id":7398,"url":"https:\/\/diariodegarca.com\/?p=7398","url_meta":{"origin":6282,"position":4},"title":"Procurado pela Justi\u00e7a \u00e9 capturado com arma em ve\u00edculo durante fuga em Mar\u00edlia","author":"Andreza Sega","date":"2 de outubro de 2025","format":false,"excerpt":"Homem tentou evitar abordagem da ROCAM no bairro Palmital, mas foi localizado com pistola municiada; ve\u00edculo tamb\u00e9m foi removido por licenciamento vencido. Um homem procurado pela Justi\u00e7a foi preso na noite de quarta-feira, 1\u00ba de outubro, no bairro Palmital, em Mar\u00edlia, ap\u00f3s tentar fugir de uma abordagem policial. A a\u00e7\u00e3o,\u2026","rel":"","context":"Em &quot;Mar\u00edlia&quot;","block_context":{"text":"Mar\u00edlia","link":"https:\/\/diariodegarca.com\/?cat=683453294"},"img":{"alt_text":"","src":"https:\/\/i0.wp.com\/diariodegarca.com\/wp-content\/uploads\/2025\/10\/SnapInsta.to_559024708_18318275290246526_5549315129004639961_n.jpg?fit=1080%2C1080&ssl=1&resize=350%2C200","width":350,"height":200,"srcset":"https:\/\/i0.wp.com\/diariodegarca.com\/wp-content\/uploads\/2025\/10\/SnapInsta.to_559024708_18318275290246526_5549315129004639961_n.jpg?fit=1080%2C1080&ssl=1&resize=350%2C200 1x, https:\/\/i0.wp.com\/diariodegarca.com\/wp-content\/uploads\/2025\/10\/SnapInsta.to_559024708_18318275290246526_5549315129004639961_n.jpg?fit=1080%2C1080&ssl=1&resize=525%2C300 1.5x, https:\/\/i0.wp.com\/diariodegarca.com\/wp-content\/uploads\/2025\/10\/SnapInsta.to_559024708_18318275290246526_5549315129004639961_n.jpg?fit=1080%2C1080&ssl=1&resize=700%2C400 2x, https:\/\/i0.wp.com\/diariodegarca.com\/wp-content\/uploads\/2025\/10\/SnapInsta.to_559024708_18318275290246526_5549315129004639961_n.jpg?fit=1080%2C1080&ssl=1&resize=1050%2C600 3x"},"classes":[]},{"id":6978,"url":"https:\/\/diariodegarca.com\/?p=6978","url_meta":{"origin":6282,"position":5},"title":"Apreens\u00e3o de drogas e pris\u00e3o em Bastos","author":"Di\u00e1rio de Gar\u00e7a","date":"21 de setembro de 2025","format":false,"excerpt":"Condutor de ve\u00edculo rebaixado foi abordado durante patrulhamento de rotina; ao ser revistado, confessou a posse de entorpecentes e foi encaminhado \u00e0 delegacia. Uma a\u00e7\u00e3o de rotina das equipes de Radiopatrulhamento resultou na pris\u00e3o em flagrante de um homem por tr\u00e1fico de drogas na tarde de quinta-feira, 18 de setembro,\u2026","rel":"","context":"Em &quot;Bastos&quot;","block_context":{"text":"Bastos","link":"https:\/\/diariodegarca.com\/?cat=1636719"},"img":{"alt_text":"","src":"https:\/\/i0.wp.com\/diariodegarca.com\/wp-content\/uploads\/2025\/09\/SnapInsta.to_550723113_18316311328246526_3242112801753419955_n.webp?fit=1200%2C1071&ssl=1&resize=350%2C200","width":350,"height":200,"srcset":"https:\/\/i0.wp.com\/diariodegarca.com\/wp-content\/uploads\/2025\/09\/SnapInsta.to_550723113_18316311328246526_3242112801753419955_n.webp?fit=1200%2C1071&ssl=1&resize=350%2C200 1x, https:\/\/i0.wp.com\/diariodegarca.com\/wp-content\/uploads\/2025\/09\/SnapInsta.to_550723113_18316311328246526_3242112801753419955_n.webp?fit=1200%2C1071&ssl=1&resize=525%2C300 1.5x, https:\/\/i0.wp.com\/diariodegarca.com\/wp-content\/uploads\/2025\/09\/SnapInsta.to_550723113_18316311328246526_3242112801753419955_n.webp?fit=1200%2C1071&ssl=1&resize=700%2C400 2x, https:\/\/i0.wp.com\/diariodegarca.com\/wp-content\/uploads\/2025\/09\/SnapInsta.to_550723113_18316311328246526_3242112801753419955_n.webp?fit=1200%2C1071&ssl=1&resize=1050%2C600 3x"},"classes":[]}],"_links":{"self":[{"href":"https:\/\/diariodegarca.com\/index.php?rest_route=\/wp\/v2\/posts\/6282","targetHints":{"allow":["GET"]}}],"collection":[{"href":"https:\/\/diariodegarca.com\/index.php?rest_route=\/wp\/v2\/posts"}],"about":[{"href":"https:\/\/diariodegarca.com\/index.php?rest_route=\/wp\/v2\/types\/post"}],"author":[{"embeddable":true,"href":"https:\/\/diariodegarca.com\/index.php?rest_route=\/wp\/v2\/users\/260896546"}],"replies":[{"embeddable":true,"href":"https:\/\/diariodegarca.com\/index.php?rest_route=%2Fwp%2Fv2%2Fcomments&post=6282"}],"version-history":[{"count":2,"href":"https:\/\/diariodegarca.com\/index.php?rest_route=\/wp\/v2\/posts\/6282\/revisions"}],"predecessor-version":[{"id":6285,"href":"https:\/\/diariodegarca.com\/index.php?rest_route=\/wp\/v2\/posts\/6282\/revisions\/6285"}],"wp:featuredmedia":[{"embeddable":true,"href":"https:\/\/diariodegarca.com\/index.php?rest_route=\/wp\/v2\/media\/6283"}],"wp:attachment":[{"href":"https:\/\/diariodegarca.com\/index.php?rest_route=%2Fwp%2Fv2%2Fmedia&parent=6282"}],"wp:term":[{"taxonomy":"category","embeddable":true,"href":"https:\/\/diariodegarca.com\/index.php?rest_route=%2Fwp%2Fv2%2Fcategories&post=6282"},{"taxonomy":"post_tag","embeddable":true,"href":"https:\/\/diariodegarca.com\/index.php?rest_route=%2Fwp%2Fv2%2Ftags&post=6282"}],"curies":[{"name":"wp","href":"https:\/\/api.w.org\/{rel}","templated":true}]}}