{"id":6286,"date":"2025-09-02T18:33:41","date_gmt":"2025-09-02T21:33:41","guid":{"rendered":"https:\/\/diariodegarca.com\/?p=6286"},"modified":"2025-09-02T18:33:41","modified_gmt":"2025-09-02T21:33:41","slug":"apreensao-de-drogas-e-prisao-em-flagrante-na-zona-sul-de-marilia","status":"publish","type":"post","link":"https:\/\/diariodegarca.com\/?p=6286","title":{"rendered":"Apreens\u00e3o de drogas e pris\u00e3o em flagrante na zona sul de Mar\u00edlia"},"content":{"rendered":"\n<p class=\"wp-block-paragraph\"><em>Patrulhamento de rotina da For\u00e7a T\u00e1tica e ROCAM resultou na captura de um suspeito e na retirada de por\u00e7\u00f5es de entorpecentes de circula\u00e7\u00e3o.<\/em><\/p>\n\n\n\n<p class=\"wp-block-paragraph\">Na noite de ontem, segunda-feira, 1\u00ba de setembro, uma a\u00e7\u00e3o de rotina das equipes da For\u00e7a T\u00e1tica e da ROCAM culminou na apreens\u00e3o de um grande carregamento de drogas e na pris\u00e3o em flagrante de um indiv\u00edduo na zona sul de Mar\u00edlia.<\/p>\n\n\n\n<p class=\"wp-block-paragraph\">Durante o patrulhamento, os policiais avistaram dois homens em atitude considerada suspeita, portando sacolas pl\u00e1sticas. Ao notarem a aproxima\u00e7\u00e3o das viaturas, ambos tentaram fugir, correndo em dire\u00e7\u00e3o a uma \u00e1rea de mata pr\u00f3xima. Um deles, no entanto, foi rapidamente alcan\u00e7ado e contido pela guarni\u00e7\u00e3o.<\/p>\n\n\n\n<p class=\"wp-block-paragraph\">Na abordagem, os agentes localizaram R$ 144 em esp\u00e9cie e um aparelho celular com o suspeito. O conte\u00fado das sacolas, no entanto, era o que mais chamava a aten\u00e7\u00e3o: uma quantidade significativa de drogas prontas para a comercializa\u00e7\u00e3o.<\/p>\n\n\n\n<p class=\"wp-block-paragraph\">De acordo com o registro policial, o material apreendido inclu\u00eda 380 microtubos de coca\u00edna, totalizando 0,656 kg, 239 por\u00e7\u00f5es de crack, pesando 0,107 kg, e 77 por\u00e7\u00f5es de maconha, com 0,075 kg. A droga estava acondicionada de forma a facilitar a venda e distribui\u00e7\u00e3o no varejo.<\/p>\n\n\n\n<p class=\"wp-block-paragraph\">O homem foi conduzido \u00e0 Central de Pol\u00edcia Judici\u00e1ria, onde a ocorr\u00eancia foi registrada por tr\u00e1fico de drogas. Ele permaneceu custodiado \u00e0 disposi\u00e7\u00e3o da Justi\u00e7a, aguardando a realiza\u00e7\u00e3o de audi\u00eancia de cust\u00f3dia. A pol\u00edcia segue com as investiga\u00e7\u00f5es para identificar e localizar o segundo suspeito que conseguiu evadir-se do local.<\/p>\n","protected":false},"excerpt":{"rendered":"<p>Patrulhamento de rotina da For\u00e7a T\u00e1tica e ROCAM resultou na captura de um suspeito e na retirada de por\u00e7\u00f5es de entorpecentes de circula\u00e7\u00e3o. Na noite de ontem, segunda-feira, 1\u00ba de setembro, uma a\u00e7\u00e3o de rotina das equipes da For\u00e7a T\u00e1tica e da ROCAM culminou na apreens\u00e3o de um grande carregamento de drogas e na pris\u00e3o [&hellip;]<\/p>\n","protected":false},"author":260896546,"featured_media":6287,"comment_status":"open","ping_status":"open","sticky":false,"template":"","format":"standard","meta":{"_crdt_document":"","_monsterinsights_skip_tracking":false,"_monsterinsights_sitenote_active":false,"_monsterinsights_sitenote_note":"","_monsterinsights_sitenote_category":0,"advanced_seo_description":"","jetpack_seo_html_title":"","jetpack_seo_noindex":false,"_jetpack_newsletter_access":"","_jetpack_dont_email_post_to_subs":false,"_jetpack_newsletter_tier_id":0,"_jetpack_memberships_contains_paywalled_content":false,"_jetpack_memberships_contains_paid_content":false,"footnotes":"","jetpack_publicize_message":"Em a\u00e7\u00e3o de patrulhamento na zona sul de Mar\u00edlia na segunda-feira (1\u00ba\/9), a For\u00e7a T\u00e1tica e a ROCAM prenderam um homem por tr\u00e1fico de drogas. O suspeito foi flagrado carregando sacolas com centenas de por\u00e7\u00f5es de entorpecentes. Um comparsa conseguiu fugir.\n\nLeia mais informa\u00e7\u00f5es em diariodegarca.com\n\n#Policiamento #Mar\u00edlia #Not\u00edcia #ROCAM #For\u00e7aT\u00e1tica #Seguran\u00e7aP\u00fablica","jetpack_publicize_feature_enabled":true,"jetpack_social_post_already_shared":false,"jetpack_social_options":{"image_generator_settings":{"template":"highway","default_image_id":0,"font":"","enabled":false},"version":2},"_wpas_customize_per_network":false,"jetpack_post_was_ever_published":false},"categories":[683453294,21243],"tags":[],"class_list":["post-6286","post","type-post","status-publish","format-standard","has-post-thumbnail","hentry","category-marilia-cidade","category-seguranca"],"jetpack_publicize_connections":[],"jetpack_featured_media_url":"https:\/\/i0.wp.com\/diariodegarca.com\/wp-content\/uploads\/2025\/09\/6dbac751-91f6-46d1-84f4-5beddfe3bc80.jpg?fit=1600%2C898&ssl=1","jetpack_likes_enabled":true,"jetpack_sharing_enabled":true,"jetpack_shortlink":"https:\/\/wp.me\/pgitne-1Do","jetpack-related-posts":[{"id":7995,"url":"https:\/\/diariodegarca.com\/?p=7995","url_meta":{"origin":6286,"position":0},"title":"Opera\u00e7\u00e3o apreende 1,5 kg de coca\u00edna e prende homem por tr\u00e1fico em Mar\u00edlia","author":"Di\u00e1rio de Gar\u00e7a","date":"24 de outubro de 2025","format":false,"excerpt":"Suspeito foi flagrado durante fuga em viela da Vila Barros; al\u00e9m das drogas, policiais encontraram dinheiro e anota\u00e7\u00f5es de vendas. Uma a\u00e7\u00e3o de rotina da pol\u00edcia militar na zona norte de Mar\u00edlia resultou na apreens\u00e3o de uma grande quantidade de drogas e na pris\u00e3o de um homem por tr\u00e1fico na\u2026","rel":"","context":"Em &quot;Mar\u00edlia&quot;","block_context":{"text":"Mar\u00edlia","link":"https:\/\/diariodegarca.com\/?cat=683453294"},"img":{"alt_text":"","src":"https:\/\/i0.wp.com\/diariodegarca.com\/wp-content\/uploads\/2025\/10\/WhatsApp-Image-2025-10-21-at-10.58.51.jpeg?fit=1200%2C677&ssl=1&resize=350%2C200","width":350,"height":200,"srcset":"https:\/\/i0.wp.com\/diariodegarca.com\/wp-content\/uploads\/2025\/10\/WhatsApp-Image-2025-10-21-at-10.58.51.jpeg?fit=1200%2C677&ssl=1&resize=350%2C200 1x, https:\/\/i0.wp.com\/diariodegarca.com\/wp-content\/uploads\/2025\/10\/WhatsApp-Image-2025-10-21-at-10.58.51.jpeg?fit=1200%2C677&ssl=1&resize=525%2C300 1.5x, https:\/\/i0.wp.com\/diariodegarca.com\/wp-content\/uploads\/2025\/10\/WhatsApp-Image-2025-10-21-at-10.58.51.jpeg?fit=1200%2C677&ssl=1&resize=700%2C400 2x, https:\/\/i0.wp.com\/diariodegarca.com\/wp-content\/uploads\/2025\/10\/WhatsApp-Image-2025-10-21-at-10.58.51.jpeg?fit=1200%2C677&ssl=1&resize=1050%2C600 3x"},"classes":[]},{"id":6992,"url":"https:\/\/diariodegarca.com\/?p=6992","url_meta":{"origin":6286,"position":1},"title":"Opera\u00e7\u00e3o da PM em Mar\u00edlia apreende coca\u00edna e prende traficante em flagrante","author":"Di\u00e1rio de Gar\u00e7a","date":"22 de setembro de 2025","format":false,"excerpt":"A\u00e7\u00e3o da For\u00e7a T\u00e1tica e do ROCAM no bairro Nova Almeida resultou na apreens\u00e3o de 135 por\u00e7\u00f5es da droga e na pris\u00e3o de um homem que confessou o crime. Uma opera\u00e7\u00e3o policial na noite de sexta-feira, 19 de setembro, no bairro Nova Almeida, em Mar\u00edlia, resultou na apreens\u00e3o de uma\u2026","rel":"","context":"Em &quot;Mar\u00edlia&quot;","block_context":{"text":"Mar\u00edlia","link":"https:\/\/diariodegarca.com\/?cat=683453294"},"img":{"alt_text":"","src":"https:\/\/i0.wp.com\/diariodegarca.com\/wp-content\/uploads\/2025\/09\/SnapInsta.to_551076599_18316318258246526_8319774076528004295_n-e1766149172378.webp?fit=1200%2C888&ssl=1&resize=350%2C200","width":350,"height":200,"srcset":"https:\/\/i0.wp.com\/diariodegarca.com\/wp-content\/uploads\/2025\/09\/SnapInsta.to_551076599_18316318258246526_8319774076528004295_n-e1766149172378.webp?fit=1200%2C888&ssl=1&resize=350%2C200 1x, https:\/\/i0.wp.com\/diariodegarca.com\/wp-content\/uploads\/2025\/09\/SnapInsta.to_551076599_18316318258246526_8319774076528004295_n-e1766149172378.webp?fit=1200%2C888&ssl=1&resize=525%2C300 1.5x, https:\/\/i0.wp.com\/diariodegarca.com\/wp-content\/uploads\/2025\/09\/SnapInsta.to_551076599_18316318258246526_8319774076528004295_n-e1766149172378.webp?fit=1200%2C888&ssl=1&resize=700%2C400 2x, https:\/\/i0.wp.com\/diariodegarca.com\/wp-content\/uploads\/2025\/09\/SnapInsta.to_551076599_18316318258246526_8319774076528004295_n-e1766149172378.webp?fit=1200%2C888&ssl=1&resize=1050%2C600 3x"},"classes":[]},{"id":8937,"url":"https:\/\/diariodegarca.com\/?p=8937","url_meta":{"origin":6286,"position":2},"title":"Opera\u00e7\u00e3o da PM apreende centenas de por\u00e7\u00f5es de drogas em ponto conhecido de Mar\u00edlia","author":"Andreza Sega","date":"23 de novembro de 2025","format":false,"excerpt":"Flagrante ocorreu no bairro Argolo Ferr\u00e3o ap\u00f3s policiais de For\u00e7a T\u00e1tica identificarem movimenta\u00e7\u00e3o suspeita durante patrulhamento. Na noite do \u00faltimo s\u00e1bado, 22 de novembro, uma a\u00e7\u00e3o da For\u00e7a T\u00e1tica do 9\u00ba Batalh\u00e3o da Pol\u00edcia Militar resultou na apreens\u00e3o de uma grande quantidade de drogas e na pris\u00e3o em flagrante de\u2026","rel":"","context":"Em &quot;Mar\u00edlia&quot;","block_context":{"text":"Mar\u00edlia","link":"https:\/\/diariodegarca.com\/?cat=683453294"},"img":{"alt_text":"","src":"https:\/\/i0.wp.com\/diariodegarca.com\/wp-content\/uploads\/2025\/11\/SnapInsta.to_589032859_18326585248246526_7817288581229629992_n-e1763938203106.jpg?fit=1080%2C760&ssl=1&resize=350%2C200","width":350,"height":200,"srcset":"https:\/\/i0.wp.com\/diariodegarca.com\/wp-content\/uploads\/2025\/11\/SnapInsta.to_589032859_18326585248246526_7817288581229629992_n-e1763938203106.jpg?fit=1080%2C760&ssl=1&resize=350%2C200 1x, https:\/\/i0.wp.com\/diariodegarca.com\/wp-content\/uploads\/2025\/11\/SnapInsta.to_589032859_18326585248246526_7817288581229629992_n-e1763938203106.jpg?fit=1080%2C760&ssl=1&resize=525%2C300 1.5x, https:\/\/i0.wp.com\/diariodegarca.com\/wp-content\/uploads\/2025\/11\/SnapInsta.to_589032859_18326585248246526_7817288581229629992_n-e1763938203106.jpg?fit=1080%2C760&ssl=1&resize=700%2C400 2x, https:\/\/i0.wp.com\/diariodegarca.com\/wp-content\/uploads\/2025\/11\/SnapInsta.to_589032859_18326585248246526_7817288581229629992_n-e1763938203106.jpg?fit=1080%2C760&ssl=1&resize=1050%2C600 3x"},"classes":[]},{"id":8563,"url":"https:\/\/diariodegarca.com\/?p=8563","url_meta":{"origin":6286,"position":3},"title":"Apreens\u00e3o de 335 por\u00e7\u00f5es de crack e pris\u00e3o por tr\u00e1fico no Parque das Azaleias","author":"Andreza Sega","date":"8 de novembro de 2025","format":false,"excerpt":"Homem foi detido pela For\u00e7a T\u00e1tica da Pol\u00edcia Militar ap\u00f3s tentativa de fuga durante patrulhamento em Mar\u00edlia. Um homem foi preso em flagrante na noite da \u00faltima sexta-feira, 7 de novembro, por suspeita de tr\u00e1fico de drogas na Zona Sul de Mar\u00edlia. A a\u00e7\u00e3o foi realizada por equipes da For\u00e7a\u2026","rel":"","context":"Em &quot;Mar\u00edlia&quot;","block_context":{"text":"Mar\u00edlia","link":"https:\/\/diariodegarca.com\/?cat=683453294"},"img":{"alt_text":"","src":"https:\/\/i0.wp.com\/diariodegarca.com\/wp-content\/uploads\/2025\/11\/WhatsApp-Image-2025-11-08-at-13.37.25-e1762635913510.jpeg?fit=1200%2C786&ssl=1&resize=350%2C200","width":350,"height":200,"srcset":"https:\/\/i0.wp.com\/diariodegarca.com\/wp-content\/uploads\/2025\/11\/WhatsApp-Image-2025-11-08-at-13.37.25-e1762635913510.jpeg?fit=1200%2C786&ssl=1&resize=350%2C200 1x, https:\/\/i0.wp.com\/diariodegarca.com\/wp-content\/uploads\/2025\/11\/WhatsApp-Image-2025-11-08-at-13.37.25-e1762635913510.jpeg?fit=1200%2C786&ssl=1&resize=525%2C300 1.5x, https:\/\/i0.wp.com\/diariodegarca.com\/wp-content\/uploads\/2025\/11\/WhatsApp-Image-2025-11-08-at-13.37.25-e1762635913510.jpeg?fit=1200%2C786&ssl=1&resize=700%2C400 2x, https:\/\/i0.wp.com\/diariodegarca.com\/wp-content\/uploads\/2025\/11\/WhatsApp-Image-2025-11-08-at-13.37.25-e1762635913510.jpeg?fit=1200%2C786&ssl=1&resize=1050%2C600 3x"},"classes":[]},{"id":3785,"url":"https:\/\/diariodegarca.com\/?p=3785","url_meta":{"origin":6286,"position":4},"title":"Mar\u00edlia: Dois presos por tr\u00e1fico e opera\u00e7\u00e3o conjunta apreende 48 kg de drogas","author":"Di\u00e1rio de Gar\u00e7a","date":"7 de junho de 2025","format":false,"excerpt":"For\u00e7a T\u00e1tica e Canil atuam em a\u00e7\u00f5es distintas, resultando na apreens\u00e3o de entorpecentes e pris\u00f5es O 9\u00ba Batalh\u00e3o de Pol\u00edcia Militar do Interior registrou duas opera\u00e7\u00f5es significativas no combate ao tr\u00e1fico de drogas em Mar\u00edlia. As a\u00e7\u00f5es, realizadas em diferentes locais da cidade, resultaram na pris\u00e3o de suspeitos e na\u2026","rel":"","context":"Em &quot;Mar\u00edlia&quot;","block_context":{"text":"Mar\u00edlia","link":"https:\/\/diariodegarca.com\/?cat=683453294"},"img":{"alt_text":"","src":"","width":0,"height":0},"classes":[]},{"id":7242,"url":"https:\/\/diariodegarca.com\/?p=7242","url_meta":{"origin":6286,"position":5},"title":"Opera\u00e7\u00e3o da ROCAM em Mar\u00edlia prende homem com grande quantidade de drogas","author":"Di\u00e1rio de Gar\u00e7a","date":"29 de setembro de 2025","format":false,"excerpt":"Homem foi flagrado pela PM com quase 500 por\u00e7\u00f5es de entorpecentes, incluindo coca\u00edna, crack e maconha, ap\u00f3s tentar fugir de abordagem. Na noite de sexta-feira, 26 de setembro, uma a\u00e7\u00e3o de rotina da Rondas Ostensivas Com Apoio de Motocicletas (ROCAM) do 9\u00b0 Batalh\u00e3o da Pol\u00edcia Militar resultou na pris\u00e3o em\u2026","rel":"","context":"Em &quot;Mar\u00edlia&quot;","block_context":{"text":"Mar\u00edlia","link":"https:\/\/diariodegarca.com\/?cat=683453294"},"img":{"alt_text":"","src":"https:\/\/i0.wp.com\/diariodegarca.com\/wp-content\/uploads\/2025\/09\/SnapInsta.to_AQMgTHYd627jdcOMoDhYPjR1H_jDrU88GJZD9Qe_PdQt2HEWyBju2GET_DHdmxXPUaws2yGVTqp3L6y8sDDuGKPjb6FUces_8TG65Ro_022.jpg?fit=720%2C1008&ssl=1&resize=350%2C200","width":350,"height":200,"srcset":"https:\/\/i0.wp.com\/diariodegarca.com\/wp-content\/uploads\/2025\/09\/SnapInsta.to_AQMgTHYd627jdcOMoDhYPjR1H_jDrU88GJZD9Qe_PdQt2HEWyBju2GET_DHdmxXPUaws2yGVTqp3L6y8sDDuGKPjb6FUces_8TG65Ro_022.jpg?fit=720%2C1008&ssl=1&resize=350%2C200 1x, https:\/\/i0.wp.com\/diariodegarca.com\/wp-content\/uploads\/2025\/09\/SnapInsta.to_AQMgTHYd627jdcOMoDhYPjR1H_jDrU88GJZD9Qe_PdQt2HEWyBju2GET_DHdmxXPUaws2yGVTqp3L6y8sDDuGKPjb6FUces_8TG65Ro_022.jpg?fit=720%2C1008&ssl=1&resize=525%2C300 1.5x, https:\/\/i0.wp.com\/diariodegarca.com\/wp-content\/uploads\/2025\/09\/SnapInsta.to_AQMgTHYd627jdcOMoDhYPjR1H_jDrU88GJZD9Qe_PdQt2HEWyBju2GET_DHdmxXPUaws2yGVTqp3L6y8sDDuGKPjb6FUces_8TG65Ro_022.jpg?fit=720%2C1008&ssl=1&resize=700%2C400 2x"},"classes":[]}],"_links":{"self":[{"href":"https:\/\/diariodegarca.com\/index.php?rest_route=\/wp\/v2\/posts\/6286","targetHints":{"allow":["GET"]}}],"collection":[{"href":"https:\/\/diariodegarca.com\/index.php?rest_route=\/wp\/v2\/posts"}],"about":[{"href":"https:\/\/diariodegarca.com\/index.php?rest_route=\/wp\/v2\/types\/post"}],"author":[{"embeddable":true,"href":"https:\/\/diariodegarca.com\/index.php?rest_route=\/wp\/v2\/users\/260896546"}],"replies":[{"embeddable":true,"href":"https:\/\/diariodegarca.com\/index.php?rest_route=%2Fwp%2Fv2%2Fcomments&post=6286"}],"version-history":[{"count":2,"href":"https:\/\/diariodegarca.com\/index.php?rest_route=\/wp\/v2\/posts\/6286\/revisions"}],"predecessor-version":[{"id":6289,"href":"https:\/\/diariodegarca.com\/index.php?rest_route=\/wp\/v2\/posts\/6286\/revisions\/6289"}],"wp:featuredmedia":[{"embeddable":true,"href":"https:\/\/diariodegarca.com\/index.php?rest_route=\/wp\/v2\/media\/6287"}],"wp:attachment":[{"href":"https:\/\/diariodegarca.com\/index.php?rest_route=%2Fwp%2Fv2%2Fmedia&parent=6286"}],"wp:term":[{"taxonomy":"category","embeddable":true,"href":"https:\/\/diariodegarca.com\/index.php?rest_route=%2Fwp%2Fv2%2Fcategories&post=6286"},{"taxonomy":"post_tag","embeddable":true,"href":"https:\/\/diariodegarca.com\/index.php?rest_route=%2Fwp%2Fv2%2Ftags&post=6286"}],"curies":[{"name":"wp","href":"https:\/\/api.w.org\/{rel}","templated":true}]}}