{"id":6294,"date":"2025-09-02T18:50:13","date_gmt":"2025-09-02T21:50:13","guid":{"rendered":"https:\/\/diariodegarca.com\/?p=6294"},"modified":"2025-09-02T18:50:13","modified_gmt":"2025-09-02T21:50:13","slug":"forca-tatica-e-rocam-prendem-homem-procurado-pela-justica-em-marilia","status":"publish","type":"post","link":"https:\/\/diariodegarca.com\/?p=6294","title":{"rendered":"For\u00e7a T\u00e1tica e ROCAM prendem homem procurado pela Justi\u00e7a em Mar\u00edlia"},"content":{"rendered":"\n<p class=\"wp-block-paragraph\"><em>A\u00e7\u00e3o ocorreu no Jardim Marambaia, quando o indiv\u00edduo, ao notar a aproxima\u00e7\u00e3o policial, tentou entrar em uma resid\u00eancia.<\/em><\/p>\n\n\n\n<p class=\"wp-block-paragraph\">Um trabalho integrado e \u00e1gil das equipes especializadas da Pol\u00edcia Militar resultou na captura de mais um procurado pela Justi\u00e7a na noite de segunda-feira, 1\u00ba de setembro, no Jardim Marambaia, em Mar\u00edlia.<\/p>\n\n\n\n<p class=\"wp-block-paragraph\">Por volta das 18h, policiais militares do 9\u00ba Batalh\u00e3o de Pol\u00edcia Militar do Interior (9\u00ba BPM\/I), pertencentes \u00e0 For\u00e7a T\u00e1tica e ao ROCAM, avistaram um indiv\u00edduo em via p\u00fablica. Ao perceber a aproxima\u00e7\u00e3o das viaturas, o homem adotou uma atitude suspeita e tentou fugir, buscando ref\u00fagio dentro de uma resid\u00eancia.<\/p>\n\n\n\n<p class=\"wp-block-paragraph\">A rea\u00e7\u00e3o das equipes foi imediata. Os militares efetuaram a abordagem antes que ele conseguisse alcan\u00e7ar seu objetivo. Ap\u00f3s a condu\u00e7\u00e3o inicial, uma consulta rotineira aos sistemas de buscas policiais confirmou o motivo do comportamento evasivo: havia um mandado de pris\u00e3o aberto em seu nome.<\/p>\n\n\n\n<p class=\"wp-block-paragraph\">Conduzido \u00e0 Central de Pol\u00edcia Judici\u00e1ria, o preso foi autuado e colocado \u00e0 disposi\u00e7\u00e3o da Justi\u00e7a, onde aguardar\u00e1 o andamento processual em c\u00e1rcere. <\/p>\n","protected":false},"excerpt":{"rendered":"<p>A\u00e7\u00e3o ocorreu no Jardim Marambaia, quando o indiv\u00edduo, ao notar a aproxima\u00e7\u00e3o policial, tentou entrar em uma resid\u00eancia. Um trabalho integrado e \u00e1gil das equipes especializadas da Pol\u00edcia Militar resultou na captura de mais um procurado pela Justi\u00e7a na noite de segunda-feira, 1\u00ba de setembro, no Jardim Marambaia, em Mar\u00edlia. Por volta das 18h, policiais [&hellip;]<\/p>\n","protected":false},"author":260896546,"featured_media":6295,"comment_status":"open","ping_status":"open","sticky":false,"template":"","format":"standard","meta":{"_crdt_document":"","_monsterinsights_skip_tracking":false,"_monsterinsights_sitenote_active":false,"_monsterinsights_sitenote_note":"","_monsterinsights_sitenote_category":0,"advanced_seo_description":"","jetpack_seo_html_title":"","jetpack_seo_noindex":false,"_jetpack_newsletter_access":"","_jetpack_dont_email_post_to_subs":false,"_jetpack_newsletter_tier_id":0,"_jetpack_memberships_contains_paywalled_content":false,"_jetpack_memberships_contains_paid_content":false,"footnotes":"","jetpack_publicize_message":"\ud83c\udfc1 Mar\u00edlia Em a\u00e7\u00e3o no Jardim Marambaia, as equipes For\u00e7a T\u00e1tica e ROCAM do 9\u00ba BPM\/I prenderam na noite de segunda-feira (1\/9) um homem procurado pela Justi\u00e7a. Ao avistar os policiais, o indiv\u00edduo tentou invadir uma casa para fugir, mas foi abordado ainda na rua. \n\n\ud83d\udcf2 Acesse a mat\u00e9ria completa em  diariodegarca.com.\n\n#Policiamento #Seguran\u00e7a #Mar\u00edlia #ROCAM #For\u00e7aT\u00e1tica #9BPMI #Not\u00edcia","jetpack_publicize_feature_enabled":true,"jetpack_social_post_already_shared":false,"jetpack_social_options":{"image_generator_settings":{"template":"highway","default_image_id":0,"font":"","enabled":false},"version":2},"_wpas_customize_per_network":false,"jetpack_post_was_ever_published":false},"categories":[683453294,21243],"tags":[],"class_list":["post-6294","post","type-post","status-publish","format-standard","has-post-thumbnail","hentry","category-marilia-cidade","category-seguranca"],"jetpack_publicize_connections":[],"jetpack_featured_media_url":"https:\/\/i0.wp.com\/diariodegarca.com\/wp-content\/uploads\/2025\/09\/snapinsta.to_540119680_18314332171246526_1378742182981464171_n-e1763127125667.jpg?fit=1080%2C754&ssl=1","jetpack_likes_enabled":true,"jetpack_sharing_enabled":true,"jetpack_shortlink":"https:\/\/wp.me\/pgitne-1Dw","jetpack-related-posts":[{"id":6063,"url":"https:\/\/diariodegarca.com\/?p=6063","url_meta":{"origin":6294,"position":0},"title":"Patrulhamento de rotina em Mar\u00edlia, leva \u00e0 pris\u00e3o de condenado por roubo","author":"Di\u00e1rio de Gar\u00e7a","date":"25 de agosto de 2025","format":false,"excerpt":"Homem, que tinha mandado de pris\u00e3o de mais de quatro anos, foi localizado por equipes da For\u00e7a T\u00e1tica do na noite de domingo. Uma a\u00e7\u00e3o de patrulhamento de rotina realizada pela For\u00e7a T\u00e1tica do 9\u00ba Batalh\u00e3o de Pol\u00edcia Militar do Interior (BPM\/I) terminou com a pris\u00e3o de um homem procurado\u2026","rel":"","context":"Em &quot;Mar\u00edlia&quot;","block_context":{"text":"Mar\u00edlia","link":"https:\/\/diariodegarca.com\/?cat=683453294"},"img":{"alt_text":"","src":"https:\/\/i0.wp.com\/diariodegarca.com\/wp-content\/uploads\/2025\/08\/531576471_1211820540966016_232558562964173725_n.jpg?fit=490%2C325&ssl=1&resize=350%2C200","width":350,"height":200},"classes":[]},{"id":7398,"url":"https:\/\/diariodegarca.com\/?p=7398","url_meta":{"origin":6294,"position":1},"title":"Procurado pela Justi\u00e7a \u00e9 capturado com arma em ve\u00edculo durante fuga em Mar\u00edlia","author":"Andreza Sega","date":"2 de outubro de 2025","format":false,"excerpt":"Homem tentou evitar abordagem da ROCAM no bairro Palmital, mas foi localizado com pistola municiada; ve\u00edculo tamb\u00e9m foi removido por licenciamento vencido. Um homem procurado pela Justi\u00e7a foi preso na noite de quarta-feira, 1\u00ba de outubro, no bairro Palmital, em Mar\u00edlia, ap\u00f3s tentar fugir de uma abordagem policial. A a\u00e7\u00e3o,\u2026","rel":"","context":"Em &quot;Mar\u00edlia&quot;","block_context":{"text":"Mar\u00edlia","link":"https:\/\/diariodegarca.com\/?cat=683453294"},"img":{"alt_text":"","src":"https:\/\/i0.wp.com\/diariodegarca.com\/wp-content\/uploads\/2025\/10\/SnapInsta.to_559024708_18318275290246526_5549315129004639961_n.jpg?fit=1080%2C1080&ssl=1&resize=350%2C200","width":350,"height":200,"srcset":"https:\/\/i0.wp.com\/diariodegarca.com\/wp-content\/uploads\/2025\/10\/SnapInsta.to_559024708_18318275290246526_5549315129004639961_n.jpg?fit=1080%2C1080&ssl=1&resize=350%2C200 1x, https:\/\/i0.wp.com\/diariodegarca.com\/wp-content\/uploads\/2025\/10\/SnapInsta.to_559024708_18318275290246526_5549315129004639961_n.jpg?fit=1080%2C1080&ssl=1&resize=525%2C300 1.5x, https:\/\/i0.wp.com\/diariodegarca.com\/wp-content\/uploads\/2025\/10\/SnapInsta.to_559024708_18318275290246526_5549315129004639961_n.jpg?fit=1080%2C1080&ssl=1&resize=700%2C400 2x, https:\/\/i0.wp.com\/diariodegarca.com\/wp-content\/uploads\/2025\/10\/SnapInsta.to_559024708_18318275290246526_5549315129004639961_n.jpg?fit=1080%2C1080&ssl=1&resize=1050%2C600 3x"},"classes":[]},{"id":8563,"url":"https:\/\/diariodegarca.com\/?p=8563","url_meta":{"origin":6294,"position":2},"title":"Apreens\u00e3o de 335 por\u00e7\u00f5es de crack e pris\u00e3o por tr\u00e1fico no Parque das Azaleias","author":"Andreza Sega","date":"8 de novembro de 2025","format":false,"excerpt":"Homem foi detido pela For\u00e7a T\u00e1tica da Pol\u00edcia Militar ap\u00f3s tentativa de fuga durante patrulhamento em Mar\u00edlia. Um homem foi preso em flagrante na noite da \u00faltima sexta-feira, 7 de novembro, por suspeita de tr\u00e1fico de drogas na Zona Sul de Mar\u00edlia. A a\u00e7\u00e3o foi realizada por equipes da For\u00e7a\u2026","rel":"","context":"Em &quot;Mar\u00edlia&quot;","block_context":{"text":"Mar\u00edlia","link":"https:\/\/diariodegarca.com\/?cat=683453294"},"img":{"alt_text":"","src":"https:\/\/i0.wp.com\/diariodegarca.com\/wp-content\/uploads\/2025\/11\/WhatsApp-Image-2025-11-08-at-13.37.25-e1762635913510.jpeg?fit=1200%2C786&ssl=1&resize=350%2C200","width":350,"height":200,"srcset":"https:\/\/i0.wp.com\/diariodegarca.com\/wp-content\/uploads\/2025\/11\/WhatsApp-Image-2025-11-08-at-13.37.25-e1762635913510.jpeg?fit=1200%2C786&ssl=1&resize=350%2C200 1x, https:\/\/i0.wp.com\/diariodegarca.com\/wp-content\/uploads\/2025\/11\/WhatsApp-Image-2025-11-08-at-13.37.25-e1762635913510.jpeg?fit=1200%2C786&ssl=1&resize=525%2C300 1.5x, https:\/\/i0.wp.com\/diariodegarca.com\/wp-content\/uploads\/2025\/11\/WhatsApp-Image-2025-11-08-at-13.37.25-e1762635913510.jpeg?fit=1200%2C786&ssl=1&resize=700%2C400 2x, https:\/\/i0.wp.com\/diariodegarca.com\/wp-content\/uploads\/2025\/11\/WhatsApp-Image-2025-11-08-at-13.37.25-e1762635913510.jpeg?fit=1200%2C786&ssl=1&resize=1050%2C600 3x"},"classes":[]},{"id":3867,"url":"https:\/\/diariodegarca.com\/?p=3867","url_meta":{"origin":6294,"position":3},"title":"Pol\u00edcia Militar prende casal por tr\u00e1fico em Gar\u00e7a e homem por venda de drogas em Mar\u00edlia","author":"Di\u00e1rio de Gar\u00e7a","date":"11 de junho de 2025","format":false,"excerpt":"A\u00e7\u00f5es do 9\u00ba BPM do Interior resultaram na apreens\u00e3o de entorpecentes e valores em ocorr\u00eancias distintas A Pol\u00edcia Militar do Estado de S\u00e3o Paulo atua diariamente no combate ao crime, especialmente no enfrentamento ao tr\u00e1fico de drogas, garantindo a seguran\u00e7a p\u00fablica por meio de abordagens e investiga\u00e7\u00f5es. Na ter\u00e7a-feira, dia\u2026","rel":"","context":"Em &quot;Gar\u00e7a&quot;","block_context":{"text":"Gar\u00e7a","link":"https:\/\/diariodegarca.com\/?cat=781171664"},"img":{"alt_text":"","src":"","width":0,"height":0},"classes":[]},{"id":6748,"url":"https:\/\/diariodegarca.com\/?p=6748","url_meta":{"origin":6294,"position":4},"title":"Apreens\u00e3o de drogas e pris\u00e3o de suspeitos no Jardim Azal\u00e9ia em Mar\u00edlia","author":"Di\u00e1rio de Gar\u00e7a","date":"14 de setembro de 2025","format":false,"excerpt":"Dois homens foram detidos em flagrante; um portava crack e maconha, enquanto o outro confessou atuar como vigia para o tr\u00e1fico. Em uma a\u00e7\u00e3o de combate ao tr\u00e1fico de drogas, policiais militares do 9\u00b0 Batalh\u00e3o prenderam dois homens na noite de sexta-feira, 12 de setembro, no bairro Jardim Azal\u00e9ia, em\u2026","rel":"","context":"Em &quot;Mar\u00edlia&quot;","block_context":{"text":"Mar\u00edlia","link":"https:\/\/diariodegarca.com\/?cat=683453294"},"img":{"alt_text":"","src":"https:\/\/i0.wp.com\/diariodegarca.com\/wp-content\/uploads\/2025\/09\/SnapInsta.to_548195574_18315538126246526_5981293610147253623_n.webp?fit=900%2C1200&ssl=1&resize=350%2C200","width":350,"height":200,"srcset":"https:\/\/i0.wp.com\/diariodegarca.com\/wp-content\/uploads\/2025\/09\/SnapInsta.to_548195574_18315538126246526_5981293610147253623_n.webp?fit=900%2C1200&ssl=1&resize=350%2C200 1x, https:\/\/i0.wp.com\/diariodegarca.com\/wp-content\/uploads\/2025\/09\/SnapInsta.to_548195574_18315538126246526_5981293610147253623_n.webp?fit=900%2C1200&ssl=1&resize=525%2C300 1.5x, https:\/\/i0.wp.com\/diariodegarca.com\/wp-content\/uploads\/2025\/09\/SnapInsta.to_548195574_18315538126246526_5981293610147253623_n.webp?fit=900%2C1200&ssl=1&resize=700%2C400 2x"},"classes":[]},{"id":2670,"url":"https:\/\/diariodegarca.com\/?p=2670","url_meta":{"origin":6294,"position":5},"title":"Policiais Militares do prendem homem por tr\u00e1fico de drogas em Mar\u00edlia","author":"Di\u00e1rio de Gar\u00e7a","date":"8 de mar\u00e7o de 2025","format":false,"excerpt":"Na \u00faltima sexta-feira, dia 7 de mar\u00e7o, policiais militares do 9\u00ba Batalh\u00e3o de Pol\u00edcia Militar do Interior prenderam um homem por tr\u00e1fico de drogas na cidade de Mar\u00edlia. A a\u00e7\u00e3o foi realizada por equipes da For\u00e7a T\u00e1tica e do ROCAM durante patrulhamento na rua Salvador Salgueiro, \u00e1rea conhecida pelo com\u00e9rcio\u2026","rel":"","context":"Em &quot;Brasil&quot;","block_context":{"text":"Brasil","link":"https:\/\/diariodegarca.com\/?cat=38185"},"img":{"alt_text":"","src":"","width":0,"height":0},"classes":[]}],"_links":{"self":[{"href":"https:\/\/diariodegarca.com\/index.php?rest_route=\/wp\/v2\/posts\/6294","targetHints":{"allow":["GET"]}}],"collection":[{"href":"https:\/\/diariodegarca.com\/index.php?rest_route=\/wp\/v2\/posts"}],"about":[{"href":"https:\/\/diariodegarca.com\/index.php?rest_route=\/wp\/v2\/types\/post"}],"author":[{"embeddable":true,"href":"https:\/\/diariodegarca.com\/index.php?rest_route=\/wp\/v2\/users\/260896546"}],"replies":[{"embeddable":true,"href":"https:\/\/diariodegarca.com\/index.php?rest_route=%2Fwp%2Fv2%2Fcomments&post=6294"}],"version-history":[{"count":2,"href":"https:\/\/diariodegarca.com\/index.php?rest_route=\/wp\/v2\/posts\/6294\/revisions"}],"predecessor-version":[{"id":6297,"href":"https:\/\/diariodegarca.com\/index.php?rest_route=\/wp\/v2\/posts\/6294\/revisions\/6297"}],"wp:featuredmedia":[{"embeddable":true,"href":"https:\/\/diariodegarca.com\/index.php?rest_route=\/wp\/v2\/media\/6295"}],"wp:attachment":[{"href":"https:\/\/diariodegarca.com\/index.php?rest_route=%2Fwp%2Fv2%2Fmedia&parent=6294"}],"wp:term":[{"taxonomy":"category","embeddable":true,"href":"https:\/\/diariodegarca.com\/index.php?rest_route=%2Fwp%2Fv2%2Fcategories&post=6294"},{"taxonomy":"post_tag","embeddable":true,"href":"https:\/\/diariodegarca.com\/index.php?rest_route=%2Fwp%2Fv2%2Ftags&post=6294"}],"curies":[{"name":"wp","href":"https:\/\/api.w.org\/{rel}","templated":true}]}}