{"id":6303,"date":"2025-09-03T09:30:27","date_gmt":"2025-09-03T12:30:27","guid":{"rendered":"https:\/\/diariodegarca.com\/?p=6303"},"modified":"2025-09-03T09:30:27","modified_gmt":"2025-09-03T12:30:27","slug":"operacao-impacto-apreende-crack-e-prende-suspeito-por-trafico-em-garca","status":"publish","type":"post","link":"https:\/\/diariodegarca.com\/?p=6303","title":{"rendered":"Opera\u00e7\u00e3o Impacto apreende crack e prende suspeito por tr\u00e1fico em Gar\u00e7a"},"content":{"rendered":"\n<p class=\"wp-block-paragraph\"><em>A\u00e7\u00e3o policial na regi\u00e3o central da cidade resultou na apreens\u00e3o de 18 por\u00e7\u00f5es da droga, pesando quase 17 gramas.<\/em><\/p>\n\n\n\n<p class=\"wp-block-paragraph\">Em uma a\u00e7\u00e3o de rotina da Opera\u00e7\u00e3o Impacto, na noite desta ter\u00e7a-feira, 2 de setembro, por volta das 19h32, durante patrulhamento pela rua Santana, esquina com a rua da Esta\u00e7\u00e3o, em Gar\u00e7a, agentes avistaram um indiv\u00edduo em atitude considerada suspeita.<\/p>\n\n\n\n<p class=\"wp-block-paragraph\">Ao procederem com a abordagem, os policiais localizaram, no bolso do homem, seis pedras de uma subst\u00e2ncia an\u00e1loga ao crack. Foi encontrada tamb\u00e9m uma quantia em dinheiro trocado, que estava em seu poder.<\/p>\n\n\n\n<p class=\"wp-block-paragraph\">Uma varredura minuciosa no local imediato, conduzida pela equipe, resultou na descoberta de mais 12 por\u00e7\u00f5es da mesma droga, escondidas ao lado de uma \u00e1rvore. As pedras eram id\u00eanticas \u00e0s j\u00e1 apreendidas com o suspeito, indicando que se tratava de um mesmo lote.<\/p>\n\n\n\n<p class=\"wp-block-paragraph\">No total, a opera\u00e7\u00e3o retirou de circula\u00e7\u00e3o 18 por\u00e7\u00f5es da subst\u00e2ncia, que, juntas, somaram 16,64 gramas. Diante do materialidade do flagrante, caracterizando suposta venda de drogas, o homem recebeu voz de pris\u00e3o em flagrante delito.<\/p>\n\n\n\n<p class=\"wp-block-paragraph\">O suspeito foi conduzido \u00e0 Delegacia de Pol\u00edcia Civil da cidade para os procedimentos cab\u00edveis, onde permaneceu \u00e0 disposi\u00e7\u00e3o da Justi\u00e7a. Todo o entorpecente apreendido, bem como o dinheiro, foram recolhidos e servir\u00e3o como prova material no inqu\u00e9rito policial que apura o caso.<\/p>\n","protected":false},"excerpt":{"rendered":"<p>A\u00e7\u00e3o policial na regi\u00e3o central da cidade resultou na apreens\u00e3o de 18 por\u00e7\u00f5es da droga, pesando quase 17 gramas. Em uma a\u00e7\u00e3o de rotina da Opera\u00e7\u00e3o Impacto, na noite desta ter\u00e7a-feira, 2 de setembro, por volta das 19h32, durante patrulhamento pela rua Santana, esquina com a rua da Esta\u00e7\u00e3o, em Gar\u00e7a, agentes avistaram um indiv\u00edduo [&hellip;]<\/p>\n","protected":false},"author":260896546,"featured_media":6304,"comment_status":"open","ping_status":"open","sticky":false,"template":"","format":"standard","meta":{"_crdt_document":"","_monsterinsights_skip_tracking":false,"_monsterinsights_sitenote_active":false,"_monsterinsights_sitenote_note":"","_monsterinsights_sitenote_category":0,"advanced_seo_description":"","jetpack_seo_html_title":"","jetpack_seo_noindex":false,"_jetpack_newsletter_access":"","_jetpack_dont_email_post_to_subs":false,"_jetpack_newsletter_tier_id":0,"_jetpack_memberships_contains_paywalled_content":false,"_jetpack_memberships_contains_paid_content":false,"footnotes":"","jetpack_publicize_message":"\ud83d\udea8 Opera\u00e7\u00e3o Impacto prende homem por tr\u00e1fico de drogas na regi\u00e3o central de Gar\u00e7a. Em a\u00e7\u00e3o na noite desta ter\u00e7a (2\/9), a PM apreendeu 18 por\u00e7\u00f5es de crack, totalizando 16,64 gramas. A droga foi encontrada com o suspeito e escondida pr\u00f3ximo ao local da abordagem.\n\n\ud83d\udcd6 Leia a mat\u00e9ria completa em diariodegarca.com! (Link na bio)\n\n#Seguran\u00e7a #Not\u00edcia #Opera\u00e7\u00e3oImpacto #Gar\u00e7a #Crack #Pol\u00edcia","jetpack_publicize_feature_enabled":true,"jetpack_social_post_already_shared":false,"jetpack_social_options":{"image_generator_settings":{"template":"highway","default_image_id":0,"font":"","enabled":false},"version":2},"_wpas_customize_per_network":false,"jetpack_post_was_ever_published":false},"categories":[781171664,21243],"tags":[],"class_list":["post-6303","post","type-post","status-publish","format-standard","has-post-thumbnail","hentry","category-garca-cidade","category-seguranca"],"jetpack_publicize_connections":[],"jetpack_featured_media_url":"https:\/\/i0.wp.com\/diariodegarca.com\/wp-content\/uploads\/2025\/09\/03f0c494-4e4f-41f4-adad-cf8024b8ea47.jpg?fit=716%2C583&ssl=1","jetpack_likes_enabled":true,"jetpack_sharing_enabled":true,"jetpack_shortlink":"https:\/\/wp.me\/pgitne-1DF","jetpack-related-posts":[{"id":9060,"url":"https:\/\/diariodegarca.com\/?p=9060","url_meta":{"origin":6303,"position":0},"title":"Opera\u00e7\u00e3o em Gar\u00e7a apreende coca\u00edna, crack e prende jovem por tr\u00e1fico","author":"Andreza Sega","date":"26 de novembro de 2025","format":false,"excerpt":"A\u00e7\u00e3o da Pol\u00edcia Militar durante patrulhamento na rua Independ\u00eancia resultou na pris\u00e3o em flagrante de um jovem de 19 anos. Na noite da \u00faltima ter\u00e7a-feira, 25 de novembro, uma a\u00e7\u00e3o de rotina da Pol\u00edcia Militar no centro de Gar\u00e7a resultou na apreens\u00e3o de uma quantidade significativa de drogas e na\u2026","rel":"","context":"Em &quot;Gar\u00e7a&quot;","block_context":{"text":"Gar\u00e7a","link":"https:\/\/diariodegarca.com\/?cat=781171664"},"img":{"alt_text":"","src":"https:\/\/i0.wp.com\/diariodegarca.com\/wp-content\/uploads\/2025\/11\/WhatsApp-Image-2025-11-26-at-08.56.28-e1764160059908.jpeg?fit=900%2C715&ssl=1&resize=350%2C200","width":350,"height":200,"srcset":"https:\/\/i0.wp.com\/diariodegarca.com\/wp-content\/uploads\/2025\/11\/WhatsApp-Image-2025-11-26-at-08.56.28-e1764160059908.jpeg?fit=900%2C715&ssl=1&resize=350%2C200 1x, https:\/\/i0.wp.com\/diariodegarca.com\/wp-content\/uploads\/2025\/11\/WhatsApp-Image-2025-11-26-at-08.56.28-e1764160059908.jpeg?fit=900%2C715&ssl=1&resize=525%2C300 1.5x, https:\/\/i0.wp.com\/diariodegarca.com\/wp-content\/uploads\/2025\/11\/WhatsApp-Image-2025-11-26-at-08.56.28-e1764160059908.jpeg?fit=900%2C715&ssl=1&resize=700%2C400 2x"},"classes":[]},{"id":10305,"url":"https:\/\/diariodegarca.com\/?p=10305","url_meta":{"origin":6303,"position":1},"title":"Homem com antecedentes \u00e9 preso com coca\u00edna e crack em Gar\u00e7a","author":"Di\u00e1rio de Gar\u00e7a","date":"30 de janeiro de 2026","format":false,"excerpt":"Policiais militares prenderam um suspeito por tr\u00e1fico de drogas em Gar\u00e7a, apreendendo coca\u00edna, crack e dinheiro. O homem, com antecedentes criminais, foi levado \u00e0 Central de Pol\u00edcia para audi\u00eancia de cust\u00f3dia.","rel":"","context":"Em &quot;Gar\u00e7a&quot;","block_context":{"text":"Gar\u00e7a","link":"https:\/\/diariodegarca.com\/?cat=781171664"},"img":{"alt_text":"","src":"https:\/\/i0.wp.com\/diariodegarca.com\/wp-content\/uploads\/2026\/01\/WhatsApp-Image-2026-01-30-at-09.02.05.jpeg?fit=856%2C722&ssl=1&resize=350%2C200","width":350,"height":200,"srcset":"https:\/\/i0.wp.com\/diariodegarca.com\/wp-content\/uploads\/2026\/01\/WhatsApp-Image-2026-01-30-at-09.02.05.jpeg?fit=856%2C722&ssl=1&resize=350%2C200 1x, https:\/\/i0.wp.com\/diariodegarca.com\/wp-content\/uploads\/2026\/01\/WhatsApp-Image-2026-01-30-at-09.02.05.jpeg?fit=856%2C722&ssl=1&resize=525%2C300 1.5x, https:\/\/i0.wp.com\/diariodegarca.com\/wp-content\/uploads\/2026\/01\/WhatsApp-Image-2026-01-30-at-09.02.05.jpeg?fit=856%2C722&ssl=1&resize=700%2C400 2x"},"classes":[]},{"id":4537,"url":"https:\/\/diariodegarca.com\/?p=4537","url_meta":{"origin":6303,"position":2},"title":"Tr\u00e1fico de drogas: Mar\u00edlia, Gar\u00e7a e Tup\u00e3 t\u00eam suspeitos presos em a\u00e7\u00f5es","author":"Di\u00e1rio de Gar\u00e7a","date":"8 de julho de 2025","format":false,"excerpt":"Opera\u00e7\u00f5es da Pol\u00edcia Militar apreendem coca\u00edna, crack e maconha; tr\u00eas homens foram detidos. O 9\u00ba Batalh\u00e3o de Pol\u00edcia Militar do Interior (9\u00ba BPM\/I) registrou tr\u00eas ocorr\u00eancias em diferentes cidades da regi\u00e3o, mostrando a atua\u00e7\u00e3o firme das equipes em Mar\u00edlia, Gar\u00e7a e Tup\u00e3. Mar\u00edlia: Homem preso com 158 doses de coca\u00edna\u2026","rel":"","context":"Em &quot;Gar\u00e7a&quot;","block_context":{"text":"Gar\u00e7a","link":"https:\/\/diariodegarca.com\/?cat=781171664"},"img":{"alt_text":"","src":"https:\/\/i0.wp.com\/diariodegarca.com\/wp-content\/uploads\/2025\/05\/502985877_18303467734246526_5566770497985067473_n.webp?fit=960%2C1200&ssl=1&resize=350%2C200","width":350,"height":200,"srcset":"https:\/\/i0.wp.com\/diariodegarca.com\/wp-content\/uploads\/2025\/05\/502985877_18303467734246526_5566770497985067473_n.webp?fit=960%2C1200&ssl=1&resize=350%2C200 1x, https:\/\/i0.wp.com\/diariodegarca.com\/wp-content\/uploads\/2025\/05\/502985877_18303467734246526_5566770497985067473_n.webp?fit=960%2C1200&ssl=1&resize=525%2C300 1.5x, https:\/\/i0.wp.com\/diariodegarca.com\/wp-content\/uploads\/2025\/05\/502985877_18303467734246526_5566770497985067473_n.webp?fit=960%2C1200&ssl=1&resize=700%2C400 2x"},"classes":[]},{"id":3719,"url":"https:\/\/diariodegarca.com\/?p=3719","url_meta":{"origin":6303,"position":3},"title":"Pol\u00edcia Militar prende suspeitos de crimes graves em Gar\u00e7a e Mar\u00edlia","author":"Di\u00e1rio de Gar\u00e7a","date":"4 de junho de 2025","format":false,"excerpt":"Opera\u00e7\u00f5es do 9\u00ba BPM\/I resultam na captura de foragidos e apreens\u00e3o de drogas em a\u00e7\u00f5es distintas A Pol\u00edcia Militar do Interior, por meio do 9\u00ba Batalh\u00e3o, tem atuado de forma incisiva no combate ao crime nas cidades de sua jurisdi\u00e7\u00e3o. Com patrulhamentos ostensivos e abordagens estrat\u00e9gicas, as equipes t\u00eam garantido\u2026","rel":"","context":"Em &quot;Gar\u00e7a&quot;","block_context":{"text":"Gar\u00e7a","link":"https:\/\/diariodegarca.com\/?cat=781171664"},"img":{"alt_text":"","src":"","width":0,"height":0},"classes":[]},{"id":2933,"url":"https:\/\/diariodegarca.com\/?p=2933","url_meta":{"origin":6303,"position":4},"title":"Pol\u00edcia Militar realiza apreens\u00e3o de drogas e prende suspeito por tr\u00e1fico no bairro S\u00e3o Lucas","author":"Di\u00e1rio de Gar\u00e7a","date":"29 de janeiro de 2025","format":false,"excerpt":"Em uma opera\u00e7\u00e3o de patrulhamento preventivo no bairro S\u00e3o Lucas, a Pol\u00edcia Militar de Garca obteve sucesso na apreens\u00e3o de drogas e na pris\u00e3o de um indiv\u00edduo suspeito de tr\u00e1fico. A a\u00e7\u00e3o ocorreu na rua Vereador Pedro Afonso de Oliveira, um local j\u00e1 conhecido pelas autoridades como ponto de tr\u00e1fico\u2026","rel":"","context":"Em &quot;Brasil&quot;","block_context":{"text":"Brasil","link":"https:\/\/diariodegarca.com\/?cat=38185"},"img":{"alt_text":"","src":"","width":0,"height":0},"classes":[]},{"id":9320,"url":"https:\/\/diariodegarca.com\/?p=9320","url_meta":{"origin":6303,"position":5},"title":"Adolescente de 14 anos \u00e9 apreendido com crack e coca\u00edna ao tentar fugir da PM","author":"Andreza Sega","date":"4 de dezembro de 2025","format":false,"excerpt":"Opera\u00e7\u00e3o da 4\u00aa Companhia da Pol\u00edcia Militar resultou na apreens\u00e3o de dois jovens e de uma quantidade significativa de entorpecentes em ponto conhecido de tr\u00e1fico no bairro Cavalcante, em Gar\u00e7a. Um patrulhamento de rotina da 4\u00aa Companhia da Pol\u00edcia Militar na noite de ter\u00e7a-feira, 3 de dezembro, resultou na apreens\u00e3o\u2026","rel":"","context":"Em &quot;Gar\u00e7a&quot;","block_context":{"text":"Gar\u00e7a","link":"https:\/\/diariodegarca.com\/?cat=781171664"},"img":{"alt_text":"","src":"https:\/\/i0.wp.com\/diariodegarca.com\/wp-content\/uploads\/2025\/12\/WhatsApp-Image-2025-12-04-at-09.12.01-e1764850741914.jpeg?fit=1200%2C888&ssl=1&resize=350%2C200","width":350,"height":200,"srcset":"https:\/\/i0.wp.com\/diariodegarca.com\/wp-content\/uploads\/2025\/12\/WhatsApp-Image-2025-12-04-at-09.12.01-e1764850741914.jpeg?fit=1200%2C888&ssl=1&resize=350%2C200 1x, https:\/\/i0.wp.com\/diariodegarca.com\/wp-content\/uploads\/2025\/12\/WhatsApp-Image-2025-12-04-at-09.12.01-e1764850741914.jpeg?fit=1200%2C888&ssl=1&resize=525%2C300 1.5x, https:\/\/i0.wp.com\/diariodegarca.com\/wp-content\/uploads\/2025\/12\/WhatsApp-Image-2025-12-04-at-09.12.01-e1764850741914.jpeg?fit=1200%2C888&ssl=1&resize=700%2C400 2x, https:\/\/i0.wp.com\/diariodegarca.com\/wp-content\/uploads\/2025\/12\/WhatsApp-Image-2025-12-04-at-09.12.01-e1764850741914.jpeg?fit=1200%2C888&ssl=1&resize=1050%2C600 3x"},"classes":[]}],"_links":{"self":[{"href":"https:\/\/diariodegarca.com\/index.php?rest_route=\/wp\/v2\/posts\/6303","targetHints":{"allow":["GET"]}}],"collection":[{"href":"https:\/\/diariodegarca.com\/index.php?rest_route=\/wp\/v2\/posts"}],"about":[{"href":"https:\/\/diariodegarca.com\/index.php?rest_route=\/wp\/v2\/types\/post"}],"author":[{"embeddable":true,"href":"https:\/\/diariodegarca.com\/index.php?rest_route=\/wp\/v2\/users\/260896546"}],"replies":[{"embeddable":true,"href":"https:\/\/diariodegarca.com\/index.php?rest_route=%2Fwp%2Fv2%2Fcomments&post=6303"}],"version-history":[{"count":2,"href":"https:\/\/diariodegarca.com\/index.php?rest_route=\/wp\/v2\/posts\/6303\/revisions"}],"predecessor-version":[{"id":6306,"href":"https:\/\/diariodegarca.com\/index.php?rest_route=\/wp\/v2\/posts\/6303\/revisions\/6306"}],"wp:featuredmedia":[{"embeddable":true,"href":"https:\/\/diariodegarca.com\/index.php?rest_route=\/wp\/v2\/media\/6304"}],"wp:attachment":[{"href":"https:\/\/diariodegarca.com\/index.php?rest_route=%2Fwp%2Fv2%2Fmedia&parent=6303"}],"wp:term":[{"taxonomy":"category","embeddable":true,"href":"https:\/\/diariodegarca.com\/index.php?rest_route=%2Fwp%2Fv2%2Fcategories&post=6303"},{"taxonomy":"post_tag","embeddable":true,"href":"https:\/\/diariodegarca.com\/index.php?rest_route=%2Fwp%2Fv2%2Ftags&post=6303"}],"curies":[{"name":"wp","href":"https:\/\/api.w.org\/{rel}","templated":true}]}}