{"id":6387,"date":"2025-09-05T14:14:34","date_gmt":"2025-09-05T17:14:34","guid":{"rendered":"https:\/\/diariodegarca.com\/?p=6387"},"modified":"2025-09-05T14:14:34","modified_gmt":"2025-09-05T17:14:34","slug":"tce-alerta-alvaro-de-carvalho-por-risco-fiscal-previdenciario-e-descumprimento-em-educacao","status":"publish","type":"post","link":"https:\/\/diariodegarca.com\/?p=6387","title":{"rendered":"TCE alerta \u00c1lvaro de Carvalho por risco fiscal, previdenci\u00e1rio e descumprimento em educa\u00e7\u00e3o"},"content":{"rendered":"\n<p class=\"wp-block-paragraph\"><em>Notifica\u00e7\u00f5es do Tribunal de Contas apontam gastos acima do limite constitucional, inadimpl\u00eancia em contribui\u00e7\u00f5es patronais, d\u00edvida previdenci\u00e1ria fora de controle e aplica\u00e7\u00e3o insuficiente de verbas do FUNDEB. Prefeitura e C\u00e2mara tamb\u00e9m falham na entrega de documentos.<\/em><\/p>\n\n\n\n<p class=\"wp-block-paragraph\">O Tribunal de Contas do Estado de S\u00e3o Paulo (TCE-SP) emitiu uma s\u00e9rie de alertas \u00e0 administra\u00e7\u00e3o municipal de \u00c1lvaro de Carvalho ao longo do primeiro semestre de 2025, revelando um cen\u00e1rio de descontrole fiscal, risco previdenci\u00e1rio e de descumprimento de obriga\u00e7\u00f5es legais. Os documentos,\u00a0<strong>processos TC 6312\/989\/24 e TC 2814\/989\/25<\/strong>, com relatoria do\u00a0<strong>Dr. Sidney Estanislau Beraldo<\/strong>\u00a0e auditoria do\u00a0<strong>Dr. M\u00e1rcio Martins de Camargo<\/strong>, s\u00e3o direcionados ao prefeito Adilson de Oliveira Lopes e ao gestor do Fundo de Aposentadoria e Pens\u00f5es (FAPEN), Jo\u00e3o Geraldo de Souza.<\/p>\n\n\n\n<p class=\"wp-block-paragraph\">Os relat\u00f3rios, que analisam a gest\u00e3o de janeiro a junho, mostram problemas persistentes e em algumas frentes, agravantes, exigindo corre\u00e7\u00e3o imediata para evitar san\u00e7\u00f5es.<\/p>\n\n\n\n<p class=\"wp-block-paragraph\"><strong>Estouro do teto de gastos<\/strong><\/p>\n\n\n\n<p class=\"wp-block-paragraph\">Um dos pontos mais cr\u00edticos \u00e9 o descumprimento do artigo 167-A da Constitui\u00e7\u00e3o Federal, que limita a despesa corrente. Em fevereiro, a&nbsp;<strong>Despesa Corrente Liquidada<\/strong>&nbsp;(R$ 28.952.876,59) atingiu&nbsp;<strong>95,07%<\/strong>&nbsp;da&nbsp;<strong>Receita Corrente Arrecadada<\/strong>&nbsp;(R$ 30.454.105,65), ultrapassando o limite de 95%. Em junho, a situa\u00e7\u00e3o se repetiu, com o percentual atingindo&nbsp;<strong>96,97%<\/strong>.<\/p>\n\n\n\n<p class=\"wp-block-paragraph\">Al\u00e9m disso, a\u00a0<strong>An\u00e1lise da Receita (GF15)<\/strong>\u00a0\u00e9 consistentemente classificada como &#8220;desfavor\u00e1vel&#8221;, e segundo o relat\u00f3rio &#8220;indicam tend\u00eancia de descumprimento das Metas Fiscais estabelecidas na Lei de Responsabilidade Fiscal (LRF)&#8221;. <\/p>\n\n\n\n<p class=\"wp-block-paragraph\">O\u00a0<strong>Resultado Prim\u00e1rio<\/strong>\u00a0previsto na Lei Or\u00e7ament\u00e1ria Anual (LOA) tamb\u00e9m \u00e9 inferior \u00e0 meta da Lei de Diretrizes Or\u00e7ament\u00e1rias (LDO), mostrando que o planejamento n\u00e3o est\u00e1 sendo executado segundo an\u00e1lise do TCE.<\/p>\n\n\n\n<p class=\"wp-block-paragraph\"><strong>Crise na previd\u00eancia: d\u00edvida dispara e contribui\u00e7\u00e3o patronal n\u00e3o \u00e9 paga de forma integral<\/strong><\/p>\n\n\n\n<p class=\"wp-block-paragraph\">A situa\u00e7\u00e3o do Regime Pr\u00f3prio de Previd\u00eancia Social (RPPS) \u00e9 alarmante. A\u00a0<strong>Contribui\u00e7\u00e3o Patronal<\/strong>, prevista em R$ 960 mil para abril, arrecadou apenas R$ 717.551,61, uma diferen\u00e7a de 25,26%, o que, segundo o relat\u00f3rio, viola os par\u00e2metros do TCE.<\/p>\n\n\n\n<p class=\"wp-block-paragraph\">O problema mais grave, por\u00e9m, \u00e9 a explos\u00e3o dos saldos de parcelamentos de d\u00edvidas previdenci\u00e1rias. Em abril, o parcelamento de n\u00famero\u00a0<strong>687<\/strong>\u00a0teve um aumento de\u00a0<strong>188,70%<\/strong>\u00a0em seu saldo, pulando de R$ 1,28 milh\u00e3o para R$ 3,71 milh\u00f5es. J\u00e1 o parcelamento\u00a0<strong>688<\/strong>\u00a0mais que dobrou, com um aumento de\u00a0<strong>102,57%<\/strong>, saindo de R$ 639 mil para R$ 1,29 milh\u00e3o. Esse aumento da d\u00edvida, segundo a an\u00e1lise do TCE, amea\u00e7a diretamente o equil\u00edbrio financeiro e atuarial do RPPS.<\/p>\n\n\n\n<p class=\"wp-block-paragraph\">Ainda segundo os documentos, a\u00a0<strong>rentabilidade dos investimentos<\/strong>\u00a0do RPPS, de 3,15%, ficou ligeiramente abaixo da meta atuarial proporcional para o trimestre (3,32%), com uma varia\u00e7\u00e3o de 5,12% que ultrapassou o percentual limite de alerta de 5,00%.<\/p>\n\n\n\n<p class=\"wp-block-paragraph\"><strong>Educa\u00e7\u00e3o: aplica\u00e7\u00e3o de verba do FUNDEB \u00e9 insuficiente<\/strong><\/p>\n\n\n\n<p class=\"wp-block-paragraph\">Tal qual os relat\u00f3rios das outras prefeitura, o munic\u00edpio de \u00c1lvaro de Carvalho tamb\u00e9m foi alertado, repetidas vezes pelos relat\u00f3rios, por aplicar um percentual insuficiente de recursos do\u00a0<strong>FUNDEB<\/strong>, descumprindo o art. 25, \u00a73\u00ba, da Lei 14.113\/20. <\/p>\n\n\n\n<p class=\"wp-block-paragraph\">Em janeiro, o problema era ainda mais abrangente, com aplica\u00e7\u00e3o de recursos pr\u00f3prios em ensino abaixo do m\u00ednimo constitucional (art. 212 da CF) e aplica\u00e7\u00e3o inadequada de verbas do FUNDEB com profissionais da educa\u00e7\u00e3o b\u00e1sica (art. 26 da Lei 14.113\/20).<\/p>\n\n\n\n<p class=\"wp-block-paragraph\"><strong>Descumprimento de prazos e omiss\u00e3o de documentos<\/strong><\/p>\n\n\n\n<p class=\"wp-block-paragraph\">Segundo os relat\u00f3rios do TCE, a Prefeitura e a C\u00e2mara Municipal n\u00e3o cumpriram o prazo de entrega de documentos. Foram comuns as\u00a0<strong>entregas intempestivas<\/strong>\u00a0(fora do prazo) de documentos essenciais como Balancetes Cont\u00e1beis, Publica\u00e7\u00f5es do RREO e concilia\u00e7\u00f5es banc\u00e1rias.<\/p>\n\n\n\n<p class=\"wp-block-paragraph\">Em alguns meses, a situa\u00e7\u00e3o foi pior: a\u00a0<strong>C\u00e2mara Municipal<\/strong>, presidida por Eder Pimentel,\u00a0<strong>n\u00e3o entregou<\/strong>\u00a0documentos como a Publica\u00e7\u00e3o do RGF Legislativo e concilia\u00e7\u00f5es banc\u00e1rias em abril, e a Atualiza\u00e7\u00e3o do Cadastro Geral de Entidades em maio. Em junho, a Prefeitura\u00a0<strong>deixou de entregar<\/strong>\u00a0a documenta\u00e7\u00e3o sobre a &#8220;Aplica\u00e7\u00e3o na Manuten\u00e7\u00e3o e Desenvolvimento do Ensino&#8221;. Todos os documentos, segundo o TCE, s\u00e3o de entrega obrigat\u00f3ria e possuem prazos.<\/p>\n\n\n\n<p class=\"wp-block-paragraph\"><strong>Advert\u00eancias do TCE<\/strong><\/p>\n\n\n\n<p class=\"wp-block-paragraph\">Em geral, todos os documentos publicados pelo TCE-SP se concluem com o alerta: &#8220;em virtude do apurado, dever\u00e3o ser observadas as exig\u00eancias contidas na legisla\u00e7\u00e3o supra citada, a fim de evitar poss\u00edveis san\u00e7\u00f5es de ordem administrativa e\/ou penal&#8221;. As notifica\u00e7\u00f5es servem como um aviso final para que a administra\u00e7\u00e3o municipal tome medidas corretivas imediatas para regularizar suas contas e evitar consequ\u00eancias mais graves.<\/p>\n","protected":false},"excerpt":{"rendered":"<p>Notifica\u00e7\u00f5es do Tribunal de Contas apontam gastos acima do limite constitucional, inadimpl\u00eancia em contribui\u00e7\u00f5es patronais, d\u00edvida previdenci\u00e1ria fora de controle e aplica\u00e7\u00e3o insuficiente de verbas do FUNDEB. Prefeitura e C\u00e2mara tamb\u00e9m falham na entrega de documentos. O Tribunal de Contas do Estado de S\u00e3o Paulo (TCE-SP) emitiu uma s\u00e9rie de alertas \u00e0 administra\u00e7\u00e3o municipal de [&hellip;]<\/p>\n","protected":false},"author":260896546,"featured_media":6390,"comment_status":"open","ping_status":"open","sticky":false,"template":"","format":"standard","meta":{"_monsterinsights_skip_tracking":false,"advanced_seo_description":"","jetpack_seo_html_title":"","jetpack_seo_noindex":false,"jetpack_seo_schema_type":"","_jetpack_newsletter_access":"","_jetpack_dont_email_post_to_subs":false,"_jetpack_newsletter_tier_id":0,"_jetpack_memberships_contains_paywalled_content":false,"_wpcom_ai_launchpad_first_post":false,"_jetpack_feature_clip_id":0,"_jetpack_memberships_contains_paid_content":false,"footnotes":"","jetpack_publicize_message":"\u26a0\ufe0f TCE alerta tamb\u00e9m \u00c1lvaro de Carvalho\n\nO Tribunal de Contas do Estado emitiu alertas sobre a gest\u00e3o municipal. Os principais pontos: despesa da Prefeitura ultrapassam o limite constitucional; a d\u00edvida previdenci\u00e1ria do munic\u00edpio mais que DOBROU em alguns casos; Prefeitura n\u00e3o pagou integralmente a contribui\u00e7\u00e3o patronal; problemas na aplica\u00e7\u00e3o de recursos da educa\u00e7\u00e3o, entre outros.\n\n\ud83d\udcd6 Leia a reportagem completa com todos os detalhes no nosso site.\n\n#AlvaroDeCarvalho #TCE #Gest\u00e3oPublica #Transparencia","jetpack_publicize_feature_enabled":true,"jetpack_social_post_already_shared":false,"jetpack_social_options":{"image_generator_settings":{"template":"highway","default_image_id":0,"font":"","enabled":false},"version":2},"_wpas_customize_per_network":false,"jetpack_post_was_ever_published":false},"categories":[29815376,1192752],"tags":[],"class_list":["post-6387","post","type-post","status-publish","format-standard","has-post-thumbnail","hentry","category-alvaro-de-carvalho","category-fiscalizacao"],"jetpack_publicize_connections":[],"jetpack_likes_enabled":true,"jetpack_sharing_enabled":true,"jetpack_shortlink":"https:\/\/wp.me\/pgitne-1F1","jetpack-related-posts":[{"id":6355,"url":"https:\/\/diariodegarca.com\/?p=6355","url_meta":{"origin":6387,"position":0},"title":"TCE emite s\u00e9rie de alertas graves sobre gest\u00e3o fiscal e previdenci\u00e1ria de J\u00falio Mesquita","author":"Di\u00e1rio de Gar\u00e7a","date":"4 de setembro de 2025","format":false,"excerpt":"Relat\u00f3rios do Tribunal de Contas do Estado apontam descumprimento de prazos, desequil\u00edbrio nas contas p\u00fablicas, sub aproveitamento de recursos da educa\u00e7\u00e3o, inadimpl\u00eancia recorde em contribui\u00e7\u00f5es previdenci\u00e1rias e risco de colapso no RPPS. O Tribunal de Contas do Estado de S\u00e3o Paulo (TCE-SP) emitiu, ao longo do primeiro semestre do ano,\u2026","rel":"","context":"Em &quot;Fiscaliza\u00e7\u00e3o&quot;","block_context":{"text":"Fiscaliza\u00e7\u00e3o","link":"https:\/\/diariodegarca.com\/?cat=1192752"},"img":{"alt_text":"","src":"https:\/\/i0.wp.com\/diariodegarca.com\/wp-content\/uploads\/2025\/09\/aed506640f5bdd62430b47615abaaeb9.jpg?fit=698%2C465&ssl=1&resize=350%2C200","width":350,"height":200,"srcset":"https:\/\/i0.wp.com\/diariodegarca.com\/wp-content\/uploads\/2025\/09\/aed506640f5bdd62430b47615abaaeb9.jpg?fit=698%2C465&ssl=1&resize=350%2C200 1x, https:\/\/i0.wp.com\/diariodegarca.com\/wp-content\/uploads\/2025\/09\/aed506640f5bdd62430b47615abaaeb9.jpg?fit=698%2C465&ssl=1&resize=525%2C300 1.5x"},"classes":[]},{"id":6479,"url":"https:\/\/diariodegarca.com\/?p=6479","url_meta":{"origin":6387,"position":1},"title":"Prefeitura de G\u00e1lia \u00e9 notificada pelo TCE por descumprir teto de gastos e metas fiscais","author":"Di\u00e1rio de Gar\u00e7a","date":"7 de setembro de 2025","format":false,"excerpt":"Alertas do Tribunal de Contas apontam viola\u00e7\u00e3o do limite constitucional de despesas por tr\u00eas meses, tend\u00eancia de descumprimento de metas da LRF e aplica\u00e7\u00e3o insuficiente de verbas na educa\u00e7\u00e3o. Situa\u00e7\u00e3o fiscal se agravou em junho. A Prefeitura Municipal de G\u00e1lia recebeu uma s\u00e9rie de notifica\u00e7\u00f5es do Tribunal de Contas do\u2026","rel":"","context":"Em &quot;Fiscaliza\u00e7\u00e3o&quot;","block_context":{"text":"Fiscaliza\u00e7\u00e3o","link":"https:\/\/diariodegarca.com\/?cat=1192752"},"img":{"alt_text":"","src":"https:\/\/i0.wp.com\/diariodegarca.com\/wp-content\/uploads\/2025\/09\/scn6108-1024x768-1.jpg?fit=1024%2C768&ssl=1&resize=350%2C200","width":350,"height":200,"srcset":"https:\/\/i0.wp.com\/diariodegarca.com\/wp-content\/uploads\/2025\/09\/scn6108-1024x768-1.jpg?fit=1024%2C768&ssl=1&resize=350%2C200 1x, https:\/\/i0.wp.com\/diariodegarca.com\/wp-content\/uploads\/2025\/09\/scn6108-1024x768-1.jpg?fit=1024%2C768&ssl=1&resize=525%2C300 1.5x, https:\/\/i0.wp.com\/diariodegarca.com\/wp-content\/uploads\/2025\/09\/scn6108-1024x768-1.jpg?fit=1024%2C768&ssl=1&resize=700%2C400 2x"},"classes":[]},{"id":6483,"url":"https:\/\/diariodegarca.com\/?p=6483","url_meta":{"origin":6387,"position":2},"title":"TCE notifica Fern\u00e3o por descumprimento fiscal e investimento insuficiente em educa\u00e7\u00e3o","author":"Di\u00e1rio de Gar\u00e7a","date":"8 de setembro de 2025","format":false,"excerpt":"Alertas do Tribunal de Contas mostram viola\u00e7\u00e3o persistente do limite de gastos, descumprimento de metas da LRF, gest\u00e3o inadequada de restos a pagar e aplica\u00e7\u00e3o abaixo do m\u00ednimo em educa\u00e7\u00e3o durante o primeiro semestre de 2025. O munic\u00edpio de Fern\u00e3o recebeu m\u00faltiplas notifica\u00e7\u00f5es do Tribunal de Contas do Estado de\u2026","rel":"","context":"Em &quot;Fern\u00e3o&quot;","block_context":{"text":"Fern\u00e3o","link":"https:\/\/diariodegarca.com\/?cat=7386895"},"img":{"alt_text":"","src":"https:\/\/i0.wp.com\/diariodegarca.com\/wp-content\/uploads\/2025\/09\/3acf91d6b3bb04a01d64345d938a3618.jpeg?fit=651%2C434&ssl=1&resize=350%2C200","width":350,"height":200,"srcset":"https:\/\/i0.wp.com\/diariodegarca.com\/wp-content\/uploads\/2025\/09\/3acf91d6b3bb04a01d64345d938a3618.jpeg?fit=651%2C434&ssl=1&resize=350%2C200 1x, https:\/\/i0.wp.com\/diariodegarca.com\/wp-content\/uploads\/2025\/09\/3acf91d6b3bb04a01d64345d938a3618.jpeg?fit=651%2C434&ssl=1&resize=525%2C300 1.5x"},"classes":[]},{"id":6316,"url":"https:\/\/diariodegarca.com\/?p=6316","url_meta":{"origin":6387,"position":3},"title":"Tribunal de Contas emite s\u00e9rie de alertas \u00e0 Prefeitura de Gar\u00e7a por desequil\u00edbrio fiscal e investimentos","author":"Di\u00e1rio de Gar\u00e7a","date":"3 de setembro de 2025","format":false,"excerpt":"Relat\u00f3rios do TCE-SP apontam descumprimento de limites de gastos, metas fiscais e aplica\u00e7\u00e3o m\u00ednima em educa\u00e7\u00e3o e sa\u00fade ao longo do primeiro semestre de 2025. O Tribunal de Contas do Estado de S\u00e3o Paulo (TCE-SP) emitiu, entre maio e agosto de 2025, uma sequ\u00eancia de notifica\u00e7\u00f5es de alerta \u00e0 Prefeitura\u2026","rel":"","context":"Em &quot;Fiscaliza\u00e7\u00e3o&quot;","block_context":{"text":"Fiscaliza\u00e7\u00e3o","link":"https:\/\/diariodegarca.com\/?cat=1192752"},"img":{"alt_text":"","src":"https:\/\/i0.wp.com\/diariodegarca.com\/wp-content\/uploads\/2025\/09\/1564492652.jpg?fit=1200%2C932&ssl=1&resize=350%2C200","width":350,"height":200,"srcset":"https:\/\/i0.wp.com\/diariodegarca.com\/wp-content\/uploads\/2025\/09\/1564492652.jpg?fit=1200%2C932&ssl=1&resize=350%2C200 1x, https:\/\/i0.wp.com\/diariodegarca.com\/wp-content\/uploads\/2025\/09\/1564492652.jpg?fit=1200%2C932&ssl=1&resize=525%2C300 1.5x, https:\/\/i0.wp.com\/diariodegarca.com\/wp-content\/uploads\/2025\/09\/1564492652.jpg?fit=1200%2C932&ssl=1&resize=700%2C400 2x, https:\/\/i0.wp.com\/diariodegarca.com\/wp-content\/uploads\/2025\/09\/1564492652.jpg?fit=1200%2C932&ssl=1&resize=1050%2C600 3x"},"classes":[]},{"id":6800,"url":"https:\/\/diariodegarca.com\/?p=6800","url_meta":{"origin":6387,"position":4},"title":"Lucian\u00f3polis \u00e9 alertada pelo Tribunal de Contas por descontrole fiscal e falhas na educa\u00e7\u00e3o","author":"Di\u00e1rio de Gar\u00e7a","date":"16 de setembro de 2025","format":false,"excerpt":"Prefeitura acumula notifica\u00e7\u00f5es graves excesso de gastos com pessoal, descumprimento de metas or\u00e7ament\u00e1rias e aplica\u00e7\u00e3o irregular de verbas do FUNDEB j\u00e1 no in\u00edcio de sua gest\u00e3o. O Tribunal de Contas do Estado de S\u00e3o Paulo (TCE-SP) emitiu um conjunto de alertas \u00e0 Prefeitura Municipal de Lucian\u00f3polis, comandada pelo prefeito Ademir\u2026","rel":"","context":"Em &quot;Fiscaliza\u00e7\u00e3o&quot;","block_context":{"text":"Fiscaliza\u00e7\u00e3o","link":"https:\/\/diariodegarca.com\/?cat=1192752"},"img":{"alt_text":"","src":"https:\/\/i0.wp.com\/diariodegarca.com\/wp-content\/uploads\/2025\/09\/481483375_980698084197967_1913898112313955426_n-e1758023889649.jpg?fit=1200%2C527&ssl=1&resize=350%2C200","width":350,"height":200,"srcset":"https:\/\/i0.wp.com\/diariodegarca.com\/wp-content\/uploads\/2025\/09\/481483375_980698084197967_1913898112313955426_n-e1758023889649.jpg?fit=1200%2C527&ssl=1&resize=350%2C200 1x, https:\/\/i0.wp.com\/diariodegarca.com\/wp-content\/uploads\/2025\/09\/481483375_980698084197967_1913898112313955426_n-e1758023889649.jpg?fit=1200%2C527&ssl=1&resize=525%2C300 1.5x, https:\/\/i0.wp.com\/diariodegarca.com\/wp-content\/uploads\/2025\/09\/481483375_980698084197967_1913898112313955426_n-e1758023889649.jpg?fit=1200%2C527&ssl=1&resize=700%2C400 2x, https:\/\/i0.wp.com\/diariodegarca.com\/wp-content\/uploads\/2025\/09\/481483375_980698084197967_1913898112313955426_n-e1758023889649.jpg?fit=1200%2C527&ssl=1&resize=1050%2C600 3x"},"classes":[]},{"id":6516,"url":"https:\/\/diariodegarca.com\/?p=6516","url_meta":{"origin":6387,"position":5},"title":"Alvinl\u00e2ndia \u00e9 notificada pelo TCE por gastos acima do limite e descumprimento em educa\u00e7\u00e3o","author":"Di\u00e1rio de Gar\u00e7a","date":"9 de setembro de 2025","format":false,"excerpt":"Alertas do Tribunal de Contas apontam viola\u00e7\u00e3o do teto constitucional de gastos por tr\u00eas meses consecutivos, tend\u00eancia de descumprimento de metas fiscais e aplica\u00e7\u00e3o insuficiente de verbas do FUNDEB durante todo o semestre. A Prefeitura Municipal de Alvinl\u00e2ndia recebeu uma sequ\u00eancia de notifica\u00e7\u00f5es do Tribunal de Contas do Estado de\u2026","rel":"","context":"Em &quot;Alvinl\u00e2ndia&quot;","block_context":{"text":"Alvinl\u00e2ndia","link":"https:\/\/diariodegarca.com\/?cat=32102633"},"img":{"alt_text":"","src":"https:\/\/i0.wp.com\/diariodegarca.com\/wp-content\/uploads\/2025\/09\/foto_materia_transicao_alvinlandia.jpg?fit=921%2C511&ssl=1&resize=350%2C200","width":350,"height":200,"srcset":"https:\/\/i0.wp.com\/diariodegarca.com\/wp-content\/uploads\/2025\/09\/foto_materia_transicao_alvinlandia.jpg?fit=921%2C511&ssl=1&resize=350%2C200 1x, https:\/\/i0.wp.com\/diariodegarca.com\/wp-content\/uploads\/2025\/09\/foto_materia_transicao_alvinlandia.jpg?fit=921%2C511&ssl=1&resize=525%2C300 1.5x, https:\/\/i0.wp.com\/diariodegarca.com\/wp-content\/uploads\/2025\/09\/foto_materia_transicao_alvinlandia.jpg?fit=921%2C511&ssl=1&resize=700%2C400 2x"},"classes":[]}],"jetpack_featured_media_url":"https:\/\/i0.wp.com\/diariodegarca.com\/wp-content\/uploads\/2025\/09\/d0aa3537cad9f30c771f3649d453478b.jpeg?fit=651%2C488&ssl=1","_links":{"self":[{"href":"https:\/\/diariodegarca.com\/index.php?rest_route=\/wp\/v2\/posts\/6387","targetHints":{"allow":["GET"]}}],"collection":[{"href":"https:\/\/diariodegarca.com\/index.php?rest_route=\/wp\/v2\/posts"}],"about":[{"href":"https:\/\/diariodegarca.com\/index.php?rest_route=\/wp\/v2\/types\/post"}],"author":[{"embeddable":true,"href":"https:\/\/diariodegarca.com\/index.php?rest_route=\/wp\/v2\/users\/260896546"}],"replies":[{"embeddable":true,"href":"https:\/\/diariodegarca.com\/index.php?rest_route=%2Fwp%2Fv2%2Fcomments&post=6387"}],"version-history":[{"count":3,"href":"https:\/\/diariodegarca.com\/index.php?rest_route=\/wp\/v2\/posts\/6387\/revisions"}],"predecessor-version":[{"id":6391,"href":"https:\/\/diariodegarca.com\/index.php?rest_route=\/wp\/v2\/posts\/6387\/revisions\/6391"}],"wp:featuredmedia":[{"embeddable":true,"href":"https:\/\/diariodegarca.com\/index.php?rest_route=\/wp\/v2\/media\/6390"}],"wp:attachment":[{"href":"https:\/\/diariodegarca.com\/index.php?rest_route=%2Fwp%2Fv2%2Fmedia&parent=6387"}],"wp:term":[{"taxonomy":"category","embeddable":true,"href":"https:\/\/diariodegarca.com\/index.php?rest_route=%2Fwp%2Fv2%2Fcategories&post=6387"},{"taxonomy":"post_tag","embeddable":true,"href":"https:\/\/diariodegarca.com\/index.php?rest_route=%2Fwp%2Fv2%2Ftags&post=6387"}],"curies":[{"name":"wp","href":"https:\/\/api.w.org\/{rel}","templated":true}]}}