{"id":6418,"date":"2025-09-05T16:53:08","date_gmt":"2025-09-05T19:53:08","guid":{"rendered":"https:\/\/diariodegarca.com\/?p=6418"},"modified":"2025-09-05T16:53:08","modified_gmt":"2025-09-05T19:53:08","slug":"tce-sp-suspende-processos-seletivos-para-monitores-do-programa-civico-militar","status":"publish","type":"post","link":"https:\/\/diariodegarca.com\/?p=6418","title":{"rendered":"TCE-SP suspende processos seletivos para monitores do programa c\u00edvico-militar"},"content":{"rendered":"\n<p class=\"wp-block-paragraph\"><em>Decis\u00e3o un\u00e2nime do tribunal questiona legalidade do edital e exige explica\u00e7\u00f5es da Secretaria de Educa\u00e7\u00e3o sobre previs\u00e3o or\u00e7ament\u00e1ria e contrata\u00e7\u00f5es; programa n\u00e3o \u00e9 extinto, mas sua implanta\u00e7\u00e3o no estado est\u00e1 paralisada.<\/em><\/p>\n\n\n\n<p class=\"wp-block-paragraph\">Em uma decis\u00e3o un\u00e2nime tomada na \u00faltima quarta-feira, 3 de setembro, o Tribunal de Contas do Estado de S\u00e3o Paulo (TCE-SP) determinou a suspens\u00e3o imediata de todos os processos seletivos abertos para a contrata\u00e7\u00e3o de monitores do Programa Escola C\u00edvico-Militar. A medida paralisa a implanta\u00e7\u00e3o do modelo no estado at\u00e9 que a Secretaria de Estado da Educa\u00e7\u00e3o (Seduc) preste todos os esclarecimentos exigidos pela corte.<\/p>\n\n\n\n<p class=\"wp-block-paragraph\">A decis\u00e3o foi resultado de uma representa\u00e7\u00e3o movida por um coletivo de deputados e vereadores, que apontou uma s\u00e9rie de irregularidades no Edital n\u00ba 2\/2025, publicado pela Seduc. O relator do caso, conselheiro Renato Martins Costa, destacou que a suspens\u00e3o \u00e9 uma medida cautelar para evitar poss\u00edveis danos ao er\u00e1rio p\u00fablico e assegurar o cumprimento da lei.<\/p>\n\n\n\n<p class=\"wp-block-paragraph\"><strong>Os questionamentos do Tribunal de Contas<\/strong><\/p>\n\n\n\n<p class=\"wp-block-paragraph\">O TCE-SP n\u00e3o entrou no m\u00e9rito da constitucionalidade do programa (tema que est\u00e1 em discuss\u00e3o no Supremo Tribunal Federal), mas focou na legalidade administrativa e financeira do processo de contrata\u00e7\u00e3o. Os principais pontos levantados pelo tribunal foram:<\/p>\n\n\n\n<ul class=\"wp-block-list\">\n<li><strong>Aus\u00eancia de previs\u00e3o or\u00e7ament\u00e1ria:<\/strong>\u00a0O edital foi lan\u00e7ado sem a demonstra\u00e7\u00e3o clara da fonte de custeio das despesas, ferindo os princ\u00edpios da administra\u00e7\u00e3o p\u00fablica e a Lei de Responsabilidade Fiscal (LRF).<\/li>\n\n\n\n<li><strong>Contrata\u00e7\u00e3o tempor\u00e1ria irregular:<\/strong>\u00a0A modalidade de contrata\u00e7\u00e3o por processo seletivo simplificado exige a comprova\u00e7\u00e3o de &#8220;excepcional interesse p\u00fablico&#8221;, justificativa que n\u00e3o foi apresentada pela Secretaria.<\/li>\n\n\n\n<li><strong>Cargos comissionados:<\/strong>\u00a0A cria\u00e7\u00e3o de fun\u00e7\u00f5es comissionadas para o programa, sem concurso p\u00fablico, foi outro ponto criticado, com a suspeita de que as contrata\u00e7\u00f5es poderiam se tornar permanentes, violando a temporariedade do contrato.<\/li>\n<\/ul>\n\n\n\n<p class=\"wp-block-paragraph\">Em nota, o TCE-SP afirmou: \u201cEntre os principais pontos questionados est\u00e3o a aus\u00eancia de previs\u00e3o or\u00e7ament\u00e1ria, a contrata\u00e7\u00e3o tempor\u00e1ria sem justificativa de excepcionalidade, a n\u00e3o realiza\u00e7\u00e3o de concurso p\u00fablico e a cria\u00e7\u00e3o de cargos comissionados\u201d.<\/p>\n\n\n\n<p class=\"wp-block-paragraph\"><strong>Pr\u00f3ximos passos<\/strong><\/p>\n\n\n\n<p class=\"wp-block-paragraph\">Com a decis\u00e3o, a Secretaria de Educa\u00e7\u00e3o est\u00e1 obrigada a:<\/p>\n\n\n\n<ol start=\"1\" class=\"wp-block-list\">\n<li><strong>Interromper imediatamente<\/strong>\u00a0todos os processos seletivos em andamento.<\/li>\n\n\n\n<li><strong>N\u00e3o publicar<\/strong>\u00a0novos editais ou realizar qualquer chamamento p\u00fablico.<\/li>\n\n\n\n<li><strong>N\u00e3o iniciar<\/strong>\u00a0as atividades do programa sob sua gest\u00e3o.<\/li>\n\n\n\n<li><strong>Encaminhar ao TCE-SP<\/strong>, no prazo de\u00a0<strong>10 dias \u00fateis<\/strong>, informa\u00e7\u00f5es detalhadas sobre os editais, o est\u00e1gio dos processos seletivos e os valores de gastos previstos ou j\u00e1 realizados.<\/li>\n<\/ol>\n\n\n\n<p class=\"wp-block-paragraph\">A Seduc ter\u00e1 que apresentar justificativas robustas para dar continuidade ao programa. O TCE-SP analisar\u00e1 as respostas e s\u00f3 ent\u00e3o deliberar\u00e1 sobre a manuten\u00e7\u00e3o ou revoga\u00e7\u00e3o da suspens\u00e3o.<\/p>\n\n\n\n<p class=\"wp-block-paragraph\">A decis\u00e3o do TCE-SP n\u00e3o extingue o Programa Escola C\u00edvico-Militar, mas imp\u00f5e um freio de emerg\u00eancia em sua expans\u00e3o, exigindo que o Governo Estadual comprove que a implanta\u00e7\u00e3o do modelo est\u00e1 em conformidade total com a lei.<\/p>\n","protected":false},"excerpt":{"rendered":"<p>Decis\u00e3o un\u00e2nime do tribunal questiona legalidade do edital e exige explica\u00e7\u00f5es da Secretaria de Educa\u00e7\u00e3o sobre previs\u00e3o or\u00e7ament\u00e1ria e contrata\u00e7\u00f5es; programa n\u00e3o \u00e9 extinto, mas sua implanta\u00e7\u00e3o no estado est\u00e1 paralisada. Em uma decis\u00e3o un\u00e2nime tomada na \u00faltima quarta-feira, 3 de setembro, o Tribunal de Contas do Estado de S\u00e3o Paulo (TCE-SP) determinou a suspens\u00e3o [&hellip;]<\/p>\n","protected":false},"author":260896546,"featured_media":6419,"comment_status":"open","ping_status":"open","sticky":false,"template":"","format":"standard","meta":{"_crdt_document":"","_monsterinsights_skip_tracking":false,"_monsterinsights_sitenote_active":false,"_monsterinsights_sitenote_note":"","_monsterinsights_sitenote_category":0,"advanced_seo_description":"","jetpack_seo_html_title":"","jetpack_seo_noindex":false,"_jetpack_newsletter_access":"","_jetpack_dont_email_post_to_subs":false,"_jetpack_newsletter_tier_id":0,"_jetpack_memberships_contains_paywalled_content":false,"_jetpack_memberships_contains_paid_content":false,"footnotes":"","jetpack_publicize_message":"\ud83d\udeab O Tribunal de Contas do Estado (TCE-SP) suspendeu todos os processos seletivos para monitores do programa de escolas c\u00edvico-militares. A decis\u00e3o, un\u00e2nime, questiona a legalidade do edital de contrata\u00e7\u00e3o.\n\nOs motivos da suspens\u00e3o:\n\u25fe\ufe0f Aus\u00eancia de previs\u00e3o or\u00e7ament\u00e1ria para custear o programa;\n\u25fe\ufe0f Contrata\u00e7\u00e3o tempor\u00e1ria sem justificativa legal;\n\u25fe\ufe0f Risco de que os cargos se tornem permanentes.\n\n\ud83d\udcd6 Leia a mat\u00e9ria completa em diariodegarca.com (Link na bio)\n\n#TCE #Educacao #EscolaCivicoMilitar #S\u00e3oPaulo #Noticia #DireitoAdministrativo #DiarioDeGarca","jetpack_publicize_feature_enabled":true,"jetpack_social_post_already_shared":false,"jetpack_social_options":{"image_generator_settings":{"template":"highway","default_image_id":0,"font":"","enabled":false},"version":2},"_wpas_customize_per_network":false,"jetpack_post_was_ever_published":false},"categories":[17964,1192752],"tags":[],"class_list":["post-6418","post","type-post","status-publish","format-standard","has-post-thumbnail","hentry","category-educacao","category-fiscalizacao"],"jetpack_publicize_connections":[],"jetpack_featured_media_url":"https:\/\/i0.wp.com\/diariodegarca.com\/wp-content\/uploads\/2025\/09\/mcmgo_abr_110220193064df.webp?fit=1170%2C700&ssl=1","jetpack_likes_enabled":true,"jetpack_sharing_enabled":true,"jetpack_shortlink":"https:\/\/wp.me\/pgitne-1Fw","jetpack-related-posts":[{"id":6800,"url":"https:\/\/diariodegarca.com\/?p=6800","url_meta":{"origin":6418,"position":0},"title":"Lucian\u00f3polis \u00e9 alertada pelo Tribunal de Contas por descontrole fiscal e falhas na educa\u00e7\u00e3o","author":"Di\u00e1rio de Gar\u00e7a","date":"16 de setembro de 2025","format":false,"excerpt":"Prefeitura acumula notifica\u00e7\u00f5es graves excesso de gastos com pessoal, descumprimento de metas or\u00e7ament\u00e1rias e aplica\u00e7\u00e3o irregular de verbas do FUNDEB j\u00e1 no in\u00edcio de sua gest\u00e3o. O Tribunal de Contas do Estado de S\u00e3o Paulo (TCE-SP) emitiu um conjunto de alertas \u00e0 Prefeitura Municipal de Lucian\u00f3polis, comandada pelo prefeito Ademir\u2026","rel":"","context":"Em &quot;Fiscaliza\u00e7\u00e3o&quot;","block_context":{"text":"Fiscaliza\u00e7\u00e3o","link":"https:\/\/diariodegarca.com\/?cat=1192752"},"img":{"alt_text":"","src":"https:\/\/i0.wp.com\/diariodegarca.com\/wp-content\/uploads\/2025\/09\/481483375_980698084197967_1913898112313955426_n-e1758023889649.jpg?fit=1200%2C527&ssl=1&resize=350%2C200","width":350,"height":200,"srcset":"https:\/\/i0.wp.com\/diariodegarca.com\/wp-content\/uploads\/2025\/09\/481483375_980698084197967_1913898112313955426_n-e1758023889649.jpg?fit=1200%2C527&ssl=1&resize=350%2C200 1x, https:\/\/i0.wp.com\/diariodegarca.com\/wp-content\/uploads\/2025\/09\/481483375_980698084197967_1913898112313955426_n-e1758023889649.jpg?fit=1200%2C527&ssl=1&resize=525%2C300 1.5x, https:\/\/i0.wp.com\/diariodegarca.com\/wp-content\/uploads\/2025\/09\/481483375_980698084197967_1913898112313955426_n-e1758023889649.jpg?fit=1200%2C527&ssl=1&resize=700%2C400 2x, https:\/\/i0.wp.com\/diariodegarca.com\/wp-content\/uploads\/2025\/09\/481483375_980698084197967_1913898112313955426_n-e1758023889649.jpg?fit=1200%2C527&ssl=1&resize=1050%2C600 3x"},"classes":[]},{"id":6355,"url":"https:\/\/diariodegarca.com\/?p=6355","url_meta":{"origin":6418,"position":1},"title":"TCE emite s\u00e9rie de alertas graves sobre gest\u00e3o fiscal e previdenci\u00e1ria de J\u00falio Mesquita","author":"Di\u00e1rio de Gar\u00e7a","date":"4 de setembro de 2025","format":false,"excerpt":"Relat\u00f3rios do Tribunal de Contas do Estado apontam descumprimento de prazos, desequil\u00edbrio nas contas p\u00fablicas, sub aproveitamento de recursos da educa\u00e7\u00e3o, inadimpl\u00eancia recorde em contribui\u00e7\u00f5es previdenci\u00e1rias e risco de colapso no RPPS. O Tribunal de Contas do Estado de S\u00e3o Paulo (TCE-SP) emitiu, ao longo do primeiro semestre do ano,\u2026","rel":"","context":"Em &quot;Fiscaliza\u00e7\u00e3o&quot;","block_context":{"text":"Fiscaliza\u00e7\u00e3o","link":"https:\/\/diariodegarca.com\/?cat=1192752"},"img":{"alt_text":"","src":"https:\/\/i0.wp.com\/diariodegarca.com\/wp-content\/uploads\/2025\/09\/aed506640f5bdd62430b47615abaaeb9.jpg?fit=698%2C465&ssl=1&resize=350%2C200","width":350,"height":200,"srcset":"https:\/\/i0.wp.com\/diariodegarca.com\/wp-content\/uploads\/2025\/09\/aed506640f5bdd62430b47615abaaeb9.jpg?fit=698%2C465&ssl=1&resize=350%2C200 1x, https:\/\/i0.wp.com\/diariodegarca.com\/wp-content\/uploads\/2025\/09\/aed506640f5bdd62430b47615abaaeb9.jpg?fit=698%2C465&ssl=1&resize=525%2C300 1.5x"},"classes":[]},{"id":6316,"url":"https:\/\/diariodegarca.com\/?p=6316","url_meta":{"origin":6418,"position":2},"title":"Tribunal de Contas emite s\u00e9rie de alertas \u00e0 Prefeitura de Gar\u00e7a por desequil\u00edbrio fiscal e investimentos","author":"Di\u00e1rio de Gar\u00e7a","date":"3 de setembro de 2025","format":false,"excerpt":"Relat\u00f3rios do TCE-SP apontam descumprimento de limites de gastos, metas fiscais e aplica\u00e7\u00e3o m\u00ednima em educa\u00e7\u00e3o e sa\u00fade ao longo do primeiro semestre de 2025. O Tribunal de Contas do Estado de S\u00e3o Paulo (TCE-SP) emitiu, entre maio e agosto de 2025, uma sequ\u00eancia de notifica\u00e7\u00f5es de alerta \u00e0 Prefeitura\u2026","rel":"","context":"Em &quot;Fiscaliza\u00e7\u00e3o&quot;","block_context":{"text":"Fiscaliza\u00e7\u00e3o","link":"https:\/\/diariodegarca.com\/?cat=1192752"},"img":{"alt_text":"","src":"https:\/\/i0.wp.com\/diariodegarca.com\/wp-content\/uploads\/2025\/09\/1564492652.jpg?fit=1200%2C932&ssl=1&resize=350%2C200","width":350,"height":200,"srcset":"https:\/\/i0.wp.com\/diariodegarca.com\/wp-content\/uploads\/2025\/09\/1564492652.jpg?fit=1200%2C932&ssl=1&resize=350%2C200 1x, https:\/\/i0.wp.com\/diariodegarca.com\/wp-content\/uploads\/2025\/09\/1564492652.jpg?fit=1200%2C932&ssl=1&resize=525%2C300 1.5x, https:\/\/i0.wp.com\/diariodegarca.com\/wp-content\/uploads\/2025\/09\/1564492652.jpg?fit=1200%2C932&ssl=1&resize=700%2C400 2x, https:\/\/i0.wp.com\/diariodegarca.com\/wp-content\/uploads\/2025\/09\/1564492652.jpg?fit=1200%2C932&ssl=1&resize=1050%2C600 3x"},"classes":[]},{"id":6483,"url":"https:\/\/diariodegarca.com\/?p=6483","url_meta":{"origin":6418,"position":3},"title":"TCE notifica Fern\u00e3o por descumprimento fiscal e investimento insuficiente em educa\u00e7\u00e3o","author":"Di\u00e1rio de Gar\u00e7a","date":"8 de setembro de 2025","format":false,"excerpt":"Alertas do Tribunal de Contas mostram viola\u00e7\u00e3o persistente do limite de gastos, descumprimento de metas da LRF, gest\u00e3o inadequada de restos a pagar e aplica\u00e7\u00e3o abaixo do m\u00ednimo em educa\u00e7\u00e3o durante o primeiro semestre de 2025. O munic\u00edpio de Fern\u00e3o recebeu m\u00faltiplas notifica\u00e7\u00f5es do Tribunal de Contas do Estado de\u2026","rel":"","context":"Em &quot;Fern\u00e3o&quot;","block_context":{"text":"Fern\u00e3o","link":"https:\/\/diariodegarca.com\/?cat=7386895"},"img":{"alt_text":"","src":"https:\/\/i0.wp.com\/diariodegarca.com\/wp-content\/uploads\/2025\/09\/3acf91d6b3bb04a01d64345d938a3618.jpeg?fit=651%2C434&ssl=1&resize=350%2C200","width":350,"height":200,"srcset":"https:\/\/i0.wp.com\/diariodegarca.com\/wp-content\/uploads\/2025\/09\/3acf91d6b3bb04a01d64345d938a3618.jpeg?fit=651%2C434&ssl=1&resize=350%2C200 1x, https:\/\/i0.wp.com\/diariodegarca.com\/wp-content\/uploads\/2025\/09\/3acf91d6b3bb04a01d64345d938a3618.jpeg?fit=651%2C434&ssl=1&resize=525%2C300 1.5x"},"classes":[]},{"id":6658,"url":"https:\/\/diariodegarca.com\/?p=6658","url_meta":{"origin":6418,"position":4},"title":"TCE alerta Lup\u00e9rcio por viola\u00e7\u00e3o do teto de gastos e descumprimentos na educa\u00e7\u00e3o","author":"Di\u00e1rio de Gar\u00e7a","date":"11 de setembro de 2025","format":false,"excerpt":"Notifica\u00e7\u00f5es do Tribunal de Contas apontam estouro do limite constitucional de despesas por quatro meses, gest\u00e3o deficiente de restos a pagar e aplica\u00e7\u00e3o insuficiente de verbas do FUNDEB durante todo o semestre de 2025. O munic\u00edpio de Lup\u00e9rcio recebeu uma s\u00e9rie de notifica\u00e7\u00f5es do Tribunal de Contas do Estado de\u2026","rel":"","context":"Em &quot;Fiscaliza\u00e7\u00e3o&quot;","block_context":{"text":"Fiscaliza\u00e7\u00e3o","link":"https:\/\/diariodegarca.com\/?cat=1192752"},"img":{"alt_text":"","src":"https:\/\/i0.wp.com\/diariodegarca.com\/wp-content\/uploads\/2025\/09\/lupercio.jpg?fit=1200%2C803&ssl=1&resize=350%2C200","width":350,"height":200,"srcset":"https:\/\/i0.wp.com\/diariodegarca.com\/wp-content\/uploads\/2025\/09\/lupercio.jpg?fit=1200%2C803&ssl=1&resize=350%2C200 1x, https:\/\/i0.wp.com\/diariodegarca.com\/wp-content\/uploads\/2025\/09\/lupercio.jpg?fit=1200%2C803&ssl=1&resize=525%2C300 1.5x, https:\/\/i0.wp.com\/diariodegarca.com\/wp-content\/uploads\/2025\/09\/lupercio.jpg?fit=1200%2C803&ssl=1&resize=700%2C400 2x, https:\/\/i0.wp.com\/diariodegarca.com\/wp-content\/uploads\/2025\/09\/lupercio.jpg?fit=1200%2C803&ssl=1&resize=1050%2C600 3x"},"classes":[]},{"id":6387,"url":"https:\/\/diariodegarca.com\/?p=6387","url_meta":{"origin":6418,"position":5},"title":"TCE alerta \u00c1lvaro de Carvalho por risco fiscal, previdenci\u00e1rio e descumprimento em educa\u00e7\u00e3o","author":"Di\u00e1rio de Gar\u00e7a","date":"5 de setembro de 2025","format":false,"excerpt":"Notifica\u00e7\u00f5es do Tribunal de Contas apontam gastos acima do limite constitucional, inadimpl\u00eancia em contribui\u00e7\u00f5es patronais, d\u00edvida previdenci\u00e1ria fora de controle e aplica\u00e7\u00e3o insuficiente de verbas do FUNDEB. Prefeitura e C\u00e2mara tamb\u00e9m falham na entrega de documentos. O Tribunal de Contas do Estado de S\u00e3o Paulo (TCE-SP) emitiu uma s\u00e9rie de\u2026","rel":"","context":"Em &quot;\u00c1lvaro de Carvalho&quot;","block_context":{"text":"\u00c1lvaro de Carvalho","link":"https:\/\/diariodegarca.com\/?cat=29815376"},"img":{"alt_text":"","src":"https:\/\/i0.wp.com\/diariodegarca.com\/wp-content\/uploads\/2025\/09\/d0aa3537cad9f30c771f3649d453478b.jpeg?fit=651%2C488&ssl=1&resize=350%2C200","width":350,"height":200,"srcset":"https:\/\/i0.wp.com\/diariodegarca.com\/wp-content\/uploads\/2025\/09\/d0aa3537cad9f30c771f3649d453478b.jpeg?fit=651%2C488&ssl=1&resize=350%2C200 1x, https:\/\/i0.wp.com\/diariodegarca.com\/wp-content\/uploads\/2025\/09\/d0aa3537cad9f30c771f3649d453478b.jpeg?fit=651%2C488&ssl=1&resize=525%2C300 1.5x"},"classes":[]}],"_links":{"self":[{"href":"https:\/\/diariodegarca.com\/index.php?rest_route=\/wp\/v2\/posts\/6418","targetHints":{"allow":["GET"]}}],"collection":[{"href":"https:\/\/diariodegarca.com\/index.php?rest_route=\/wp\/v2\/posts"}],"about":[{"href":"https:\/\/diariodegarca.com\/index.php?rest_route=\/wp\/v2\/types\/post"}],"author":[{"embeddable":true,"href":"https:\/\/diariodegarca.com\/index.php?rest_route=\/wp\/v2\/users\/260896546"}],"replies":[{"embeddable":true,"href":"https:\/\/diariodegarca.com\/index.php?rest_route=%2Fwp%2Fv2%2Fcomments&post=6418"}],"version-history":[{"count":3,"href":"https:\/\/diariodegarca.com\/index.php?rest_route=\/wp\/v2\/posts\/6418\/revisions"}],"predecessor-version":[{"id":6422,"href":"https:\/\/diariodegarca.com\/index.php?rest_route=\/wp\/v2\/posts\/6418\/revisions\/6422"}],"wp:featuredmedia":[{"embeddable":true,"href":"https:\/\/diariodegarca.com\/index.php?rest_route=\/wp\/v2\/media\/6419"}],"wp:attachment":[{"href":"https:\/\/diariodegarca.com\/index.php?rest_route=%2Fwp%2Fv2%2Fmedia&parent=6418"}],"wp:term":[{"taxonomy":"category","embeddable":true,"href":"https:\/\/diariodegarca.com\/index.php?rest_route=%2Fwp%2Fv2%2Fcategories&post=6418"},{"taxonomy":"post_tag","embeddable":true,"href":"https:\/\/diariodegarca.com\/index.php?rest_route=%2Fwp%2Fv2%2Ftags&post=6418"}],"curies":[{"name":"wp","href":"https:\/\/api.w.org\/{rel}","templated":true}]}}