{"id":6483,"date":"2025-09-08T09:58:52","date_gmt":"2025-09-08T12:58:52","guid":{"rendered":"https:\/\/diariodegarca.com\/?p=6483"},"modified":"2025-09-07T10:11:36","modified_gmt":"2025-09-07T13:11:36","slug":"tce-notifica-fernao-por-descumprimento-fiscal-e-investimento-insuficiente-em-educacao","status":"publish","type":"post","link":"https:\/\/diariodegarca.com\/?p=6483","title":{"rendered":"TCE notifica Fern\u00e3o por descumprimento fiscal e investimento insuficiente em educa\u00e7\u00e3o"},"content":{"rendered":"\n<p class=\"wp-block-paragraph\"><em>Alertas do Tribunal de Contas mostram viola\u00e7\u00e3o persistente do limite de gastos, descumprimento de metas da LRF, gest\u00e3o inadequada de restos a pagar e aplica\u00e7\u00e3o abaixo do m\u00ednimo em educa\u00e7\u00e3o durante o primeiro semestre de 2025.<\/em><\/p>\n\n\n\n<p class=\"wp-block-paragraph\">O munic\u00edpio de Fern\u00e3o recebeu m\u00faltiplas notifica\u00e7\u00f5es do Tribunal de Contas do Estado de S\u00e3o Paulo (TCE-SP) ao longo do primeiro semestre de 2025, que apontam irregularidades fiscais e descumprimento de obriga\u00e7\u00f5es legais. Os alertas, do\u00a0<strong>processo TC 6104\/989\/24<\/strong>, sob relatoria do\u00a0<strong>Dr. Sidney Estanislau Beraldo<\/strong>, foram direcionados ao prefeito Eber Rogerio Assis e ao presidente da C\u00e2mara Municipal, Josiel Candido Negr\u00e3o.<\/p>\n\n\n\n<p class=\"wp-block-paragraph\">Os relat\u00f3rios demonstram que os problemas foram persistentes, se repetindo m\u00eas ap\u00f3s m\u00eas, e abrangem desde o n\u00facleo duro da gest\u00e3o fiscal at\u00e9 o investimento em \u00e1reas essenciais.<\/p>\n\n\n\n<p class=\"wp-block-paragraph\"><strong>Viola\u00e7\u00e3o do Teto de Gastos e Desequil\u00edbrio Fiscal<\/strong><\/p>\n\n\n\n<p class=\"wp-block-paragraph\">Um dos problemas mais graves identificados foi o descumprimento do \u00a7 1\u00ba do artigo 167-A da Constitui\u00e7\u00e3o Federal, que imp\u00f5e um limite r\u00edgido para a despesa corrente.<\/p>\n\n\n\n<ul class=\"wp-block-list\">\n<li><strong>Fevereiro\/2025:<\/strong>\u00a0A despesa corrente liquidada (R$ 24.348.551,91) representou\u00a0<strong>85,34%<\/strong>\u00a0da receita corrente arrecadada (R$ 28.530.263,49), ultrapassando o limite de 85%.<\/li>\n\n\n\n<li><strong>Abril\/2025:<\/strong>\u00a0A situa\u00e7\u00e3o se repetiu. O percentual foi de\u00a0<strong>85,27%<\/strong>, com despesa de R$ 24.486.700,11 e receita de R$ 28.717.746,95.<\/li>\n<\/ul>\n\n\n\n<p class=\"wp-block-paragraph\">O TCE foi enf\u00e1tico ao afirmar que &#8220;o resultado apurado mostra que o Ente superou o limite&#8221; constitucional, alertando o munic\u00edpio para que &#8220;adote as medidas cab\u00edveis conforme estabelece a legisla\u00e7\u00e3o aplic\u00e1vel \u00e0 situa\u00e7\u00e3o&#8221;.<\/p>\n\n\n\n<p class=\"wp-block-paragraph\">Al\u00e9m disso, a\u00a0<strong>An\u00e1lise da Receita (GF15)<\/strong>\u00a0foi classificada como &#8220;desfavor\u00e1vel&#8221; em todos os meses analisados (de janeiro a junho), indicando, segundo os documentos, uma &#8220;tend\u00eancia ao descumprimento das Metas Fiscais&#8221; da Lei de Responsabilidade Fiscal. Em junho, somou-se a isso a incompatibilidade entre o\u00a0<strong>Resultado Prim\u00e1rio<\/strong>\u00a0previsto na LOA e a meta da LDO.<\/p>\n\n\n\n<p class=\"wp-block-paragraph\"><strong>Atraso na Presta\u00e7\u00e3o de Contas<\/strong><\/p>\n\n\n\n<p class=\"wp-block-paragraph\">A gest\u00e3o dos\u00a0<strong>Restos a Pagar<\/strong>\u00a0(despesas empenhadas, mas n\u00e3o pagas) foi outro ponto cr\u00edtico. De fevereiro a junho, o TCE alertou que &#8220;as baixas ocorreram aqu\u00e9m (inferior) do par\u00e2metro que indique a redu\u00e7\u00e3o integral&#8221;, exigindo que o \u00f3rg\u00e3o adotasse &#8220;os ajustes necess\u00e1rios&#8221; para quitar suas d\u00edvidas.<\/p>\n\n\n\n<p class=\"wp-block-paragraph\">Segundo os relat\u00f3rios, a Prefeitura cometeu\u00a0<strong>entregas intempestivas<\/strong>\u00a0(fora do prazo) de documentos em fevereiro, como a &#8220;Publica\u00e7\u00e3o do RREO de Receitas e Despesas Previdenci\u00e1rias&#8221; e a &#8220;Atualiza\u00e7\u00e3o do Cadastro Geral de Entidades&#8221;. A C\u00e2mara Municipal, por sua vez, atrasou a &#8220;Publica\u00e7\u00e3o do RGF Legislativo&#8221; em abril.<\/p>\n\n\n\n<p class=\"wp-block-paragraph\"><strong>Educa\u00e7\u00e3o: descumprimento triplo no In\u00edcio da gest\u00e3o<\/strong><\/p>\n\n\n\n<p class=\"wp-block-paragraph\">O mais alarmante na \u00e1rea social foi o diagn\u00f3stico sobre a educa\u00e7\u00e3o. J\u00e1 no primeiro m\u00eas de gest\u00e3o (janeiro), o TCE emitiu um alerta triplo:<\/p>\n\n\n\n<ol start=\"1\" class=\"wp-block-list\">\n<li><strong>AE03 &#8211; Aplica\u00e7\u00e3o de Recursos Pr\u00f3prios:<\/strong>\u00a0Percentual insuficiente, descumprindo o art. 212 da Constitui\u00e7\u00e3o Federal.<\/li>\n\n\n\n<li><strong>AE05 &#8211; Aplica\u00e7\u00e3o de Recursos do FUNDEB:<\/strong>\u00a0Percentual desfavor\u00e1vel ao art. 25, \u00a73\u00ba, da Lei 14.113\/20.<\/li>\n\n\n\n<li><strong>AE06 &#8211; Aplica\u00e7\u00e3o com Profissionais:<\/strong>\u00a0Percentual desfavor\u00e1vel ao art. 26 da Lei 14.113\/20.<\/li>\n<\/ol>\n\n\n\n<p class=\"wp-block-paragraph\">O descumprimento da aplica\u00e7\u00e3o m\u00ednima do FUNDEB se repetiu em fevereiro e abril, indicando um problema n\u00e3o solucionado ao longo do semestre.<\/p>\n\n\n\n<p class=\"wp-block-paragraph\">Todos os comunicados do TCE-SP para Fern\u00e3o terminam com a mesma advert\u00eancia: &#8220;em virtude do apurado, dever\u00e3o ser observadas as exig\u00eancias contidas na legisla\u00e7\u00e3o supra citada, a fim de evitar poss\u00edveis san\u00e7\u00f5es de ordem administrativa e\/ou penal&#8221;. Os alertas servem como um ultimato para que a administra\u00e7\u00e3o municipal corrija urgentemente o rumo de sua gest\u00e3o fiscal e cumpra suas obriga\u00e7\u00f5es constitucionais.<\/p>\n","protected":false},"excerpt":{"rendered":"<p>Alertas do Tribunal de Contas mostram viola\u00e7\u00e3o persistente do limite de gastos, descumprimento de metas da LRF, gest\u00e3o inadequada de restos a pagar e aplica\u00e7\u00e3o abaixo do m\u00ednimo em educa\u00e7\u00e3o durante o primeiro semestre de 2025. O munic\u00edpio de Fern\u00e3o recebeu m\u00faltiplas notifica\u00e7\u00f5es do Tribunal de Contas do Estado de S\u00e3o Paulo (TCE-SP) ao longo [&hellip;]<\/p>\n","protected":false},"author":260896546,"featured_media":6484,"comment_status":"open","ping_status":"open","sticky":false,"template":"","format":"standard","meta":{"_crdt_document":"","_monsterinsights_skip_tracking":false,"_monsterinsights_sitenote_active":false,"_monsterinsights_sitenote_note":"","_monsterinsights_sitenote_category":0,"advanced_seo_description":"","jetpack_seo_html_title":"","jetpack_seo_noindex":false,"_jetpack_newsletter_access":"","_jetpack_dont_email_post_to_subs":false,"_jetpack_newsletter_tier_id":0,"_jetpack_memberships_contains_paywalled_content":false,"_jetpack_memberships_contains_paid_content":false,"footnotes":"","jetpack_publicize_message":"\u26a0\ufe0f TCE emite alertas para Fern\u00e3o\n\nO Tribunal de Contas apontou problemas na gest\u00e3o do munic\u00edpio nos primeiros meses de 2025 Os destaques do relat\u00f3rio apontam gastos acima do limite; tend\u00eancia de descumprimento da Lei de Responsabilidade Fiscal; problemas nas verbas destinadas \u00e0 educa\u00e7\u00e3o.\n\n\ud83d\udcd6 Entenda a fundo os detalhes dessas irregularidades apontadas e confira tamb\u00e9m os relat\u00f3rios de outras cidades da regi\u00e3o em diariodegarca.com (link na bio).\n\n#Fern\u00e3o #TCE #Fiscaliza\u00e7\u00e3o #Educa\u00e7\u00e3o","jetpack_publicize_feature_enabled":true,"jetpack_social_post_already_shared":false,"jetpack_social_options":{"image_generator_settings":{"template":"highway","default_image_id":0,"font":"","enabled":false},"version":2},"_wpas_customize_per_network":false,"jetpack_post_was_ever_published":false},"categories":[7386895,1192752],"tags":[],"class_list":["post-6483","post","type-post","status-publish","format-standard","has-post-thumbnail","hentry","category-fernao","category-fiscalizacao"],"jetpack_publicize_connections":[],"jetpack_featured_media_url":"https:\/\/i0.wp.com\/diariodegarca.com\/wp-content\/uploads\/2025\/09\/3acf91d6b3bb04a01d64345d938a3618.jpeg?fit=651%2C434&ssl=1","jetpack_likes_enabled":true,"jetpack_sharing_enabled":true,"jetpack_shortlink":"https:\/\/wp.me\/pgitne-1Gz","jetpack-related-posts":[{"id":6658,"url":"https:\/\/diariodegarca.com\/?p=6658","url_meta":{"origin":6483,"position":0},"title":"TCE alerta Lup\u00e9rcio por viola\u00e7\u00e3o do teto de gastos e descumprimentos na educa\u00e7\u00e3o","author":"Di\u00e1rio de Gar\u00e7a","date":"11 de setembro de 2025","format":false,"excerpt":"Notifica\u00e7\u00f5es do Tribunal de Contas apontam estouro do limite constitucional de despesas por quatro meses, gest\u00e3o deficiente de restos a pagar e aplica\u00e7\u00e3o insuficiente de verbas do FUNDEB durante todo o semestre de 2025. O munic\u00edpio de Lup\u00e9rcio recebeu uma s\u00e9rie de notifica\u00e7\u00f5es do Tribunal de Contas do Estado de\u2026","rel":"","context":"Em &quot;Fiscaliza\u00e7\u00e3o&quot;","block_context":{"text":"Fiscaliza\u00e7\u00e3o","link":"https:\/\/diariodegarca.com\/?cat=1192752"},"img":{"alt_text":"","src":"https:\/\/i0.wp.com\/diariodegarca.com\/wp-content\/uploads\/2025\/09\/lupercio.jpg?fit=1200%2C803&ssl=1&resize=350%2C200","width":350,"height":200,"srcset":"https:\/\/i0.wp.com\/diariodegarca.com\/wp-content\/uploads\/2025\/09\/lupercio.jpg?fit=1200%2C803&ssl=1&resize=350%2C200 1x, https:\/\/i0.wp.com\/diariodegarca.com\/wp-content\/uploads\/2025\/09\/lupercio.jpg?fit=1200%2C803&ssl=1&resize=525%2C300 1.5x, https:\/\/i0.wp.com\/diariodegarca.com\/wp-content\/uploads\/2025\/09\/lupercio.jpg?fit=1200%2C803&ssl=1&resize=700%2C400 2x, https:\/\/i0.wp.com\/diariodegarca.com\/wp-content\/uploads\/2025\/09\/lupercio.jpg?fit=1200%2C803&ssl=1&resize=1050%2C600 3x"},"classes":[]},{"id":6479,"url":"https:\/\/diariodegarca.com\/?p=6479","url_meta":{"origin":6483,"position":1},"title":"Prefeitura de G\u00e1lia \u00e9 notificada pelo TCE por descumprir teto de gastos e metas fiscais","author":"Di\u00e1rio de Gar\u00e7a","date":"7 de setembro de 2025","format":false,"excerpt":"Alertas do Tribunal de Contas apontam viola\u00e7\u00e3o do limite constitucional de despesas por tr\u00eas meses, tend\u00eancia de descumprimento de metas da LRF e aplica\u00e7\u00e3o insuficiente de verbas na educa\u00e7\u00e3o. Situa\u00e7\u00e3o fiscal se agravou em junho. A Prefeitura Municipal de G\u00e1lia recebeu uma s\u00e9rie de notifica\u00e7\u00f5es do Tribunal de Contas do\u2026","rel":"","context":"Em &quot;Fiscaliza\u00e7\u00e3o&quot;","block_context":{"text":"Fiscaliza\u00e7\u00e3o","link":"https:\/\/diariodegarca.com\/?cat=1192752"},"img":{"alt_text":"","src":"https:\/\/i0.wp.com\/diariodegarca.com\/wp-content\/uploads\/2025\/09\/scn6108-1024x768-1.jpg?fit=1024%2C768&ssl=1&resize=350%2C200","width":350,"height":200,"srcset":"https:\/\/i0.wp.com\/diariodegarca.com\/wp-content\/uploads\/2025\/09\/scn6108-1024x768-1.jpg?fit=1024%2C768&ssl=1&resize=350%2C200 1x, https:\/\/i0.wp.com\/diariodegarca.com\/wp-content\/uploads\/2025\/09\/scn6108-1024x768-1.jpg?fit=1024%2C768&ssl=1&resize=525%2C300 1.5x, https:\/\/i0.wp.com\/diariodegarca.com\/wp-content\/uploads\/2025\/09\/scn6108-1024x768-1.jpg?fit=1024%2C768&ssl=1&resize=700%2C400 2x"},"classes":[]},{"id":6516,"url":"https:\/\/diariodegarca.com\/?p=6516","url_meta":{"origin":6483,"position":2},"title":"Alvinl\u00e2ndia \u00e9 notificada pelo TCE por gastos acima do limite e descumprimento em educa\u00e7\u00e3o","author":"Di\u00e1rio de Gar\u00e7a","date":"9 de setembro de 2025","format":false,"excerpt":"Alertas do Tribunal de Contas apontam viola\u00e7\u00e3o do teto constitucional de gastos por tr\u00eas meses consecutivos, tend\u00eancia de descumprimento de metas fiscais e aplica\u00e7\u00e3o insuficiente de verbas do FUNDEB durante todo o semestre. A Prefeitura Municipal de Alvinl\u00e2ndia recebeu uma sequ\u00eancia de notifica\u00e7\u00f5es do Tribunal de Contas do Estado de\u2026","rel":"","context":"Em &quot;Alvinl\u00e2ndia&quot;","block_context":{"text":"Alvinl\u00e2ndia","link":"https:\/\/diariodegarca.com\/?cat=32102633"},"img":{"alt_text":"","src":"https:\/\/i0.wp.com\/diariodegarca.com\/wp-content\/uploads\/2025\/09\/foto_materia_transicao_alvinlandia.jpg?fit=921%2C511&ssl=1&resize=350%2C200","width":350,"height":200,"srcset":"https:\/\/i0.wp.com\/diariodegarca.com\/wp-content\/uploads\/2025\/09\/foto_materia_transicao_alvinlandia.jpg?fit=921%2C511&ssl=1&resize=350%2C200 1x, https:\/\/i0.wp.com\/diariodegarca.com\/wp-content\/uploads\/2025\/09\/foto_materia_transicao_alvinlandia.jpg?fit=921%2C511&ssl=1&resize=525%2C300 1.5x, https:\/\/i0.wp.com\/diariodegarca.com\/wp-content\/uploads\/2025\/09\/foto_materia_transicao_alvinlandia.jpg?fit=921%2C511&ssl=1&resize=700%2C400 2x"},"classes":[]},{"id":6355,"url":"https:\/\/diariodegarca.com\/?p=6355","url_meta":{"origin":6483,"position":3},"title":"TCE emite s\u00e9rie de alertas graves sobre gest\u00e3o fiscal e previdenci\u00e1ria de J\u00falio Mesquita","author":"Di\u00e1rio de Gar\u00e7a","date":"4 de setembro de 2025","format":false,"excerpt":"Relat\u00f3rios do Tribunal de Contas do Estado apontam descumprimento de prazos, desequil\u00edbrio nas contas p\u00fablicas, sub aproveitamento de recursos da educa\u00e7\u00e3o, inadimpl\u00eancia recorde em contribui\u00e7\u00f5es previdenci\u00e1rias e risco de colapso no RPPS. O Tribunal de Contas do Estado de S\u00e3o Paulo (TCE-SP) emitiu, ao longo do primeiro semestre do ano,\u2026","rel":"","context":"Em &quot;Fiscaliza\u00e7\u00e3o&quot;","block_context":{"text":"Fiscaliza\u00e7\u00e3o","link":"https:\/\/diariodegarca.com\/?cat=1192752"},"img":{"alt_text":"","src":"https:\/\/i0.wp.com\/diariodegarca.com\/wp-content\/uploads\/2025\/09\/aed506640f5bdd62430b47615abaaeb9.jpg?fit=698%2C465&ssl=1&resize=350%2C200","width":350,"height":200,"srcset":"https:\/\/i0.wp.com\/diariodegarca.com\/wp-content\/uploads\/2025\/09\/aed506640f5bdd62430b47615abaaeb9.jpg?fit=698%2C465&ssl=1&resize=350%2C200 1x, https:\/\/i0.wp.com\/diariodegarca.com\/wp-content\/uploads\/2025\/09\/aed506640f5bdd62430b47615abaaeb9.jpg?fit=698%2C465&ssl=1&resize=525%2C300 1.5x"},"classes":[]},{"id":6387,"url":"https:\/\/diariodegarca.com\/?p=6387","url_meta":{"origin":6483,"position":4},"title":"TCE alerta \u00c1lvaro de Carvalho por risco fiscal, previdenci\u00e1rio e descumprimento em educa\u00e7\u00e3o","author":"Di\u00e1rio de Gar\u00e7a","date":"5 de setembro de 2025","format":false,"excerpt":"Notifica\u00e7\u00f5es do Tribunal de Contas apontam gastos acima do limite constitucional, inadimpl\u00eancia em contribui\u00e7\u00f5es patronais, d\u00edvida previdenci\u00e1ria fora de controle e aplica\u00e7\u00e3o insuficiente de verbas do FUNDEB. Prefeitura e C\u00e2mara tamb\u00e9m falham na entrega de documentos. O Tribunal de Contas do Estado de S\u00e3o Paulo (TCE-SP) emitiu uma s\u00e9rie de\u2026","rel":"","context":"Em &quot;\u00c1lvaro de Carvalho&quot;","block_context":{"text":"\u00c1lvaro de Carvalho","link":"https:\/\/diariodegarca.com\/?cat=29815376"},"img":{"alt_text":"","src":"https:\/\/i0.wp.com\/diariodegarca.com\/wp-content\/uploads\/2025\/09\/d0aa3537cad9f30c771f3649d453478b.jpeg?fit=651%2C488&ssl=1&resize=350%2C200","width":350,"height":200,"srcset":"https:\/\/i0.wp.com\/diariodegarca.com\/wp-content\/uploads\/2025\/09\/d0aa3537cad9f30c771f3649d453478b.jpeg?fit=651%2C488&ssl=1&resize=350%2C200 1x, https:\/\/i0.wp.com\/diariodegarca.com\/wp-content\/uploads\/2025\/09\/d0aa3537cad9f30c771f3649d453478b.jpeg?fit=651%2C488&ssl=1&resize=525%2C300 1.5x"},"classes":[]},{"id":6316,"url":"https:\/\/diariodegarca.com\/?p=6316","url_meta":{"origin":6483,"position":5},"title":"Tribunal de Contas emite s\u00e9rie de alertas \u00e0 Prefeitura de Gar\u00e7a por desequil\u00edbrio fiscal e investimentos","author":"Di\u00e1rio de Gar\u00e7a","date":"3 de setembro de 2025","format":false,"excerpt":"Relat\u00f3rios do TCE-SP apontam descumprimento de limites de gastos, metas fiscais e aplica\u00e7\u00e3o m\u00ednima em educa\u00e7\u00e3o e sa\u00fade ao longo do primeiro semestre de 2025. O Tribunal de Contas do Estado de S\u00e3o Paulo (TCE-SP) emitiu, entre maio e agosto de 2025, uma sequ\u00eancia de notifica\u00e7\u00f5es de alerta \u00e0 Prefeitura\u2026","rel":"","context":"Em &quot;Fiscaliza\u00e7\u00e3o&quot;","block_context":{"text":"Fiscaliza\u00e7\u00e3o","link":"https:\/\/diariodegarca.com\/?cat=1192752"},"img":{"alt_text":"","src":"https:\/\/i0.wp.com\/diariodegarca.com\/wp-content\/uploads\/2025\/09\/1564492652.jpg?fit=1200%2C932&ssl=1&resize=350%2C200","width":350,"height":200,"srcset":"https:\/\/i0.wp.com\/diariodegarca.com\/wp-content\/uploads\/2025\/09\/1564492652.jpg?fit=1200%2C932&ssl=1&resize=350%2C200 1x, https:\/\/i0.wp.com\/diariodegarca.com\/wp-content\/uploads\/2025\/09\/1564492652.jpg?fit=1200%2C932&ssl=1&resize=525%2C300 1.5x, https:\/\/i0.wp.com\/diariodegarca.com\/wp-content\/uploads\/2025\/09\/1564492652.jpg?fit=1200%2C932&ssl=1&resize=700%2C400 2x, https:\/\/i0.wp.com\/diariodegarca.com\/wp-content\/uploads\/2025\/09\/1564492652.jpg?fit=1200%2C932&ssl=1&resize=1050%2C600 3x"},"classes":[]}],"_links":{"self":[{"href":"https:\/\/diariodegarca.com\/index.php?rest_route=\/wp\/v2\/posts\/6483","targetHints":{"allow":["GET"]}}],"collection":[{"href":"https:\/\/diariodegarca.com\/index.php?rest_route=\/wp\/v2\/posts"}],"about":[{"href":"https:\/\/diariodegarca.com\/index.php?rest_route=\/wp\/v2\/types\/post"}],"author":[{"embeddable":true,"href":"https:\/\/diariodegarca.com\/index.php?rest_route=\/wp\/v2\/users\/260896546"}],"replies":[{"embeddable":true,"href":"https:\/\/diariodegarca.com\/index.php?rest_route=%2Fwp%2Fv2%2Fcomments&post=6483"}],"version-history":[{"count":3,"href":"https:\/\/diariodegarca.com\/index.php?rest_route=\/wp\/v2\/posts\/6483\/revisions"}],"predecessor-version":[{"id":6487,"href":"https:\/\/diariodegarca.com\/index.php?rest_route=\/wp\/v2\/posts\/6483\/revisions\/6487"}],"wp:featuredmedia":[{"embeddable":true,"href":"https:\/\/diariodegarca.com\/index.php?rest_route=\/wp\/v2\/media\/6484"}],"wp:attachment":[{"href":"https:\/\/diariodegarca.com\/index.php?rest_route=%2Fwp%2Fv2%2Fmedia&parent=6483"}],"wp:term":[{"taxonomy":"category","embeddable":true,"href":"https:\/\/diariodegarca.com\/index.php?rest_route=%2Fwp%2Fv2%2Fcategories&post=6483"},{"taxonomy":"post_tag","embeddable":true,"href":"https:\/\/diariodegarca.com\/index.php?rest_route=%2Fwp%2Fv2%2Ftags&post=6483"}],"curies":[{"name":"wp","href":"https:\/\/api.w.org\/{rel}","templated":true}]}}