{"id":6516,"date":"2025-09-09T09:52:39","date_gmt":"2025-09-09T12:52:39","guid":{"rendered":"https:\/\/diariodegarca.com\/?p=6516"},"modified":"2025-09-09T09:52:39","modified_gmt":"2025-09-09T12:52:39","slug":"alvinlandia-e-notificada-pelo-tce-por-gastos-acima-do-limite-e-descumprimento-em-educacao","status":"publish","type":"post","link":"https:\/\/diariodegarca.com\/?p=6516","title":{"rendered":"Alvinl\u00e2ndia \u00e9 notificada pelo TCE por gastos acima do limite e descumprimento em educa\u00e7\u00e3o"},"content":{"rendered":"\n<p class=\"wp-block-paragraph\"><em>Alertas do Tribunal de Contas apontam viola\u00e7\u00e3o do teto constitucional de gastos por tr\u00eas meses consecutivos, tend\u00eancia de descumprimento de metas fiscais e aplica\u00e7\u00e3o insuficiente de verbas do FUNDEB durante todo o semestre.<\/em><\/p>\n\n\n\n<p class=\"wp-block-paragraph\">A Prefeitura Municipal de Alvinl\u00e2ndia recebeu uma sequ\u00eancia de notifica\u00e7\u00f5es do Tribunal de Contas do Estado de S\u00e3o Paulo (TCE-SP) no primeiro semestre de 2025, revelando um cen\u00e1rio de descontrole fiscal e descumprimento de obriga\u00e7\u00f5es legais. Os alertas, do\u00a0<strong>processo TC 6164\/989\/24<\/strong>, sob relatoria do\u00a0<strong>Dr. Dimas Ramalho<\/strong>, foram direcionados ao prefeito Ant\u00f4nio Ferreira de Moraes Junior e mostram que os problemas se agravaram com o passar dos meses.<\/p>\n\n\n\n<p class=\"wp-block-paragraph\"><strong>Viola\u00e7\u00e3o do Teto de Gastos<\/strong><\/p>\n\n\n\n<p class=\"wp-block-paragraph\">O ponto mais cr\u00edtico identificado pelo TCE foi o descumprimento sistem\u00e1tico do \u00a7 1\u00ba do artigo 167-A da Constitui\u00e7\u00e3o Federal, que estabelece o limite de 85% para a despesa corrente l\u00edquida em rela\u00e7\u00e3o \u00e0 receita corrente arrecadada. O munic\u00edpio violou este limite fundamental por tr\u00eas meses consecutivos:<\/p>\n\n\n\n<ul class=\"wp-block-list\">\n<li><strong>Fevereiro\/2025:<\/strong>\u00a0A despesa corrente liquidada (R$ 24.873.650,14) representou\u00a0<strong>92,87%<\/strong>\u00a0da receita corrente arrecadada (R$ 26.784.061,58).<\/li>\n\n\n\n<li><strong>Abril\/2025:<\/strong>\u00a0O percentual foi de\u00a0<strong>92,58%<\/strong>, com despesa de R$ 25.219.977,37 e receita de R$ 27.240.653,29.<\/li>\n\n\n\n<li><strong>Junho\/2025:<\/strong>\u00a0A situa\u00e7\u00e3o permaneceu cr\u00edtica, com o \u00edndice atingindo\u00a0<strong>92,72%<\/strong>\u00a0(Despesa: R$ 25.818.097,29 \/ Receita: R$ 27.846.530,19).<\/li>\n<\/ul>\n\n\n\n<p class=\"wp-block-paragraph\">Em todos os casos, o TCE apontou nos relat\u00f3rios: &#8220;o resultado apurado mostra que o Ente superou o limite do \u00a7 1\u00ba do artigo 167-A (85,00%) da Constitui\u00e7\u00e3o Federal de 1988&#8221;, alertando a Prefeitura para que &#8220;adote as medidas cab\u00edveis conforme estabelece a legisla\u00e7\u00e3o aplic\u00e1vel \u00e0 situa\u00e7\u00e3o&#8221;.<\/p>\n\n\n\n<p class=\"wp-block-paragraph\"><strong>Metas Fiscais e Planejamento Or\u00e7ament\u00e1rio incompat\u00edveis<\/strong><\/p>\n\n\n\n<p class=\"wp-block-paragraph\">A\u00a0<strong>An\u00e1lise da Receita (GF15)<\/strong>\u00a0foi classificada como &#8220;desfavor\u00e1vel&#8221; em todos os meses de janeiro a junho, indicando uma &#8220;tend\u00eancia ao descumprimento das Metas Fiscais&#8221;, segundo apontamentos dos relat\u00f3rios, estabelecidas na Lei de Responsabilidade Fiscal. <\/p>\n\n\n\n<p class=\"wp-block-paragraph\">Al\u00e9m disso, em fevereiro, abril e junho, o TCE constatou que o\u00a0<strong>Resultado Prim\u00e1rio<\/strong>\u00a0previsto na Lei Or\u00e7ament\u00e1ria Anual (LOA) era inferior \u00e0 meta da Lei de Diretrizes Or\u00e7ament\u00e1rias (LDO), demonstrando que a execu\u00e7\u00e3o or\u00e7ament\u00e1ria n\u00e3o seguia o planejamento.<\/p>\n\n\n\n<p class=\"wp-block-paragraph\"><strong>Atraso na Presta\u00e7\u00e3o de Contas<\/strong><\/p>\n\n\n\n<p class=\"wp-block-paragraph\">Segundo os relat\u00f3rios, a administra\u00e7\u00e3o municipal demonstrou falhas recorrentes na presta\u00e7\u00e3o de contas. Em janeiro, houve\u00a0<strong>entrega intempestiva<\/strong> (fora do prazo)\u00a0dos Balancetes Isolados de Conta Cont\u00e1bil e de Conta Corrente. Em fevereiro, as Concilia\u00e7\u00f5es Banc\u00e1rias Mensais tamb\u00e9m foram entregues fora do prazo.<\/p>\n\n\n\n<p class=\"wp-block-paragraph\">Em abril, a situa\u00e7\u00e3o foi ainda mais alarmante, segundo o relat\u00f3rio a Prefeitura atrasou a entrega de praticamente toda a documenta\u00e7\u00e3o do Relat\u00f3rio Resumido da Execu\u00e7\u00e3o Or\u00e7ament\u00e1ria (RREO), incluindo Balan\u00e7o Or\u00e7ament\u00e1rio, Demonstra\u00e7\u00f5es por Fun\u00e7\u00e3o\/Subfun\u00e7\u00e3o, Apura\u00e7\u00e3o da RCL, Resultado Nominal, Resultado Prim\u00e1rio, Restos a Pagar, RGF Executivo e demonstrativos de gastos com Educa\u00e7\u00e3o e Sa\u00fade. Em junho, a situa\u00e7\u00e3o se repetiu com a\u00a0<strong>n\u00e3o entrega<\/strong>\u00a0da documenta\u00e7\u00e3o sobre &#8220;Receitas e Despesas Previdenci\u00e1rias&#8221;.<\/p>\n\n\n\n<p class=\"wp-block-paragraph\"><strong>Educa\u00e7\u00e3o: descumprimento do FUNDEB<\/strong><\/p>\n\n\n\n<p class=\"wp-block-paragraph\">A aplica\u00e7\u00e3o de recursos do FUNDEB foi um problema constante. Em janeiro, o TCE emitiu um alerta duplo: al\u00e9m do percentual geral ser insuficiente (art. 25, \u00a73\u00ba, da Lei 14.113\/20), a aplica\u00e7\u00e3o\u00a0<strong>com profissionais da Educa\u00e7\u00e3o B\u00e1sica<\/strong>\u00a0tamb\u00e9m foi considerada &#8220;desfavor\u00e1vel&#8221;, descumprindo o art. 26 da mesma lei. <\/p>\n\n\n\n<p class=\"wp-block-paragraph\">O descumprimento da aplica\u00e7\u00e3o m\u00ednima do FUNDEB se repetiu em fevereiro, mar\u00e7o, abril, maio e junho, configurando uma falha recorrente na gest\u00e3o educacional, segundo os relat\u00f3rios.<\/p>\n\n\n\n<p class=\"wp-block-paragraph\">Todos os documentos do TCE-SP concluem com a advert\u00eancia: &#8220;em virtude do apurado, dever\u00e3o ser observadas as exig\u00eancias contidas na legisla\u00e7\u00e3o supra citada, a fim de evitar poss\u00edveis san\u00e7\u00f5es de ordem administrativa e\/ou penal&#8221;. Os alertas demonstram um aviso severo para que a Prefeitura adote, de imediato, as medidas corretivas necess\u00e1rias para sanear suas contas p\u00fablicas e cumprir a lei.<\/p>\n","protected":false},"excerpt":{"rendered":"<p>Alertas do Tribunal de Contas apontam viola\u00e7\u00e3o do teto constitucional de gastos por tr\u00eas meses consecutivos, tend\u00eancia de descumprimento de metas fiscais e aplica\u00e7\u00e3o insuficiente de verbas do FUNDEB durante todo o semestre. A Prefeitura Municipal de Alvinl\u00e2ndia recebeu uma sequ\u00eancia de notifica\u00e7\u00f5es do Tribunal de Contas do Estado de S\u00e3o Paulo (TCE-SP) no primeiro [&hellip;]<\/p>\n","protected":false},"author":260896546,"featured_media":6518,"comment_status":"open","ping_status":"open","sticky":false,"template":"","format":"standard","meta":{"_crdt_document":"","_monsterinsights_skip_tracking":false,"_monsterinsights_sitenote_active":false,"_monsterinsights_sitenote_note":"","_monsterinsights_sitenote_category":0,"advanced_seo_description":"","jetpack_seo_html_title":"","jetpack_seo_noindex":false,"_jetpack_newsletter_access":"","_jetpack_dont_email_post_to_subs":false,"_jetpack_newsletter_tier_id":0,"_jetpack_memberships_contains_paywalled_content":false,"_jetpack_memberships_contains_paid_content":false,"footnotes":"","jetpack_publicize_message":"\u26a0\ufe0f TCE emite alertas para Alvinl\u00e2ndia\n\nO Tribunal de Contas emitiu notifica\u00e7\u00f5es sobre a gest\u00e3o fiscal do munic\u00edpio. Os pontos de aten\u00e7\u00e3o: viola\u00e7\u00e3o do limite constitucional do teto de gastos por TR\u00caS meses seguidos; documenta\u00e7\u00e3o entregue com atraso e at\u00e9 n\u00e3o entregue; descumprimento de metas fiscais e aplica\u00e7\u00e3o insuficiente de verba para a educa\u00e7\u00e3o.\n\n\ud83d\udcd6 Quer entender a fundo a situa\u00e7\u00e3o das contas p\u00fablicas? Leia a reportagem completa em diariodegarca.com (link na bio)\n\n#Alvinl\u00e2ndia #TCE #Gest\u00e3oFiscal #Transparencia","jetpack_publicize_feature_enabled":true,"jetpack_social_post_already_shared":false,"jetpack_social_options":{"image_generator_settings":{"template":"highway","default_image_id":0,"font":"","enabled":false},"version":2},"_wpas_customize_per_network":false,"jetpack_post_was_ever_published":false},"categories":[32102633,1192752],"tags":[],"class_list":["post-6516","post","type-post","status-publish","format-standard","has-post-thumbnail","hentry","category-alvinlandia","category-fiscalizacao"],"jetpack_publicize_connections":[],"jetpack_featured_media_url":"https:\/\/i0.wp.com\/diariodegarca.com\/wp-content\/uploads\/2025\/09\/foto_materia_transicao_alvinlandia.jpg?fit=921%2C511&ssl=1","jetpack_likes_enabled":true,"jetpack_sharing_enabled":true,"jetpack_shortlink":"https:\/\/wp.me\/pgitne-1H6","jetpack-related-posts":[{"id":6483,"url":"https:\/\/diariodegarca.com\/?p=6483","url_meta":{"origin":6516,"position":0},"title":"TCE notifica Fern\u00e3o por descumprimento fiscal e investimento insuficiente em educa\u00e7\u00e3o","author":"Di\u00e1rio de Gar\u00e7a","date":"8 de setembro de 2025","format":false,"excerpt":"Alertas do Tribunal de Contas mostram viola\u00e7\u00e3o persistente do limite de gastos, descumprimento de metas da LRF, gest\u00e3o inadequada de restos a pagar e aplica\u00e7\u00e3o abaixo do m\u00ednimo em educa\u00e7\u00e3o durante o primeiro semestre de 2025. O munic\u00edpio de Fern\u00e3o recebeu m\u00faltiplas notifica\u00e7\u00f5es do Tribunal de Contas do Estado de\u2026","rel":"","context":"Em &quot;Fern\u00e3o&quot;","block_context":{"text":"Fern\u00e3o","link":"https:\/\/diariodegarca.com\/?cat=7386895"},"img":{"alt_text":"","src":"https:\/\/i0.wp.com\/diariodegarca.com\/wp-content\/uploads\/2025\/09\/3acf91d6b3bb04a01d64345d938a3618.jpeg?fit=651%2C434&ssl=1&resize=350%2C200","width":350,"height":200,"srcset":"https:\/\/i0.wp.com\/diariodegarca.com\/wp-content\/uploads\/2025\/09\/3acf91d6b3bb04a01d64345d938a3618.jpeg?fit=651%2C434&ssl=1&resize=350%2C200 1x, https:\/\/i0.wp.com\/diariodegarca.com\/wp-content\/uploads\/2025\/09\/3acf91d6b3bb04a01d64345d938a3618.jpeg?fit=651%2C434&ssl=1&resize=525%2C300 1.5x"},"classes":[]},{"id":6658,"url":"https:\/\/diariodegarca.com\/?p=6658","url_meta":{"origin":6516,"position":1},"title":"TCE alerta Lup\u00e9rcio por viola\u00e7\u00e3o do teto de gastos e descumprimentos na educa\u00e7\u00e3o","author":"Di\u00e1rio de Gar\u00e7a","date":"11 de setembro de 2025","format":false,"excerpt":"Notifica\u00e7\u00f5es do Tribunal de Contas apontam estouro do limite constitucional de despesas por quatro meses, gest\u00e3o deficiente de restos a pagar e aplica\u00e7\u00e3o insuficiente de verbas do FUNDEB durante todo o semestre de 2025. O munic\u00edpio de Lup\u00e9rcio recebeu uma s\u00e9rie de notifica\u00e7\u00f5es do Tribunal de Contas do Estado de\u2026","rel":"","context":"Em &quot;Fiscaliza\u00e7\u00e3o&quot;","block_context":{"text":"Fiscaliza\u00e7\u00e3o","link":"https:\/\/diariodegarca.com\/?cat=1192752"},"img":{"alt_text":"","src":"https:\/\/i0.wp.com\/diariodegarca.com\/wp-content\/uploads\/2025\/09\/lupercio.jpg?fit=1200%2C803&ssl=1&resize=350%2C200","width":350,"height":200,"srcset":"https:\/\/i0.wp.com\/diariodegarca.com\/wp-content\/uploads\/2025\/09\/lupercio.jpg?fit=1200%2C803&ssl=1&resize=350%2C200 1x, https:\/\/i0.wp.com\/diariodegarca.com\/wp-content\/uploads\/2025\/09\/lupercio.jpg?fit=1200%2C803&ssl=1&resize=525%2C300 1.5x, https:\/\/i0.wp.com\/diariodegarca.com\/wp-content\/uploads\/2025\/09\/lupercio.jpg?fit=1200%2C803&ssl=1&resize=700%2C400 2x, https:\/\/i0.wp.com\/diariodegarca.com\/wp-content\/uploads\/2025\/09\/lupercio.jpg?fit=1200%2C803&ssl=1&resize=1050%2C600 3x"},"classes":[]},{"id":6479,"url":"https:\/\/diariodegarca.com\/?p=6479","url_meta":{"origin":6516,"position":2},"title":"Prefeitura de G\u00e1lia \u00e9 notificada pelo TCE por descumprir teto de gastos e metas fiscais","author":"Di\u00e1rio de Gar\u00e7a","date":"7 de setembro de 2025","format":false,"excerpt":"Alertas do Tribunal de Contas apontam viola\u00e7\u00e3o do limite constitucional de despesas por tr\u00eas meses, tend\u00eancia de descumprimento de metas da LRF e aplica\u00e7\u00e3o insuficiente de verbas na educa\u00e7\u00e3o. Situa\u00e7\u00e3o fiscal se agravou em junho. A Prefeitura Municipal de G\u00e1lia recebeu uma s\u00e9rie de notifica\u00e7\u00f5es do Tribunal de Contas do\u2026","rel":"","context":"Em &quot;Fiscaliza\u00e7\u00e3o&quot;","block_context":{"text":"Fiscaliza\u00e7\u00e3o","link":"https:\/\/diariodegarca.com\/?cat=1192752"},"img":{"alt_text":"","src":"https:\/\/i0.wp.com\/diariodegarca.com\/wp-content\/uploads\/2025\/09\/scn6108-1024x768-1.jpg?fit=1024%2C768&ssl=1&resize=350%2C200","width":350,"height":200,"srcset":"https:\/\/i0.wp.com\/diariodegarca.com\/wp-content\/uploads\/2025\/09\/scn6108-1024x768-1.jpg?fit=1024%2C768&ssl=1&resize=350%2C200 1x, https:\/\/i0.wp.com\/diariodegarca.com\/wp-content\/uploads\/2025\/09\/scn6108-1024x768-1.jpg?fit=1024%2C768&ssl=1&resize=525%2C300 1.5x, https:\/\/i0.wp.com\/diariodegarca.com\/wp-content\/uploads\/2025\/09\/scn6108-1024x768-1.jpg?fit=1024%2C768&ssl=1&resize=700%2C400 2x"},"classes":[]},{"id":6316,"url":"https:\/\/diariodegarca.com\/?p=6316","url_meta":{"origin":6516,"position":3},"title":"Tribunal de Contas emite s\u00e9rie de alertas \u00e0 Prefeitura de Gar\u00e7a por desequil\u00edbrio fiscal e investimentos","author":"Di\u00e1rio de Gar\u00e7a","date":"3 de setembro de 2025","format":false,"excerpt":"Relat\u00f3rios do TCE-SP apontam descumprimento de limites de gastos, metas fiscais e aplica\u00e7\u00e3o m\u00ednima em educa\u00e7\u00e3o e sa\u00fade ao longo do primeiro semestre de 2025. O Tribunal de Contas do Estado de S\u00e3o Paulo (TCE-SP) emitiu, entre maio e agosto de 2025, uma sequ\u00eancia de notifica\u00e7\u00f5es de alerta \u00e0 Prefeitura\u2026","rel":"","context":"Em &quot;Fiscaliza\u00e7\u00e3o&quot;","block_context":{"text":"Fiscaliza\u00e7\u00e3o","link":"https:\/\/diariodegarca.com\/?cat=1192752"},"img":{"alt_text":"","src":"https:\/\/i0.wp.com\/diariodegarca.com\/wp-content\/uploads\/2025\/09\/1564492652.jpg?fit=1200%2C932&ssl=1&resize=350%2C200","width":350,"height":200,"srcset":"https:\/\/i0.wp.com\/diariodegarca.com\/wp-content\/uploads\/2025\/09\/1564492652.jpg?fit=1200%2C932&ssl=1&resize=350%2C200 1x, https:\/\/i0.wp.com\/diariodegarca.com\/wp-content\/uploads\/2025\/09\/1564492652.jpg?fit=1200%2C932&ssl=1&resize=525%2C300 1.5x, https:\/\/i0.wp.com\/diariodegarca.com\/wp-content\/uploads\/2025\/09\/1564492652.jpg?fit=1200%2C932&ssl=1&resize=700%2C400 2x, https:\/\/i0.wp.com\/diariodegarca.com\/wp-content\/uploads\/2025\/09\/1564492652.jpg?fit=1200%2C932&ssl=1&resize=1050%2C600 3x"},"classes":[]},{"id":6387,"url":"https:\/\/diariodegarca.com\/?p=6387","url_meta":{"origin":6516,"position":4},"title":"TCE alerta \u00c1lvaro de Carvalho por risco fiscal, previdenci\u00e1rio e descumprimento em educa\u00e7\u00e3o","author":"Di\u00e1rio de Gar\u00e7a","date":"5 de setembro de 2025","format":false,"excerpt":"Notifica\u00e7\u00f5es do Tribunal de Contas apontam gastos acima do limite constitucional, inadimpl\u00eancia em contribui\u00e7\u00f5es patronais, d\u00edvida previdenci\u00e1ria fora de controle e aplica\u00e7\u00e3o insuficiente de verbas do FUNDEB. Prefeitura e C\u00e2mara tamb\u00e9m falham na entrega de documentos. O Tribunal de Contas do Estado de S\u00e3o Paulo (TCE-SP) emitiu uma s\u00e9rie de\u2026","rel":"","context":"Em &quot;\u00c1lvaro de Carvalho&quot;","block_context":{"text":"\u00c1lvaro de Carvalho","link":"https:\/\/diariodegarca.com\/?cat=29815376"},"img":{"alt_text":"","src":"https:\/\/i0.wp.com\/diariodegarca.com\/wp-content\/uploads\/2025\/09\/d0aa3537cad9f30c771f3649d453478b.jpeg?fit=651%2C488&ssl=1&resize=350%2C200","width":350,"height":200,"srcset":"https:\/\/i0.wp.com\/diariodegarca.com\/wp-content\/uploads\/2025\/09\/d0aa3537cad9f30c771f3649d453478b.jpeg?fit=651%2C488&ssl=1&resize=350%2C200 1x, https:\/\/i0.wp.com\/diariodegarca.com\/wp-content\/uploads\/2025\/09\/d0aa3537cad9f30c771f3649d453478b.jpeg?fit=651%2C488&ssl=1&resize=525%2C300 1.5x"},"classes":[]},{"id":6355,"url":"https:\/\/diariodegarca.com\/?p=6355","url_meta":{"origin":6516,"position":5},"title":"TCE emite s\u00e9rie de alertas graves sobre gest\u00e3o fiscal e previdenci\u00e1ria de J\u00falio Mesquita","author":"Di\u00e1rio de Gar\u00e7a","date":"4 de setembro de 2025","format":false,"excerpt":"Relat\u00f3rios do Tribunal de Contas do Estado apontam descumprimento de prazos, desequil\u00edbrio nas contas p\u00fablicas, sub aproveitamento de recursos da educa\u00e7\u00e3o, inadimpl\u00eancia recorde em contribui\u00e7\u00f5es previdenci\u00e1rias e risco de colapso no RPPS. O Tribunal de Contas do Estado de S\u00e3o Paulo (TCE-SP) emitiu, ao longo do primeiro semestre do ano,\u2026","rel":"","context":"Em &quot;Fiscaliza\u00e7\u00e3o&quot;","block_context":{"text":"Fiscaliza\u00e7\u00e3o","link":"https:\/\/diariodegarca.com\/?cat=1192752"},"img":{"alt_text":"","src":"https:\/\/i0.wp.com\/diariodegarca.com\/wp-content\/uploads\/2025\/09\/aed506640f5bdd62430b47615abaaeb9.jpg?fit=698%2C465&ssl=1&resize=350%2C200","width":350,"height":200,"srcset":"https:\/\/i0.wp.com\/diariodegarca.com\/wp-content\/uploads\/2025\/09\/aed506640f5bdd62430b47615abaaeb9.jpg?fit=698%2C465&ssl=1&resize=350%2C200 1x, https:\/\/i0.wp.com\/diariodegarca.com\/wp-content\/uploads\/2025\/09\/aed506640f5bdd62430b47615abaaeb9.jpg?fit=698%2C465&ssl=1&resize=525%2C300 1.5x"},"classes":[]}],"_links":{"self":[{"href":"https:\/\/diariodegarca.com\/index.php?rest_route=\/wp\/v2\/posts\/6516","targetHints":{"allow":["GET"]}}],"collection":[{"href":"https:\/\/diariodegarca.com\/index.php?rest_route=\/wp\/v2\/posts"}],"about":[{"href":"https:\/\/diariodegarca.com\/index.php?rest_route=\/wp\/v2\/types\/post"}],"author":[{"embeddable":true,"href":"https:\/\/diariodegarca.com\/index.php?rest_route=\/wp\/v2\/users\/260896546"}],"replies":[{"embeddable":true,"href":"https:\/\/diariodegarca.com\/index.php?rest_route=%2Fwp%2Fv2%2Fcomments&post=6516"}],"version-history":[{"count":2,"href":"https:\/\/diariodegarca.com\/index.php?rest_route=\/wp\/v2\/posts\/6516\/revisions"}],"predecessor-version":[{"id":6519,"href":"https:\/\/diariodegarca.com\/index.php?rest_route=\/wp\/v2\/posts\/6516\/revisions\/6519"}],"wp:featuredmedia":[{"embeddable":true,"href":"https:\/\/diariodegarca.com\/index.php?rest_route=\/wp\/v2\/media\/6518"}],"wp:attachment":[{"href":"https:\/\/diariodegarca.com\/index.php?rest_route=%2Fwp%2Fv2%2Fmedia&parent=6516"}],"wp:term":[{"taxonomy":"category","embeddable":true,"href":"https:\/\/diariodegarca.com\/index.php?rest_route=%2Fwp%2Fv2%2Fcategories&post=6516"},{"taxonomy":"post_tag","embeddable":true,"href":"https:\/\/diariodegarca.com\/index.php?rest_route=%2Fwp%2Fv2%2Ftags&post=6516"}],"curies":[{"name":"wp","href":"https:\/\/api.w.org\/{rel}","templated":true}]}}