{"id":6537,"date":"2025-09-09T16:15:39","date_gmt":"2025-09-09T19:15:39","guid":{"rendered":"https:\/\/diariodegarca.com\/?p=6537"},"modified":"2025-09-09T16:15:39","modified_gmt":"2025-09-09T19:15:39","slug":"pm-captura-procurado-por-estupro-de-vulneravel-em-parapua","status":"publish","type":"post","link":"https:\/\/diariodegarca.com\/?p=6537","title":{"rendered":"PM captura procurado por estupro de vulner\u00e1vel em Parapu\u00e3"},"content":{"rendered":"\n<p class=\"wp-block-paragraph\"><em>Durante patrulhamento de rotina, equipe de Radiopatrulhamento localizou e prendeu individuo que era procurado pela Justi\u00e7a desde 2021.<\/em><\/p>\n\n\n\n<p class=\"wp-block-paragraph\">Na manh\u00e3 desta segunda-feira, 8 de setembro, policiais militares do Radiopatrulhamento prenderam um homem condenado a 20 anos de pris\u00e3o por estupro de vulner\u00e1vel no centro de Parapu\u00e3.<\/p>\n\n\n\n<p class=\"wp-block-paragraph\">De acordo com as informa\u00e7\u00f5es da corpora\u00e7\u00e3o, a equipe identificou e abordou o indiv\u00edduo, verificando em seguida que existia um mandado de pris\u00e3o em aberto contra ele, expedido pelo F\u00f3rum da comarca de Osvaldo Cruz. O mandado, que j\u00e1 estava em vigor, era para o cumprimento de pena em regime fechado.<\/p>\n\n\n\n<p class=\"wp-block-paragraph\">O condenado foi conduzido imediatamente para a Delegacia de Pol\u00edcia de Parapu\u00e3. Ele permanecer\u00e1 custodiado \u00e0 disposi\u00e7\u00e3o da Justi\u00e7a, aguardando a realiza\u00e7\u00e3o da audi\u00eancia de cust\u00f3dia, onde ser\u00e3o definidos os pr\u00f3ximos tr\u00e2mites legais.<\/p>\n\n\n\n<p class=\"wp-block-paragraph\"><\/p>\n","protected":false},"excerpt":{"rendered":"<p>Durante patrulhamento de rotina, equipe de Radiopatrulhamento localizou e prendeu individuo que era procurado pela Justi\u00e7a desde 2021. Na manh\u00e3 desta segunda-feira, 8 de setembro, policiais militares do Radiopatrulhamento prenderam um homem condenado a 20 anos de pris\u00e3o por estupro de vulner\u00e1vel no centro de Parapu\u00e3. De acordo com as informa\u00e7\u00f5es da corpora\u00e7\u00e3o, a equipe [&hellip;]<\/p>\n","protected":false},"author":260896546,"featured_media":6540,"comment_status":"open","ping_status":"open","sticky":false,"template":"","format":"standard","meta":{"_monsterinsights_skip_tracking":false,"advanced_seo_description":"","jetpack_seo_html_title":"","jetpack_seo_noindex":false,"jetpack_seo_schema_type":"","_jetpack_newsletter_access":"","_jetpack_dont_email_post_to_subs":false,"_jetpack_newsletter_tier_id":0,"_jetpack_memberships_contains_paywalled_content":false,"_wpcom_ai_launchpad_first_post":false,"_jetpack_feature_clip_id":0,"_jetpack_memberships_contains_paid_content":false,"footnotes":"","jetpack_publicize_message":"Homem preso com condena\u00e7\u00e3o por estupro de vulner\u00e1vel em Parapu\u00e3\n\nEm a\u00e7\u00e3o de patrulhamento, a PM prendeu na manh\u00e3 de segunda-feira (8\/9) um homem condenado a 20 anos de pris\u00e3o por estupro de vulner\u00e1vel no centro de Parapu\u00e3. \u2696\ufe0f\n\nO mandado de pris\u00e3o em aberto, que era do F\u00f3rum de Osvaldo Cruz, foi localizado durante uma abordagem de rotina. O individuo foi levado para a delegacia da cidade e aguardar\u00e1 audi\u00eancia de cust\u00f3dia.\n\n\ud83d\udcd6 Saiba mais em diariodegarca.com (link na bio).\n\n#PoliciaMilitar #Seguran\u00e7a #Parapua #Radiopatrulha #Noticia #Justi\u00e7a #SP","jetpack_publicize_feature_enabled":true,"jetpack_social_post_already_shared":false,"jetpack_social_options":{"image_generator_settings":{"template":"highway","default_image_id":0,"font":"","enabled":false},"version":2},"_wpas_customize_per_network":false,"jetpack_post_was_ever_published":false},"categories":[5433775,2380082,21243],"tags":[],"class_list":["post-6537","post","type-post","status-publish","format-standard","has-post-thumbnail","hentry","category-osvaldo-cruz","category-parapua","category-seguranca"],"jetpack_publicize_connections":[],"jetpack_likes_enabled":true,"jetpack_sharing_enabled":true,"jetpack_shortlink":"https:\/\/wp.me\/pgitne-1Hr","jetpack-related-posts":[{"id":3382,"url":"https:\/\/diariodegarca.com\/?p=3382","url_meta":{"origin":6537,"position":0},"title":"Bombeiros resgatam trabalhador soterrado por pedrisco em Parapu\u00e3","author":"Di\u00e1rio de Gar\u00e7a","date":"24 de maio de 2025","format":false,"excerpt":"Equipes do 14\u00ba e 10\u00ba GB atuaram para estabilizar o local e evitar novos deslizamentos antes do resgate; v\u00edtima foi encaminhada consciente ao PS de Osvaldo Cruz Na manh\u00e3 de sexta-feira, 23 de maio, o Corpo de Bombeiros de S\u00e3o Paulo realizou um resgate de alta complexidade na rodovia Jo\u00e3o\u2026","rel":"","context":"Em &quot;Adamantina&quot;","block_context":{"text":"Adamantina","link":"https:\/\/diariodegarca.com\/?cat=3893976"},"img":{"alt_text":"","src":"","width":0,"height":0},"classes":[]},{"id":8980,"url":"https:\/\/diariodegarca.com\/?p=8980","url_meta":{"origin":6537,"position":1},"title":"Obras na SP-425 interditam al\u00e7as de acesso a Osvaldo Cruz nesta ter\u00e7a e quarta-feira","author":"Andreza Sega","date":"24 de novembro de 2025","format":false,"excerpt":"Concession\u00e1ria Eixo SP inicia servi\u00e7os de revitaliza\u00e7\u00e3o do pavimento no km 382; tr\u00e1fego ser\u00e1 desviado para a SP-294 durante o per\u00edodo das interven\u00e7\u00f5es. A Concession\u00e1ria Eixo SP inicia, nesta ter\u00e7a-feira, 25 de novembro, e quarta-feira, 26, uma obra de revitaliza\u00e7\u00e3o do pavimento nas al\u00e7as de acesso e sa\u00edda da SP-425,\u2026","rel":"","context":"Em &quot;Osvaldo Cruz&quot;","block_context":{"text":"Osvaldo Cruz","link":"https:\/\/diariodegarca.com\/?cat=5433775"},"img":{"alt_text":"","src":"https:\/\/i0.wp.com\/diariodegarca.com\/wp-content\/uploads\/2025\/11\/SnapInsta.to_589598759_17952878655019793_6273386978094956293_n.jpg?fit=1080%2C605&ssl=1&resize=350%2C200","width":350,"height":200,"srcset":"https:\/\/i0.wp.com\/diariodegarca.com\/wp-content\/uploads\/2025\/11\/SnapInsta.to_589598759_17952878655019793_6273386978094956293_n.jpg?fit=1080%2C605&ssl=1&resize=350%2C200 1x, https:\/\/i0.wp.com\/diariodegarca.com\/wp-content\/uploads\/2025\/11\/SnapInsta.to_589598759_17952878655019793_6273386978094956293_n.jpg?fit=1080%2C605&ssl=1&resize=525%2C300 1.5x, https:\/\/i0.wp.com\/diariodegarca.com\/wp-content\/uploads\/2025\/11\/SnapInsta.to_589598759_17952878655019793_6273386978094956293_n.jpg?fit=1080%2C605&ssl=1&resize=700%2C400 2x, https:\/\/i0.wp.com\/diariodegarca.com\/wp-content\/uploads\/2025\/11\/SnapInsta.to_589598759_17952878655019793_6273386978094956293_n.jpg?fit=1080%2C605&ssl=1&resize=1050%2C600 3x"},"classes":[]},{"id":7390,"url":"https:\/\/diariodegarca.com\/?p=7390","url_meta":{"origin":6537,"position":2},"title":"Homem \u00e9 preso em flagrante por descumprir medida protetiva em Parapu\u00e3","author":"Andreza Sega","date":"2 de outubro de 2025","format":false,"excerpt":"Indiv\u00edduo foi encontrado embriagado e armado com um peda\u00e7o de madeira na frente da resid\u00eancia da m\u00e3e, contra quem possui uma ordem de afastamento. Um homem foi preso em flagrante na noite de ter\u00e7a-feira, 30 de setembro no munic\u00edpio de Parapu\u00e3, ap\u00f3s descumprir medida protetiva de urg\u00eancia prevista na Lei\u2026","rel":"","context":"Em &quot;Parapu\u00e3&quot;","block_context":{"text":"Parapu\u00e3","link":"https:\/\/diariodegarca.com\/?cat=2380082"},"img":{"alt_text":"","src":"https:\/\/i0.wp.com\/diariodegarca.com\/wp-content\/uploads\/2025\/08\/snapinsta.to_540648967_18313882312246526_8378131112146749854_n.jpg?fit=1080%2C1080&ssl=1&resize=350%2C200","width":350,"height":200,"srcset":"https:\/\/i0.wp.com\/diariodegarca.com\/wp-content\/uploads\/2025\/08\/snapinsta.to_540648967_18313882312246526_8378131112146749854_n.jpg?fit=1080%2C1080&ssl=1&resize=350%2C200 1x, https:\/\/i0.wp.com\/diariodegarca.com\/wp-content\/uploads\/2025\/08\/snapinsta.to_540648967_18313882312246526_8378131112146749854_n.jpg?fit=1080%2C1080&ssl=1&resize=525%2C300 1.5x, https:\/\/i0.wp.com\/diariodegarca.com\/wp-content\/uploads\/2025\/08\/snapinsta.to_540648967_18313882312246526_8378131112146749854_n.jpg?fit=1080%2C1080&ssl=1&resize=700%2C400 2x, https:\/\/i0.wp.com\/diariodegarca.com\/wp-content\/uploads\/2025\/08\/snapinsta.to_540648967_18313882312246526_8378131112146749854_n.jpg?fit=1080%2C1080&ssl=1&resize=1050%2C600 3x"},"classes":[]},{"id":6067,"url":"https:\/\/diariodegarca.com\/?p=6067","url_meta":{"origin":6537,"position":3},"title":"Homem \u00e9 preso em flagrante por agredir ex-companheira e sequestrar crian\u00e7as em Parapu\u00e3","author":"Di\u00e1rio de Gar\u00e7a","date":"25 de agosto de 2025","format":false,"excerpt":"Ap\u00f3s espancar a v\u00edtima e fugir com os dois filhos pequenos, agressor foi localizado em um bar pela PM. Mesmo na delegacia, ele continuou com as amea\u00e7as de morte. Um caso grave de viol\u00eancia dom\u00e9stica terminou com a pris\u00e3o de um homem na noite de domingo, 24 de agosto, em\u2026","rel":"","context":"Em &quot;Parapu\u00e3&quot;","block_context":{"text":"Parapu\u00e3","link":"https:\/\/diariodegarca.com\/?cat=2380082"},"img":{"alt_text":"","src":"https:\/\/i0.wp.com\/diariodegarca.com\/wp-content\/uploads\/2025\/08\/silhuetas-de-maos-aterrorizantes-no-estudio.jpg?fit=1200%2C800&ssl=1&resize=350%2C200","width":350,"height":200,"srcset":"https:\/\/i0.wp.com\/diariodegarca.com\/wp-content\/uploads\/2025\/08\/silhuetas-de-maos-aterrorizantes-no-estudio.jpg?fit=1200%2C800&ssl=1&resize=350%2C200 1x, https:\/\/i0.wp.com\/diariodegarca.com\/wp-content\/uploads\/2025\/08\/silhuetas-de-maos-aterrorizantes-no-estudio.jpg?fit=1200%2C800&ssl=1&resize=525%2C300 1.5x, https:\/\/i0.wp.com\/diariodegarca.com\/wp-content\/uploads\/2025\/08\/silhuetas-de-maos-aterrorizantes-no-estudio.jpg?fit=1200%2C800&ssl=1&resize=700%2C400 2x, https:\/\/i0.wp.com\/diariodegarca.com\/wp-content\/uploads\/2025\/08\/silhuetas-de-maos-aterrorizantes-no-estudio.jpg?fit=1200%2C800&ssl=1&resize=1050%2C600 3x"},"classes":[]},{"id":2706,"url":"https:\/\/diariodegarca.com\/?p=2706","url_meta":{"origin":6537,"position":4},"title":"Homem procurado por estupro de vulner\u00e1vel \u00e9 preso pela Pol\u00edcia Militar em Tup\u00e3","author":"Di\u00e1rio de Gar\u00e7a","date":"3 de mar\u00e7o de 2025","format":false,"excerpt":"Na manh\u00e3 desta segunda-feira, dia 3 de mar\u00e7o, equipes do 9\u00ba Batalh\u00e3o de Pol\u00edcia Militar do Interior prenderam um homem que estava foragido da justi\u00e7a na cidade de Tup\u00e3.\u00a0O indiv\u00edduo, cuja identidade n\u00e3o foi divulgada, era alvo de um mandado de pris\u00e3o que determinava o cumprimento de 15 anos de\u2026","rel":"","context":"Em &quot;Brasil&quot;","block_context":{"text":"Brasil","link":"https:\/\/diariodegarca.com\/?cat=38185"},"img":{"alt_text":"","src":"","width":0,"height":0},"classes":[]},{"id":7616,"url":"https:\/\/diariodegarca.com\/?p=7616","url_meta":{"origin":6537,"position":5},"title":"PM prende quatro procurados da Justi\u00e7a em menos de 24 horas na regi\u00e3o","author":"Andreza Sega","date":"11 de outubro de 2025","format":false,"excerpt":"A\u00e7\u00f5es em Tup\u00e3, Quat\u00e1 e Mar\u00edlia, resultaram na captura de condenados por crimes que v\u00e3o de estupro de vulner\u00e1vel a evas\u00e3o do sistema prisional. Em um \u00fanico dia de trabalho, as equipes do 9\u00ba Batalh\u00e3o de Pol\u00edcia Militar do Interior (BPM\/I) recuperaram quatro indiv\u00edduos procurados pela Justi\u00e7a em diferentes munic\u00edpios\u2026","rel":"","context":"Em &quot;Mar\u00edlia&quot;","block_context":{"text":"Mar\u00edlia","link":"https:\/\/diariodegarca.com\/?cat=683453294"},"img":{"alt_text":"","src":"https:\/\/i0.wp.com\/diariodegarca.com\/wp-content\/uploads\/2025\/09\/SnapInsta.to_547856115_18315622645246526_7174348806758713161_n.webp?fit=1200%2C1200&ssl=1&resize=350%2C200","width":350,"height":200,"srcset":"https:\/\/i0.wp.com\/diariodegarca.com\/wp-content\/uploads\/2025\/09\/SnapInsta.to_547856115_18315622645246526_7174348806758713161_n.webp?fit=1200%2C1200&ssl=1&resize=350%2C200 1x, https:\/\/i0.wp.com\/diariodegarca.com\/wp-content\/uploads\/2025\/09\/SnapInsta.to_547856115_18315622645246526_7174348806758713161_n.webp?fit=1200%2C1200&ssl=1&resize=525%2C300 1.5x, https:\/\/i0.wp.com\/diariodegarca.com\/wp-content\/uploads\/2025\/09\/SnapInsta.to_547856115_18315622645246526_7174348806758713161_n.webp?fit=1200%2C1200&ssl=1&resize=700%2C400 2x, https:\/\/i0.wp.com\/diariodegarca.com\/wp-content\/uploads\/2025\/09\/SnapInsta.to_547856115_18315622645246526_7174348806758713161_n.webp?fit=1200%2C1200&ssl=1&resize=1050%2C600 3x"},"classes":[]}],"jetpack_featured_media_url":"https:\/\/i0.wp.com\/diariodegarca.com\/wp-content\/uploads\/2025\/09\/snapinsta.to_542819355_18315017350246526_1706839347346634861_n.webp?fit=1080%2C1080&ssl=1","_links":{"self":[{"href":"https:\/\/diariodegarca.com\/index.php?rest_route=\/wp\/v2\/posts\/6537","targetHints":{"allow":["GET"]}}],"collection":[{"href":"https:\/\/diariodegarca.com\/index.php?rest_route=\/wp\/v2\/posts"}],"about":[{"href":"https:\/\/diariodegarca.com\/index.php?rest_route=\/wp\/v2\/types\/post"}],"author":[{"embeddable":true,"href":"https:\/\/diariodegarca.com\/index.php?rest_route=\/wp\/v2\/users\/260896546"}],"replies":[{"embeddable":true,"href":"https:\/\/diariodegarca.com\/index.php?rest_route=%2Fwp%2Fv2%2Fcomments&post=6537"}],"version-history":[{"count":3,"href":"https:\/\/diariodegarca.com\/index.php?rest_route=\/wp\/v2\/posts\/6537\/revisions"}],"predecessor-version":[{"id":6541,"href":"https:\/\/diariodegarca.com\/index.php?rest_route=\/wp\/v2\/posts\/6537\/revisions\/6541"}],"wp:featuredmedia":[{"embeddable":true,"href":"https:\/\/diariodegarca.com\/index.php?rest_route=\/wp\/v2\/media\/6540"}],"wp:attachment":[{"href":"https:\/\/diariodegarca.com\/index.php?rest_route=%2Fwp%2Fv2%2Fmedia&parent=6537"}],"wp:term":[{"taxonomy":"category","embeddable":true,"href":"https:\/\/diariodegarca.com\/index.php?rest_route=%2Fwp%2Fv2%2Fcategories&post=6537"},{"taxonomy":"post_tag","embeddable":true,"href":"https:\/\/diariodegarca.com\/index.php?rest_route=%2Fwp%2Fv2%2Ftags&post=6537"}],"curies":[{"name":"wp","href":"https:\/\/api.w.org\/{rel}","templated":true}]}}