{"id":6681,"date":"2025-09-12T15:04:04","date_gmt":"2025-09-12T18:04:04","guid":{"rendered":"https:\/\/diariodegarca.com\/?p=6681"},"modified":"2025-09-12T15:16:08","modified_gmt":"2025-09-12T18:16:08","slug":"obras-no-lago-j-k-williams-comecam-com-verba-de-convenio-estadual-firmado-em-2022","status":"publish","type":"post","link":"https:\/\/diariodegarca.com\/?p=6681","title":{"rendered":"Obras no Lago J.K. Williams come\u00e7am com verba de conv\u00eanio estadual firmado em 2022"},"content":{"rendered":"\n<p class=\"wp-block-paragraph\"><em>Projeto, com previs\u00e3o de conclus\u00e3o para outubro, inclui reaproveitamento total da \u00e1gua, limpeza profunda, constru\u00e7\u00e3o de po\u00e7o artesiano e cuidado com a fauna. Recursos foram liberados pelo Estado de S\u00e3o Paulo apenas em 2025, ap\u00f3s conv\u00eanio firmado em 2022.<\/em><\/p>\n\n\n\n<p class=\"wp-block-paragraph\">A revitaliza\u00e7\u00e3o do Lago Artificial Professor J.K. Williams, um dos principais cart\u00f5es-postais do munic\u00edpio de Gar\u00e7a, teve seu in\u00edcio oficialmente anunciado pela Prefeitura. As obras, que seguem um cronograma intenso com previs\u00e3o de t\u00e9rmino para 12 de outubro de 2025, visam resolver problemas hist\u00f3ricos do local e devolver sua vitalidade e beleza \u00e0 popula\u00e7\u00e3o.<\/p>\n\n\n\n<p class=\"wp-block-paragraph\">O projeto se destaca pelo planejamento de baixo impacto ambiental. O esvaziamento do espelho d&#8217;\u00e1gua est\u00e1 sendo realizado de forma gradativa, e toda a \u00e1gua retirada est\u00e1 sendo reaproveitada para a irriga\u00e7\u00e3o de \u00e1reas verdes p\u00fablicas, incluindo o Bosque das Cerejeiras (no entorno do lago), pra\u00e7as esportivas, canteiros centrais e outras pra\u00e7as da cidade, segundo informa\u00e7\u00f5es da Prefeitura.<\/p>\n\n\n\n<p class=\"wp-block-paragraph\">De acordo com a vice prefeita, que tamb\u00e9m acumula o cargo de secret\u00e1ria em duas pastas da administra\u00e7\u00e3o, Patr\u00edcia Marang\u00e3o, que fez o comunicado em v\u00eddeo publicado nas redes da Prefeitura: uma comiss\u00e3o foi formada por membros da comunidade e t\u00e9cnicos das secretarias envolvidas (como SAMA e da autarquia de \u00e1gua, SAAE) para planejar e acompanhar os trabalhos. O leito do lago passar\u00e1 por uma&nbsp;<strong>limpeza profunda<\/strong>&nbsp;para a erradica\u00e7\u00e3o total das algas, um problema recorrente do espa\u00e7o. Al\u00e9m disso, ser\u00e1 feito o&nbsp;<strong>nivelamento do fundo<\/strong>.<\/p>\n\n\n\n<p class=\"wp-block-paragraph\">Para garantir a sustentabilidade h\u00eddrica do lago no futuro, a infraestrutura ser\u00e1 modernizada com a&nbsp;<strong>constru\u00e7\u00e3o de um po\u00e7o artesiano<\/strong>&nbsp;e de&nbsp;<strong>novas galerias pluviais<\/strong>. Segundo o comunicado, as melhorias visam assegurar o abastecimento e uma capta\u00e7\u00e3o mais eficiente da \u00e1gua da chuva, mantendo o n\u00edvel do espelho d&#8217;\u00e1gua e combatendo a evapora\u00e7\u00e3o natural.<\/p>\n\n\n\n<p class=\"wp-block-paragraph\">A Prefeitura destacou tamb\u00e9m que o&nbsp;<strong>manejo dos peixes<\/strong>&nbsp;ser\u00e1 executado com todos os cuidados necess\u00e1rios para garantir a preserva\u00e7\u00e3o das esp\u00e9cies durante as obras, sendo movidos para o Jardim Oriental.<\/p>\n\n\n\n<p class=\"wp-block-paragraph\"><strong>Recursos liberados ap\u00f3s longa espera<\/strong><\/p>\n\n\n\n<p class=\"wp-block-paragraph\">Financiado por meio de um conv\u00eanio com a Secretaria de Turismo do Estado de S\u00e3o Paulo, o projeto tem valor total de R$ 615.073,96, com uma contrapartida municipal de R$ 238.320,98. Os recursos estaduais, provenientes do Fundo de Melhorias dos Munic\u00edpios Tur\u00edsticos, foram formalizados pelo&nbsp;<strong>Conv\u00eanio 261\/2022<\/strong>, mas, conforme dados do portal da transpar\u00eancia, sua libera\u00e7\u00e3o efetiva ocorreu apenas neste ano de 2025, permitindo o in\u00edcio das obras agora em agosto.<\/p>\n\n\n\n<p class=\"wp-block-paragraph\">O an\u00fancio da prefeitura ocorre ap\u00f3s o apelo de membros da comunidade pela recupera\u00e7\u00e3o do espa\u00e7o. No dia 9 de setembro, o m\u00fasico garcense TimBoy divulgou um v\u00eddeo recolhendo lixo \u00e0s margens do lago e alertando para a situa\u00e7\u00e3o do local, que ele descreveu como &#8220;parte da identidade&#8221; da cidade. <\/p>\n\n\n\n<figure class=\"wp-block-embed is-type-rich is-provider-instagram wp-block-embed-instagram\"><div class=\"wp-block-embed__wrapper\">\n<blockquote class=\"instagram-media\" data-instgrm-captioned data-instgrm-permalink=\"https:\/\/www.instagram.com\/reel\/DOYr_dODcYg\/?utm_source=ig_embed&amp;utm_campaign=loading\" data-instgrm-version=\"14\" style=\" background:#FFF; border:0; border-radius:3px; box-shadow:0 0 1px 0 rgba(0,0,0,0.5),0 1px 10px 0 rgba(0,0,0,0.15); margin: 1px; max-width:658px; min-width:326px; padding:0; width:99.375%; width:-webkit-calc(100% - 2px); width:calc(100% - 2px);\"><div style=\"padding:16px;\"> <a href=\"https:\/\/www.instagram.com\/reel\/DOYr_dODcYg\/?utm_source=ig_embed&amp;utm_campaign=loading\" style=\" background:#FFFFFF; line-height:0; padding:0 0; text-align:center; text-decoration:none; width:100%;\" target=\"_blank\"> <div style=\" display: flex; flex-direction: row; align-items: center;\"> <div style=\"background-color: #F4F4F4; border-radius: 50%; flex-grow: 0; height: 40px; margin-right: 14px; width: 40px;\"><\/div> <div style=\"display: flex; flex-direction: column; flex-grow: 1; justify-content: center;\"> <div style=\" background-color: #F4F4F4; border-radius: 4px; flex-grow: 0; height: 14px; margin-bottom: 6px; width: 100px;\"><\/div> <div style=\" background-color: #F4F4F4; border-radius: 4px; flex-grow: 0; height: 14px; width: 60px;\"><\/div><\/div><\/div><div style=\"padding: 19% 0;\"><\/div> <div style=\"display:block; height:50px; margin:0 auto 12px; width:50px;\"><svg width=\"50px\" height=\"50px\" viewBox=\"0 0 60 60\" version=\"1.1\" xmlns=\"https:\/\/www.w3.org\/2000\/svg\" xmlns:xlink=\"https:\/\/www.w3.org\/1999\/xlink\"><g stroke=\"none\" stroke-width=\"1\" fill=\"none\" fill-rule=\"evenodd\"><g transform=\"translate(-511.000000, -20.000000)\" fill=\"#000000\"><g><path d=\"M556.869,30.41 C554.814,30.41 553.148,32.076 553.148,34.131 C553.148,36.186 554.814,37.852 556.869,37.852 C558.924,37.852 560.59,36.186 560.59,34.131 C560.59,32.076 558.924,30.41 556.869,30.41 M541,60.657 C535.114,60.657 530.342,55.887 530.342,50 C530.342,44.114 535.114,39.342 541,39.342 C546.887,39.342 551.658,44.114 551.658,50 C551.658,55.887 546.887,60.657 541,60.657 M541,33.886 C532.1,33.886 524.886,41.1 524.886,50 C524.886,58.899 532.1,66.113 541,66.113 C549.9,66.113 557.115,58.899 557.115,50 C557.115,41.1 549.9,33.886 541,33.886 M565.378,62.101 C565.244,65.022 564.756,66.606 564.346,67.663 C563.803,69.06 563.154,70.057 562.106,71.106 C561.058,72.155 560.06,72.803 558.662,73.347 C557.607,73.757 556.021,74.244 553.102,74.378 C549.944,74.521 548.997,74.552 541,74.552 C533.003,74.552 532.056,74.521 528.898,74.378 C525.979,74.244 524.393,73.757 523.338,73.347 C521.94,72.803 520.942,72.155 519.894,71.106 C518.846,70.057 518.197,69.06 517.654,67.663 C517.244,66.606 516.755,65.022 516.623,62.101 C516.479,58.943 516.448,57.996 516.448,50 C516.448,42.003 516.479,41.056 516.623,37.899 C516.755,34.978 517.244,33.391 517.654,32.338 C518.197,30.938 518.846,29.942 519.894,28.894 C520.942,27.846 521.94,27.196 523.338,26.654 C524.393,26.244 525.979,25.756 528.898,25.623 C532.057,25.479 533.004,25.448 541,25.448 C548.997,25.448 549.943,25.479 553.102,25.623 C556.021,25.756 557.607,26.244 558.662,26.654 C560.06,27.196 561.058,27.846 562.106,28.894 C563.154,29.942 563.803,30.938 564.346,32.338 C564.756,33.391 565.244,34.978 565.378,37.899 C565.522,41.056 565.552,42.003 565.552,50 C565.552,57.996 565.522,58.943 565.378,62.101 M570.82,37.631 C570.674,34.438 570.167,32.258 569.425,30.349 C568.659,28.377 567.633,26.702 565.965,25.035 C564.297,23.368 562.623,22.342 560.652,21.575 C558.743,20.834 556.562,20.326 553.369,20.18 C550.169,20.033 549.148,20 541,20 C532.853,20 531.831,20.033 528.631,20.18 C525.438,20.326 523.257,20.834 521.349,21.575 C519.376,22.342 517.703,23.368 516.035,25.035 C514.368,26.702 513.342,28.377 512.574,30.349 C511.834,32.258 511.326,34.438 511.181,37.631 C511.035,40.831 511,41.851 511,50 C511,58.147 511.035,59.17 511.181,62.369 C511.326,65.562 511.834,67.743 512.574,69.651 C513.342,71.625 514.368,73.296 516.035,74.965 C517.703,76.634 519.376,77.658 521.349,78.425 C523.257,79.167 525.438,79.673 528.631,79.82 C531.831,79.965 532.853,80.001 541,80.001 C549.148,80.001 550.169,79.965 553.369,79.82 C556.562,79.673 558.743,79.167 560.652,78.425 C562.623,77.658 564.297,76.634 565.965,74.965 C567.633,73.296 568.659,71.625 569.425,69.651 C570.167,67.743 570.674,65.562 570.82,62.369 C570.966,59.17 571,58.147 571,50 C571,41.851 570.966,40.831 570.82,37.631\"><\/path><\/g><\/g><\/g><\/svg><\/div><div style=\"padding-top: 8px;\"> <div style=\" color:#3897f0; font-family:Arial,sans-serif; font-size:14px; font-style:normal; font-weight:550; line-height:18px;\">View this post on Instagram<\/div><\/div><div style=\"padding: 12.5% 0;\"><\/div> <div style=\"display: flex; flex-direction: row; margin-bottom: 14px; align-items: center;\"><div> <div style=\"background-color: #F4F4F4; border-radius: 50%; height: 12.5px; width: 12.5px; transform: translateX(0px) translateY(7px);\"><\/div> <div style=\"background-color: #F4F4F4; height: 12.5px; transform: rotate(-45deg) translateX(3px) translateY(1px); width: 12.5px; flex-grow: 0; margin-right: 14px; margin-left: 2px;\"><\/div> <div style=\"background-color: #F4F4F4; border-radius: 50%; height: 12.5px; width: 12.5px; transform: translateX(9px) translateY(-18px);\"><\/div><\/div><div style=\"margin-left: 8px;\"> <div style=\" background-color: #F4F4F4; border-radius: 50%; flex-grow: 0; height: 20px; width: 20px;\"><\/div> <div style=\" width: 0; height: 0; border-top: 2px solid transparent; border-left: 6px solid #f4f4f4; border-bottom: 2px solid transparent; transform: translateX(16px) translateY(-4px) rotate(30deg)\"><\/div><\/div><div style=\"margin-left: auto;\"> <div style=\" width: 0px; border-top: 8px solid #F4F4F4; border-right: 8px solid transparent; transform: translateY(16px);\"><\/div> <div style=\" background-color: #F4F4F4; flex-grow: 0; height: 12px; width: 16px; transform: translateY(-4px);\"><\/div> <div style=\" width: 0; height: 0; border-top: 8px solid #F4F4F4; border-left: 8px solid transparent; transform: translateY(-4px) translateX(8px);\"><\/div><\/div><\/div> <div style=\"display: flex; flex-direction: column; flex-grow: 1; justify-content: center; margin-bottom: 24px;\"> <div style=\" background-color: #F4F4F4; border-radius: 4px; flex-grow: 0; height: 14px; margin-bottom: 6px; width: 224px;\"><\/div> <div style=\" background-color: #F4F4F4; border-radius: 4px; flex-grow: 0; height: 14px; width: 144px;\"><\/div><\/div><\/a><p style=\" color:#c9c8cd; font-family:Arial,sans-serif; font-size:14px; line-height:17px; margin-bottom:0; margin-top:8px; overflow:hidden; padding:8px 0 7px; text-align:center; text-overflow:ellipsis; white-space:nowrap;\"><a href=\"https:\/\/www.instagram.com\/reel\/DOYr_dODcYg\/?utm_source=ig_embed&amp;utm_campaign=loading\" style=\" color:#c9c8cd; font-family:Arial,sans-serif; font-size:14px; font-style:normal; font-weight:normal; line-height:17px; text-decoration:none;\" target=\"_blank\">A post shared by T\u026a\u1d0d B\u1d0f\u028f (@timboyoficial)<\/a><\/p><\/div><\/blockquote><script async src=\"\/\/platform.instagram.com\/en_US\/embeds.js\"><\/script>\n<\/div><\/figure>\n\n\n\n<figure class=\"wp-block-embed is-type-rich is-provider-instagram wp-block-embed-instagram\"><div class=\"wp-block-embed__wrapper\">\n<blockquote class=\"instagram-media\" data-instgrm-captioned data-instgrm-permalink=\"https:\/\/www.instagram.com\/reel\/DOf-XtwgGBv\/?utm_source=ig_embed&amp;utm_campaign=loading\" data-instgrm-version=\"14\" style=\" background:#FFF; border:0; border-radius:3px; box-shadow:0 0 1px 0 rgba(0,0,0,0.5),0 1px 10px 0 rgba(0,0,0,0.15); margin: 1px; max-width:658px; min-width:326px; padding:0; width:99.375%; width:-webkit-calc(100% - 2px); width:calc(100% - 2px);\"><div style=\"padding:16px;\"> <a href=\"https:\/\/www.instagram.com\/reel\/DOf-XtwgGBv\/?utm_source=ig_embed&amp;utm_campaign=loading\" style=\" background:#FFFFFF; line-height:0; padding:0 0; text-align:center; text-decoration:none; width:100%;\" target=\"_blank\"> <div style=\" display: flex; flex-direction: row; align-items: center;\"> <div style=\"background-color: #F4F4F4; border-radius: 50%; flex-grow: 0; height: 40px; margin-right: 14px; width: 40px;\"><\/div> <div style=\"display: flex; flex-direction: column; flex-grow: 1; justify-content: center;\"> <div style=\" background-color: #F4F4F4; border-radius: 4px; flex-grow: 0; height: 14px; margin-bottom: 6px; width: 100px;\"><\/div> <div style=\" background-color: #F4F4F4; border-radius: 4px; flex-grow: 0; height: 14px; width: 60px;\"><\/div><\/div><\/div><div style=\"padding: 19% 0;\"><\/div> <div style=\"display:block; height:50px; margin:0 auto 12px; width:50px;\"><svg width=\"50px\" height=\"50px\" viewBox=\"0 0 60 60\" version=\"1.1\" xmlns=\"https:\/\/www.w3.org\/2000\/svg\" xmlns:xlink=\"https:\/\/www.w3.org\/1999\/xlink\"><g stroke=\"none\" stroke-width=\"1\" fill=\"none\" fill-rule=\"evenodd\"><g transform=\"translate(-511.000000, -20.000000)\" fill=\"#000000\"><g><path d=\"M556.869,30.41 C554.814,30.41 553.148,32.076 553.148,34.131 C553.148,36.186 554.814,37.852 556.869,37.852 C558.924,37.852 560.59,36.186 560.59,34.131 C560.59,32.076 558.924,30.41 556.869,30.41 M541,60.657 C535.114,60.657 530.342,55.887 530.342,50 C530.342,44.114 535.114,39.342 541,39.342 C546.887,39.342 551.658,44.114 551.658,50 C551.658,55.887 546.887,60.657 541,60.657 M541,33.886 C532.1,33.886 524.886,41.1 524.886,50 C524.886,58.899 532.1,66.113 541,66.113 C549.9,66.113 557.115,58.899 557.115,50 C557.115,41.1 549.9,33.886 541,33.886 M565.378,62.101 C565.244,65.022 564.756,66.606 564.346,67.663 C563.803,69.06 563.154,70.057 562.106,71.106 C561.058,72.155 560.06,72.803 558.662,73.347 C557.607,73.757 556.021,74.244 553.102,74.378 C549.944,74.521 548.997,74.552 541,74.552 C533.003,74.552 532.056,74.521 528.898,74.378 C525.979,74.244 524.393,73.757 523.338,73.347 C521.94,72.803 520.942,72.155 519.894,71.106 C518.846,70.057 518.197,69.06 517.654,67.663 C517.244,66.606 516.755,65.022 516.623,62.101 C516.479,58.943 516.448,57.996 516.448,50 C516.448,42.003 516.479,41.056 516.623,37.899 C516.755,34.978 517.244,33.391 517.654,32.338 C518.197,30.938 518.846,29.942 519.894,28.894 C520.942,27.846 521.94,27.196 523.338,26.654 C524.393,26.244 525.979,25.756 528.898,25.623 C532.057,25.479 533.004,25.448 541,25.448 C548.997,25.448 549.943,25.479 553.102,25.623 C556.021,25.756 557.607,26.244 558.662,26.654 C560.06,27.196 561.058,27.846 562.106,28.894 C563.154,29.942 563.803,30.938 564.346,32.338 C564.756,33.391 565.244,34.978 565.378,37.899 C565.522,41.056 565.552,42.003 565.552,50 C565.552,57.996 565.522,58.943 565.378,62.101 M570.82,37.631 C570.674,34.438 570.167,32.258 569.425,30.349 C568.659,28.377 567.633,26.702 565.965,25.035 C564.297,23.368 562.623,22.342 560.652,21.575 C558.743,20.834 556.562,20.326 553.369,20.18 C550.169,20.033 549.148,20 541,20 C532.853,20 531.831,20.033 528.631,20.18 C525.438,20.326 523.257,20.834 521.349,21.575 C519.376,22.342 517.703,23.368 516.035,25.035 C514.368,26.702 513.342,28.377 512.574,30.349 C511.834,32.258 511.326,34.438 511.181,37.631 C511.035,40.831 511,41.851 511,50 C511,58.147 511.035,59.17 511.181,62.369 C511.326,65.562 511.834,67.743 512.574,69.651 C513.342,71.625 514.368,73.296 516.035,74.965 C517.703,76.634 519.376,77.658 521.349,78.425 C523.257,79.167 525.438,79.673 528.631,79.82 C531.831,79.965 532.853,80.001 541,80.001 C549.148,80.001 550.169,79.965 553.369,79.82 C556.562,79.673 558.743,79.167 560.652,78.425 C562.623,77.658 564.297,76.634 565.965,74.965 C567.633,73.296 568.659,71.625 569.425,69.651 C570.167,67.743 570.674,65.562 570.82,62.369 C570.966,59.17 571,58.147 571,50 C571,41.851 570.966,40.831 570.82,37.631\"><\/path><\/g><\/g><\/g><\/svg><\/div><div style=\"padding-top: 8px;\"> <div style=\" color:#3897f0; font-family:Arial,sans-serif; font-size:14px; font-style:normal; font-weight:550; line-height:18px;\">View this post on Instagram<\/div><\/div><div style=\"padding: 12.5% 0;\"><\/div> <div style=\"display: flex; flex-direction: row; margin-bottom: 14px; align-items: center;\"><div> <div style=\"background-color: #F4F4F4; border-radius: 50%; height: 12.5px; width: 12.5px; transform: translateX(0px) translateY(7px);\"><\/div> <div style=\"background-color: #F4F4F4; height: 12.5px; transform: rotate(-45deg) translateX(3px) translateY(1px); width: 12.5px; flex-grow: 0; margin-right: 14px; margin-left: 2px;\"><\/div> <div style=\"background-color: #F4F4F4; border-radius: 50%; height: 12.5px; width: 12.5px; transform: translateX(9px) translateY(-18px);\"><\/div><\/div><div style=\"margin-left: 8px;\"> <div style=\" background-color: #F4F4F4; border-radius: 50%; flex-grow: 0; height: 20px; width: 20px;\"><\/div> <div style=\" width: 0; height: 0; border-top: 2px solid transparent; border-left: 6px solid #f4f4f4; border-bottom: 2px solid transparent; transform: translateX(16px) translateY(-4px) rotate(30deg)\"><\/div><\/div><div style=\"margin-left: auto;\"> <div style=\" width: 0px; border-top: 8px solid #F4F4F4; border-right: 8px solid transparent; transform: translateY(16px);\"><\/div> <div style=\" background-color: #F4F4F4; flex-grow: 0; height: 12px; width: 16px; transform: translateY(-4px);\"><\/div> <div style=\" width: 0; height: 0; border-top: 8px solid #F4F4F4; border-left: 8px solid transparent; transform: translateY(-4px) translateX(8px);\"><\/div><\/div><\/div> <div style=\"display: flex; flex-direction: column; flex-grow: 1; justify-content: center; margin-bottom: 24px;\"> <div style=\" background-color: #F4F4F4; border-radius: 4px; flex-grow: 0; height: 14px; margin-bottom: 6px; width: 224px;\"><\/div> <div style=\" background-color: #F4F4F4; border-radius: 4px; flex-grow: 0; height: 14px; width: 144px;\"><\/div><\/div><\/a><p style=\" color:#c9c8cd; font-family:Arial,sans-serif; font-size:14px; line-height:17px; margin-bottom:0; margin-top:8px; overflow:hidden; padding:8px 0 7px; text-align:center; text-overflow:ellipsis; white-space:nowrap;\"><a href=\"https:\/\/www.instagram.com\/reel\/DOf-XtwgGBv\/?utm_source=ig_embed&amp;utm_campaign=loading\" style=\" color:#c9c8cd; font-family:Arial,sans-serif; font-size:14px; font-style:normal; font-weight:normal; line-height:17px; text-decoration:none;\" target=\"_blank\">A post shared by Prefeitura de Gar\u00e7a (@prefeituragarca)<\/a><\/p><\/div><\/blockquote><script async src=\"\/\/platform.instagram.com\/en_US\/embeds.js\"><\/script>\n<\/div><\/figure>\n","protected":false},"excerpt":{"rendered":"<p>Projeto, com previs\u00e3o de conclus\u00e3o para outubro, inclui reaproveitamento total da \u00e1gua, limpeza profunda, constru\u00e7\u00e3o de po\u00e7o artesiano e cuidado com a fauna. Recursos foram liberados pelo Estado de S\u00e3o Paulo apenas em 2025, ap\u00f3s conv\u00eanio firmado em 2022. A revitaliza\u00e7\u00e3o do Lago Artificial Professor J.K. Williams, um dos principais cart\u00f5es-postais do munic\u00edpio de Gar\u00e7a, [&hellip;]<\/p>\n","protected":false},"author":260896546,"featured_media":6687,"comment_status":"open","ping_status":"open","sticky":false,"template":"","format":"standard","meta":{"_monsterinsights_skip_tracking":false,"advanced_seo_description":"","jetpack_seo_html_title":"","jetpack_seo_noindex":false,"jetpack_seo_schema_type":"","_jetpack_newsletter_access":"","_jetpack_dont_email_post_to_subs":false,"_jetpack_newsletter_tier_id":0,"_jetpack_memberships_contains_paywalled_content":false,"_wpcom_ai_launchpad_first_post":false,"_jetpack_feature_clip_id":0,"_jetpack_memberships_contains_paid_content":false,"footnotes":"","jetpack_publicize_message":"\ud83d\udccd Obras de revitaliza\u00e7\u00e3o do Lago Artificial J.K. Williams iniciam em Gar\u00e7a \ud83d\udca7\n\nA prefeitura detalhou o projeto completo, que tem previs\u00e3o de conclus\u00e3o para outubro. \nOs recursos do conv\u00eanio com o Estado, de R$ 615 mil, foram firmados em 2022, segundo informa\u00e7\u00f5es do portal da transpar\u00eancia, mas liberados apenas este ano.\n\nQuer saber todos os detalhes? A mat\u00e9ria completa est\u00e1 no nosso site, diariodegarca.com (Link na bio)\n\n#Gar\u00e7a #LagoJKWilliams #MeioAmbiente #Revitaliza\u00e7\u00e3o #Urbanismo #S\u00e3oPaulo","jetpack_publicize_feature_enabled":true,"jetpack_social_post_already_shared":false,"jetpack_social_options":{"image_generator_settings":{"template":"highway","default_image_id":0,"font":"","enabled":false},"version":2},"_wpas_customize_per_network":false,"jetpack_post_was_ever_published":false},"categories":[781171664,15243],"tags":[],"class_list":["post-6681","post","type-post","status-publish","format-standard","has-post-thumbnail","hentry","category-garca-cidade","category-meio-ambiente"],"jetpack_publicize_connections":[],"jetpack_likes_enabled":true,"jetpack_sharing_enabled":true,"jetpack_shortlink":"https:\/\/wp.me\/pgitne-1JL","jetpack-related-posts":[{"id":2177,"url":"https:\/\/diariodegarca.com\/?p=2177","url_meta":{"origin":6681,"position":0},"title":"Pesca no lago segue proibida em Gar\u00e7a","author":"Di\u00e1rio de Gar\u00e7a","date":"8 de maio de 2025","format":false,"excerpt":"Apesar do crescente interesse pela pesca no lago artificial J.K Williams e de frequentemente algumas pessoas estarem optando pelo hobby, a Prefeitura refor\u00e7a que a atividade segue proibida no momento.\u00a0O espa\u00e7o, no entanto, continua dispon\u00edvel para caminhadas, contempla\u00e7\u00e3o da natureza e outras atividades de lazer. A prefeitura incentiva a popula\u00e7\u00e3o\u2026","rel":"","context":"Em &quot;Brasil&quot;","block_context":{"text":"Brasil","link":"https:\/\/diariodegarca.com\/?cat=38185"},"img":{"alt_text":"","src":"","width":0,"height":0},"classes":[]},{"id":7774,"url":"https:\/\/diariodegarca.com\/?p=7774","url_meta":{"origin":6681,"position":1},"title":"Gar\u00e7a ter\u00e1 nova edi\u00e7\u00e3o do Desafio Piramba Jetflex com competi\u00e7\u00f5es e shows gratuitos","author":"Andreza Sega","date":"17 de outubro de 2025","format":false,"excerpt":"Evento no final de outubro combina esporte, m\u00fasica e a\u00e7\u00e3o social no Lago Artificial Prof. J. K. Williams, com provas para atletas profissionais e amadores e uma programa\u00e7\u00e3o musical diversa. A cidade de Gar\u00e7a, prepara-se para sediar, nos dias 25 e 26 de outubro, mais uma edi\u00e7\u00e3o do\u00a0Desafio Piramba Jetflex.\u2026","rel":"","context":"Em &quot;Cultura&quot;","block_context":{"text":"Cultura","link":"https:\/\/diariodegarca.com\/?cat=2367"},"img":{"alt_text":"","src":"https:\/\/i0.wp.com\/diariodegarca.com\/wp-content\/uploads\/2025\/10\/WhatsApp-Image-2025-10-17-at-10.13.48.jpeg?fit=1024%2C604&ssl=1&resize=350%2C200","width":350,"height":200,"srcset":"https:\/\/i0.wp.com\/diariodegarca.com\/wp-content\/uploads\/2025\/10\/WhatsApp-Image-2025-10-17-at-10.13.48.jpeg?fit=1024%2C604&ssl=1&resize=350%2C200 1x, https:\/\/i0.wp.com\/diariodegarca.com\/wp-content\/uploads\/2025\/10\/WhatsApp-Image-2025-10-17-at-10.13.48.jpeg?fit=1024%2C604&ssl=1&resize=525%2C300 1.5x, https:\/\/i0.wp.com\/diariodegarca.com\/wp-content\/uploads\/2025\/10\/WhatsApp-Image-2025-10-17-at-10.13.48.jpeg?fit=1024%2C604&ssl=1&resize=700%2C400 2x"},"classes":[]},{"id":8492,"url":"https:\/\/diariodegarca.com\/?p=8492","url_meta":{"origin":6681,"position":2},"title":"C\u00e2mara de Gar\u00e7a debate Or\u00e7amento de R$ 310 milh\u00f5es para 2026 em audi\u00eancia p\u00fablica","author":"Di\u00e1rio de Gar\u00e7a","date":"5 de novembro de 2025","format":false,"excerpt":"Representantes da Prefeitura apresentam a pe\u00e7a or\u00e7ament\u00e1ria e respondem a questionamentos de vereadores sobre sa\u00fade, acessibilidade e reajuste do vale-alimenta\u00e7\u00e3o. Em uma sess\u00e3o aberta \u00e0 popula\u00e7\u00e3o, a C\u00e2mara Municipal de Gar\u00e7a realizou, na \u00faltima ter\u00e7a-feira, 4 de novembro, a Audi\u00eancia P\u00fablica para discutir o Projeto de Lei n\u00ba 81\/2025, a\u2026","rel":"","context":"Em &quot;Gar\u00e7a&quot;","block_context":{"text":"Gar\u00e7a","link":"https:\/\/diariodegarca.com\/?cat=781171664"},"img":{"alt_text":"","src":"https:\/\/i0.wp.com\/diariodegarca.com\/wp-content\/uploads\/2025\/11\/0af045f2-67a0-4341-8778-3f2285948ba6-e1762364838859.png?fit=380%2C215&ssl=1&resize=350%2C200","width":350,"height":200},"classes":[]},{"id":2707,"url":"https:\/\/diariodegarca.com\/?p=2707","url_meta":{"origin":6681,"position":3},"title":"Primeiro encontro do Clube de Leitura de 2025 acontece no dia 10 de mar\u00e7o","author":"Di\u00e1rio de Gar\u00e7a","date":"3 de mar\u00e7o de 2025","format":false,"excerpt":"O Clube de Leitura da Biblioteca P\u00fablica Municipal \u201cDr. Rafael Paes de Barros\u201d realizar\u00e1 seu primeiro encontro do ano no dia 10 de mar\u00e7o, \u00e0s 19h. Inicialmente programado para o dia 3, o evento foi adiado devido ao feriado de Carnaval, garantindo maior participa\u00e7\u00e3o do p\u00fablico. O encontro acontecer\u00e1 na\u00a0biblioteca,\u2026","rel":"","context":"Em &quot;Brasil&quot;","block_context":{"text":"Brasil","link":"https:\/\/diariodegarca.com\/?cat=38185"},"img":{"alt_text":"","src":"","width":0,"height":0},"classes":[]},{"id":9551,"url":"https:\/\/diariodegarca.com\/?p=9551","url_meta":{"origin":6681,"position":4},"title":"C\u00e2mara de Gar\u00e7a encerra ano com debates sobre \u00e1gua, reciclagem e \u00e9tica legislativa","author":"Andreza Sega","date":"16 de dezembro de 2025","format":false,"excerpt":"Em sess\u00e3o ordin\u00e1ria e extraordin\u00e1ria, vereadores aprovaram projetos de doa\u00e7\u00e3o de terrenos, melhorias ambientais e cr\u00e9dito para entidade assistencial, al\u00e9m de discutirem problemas cr\u00f4nicos de infraestrutura. A 42\u00aa Sess\u00e3o Ordin\u00e1ria da C\u00e2mara Municipal de Gar\u00e7a, realizada na \u00faltima segunda-feira, 15 de dezembro, marcou o encerramento dos trabalhos legislativos deste ano.\u2026","rel":"","context":"Em &quot;Gar\u00e7a&quot;","block_context":{"text":"Gar\u00e7a","link":"https:\/\/diariodegarca.com\/?cat=781171664"},"img":{"alt_text":"","src":"https:\/\/i0.wp.com\/diariodegarca.com\/wp-content\/uploads\/2025\/12\/camara-42.jpg?fit=687%2C349&ssl=1&resize=350%2C200","width":350,"height":200,"srcset":"https:\/\/i0.wp.com\/diariodegarca.com\/wp-content\/uploads\/2025\/12\/camara-42.jpg?fit=687%2C349&ssl=1&resize=350%2C200 1x, https:\/\/i0.wp.com\/diariodegarca.com\/wp-content\/uploads\/2025\/12\/camara-42.jpg?fit=687%2C349&ssl=1&resize=525%2C300 1.5x"},"classes":[]},{"id":7496,"url":"https:\/\/diariodegarca.com\/?p=7496","url_meta":{"origin":6681,"position":5},"title":"C\u00e2mara de Gar\u00e7a aprova transpar\u00eancia na sa\u00fade e inclus\u00e3o em sess\u00e3o movimentada","author":"Di\u00e1rio de Gar\u00e7a","date":"7 de outubro de 2025","format":false,"excerpt":"Projetos que obrigam a divulga\u00e7\u00e3o de filas da sa\u00fade e instituem o Setembro Verde foram aprovados por unanimidade; crise h\u00eddrica e doa\u00e7\u00e3o de po\u00e7o artesiano para o lago tamb\u00e9m foram temas centrais dos debates. Em sess\u00e3o ordin\u00e1ria realizada na segunda-feira, 6 de outubro, a C\u00e2mara Municipal de Gar\u00e7a aprovou projetos\u2026","rel":"","context":"Em &quot;Gar\u00e7a&quot;","block_context":{"text":"Gar\u00e7a","link":"https:\/\/diariodegarca.com\/?cat=781171664"},"img":{"alt_text":"","src":"https:\/\/i0.wp.com\/diariodegarca.com\/wp-content\/uploads\/2025\/10\/Camara-aprova-medidas-voltadas-a-transparencia-na-saude-e-a-inclusao-socialNa-32a-Sessao-Ordinar.jpg?fit=1080%2C872&ssl=1&resize=350%2C200","width":350,"height":200,"srcset":"https:\/\/i0.wp.com\/diariodegarca.com\/wp-content\/uploads\/2025\/10\/Camara-aprova-medidas-voltadas-a-transparencia-na-saude-e-a-inclusao-socialNa-32a-Sessao-Ordinar.jpg?fit=1080%2C872&ssl=1&resize=350%2C200 1x, https:\/\/i0.wp.com\/diariodegarca.com\/wp-content\/uploads\/2025\/10\/Camara-aprova-medidas-voltadas-a-transparencia-na-saude-e-a-inclusao-socialNa-32a-Sessao-Ordinar.jpg?fit=1080%2C872&ssl=1&resize=525%2C300 1.5x, https:\/\/i0.wp.com\/diariodegarca.com\/wp-content\/uploads\/2025\/10\/Camara-aprova-medidas-voltadas-a-transparencia-na-saude-e-a-inclusao-socialNa-32a-Sessao-Ordinar.jpg?fit=1080%2C872&ssl=1&resize=700%2C400 2x, https:\/\/i0.wp.com\/diariodegarca.com\/wp-content\/uploads\/2025\/10\/Camara-aprova-medidas-voltadas-a-transparencia-na-saude-e-a-inclusao-socialNa-32a-Sessao-Ordinar.jpg?fit=1080%2C872&ssl=1&resize=1050%2C600 3x"},"classes":[]}],"jetpack_featured_media_url":"https:\/\/i0.wp.com\/diariodegarca.com\/wp-content\/uploads\/2025\/09\/whatsapp-image-2025-09-12-at-15.00.46.jpeg?fit=1600%2C738&ssl=1","_links":{"self":[{"href":"https:\/\/diariodegarca.com\/index.php?rest_route=\/wp\/v2\/posts\/6681","targetHints":{"allow":["GET"]}}],"collection":[{"href":"https:\/\/diariodegarca.com\/index.php?rest_route=\/wp\/v2\/posts"}],"about":[{"href":"https:\/\/diariodegarca.com\/index.php?rest_route=\/wp\/v2\/types\/post"}],"author":[{"embeddable":true,"href":"https:\/\/diariodegarca.com\/index.php?rest_route=\/wp\/v2\/users\/260896546"}],"replies":[{"embeddable":true,"href":"https:\/\/diariodegarca.com\/index.php?rest_route=%2Fwp%2Fv2%2Fcomments&post=6681"}],"version-history":[{"count":6,"href":"https:\/\/diariodegarca.com\/index.php?rest_route=\/wp\/v2\/posts\/6681\/revisions"}],"predecessor-version":[{"id":6689,"href":"https:\/\/diariodegarca.com\/index.php?rest_route=\/wp\/v2\/posts\/6681\/revisions\/6689"}],"wp:featuredmedia":[{"embeddable":true,"href":"https:\/\/diariodegarca.com\/index.php?rest_route=\/wp\/v2\/media\/6687"}],"wp:attachment":[{"href":"https:\/\/diariodegarca.com\/index.php?rest_route=%2Fwp%2Fv2%2Fmedia&parent=6681"}],"wp:term":[{"taxonomy":"category","embeddable":true,"href":"https:\/\/diariodegarca.com\/index.php?rest_route=%2Fwp%2Fv2%2Fcategories&post=6681"},{"taxonomy":"post_tag","embeddable":true,"href":"https:\/\/diariodegarca.com\/index.php?rest_route=%2Fwp%2Fv2%2Ftags&post=6681"}],"curies":[{"name":"wp","href":"https:\/\/api.w.org\/{rel}","templated":true}]}}