{"id":6690,"date":"2025-09-12T16:20:09","date_gmt":"2025-09-12T19:20:09","guid":{"rendered":"https:\/\/diariodegarca.com\/?p=6690"},"modified":"2025-09-12T16:20:09","modified_gmt":"2025-09-12T19:20:09","slug":"garca-promove-acao-no-setembro-dourado-para-alertar-sobre-cancer-infantojuvenil","status":"publish","type":"post","link":"https:\/\/diariodegarca.com\/?p=6690","title":{"rendered":"Gar\u00e7a promove a\u00e7\u00e3o no Setembro Dourado para alertar sobre c\u00e2ncer infantojuvenil"},"content":{"rendered":"\n<p class=\"wp-block-paragraph\"><em>Evento no s\u00e1bado na Pra\u00e7a Matriz focar\u00e1 no retinoblastoma, tipo raro de tumor ocular, com orienta\u00e7\u00f5es sobre a import\u00e2ncia do diagn\u00f3stico precoce.<\/em><\/p>\n\n\n\n<p class=\"wp-block-paragraph\">A Prefeitura de Gar\u00e7a, por meio da Secretaria Municipal de Sa\u00fade, realizar\u00e1 neste <strong>s\u00e1bado, 13 de setembro<\/strong>, uma a\u00e7\u00e3o especial em alus\u00e3o ao Setembro Dourado. O evento, que acontece <strong>na Pra\u00e7a da Igreja Matriz<\/strong>, <strong>das 9h \u00e0s 13h<\/strong>, tem como objetivo central informar, orientar e acolher pais e respons\u00e1veis sobre a import\u00e2ncia de reconhecer precocemente os sinais do c\u00e2ncer infantojuvenil.<\/p>\n\n\n\n<p class=\"wp-block-paragraph\">Neste ano, a mobiliza\u00e7\u00e3o dar\u00e1 destaque ao\u00a0<strong>retinoblastoma<\/strong>, um tipo raro de c\u00e2ncer que se desenvolve na retina e afeta principalmente crian\u00e7as pequenas. A iniciativa Sa\u00fade busca sensibilizar a comunidade, uma vez que a identifica\u00e7\u00e3o r\u00e1pida de sinais e sintomas \u00e9 decisiva para reduzir sequelas e preservar a vis\u00e3o.<\/p>\n\n\n\n<p class=\"wp-block-paragraph\">Especialistas refor\u00e7am que, embora raro, o c\u00e2ncer em crian\u00e7as e adolescentes possui altas taxas de cura quando tratado em seus est\u00e1gios iniciais. A a\u00e7\u00e3o na pra\u00e7a servir\u00e1 como um ponto de informa\u00e7\u00e3o para que familiares e cuidadores tirem d\u00favidas e aprendam a observar poss\u00edveis alertas.<\/p>\n\n\n\n<p class=\"wp-block-paragraph\"><strong>Sobre a Doen\u00e7a<\/strong><br>O retinoblastoma \u00e9 um tumor maligno que se origina nas c\u00e9lulas da retina, a parte do olho respons\u00e1vel pela vis\u00e3o. \u00c9 o tumor ocular mais comum na inf\u00e2ncia e pode ocorrer em um ou ambos os olhos. Sua ocorr\u00eancia est\u00e1 frequentemente relacionada a fatores gen\u00e9ticos.<\/p>\n\n\n\n<p class=\"wp-block-paragraph\">O principal e mais vis\u00edvel sinal \u00e9 o\u00a0<strong>reflexo pupilar esbranqui\u00e7ado<\/strong>, popularmente conhecido como &#8220;reflexo do olho de gato&#8221;, percept\u00edvel em fotografias com flash ou sob certa ilumina\u00e7\u00e3o. Outros sintomas incluem estrabismo (olho torto) de in\u00edcio repentino, vermelhid\u00e3o ocular sem infec\u00e7\u00e3o, incha\u00e7o no olho e queixa de dor ou perda progressiva da vis\u00e3o.<\/p>\n\n\n\n<p class=\"wp-block-paragraph\">A orienta\u00e7\u00e3o m\u00e9dica deve ser procurada imediatamente ao se observar qualquer um dos sintomas descritos, principalmente o reflexo branco na pupila. N\u00e3o se deve aguardar o agravamento do quadro. A avalia\u00e7\u00e3o com um pediatra ou oftalmologista \u00e9 o primeiro passo. Quanto mais cedo for o encaminhamento a um especialista, maiores s\u00e3o as chances de sucesso no tratamento.<\/p>\n","protected":false},"excerpt":{"rendered":"<p>Evento no s\u00e1bado na Pra\u00e7a Matriz focar\u00e1 no retinoblastoma, tipo raro de tumor ocular, com orienta\u00e7\u00f5es sobre a import\u00e2ncia do diagn\u00f3stico precoce. A Prefeitura de Gar\u00e7a, por meio da Secretaria Municipal de Sa\u00fade, realizar\u00e1 neste s\u00e1bado, 13 de setembro, uma a\u00e7\u00e3o especial em alus\u00e3o ao Setembro Dourado. O evento, que acontece na Pra\u00e7a da Igreja [&hellip;]<\/p>\n","protected":false},"author":260896546,"featured_media":6693,"comment_status":"open","ping_status":"open","sticky":false,"template":"","format":"standard","meta":{"_crdt_document":"","_monsterinsights_skip_tracking":false,"_monsterinsights_sitenote_active":false,"_monsterinsights_sitenote_note":"","_monsterinsights_sitenote_category":0,"advanced_seo_description":"","jetpack_seo_html_title":"","jetpack_seo_noindex":false,"_jetpack_newsletter_access":"","_jetpack_dont_email_post_to_subs":false,"_jetpack_newsletter_tier_id":0,"_jetpack_memberships_contains_paywalled_content":false,"_jetpack_memberships_contains_paid_content":false,"footnotes":"","jetpack_publicize_message":"\ud83d\udccd Setembro Dourado: A\u00e7\u00e3o em Gar\u00e7a alerta para os sinais do c\u00e2ncer infantojuvenil. \n\nA Prefeitura realiza uma a\u00e7\u00e3o especial neste s\u00e1bado (13), das 9h \u00e0s 13h, na Pra\u00e7a da Igreja Matriz.\n\n\ud83d\udc41\ufe0f Retinoblastoma \u00e9 um tipo raro de c\u00e2ncer ocular que afeta crian\u00e7as. A detec\u00e7\u00e3o precoce \u00e9 essencial para preservar a vis\u00e3o.\n\n\ud83d\udcd6 Leia mais informa\u00e7\u00f5es sobre a doen\u00e7a em nosso site, diariodegarca.com (link na bio).\n\n#SetembroDourado #Garca #Sa\u00fade #Retinoblastoma #Conscientiza\u00e7\u00e3o #C\u00e2ncerInfantil #PrefeituradeGarca","jetpack_publicize_feature_enabled":true,"jetpack_social_post_already_shared":false,"jetpack_social_options":{"image_generator_settings":{"template":"highway","default_image_id":0,"font":"","enabled":false},"version":2},"_wpas_customize_per_network":false,"jetpack_post_was_ever_published":false},"categories":[582590134,781171664,72064],"tags":[],"class_list":["post-6690","post","type-post","status-publish","format-standard","has-post-thumbnail","hentry","category-campanha-mensal","category-garca-cidade","category-saude"],"jetpack_publicize_connections":[],"jetpack_featured_media_url":"https:\/\/i0.wp.com\/diariodegarca.com\/wp-content\/uploads\/2025\/09\/crianca-brincando-com-biscoitos.jpg?fit=3437%2C5155&ssl=1","jetpack_likes_enabled":true,"jetpack_sharing_enabled":true,"jetpack_shortlink":"https:\/\/wp.me\/pgitne-1JU","jetpack-related-posts":[{"id":6837,"url":"https:\/\/diariodegarca.com\/?p=6837","url_meta":{"origin":6690,"position":0},"title":"Setembro Dourado: pela detec\u00e7\u00e3o precoce de c\u00e2ncer em crian\u00e7as e adolescentes","author":"Di\u00e1rio de Gar\u00e7a","date":"17 de setembro de 2025","format":false,"excerpt":"Campanha nacional alerta para os sinais do c\u00e2ncer infanto-juvenil, doen\u00e7a que \u00e9 a principal causa de morte por enfermidade entre um e dezenove anos no Brasil, mas que tem at\u00e9 80% de chance de cura com diagn\u00f3stico r\u00e1pido. O m\u00eas de setembro se veste de dourado para levar uma mensagem\u2026","rel":"","context":"Em &quot;Campanha mensal&quot;","block_context":{"text":"Campanha mensal","link":"https:\/\/diariodegarca.com\/?cat=582590134"},"img":{"alt_text":"","src":"https:\/\/i0.wp.com\/diariodegarca.com\/wp-content\/uploads\/2025\/09\/crianca-em-terapia-para-lutar-contra-o-cancer.jpg?fit=1200%2C800&ssl=1&resize=350%2C200","width":350,"height":200,"srcset":"https:\/\/i0.wp.com\/diariodegarca.com\/wp-content\/uploads\/2025\/09\/crianca-em-terapia-para-lutar-contra-o-cancer.jpg?fit=1200%2C800&ssl=1&resize=350%2C200 1x, https:\/\/i0.wp.com\/diariodegarca.com\/wp-content\/uploads\/2025\/09\/crianca-em-terapia-para-lutar-contra-o-cancer.jpg?fit=1200%2C800&ssl=1&resize=525%2C300 1.5x, https:\/\/i0.wp.com\/diariodegarca.com\/wp-content\/uploads\/2025\/09\/crianca-em-terapia-para-lutar-contra-o-cancer.jpg?fit=1200%2C800&ssl=1&resize=700%2C400 2x, https:\/\/i0.wp.com\/diariodegarca.com\/wp-content\/uploads\/2025\/09\/crianca-em-terapia-para-lutar-contra-o-cancer.jpg?fit=1200%2C800&ssl=1&resize=1050%2C600 3x"},"classes":[]},{"id":4937,"url":"https:\/\/diariodegarca.com\/?p=4937","url_meta":{"origin":6690,"position":1},"title":"Julho Amarelo: Gar\u00e7a e Mar\u00edlia fazem a\u00e7\u00f5es de combate \u00e0s hepatites virais","author":"Di\u00e1rio de Gar\u00e7a","date":"23 de julho de 2025","format":false,"excerpt":"Eventos oferecem testagem gratuita, orienta\u00e7\u00f5es e conscientiza\u00e7\u00e3o sobre a doen\u00e7a. Em alus\u00e3o ao\u00a0Julho Amarelo, m\u00eas dedicado \u00e0 preven\u00e7\u00e3o e enfrentamento das hepatites virais, os munic\u00edpios de\u00a0Gar\u00e7a e Mar\u00edlia\u00a0realizam a\u00e7\u00f5es estrat\u00e9gicas para ampliar o acesso \u00e0 testagem e informa\u00e7\u00e3o. A campanha, uma iniciativa do Minist\u00e9rio da Sa\u00fade em parceria com estados\u2026","rel":"","context":"Em &quot;Gar\u00e7a&quot;","block_context":{"text":"Gar\u00e7a","link":"https:\/\/diariodegarca.com\/?cat=781171664"},"img":{"alt_text":"","src":"https:\/\/i0.wp.com\/diariodegarca.com\/wp-content\/uploads\/2025\/07\/processo-de-manicure-para-unhas.jpg?fit=1200%2C800&ssl=1&resize=350%2C200","width":350,"height":200,"srcset":"https:\/\/i0.wp.com\/diariodegarca.com\/wp-content\/uploads\/2025\/07\/processo-de-manicure-para-unhas.jpg?fit=1200%2C800&ssl=1&resize=350%2C200 1x, https:\/\/i0.wp.com\/diariodegarca.com\/wp-content\/uploads\/2025\/07\/processo-de-manicure-para-unhas.jpg?fit=1200%2C800&ssl=1&resize=525%2C300 1.5x, https:\/\/i0.wp.com\/diariodegarca.com\/wp-content\/uploads\/2025\/07\/processo-de-manicure-para-unhas.jpg?fit=1200%2C800&ssl=1&resize=700%2C400 2x, https:\/\/i0.wp.com\/diariodegarca.com\/wp-content\/uploads\/2025\/07\/processo-de-manicure-para-unhas.jpg?fit=1200%2C800&ssl=1&resize=1050%2C600 3x"},"classes":[]},{"id":6726,"url":"https:\/\/diariodegarca.com\/?p=6726","url_meta":{"origin":6690,"position":2},"title":"Setembro Turquesa: conscientiza\u00e7\u00e3o do c\u00e2ncer de ov\u00e1rio e de tireoide","author":"Di\u00e1rio de Gar\u00e7a","date":"13 de setembro de 2025","format":false,"excerpt":"Setembro \u00e9 um m\u00eas dedicado \u00e0 conscientiza\u00e7\u00e3o sobre os c\u00e2nceres de ov\u00e1rio e tireoide, que s\u00e3o muitas vezes silenciosos e afetam especialmente mulheres no Brasil. O c\u00e2ncer de ov\u00e1rio, chamado de \"c\u00e2ncer silencioso\", \u00e9 frequentemente diagnosticado em est\u00e1gios avan\u00e7ados, com sintomas sutis que se assemelham a problemas gastrointestinais.","rel":"","context":"Em &quot;Campanha mensal&quot;","block_context":{"text":"Campanha mensal","link":"https:\/\/diariodegarca.com\/?cat=582590134"},"img":{"alt_text":"","src":"https:\/\/i0.wp.com\/diariodegarca.com\/wp-content\/uploads\/2025\/09\/light-blue-ribbon-crop-hands.jpg?fit=1200%2C800&ssl=1&resize=350%2C200","width":350,"height":200,"srcset":"https:\/\/i0.wp.com\/diariodegarca.com\/wp-content\/uploads\/2025\/09\/light-blue-ribbon-crop-hands.jpg?fit=1200%2C800&ssl=1&resize=350%2C200 1x, https:\/\/i0.wp.com\/diariodegarca.com\/wp-content\/uploads\/2025\/09\/light-blue-ribbon-crop-hands.jpg?fit=1200%2C800&ssl=1&resize=525%2C300 1.5x, https:\/\/i0.wp.com\/diariodegarca.com\/wp-content\/uploads\/2025\/09\/light-blue-ribbon-crop-hands.jpg?fit=1200%2C800&ssl=1&resize=700%2C400 2x, https:\/\/i0.wp.com\/diariodegarca.com\/wp-content\/uploads\/2025\/09\/light-blue-ribbon-crop-hands.jpg?fit=1200%2C800&ssl=1&resize=1050%2C600 3x"},"classes":[]},{"id":6506,"url":"https:\/\/diariodegarca.com\/?p=6506","url_meta":{"origin":6690,"position":3},"title":"Setembro Azul: conscientiza\u00e7\u00e3o sobre os cuidados da sa\u00fade masculina","author":"Di\u00e1rio de Gar\u00e7a","date":"8 de setembro de 2025","format":false,"excerpt":"Campanha antecede com o objetivo de quebrar tabus e alertar sobre a import\u00e2ncia dos exames preventivos do c\u00e2ncer de pr\u00f3stata, segundo tipo mais comum entre os homens. O\u00a0Setembro Azul \u00e9 um momento para refletir sobre a sa\u00fade da popula\u00e7\u00e3o masculina. O foco da campanha \u00e9 salvar vidas atrav\u00e9s do diagn\u00f3stico\u2026","rel":"","context":"Em &quot;Campanha mensal&quot;","block_context":{"text":"Campanha mensal","link":"https:\/\/diariodegarca.com\/?cat=582590134"},"img":{"alt_text":"","src":"https:\/\/i0.wp.com\/diariodegarca.com\/wp-content\/uploads\/2025\/09\/homem-com-fita-azul-de-novembro.jpg?fit=1200%2C801&ssl=1&resize=350%2C200","width":350,"height":200,"srcset":"https:\/\/i0.wp.com\/diariodegarca.com\/wp-content\/uploads\/2025\/09\/homem-com-fita-azul-de-novembro.jpg?fit=1200%2C801&ssl=1&resize=350%2C200 1x, https:\/\/i0.wp.com\/diariodegarca.com\/wp-content\/uploads\/2025\/09\/homem-com-fita-azul-de-novembro.jpg?fit=1200%2C801&ssl=1&resize=525%2C300 1.5x, https:\/\/i0.wp.com\/diariodegarca.com\/wp-content\/uploads\/2025\/09\/homem-com-fita-azul-de-novembro.jpg?fit=1200%2C801&ssl=1&resize=700%2C400 2x, https:\/\/i0.wp.com\/diariodegarca.com\/wp-content\/uploads\/2025\/09\/homem-com-fita-azul-de-novembro.jpg?fit=1200%2C801&ssl=1&resize=1050%2C600 3x"},"classes":[]},{"id":2657,"url":"https:\/\/diariodegarca.com\/?p=2657","url_meta":{"origin":6690,"position":4},"title":"Mar\u00e7o Lil\u00e1s: m\u00eas de conscientiza\u00e7\u00e3o e combate ao c\u00e2ncer do colo do \u00fatero","author":"Di\u00e1rio de Gar\u00e7a","date":"10 de mar\u00e7o de 2025","format":false,"excerpt":"O Mar\u00e7o Lil\u00e1s \u00e9 uma campanha essencial para a sa\u00fade da mulher, destacando a preven\u00e7\u00e3o, o diagn\u00f3stico precoce e o tratamento do c\u00e2ncer do colo do \u00fatero. A iniciativa busca alertar a popula\u00e7\u00e3o sobre essa doen\u00e7a, que ainda \u00e9 uma das principais causas de morte por c\u00e2ncer entre mulheres no\u2026","rel":"","context":"Em &quot;Brasil&quot;","block_context":{"text":"Brasil","link":"https:\/\/diariodegarca.com\/?cat=38185"},"img":{"alt_text":"","src":"","width":0,"height":0},"classes":[]},{"id":5235,"url":"https:\/\/diariodegarca.com\/?p=5235","url_meta":{"origin":6690,"position":5},"title":"Agosto Azul: m\u00eas de conscientiza\u00e7\u00e3o sobre a sa\u00fade do homem","author":"Di\u00e1rio de Gar\u00e7a","date":"4 de agosto de 2025","format":false,"excerpt":"Campanha alerta para a import\u00e2ncia da preven\u00e7\u00e3o e do diagn\u00f3stico precoce de doen\u00e7as que mais afetam os homens no Brasil. O\u00a0Agosto Azul\u00a0\u00e9 uma campanha nacional dedicada \u00e0 conscientiza\u00e7\u00e3o sobre a sa\u00fade masculina, incentivando os homens a priorizarem cuidados m\u00e9dicos e a adotarem h\u00e1bitos mais saud\u00e1veis. Dados do Minist\u00e9rio da Sa\u00fade\u2026","rel":"","context":"Em &quot;Brasil&quot;","block_context":{"text":"Brasil","link":"https:\/\/diariodegarca.com\/?cat=38185"},"img":{"alt_text":"","src":"https:\/\/i0.wp.com\/diariodegarca.com\/wp-content\/uploads\/2025\/08\/pai-e-filho-se-divertindo-no-parque.jpg?fit=1200%2C801&ssl=1&resize=350%2C200","width":350,"height":200,"srcset":"https:\/\/i0.wp.com\/diariodegarca.com\/wp-content\/uploads\/2025\/08\/pai-e-filho-se-divertindo-no-parque.jpg?fit=1200%2C801&ssl=1&resize=350%2C200 1x, https:\/\/i0.wp.com\/diariodegarca.com\/wp-content\/uploads\/2025\/08\/pai-e-filho-se-divertindo-no-parque.jpg?fit=1200%2C801&ssl=1&resize=525%2C300 1.5x, https:\/\/i0.wp.com\/diariodegarca.com\/wp-content\/uploads\/2025\/08\/pai-e-filho-se-divertindo-no-parque.jpg?fit=1200%2C801&ssl=1&resize=700%2C400 2x, https:\/\/i0.wp.com\/diariodegarca.com\/wp-content\/uploads\/2025\/08\/pai-e-filho-se-divertindo-no-parque.jpg?fit=1200%2C801&ssl=1&resize=1050%2C600 3x"},"classes":[]}],"_links":{"self":[{"href":"https:\/\/diariodegarca.com\/index.php?rest_route=\/wp\/v2\/posts\/6690","targetHints":{"allow":["GET"]}}],"collection":[{"href":"https:\/\/diariodegarca.com\/index.php?rest_route=\/wp\/v2\/posts"}],"about":[{"href":"https:\/\/diariodegarca.com\/index.php?rest_route=\/wp\/v2\/types\/post"}],"author":[{"embeddable":true,"href":"https:\/\/diariodegarca.com\/index.php?rest_route=\/wp\/v2\/users\/260896546"}],"replies":[{"embeddable":true,"href":"https:\/\/diariodegarca.com\/index.php?rest_route=%2Fwp%2Fv2%2Fcomments&post=6690"}],"version-history":[{"count":3,"href":"https:\/\/diariodegarca.com\/index.php?rest_route=\/wp\/v2\/posts\/6690\/revisions"}],"predecessor-version":[{"id":6694,"href":"https:\/\/diariodegarca.com\/index.php?rest_route=\/wp\/v2\/posts\/6690\/revisions\/6694"}],"wp:featuredmedia":[{"embeddable":true,"href":"https:\/\/diariodegarca.com\/index.php?rest_route=\/wp\/v2\/media\/6693"}],"wp:attachment":[{"href":"https:\/\/diariodegarca.com\/index.php?rest_route=%2Fwp%2Fv2%2Fmedia&parent=6690"}],"wp:term":[{"taxonomy":"category","embeddable":true,"href":"https:\/\/diariodegarca.com\/index.php?rest_route=%2Fwp%2Fv2%2Fcategories&post=6690"},{"taxonomy":"post_tag","embeddable":true,"href":"https:\/\/diariodegarca.com\/index.php?rest_route=%2Fwp%2Fv2%2Ftags&post=6690"}],"curies":[{"name":"wp","href":"https:\/\/api.w.org\/{rel}","templated":true}]}}