{"id":6717,"date":"2025-09-13T09:30:32","date_gmt":"2025-09-13T12:30:32","guid":{"rendered":"https:\/\/diariodegarca.com\/?p=6717"},"modified":"2025-09-13T09:30:32","modified_gmt":"2025-09-13T12:30:32","slug":"lucianopolis-implementa-rede-de-protecao-a-criancas-e-adolescentes-vitimas-de-violencia","status":"publish","type":"post","link":"https:\/\/diariodegarca.com\/?p=6717","title":{"rendered":"Lucian\u00f3polis implementa rede de prote\u00e7\u00e3o a crian\u00e7as e adolescentes v\u00edtimas de viol\u00eancia"},"content":{"rendered":"\n<p class=\"wp-block-paragraph\"><em>Programa intersetorial re\u00fane educa\u00e7\u00e3o, sa\u00fade, assist\u00eancia social e seguran\u00e7a p\u00fablica para assegurar atendimento humanizado e eficaz, priorizando a escuta especializada e o acolhimento seguro.<\/em><\/p>\n\n\n\n<p class=\"wp-block-paragraph\">O munic\u00edpio de Lucian\u00f3polis lan\u00e7ou um programa para fortalecer a rede de prote\u00e7\u00e3o infantojuvenil. Trata-se do Programa Intersetorial de Atendimento a Crian\u00e7as e Adolescentes V\u00edtimas de Viol\u00eancia, que visa oferecer um suporte integrado e especializado a jovens que tenham sofrido qualquer tipo de agress\u00e3o. O projeto foi oficializado nesta semana com a uni\u00e3o de diversas entidades locais e da regi\u00e3o.<\/p>\n\n\n\n<p class=\"wp-block-paragraph\">A estrat\u00e9gia do programa \u00e9, atrav\u00e9s da articula\u00e7\u00e3o de m\u00faltiplos setores, evitar que a v\u00edtima e sua fam\u00edlia tenham que percorrer um caminho fragmentado e revitimizante em busca de ajuda. A proposta \u00e9 criar um fluxo de atendimento coeso, onde a informa\u00e7\u00e3o e o cuidado sejam compartilhados entre os servi\u00e7os, garantindo agilidade, privacidade e um acompanhamento cont\u00ednuo.<\/p>\n\n\n\n<figure class=\"wp-block-image size-large\"><img data-recalc-dims=\"1\" loading=\"lazy\" decoding=\"async\" width=\"800\" height=\"534\" data-attachment-id=\"6720\" data-permalink=\"https:\/\/diariodegarca.com\/?attachment_id=6720\" data-orig-file=\"https:\/\/i0.wp.com\/diariodegarca.com\/wp-content\/uploads\/2025\/09\/547278777_1108965944695185_4145161981988252465_n.jpg?fit=2048%2C1365&amp;ssl=1\" data-orig-size=\"2048,1365\" data-comments-opened=\"1\" data-image-meta=\"{&quot;aperture&quot;:&quot;0&quot;,&quot;credit&quot;:&quot;Guilherme Godoy 2012&quot;,&quot;camera&quot;:&quot;&quot;,&quot;caption&quot;:&quot;&quot;,&quot;created_timestamp&quot;:&quot;0&quot;,&quot;copyright&quot;:&quot;Brasil&quot;,&quot;focal_length&quot;:&quot;0&quot;,&quot;iso&quot;:&quot;0&quot;,&quot;shutter_speed&quot;:&quot;0&quot;,&quot;title&quot;:&quot;&quot;,&quot;orientation&quot;:&quot;0&quot;}\" data-image-title=\"547278777_1108965944695185_4145161981988252465_n\" data-image-description=\"\" data-image-caption=\"\" data-large-file=\"https:\/\/i0.wp.com\/diariodegarca.com\/wp-content\/uploads\/2025\/09\/547278777_1108965944695185_4145161981988252465_n.jpg?fit=800%2C534&amp;ssl=1\" src=\"https:\/\/i0.wp.com\/diariodegarca.com\/wp-content\/uploads\/2025\/09\/547278777_1108965944695185_4145161981988252465_n.jpg?resize=800%2C534&#038;ssl=1\" alt=\"Pessoa segurando um documento colorido que apresenta um fluxograma sobre atendimento a crian\u00e7as e adolescentes v\u00edtimas de viol\u00eancia em Lucian\u00f3polis.\" class=\"wp-image-6720\" srcset=\"https:\/\/i0.wp.com\/diariodegarca.com\/wp-content\/uploads\/2025\/09\/547278777_1108965944695185_4145161981988252465_n.jpg?resize=1024%2C683&amp;ssl=1 1024w, https:\/\/i0.wp.com\/diariodegarca.com\/wp-content\/uploads\/2025\/09\/547278777_1108965944695185_4145161981988252465_n.jpg?resize=300%2C200&amp;ssl=1 300w, https:\/\/i0.wp.com\/diariodegarca.com\/wp-content\/uploads\/2025\/09\/547278777_1108965944695185_4145161981988252465_n.jpg?resize=768%2C512&amp;ssl=1 768w, https:\/\/i0.wp.com\/diariodegarca.com\/wp-content\/uploads\/2025\/09\/547278777_1108965944695185_4145161981988252465_n.jpg?resize=1536%2C1024&amp;ssl=1 1536w, https:\/\/i0.wp.com\/diariodegarca.com\/wp-content\/uploads\/2025\/09\/547278777_1108965944695185_4145161981988252465_n.jpg?w=2048&amp;ssl=1 2048w, https:\/\/i0.wp.com\/diariodegarca.com\/wp-content\/uploads\/2025\/09\/547278777_1108965944695185_4145161981988252465_n.jpg?w=1600&amp;ssl=1 1600w\" sizes=\"auto, (max-width: 800px) 100vw, 800px\" \/><\/figure>\n\n\n\n<p class=\"wp-block-paragraph\"><strong>Uma rede de prote\u00e7\u00e3o ampliada<\/strong><\/p>\n\n\n\n<p class=\"wp-block-paragraph\">Diferentemente de a\u00e7\u00f5es isoladas, o programa de Lucian\u00f3polis pretende oferecer uma rede mais abrang\u00eancia. A constru\u00e7\u00e3o do plano contou com a participa\u00e7\u00e3o fundamental de:<\/p>\n\n\n\n<ul class=\"wp-block-list\">\n<li><strong>Departamentos Municipais:<\/strong>\u00a0Educa\u00e7\u00e3o, Cultura e Esportes; Sa\u00fade; e Assist\u00eancia Social.<\/li>\n\n\n\n<li><strong>Servi\u00e7os de Assist\u00eancia:<\/strong>\u00a0Centro de Refer\u00eancia da Assist\u00eancia Social (CRAS), Servi\u00e7o de Conviv\u00eancia e Fortalecimento de V\u00ednculos (SCFV), Prote\u00e7\u00e3o Social Especial e a Sociedade Creche Maria Piovezan Bim.<\/li>\n\n\n\n<li><strong>\u00d3rg\u00e3os de Prote\u00e7\u00e3o e Seguran\u00e7a:<\/strong>\u00a0Conselho Tutelar, Pol\u00edcia Civil e Militar.<\/li>\n\n\n\n<li><strong>Institui\u00e7\u00f5es de Ensino:<\/strong>\u00a0Escola Estadual Professora C\u00e9lia Primo Calil.<\/li>\n\n\n\n<li><strong>Parceiros Regionais:<\/strong>\u00a0A elabora\u00e7\u00e3o do programa tamb\u00e9m recebeu a contribui\u00e7\u00e3o crucial de institui\u00e7\u00f5es de munic\u00edpios vizinhos, como a Casa Abrigo Nosso Lar de Duartina, o Hospital Santa Luzia e a APAE de Duartina, ampliando a capacidade de atendimento especializado.<\/li>\n<\/ul>\n\n\n\n<p class=\"wp-block-paragraph\"><strong>Prioridade \u00e0 escuta protegida e ao acolhimento<\/strong><\/p>\n\n\n\n<p class=\"wp-block-paragraph\">O programa est\u00e1 pautado em tr\u00eas pilares principais: a&nbsp;<strong>preven\u00e7\u00e3o<\/strong>, o&nbsp;<strong>acolhimento seguro<\/strong>&nbsp;e a&nbsp;<strong>garantia de direitos<\/strong>. A prioridade, como destacado na proposta, \u00e9 a &#8220;escuta especializada&#8221;, uma pr\u00e1tica que evita a revitimiza\u00e7\u00e3o da crian\u00e7a ou do adolescente, que n\u00e3o ser\u00e1 submetido a m\u00faltiplos e repetitivos relatos do trauma sofrido. Essa escuta \u00e9 feita de forma t\u00e9cnica e humanizada, encaminhando a v\u00edtima, a partir de ent\u00e3o, para os servi\u00e7os necess\u00e1rios, seja apoio psicol\u00f3gico, social, m\u00e9dico ou jur\u00eddico.<\/p>\n\n\n\n<p class=\"wp-block-paragraph\">O Promotor de Justi\u00e7a da Comarca de Duartina, Dr. Cristiano de Barros Santos, esteve presente no lan\u00e7amento e enfatizou a import\u00e2ncia da medida. Para ele, a articula\u00e7\u00e3o intersetorial \u00e9 a chave para a efetividade real no enfrentamento \u00e0 viol\u00eancia contra menores.<\/p>\n\n\n\n<p class=\"wp-block-paragraph\">O prefeito Ademir Mantovanelli classificou a iniciativa como um &#8220;marco para o munic\u00edpio&#8221;. &#8220;A prote\u00e7\u00e3o das nossas crian\u00e7as e adolescentes precisa ser prioridade, e s\u00f3 conseguimos isso com a uni\u00e3o de for\u00e7as entre diferentes setores. Estamos dando um passo importante para oferecer atendimento digno, acolhedor e eficiente \u00e0s v\u00edtimas de viol\u00eancia&#8221;, afirmou Mantovanelli.<\/p>\n\n\n\n<p class=\"wp-block-paragraph\">Com a medida, Lucian\u00f3polis busca n\u00e3o apenas remediar casos de viol\u00eancia, mas criar um ambiente de prote\u00e7\u00e3o integral, onde a pol\u00edtica p\u00fablica seja uma ferramenta ativa na defesa dos direitos de crian\u00e7as e adolescentes.<\/p>\n","protected":false},"excerpt":{"rendered":"<p>Programa intersetorial re\u00fane educa\u00e7\u00e3o, sa\u00fade, assist\u00eancia social e seguran\u00e7a p\u00fablica para assegurar atendimento humanizado e eficaz, priorizando a escuta especializada e o acolhimento seguro. O munic\u00edpio de Lucian\u00f3polis lan\u00e7ou um programa para fortalecer a rede de prote\u00e7\u00e3o infantojuvenil. Trata-se do Programa Intersetorial de Atendimento a Crian\u00e7as e Adolescentes V\u00edtimas de Viol\u00eancia, que visa oferecer um [&hellip;]<\/p>\n","protected":false},"author":260896546,"featured_media":6718,"comment_status":"open","ping_status":"open","sticky":false,"template":"","format":"standard","meta":{"_crdt_document":"","_monsterinsights_skip_tracking":false,"_monsterinsights_sitenote_active":false,"_monsterinsights_sitenote_note":"","_monsterinsights_sitenote_category":0,"advanced_seo_description":"O Programa Intersetorial de Lucian\u00f3polis integra educa\u00e7\u00e3o, sa\u00fade e seguran\u00e7a para oferecer prote\u00e7\u00e3o eficaz a crian\u00e7as v\u00edtimas de viol\u00eancia.","jetpack_seo_html_title":"Programa Intersetorial em Lucian\u00f3polis: Prote\u00e7\u00e3o a Jovens V\u00edtimas","jetpack_seo_noindex":false,"_jetpack_newsletter_access":"","_jetpack_dont_email_post_to_subs":false,"_jetpack_newsletter_tier_id":0,"_jetpack_memberships_contains_paywalled_content":false,"_jetpack_memberships_contains_paid_content":false,"footnotes":"","jetpack_publicize_message":"Lucian\u00f3polis implementa rede de prote\u00e7\u00e3o a crian\u00e7as e adolescentes v\u00edtimas de viol\u00eancia\n\nLucian\u00f3polis acaba de lan\u00e7ar um programa intersetorial para proteger crian\u00e7as e adolescentes v\u00edtimas de viol\u00eancia. A iniciativa re\u00fane educa\u00e7\u00e3o, sa\u00fade, assist\u00eancia social, seguran\u00e7a p\u00fablica e conselho tutelar em uma \u00fanica rede de apoio.\n\nO objetivo \u00e9 garantir um atendimento integrado e humanizado, priorizando a escuta especializada para evitar a revitimiza\u00e7\u00e3o e assegurar o acolhimento seguro. O programa tamb\u00e9m conta com a parceria de institui\u00e7\u00f5es especializadas de munic\u00edpios da regi\u00e3o.\n\nQuer entender como essa rede vai funcionar na pr\u00e1tica e conhecer todos os detalhes? A reportagem completa est\u00e1 no nosso site! \ud83d\udccb\u2728\n\nLink na bio | diariodegarca.com\n\n#Lucian\u00f3polis #DireitosHumanos #Crian\u00e7aEAdolescente #Viol\u00eanciaInfantil #RedeDeProte\u00e7\u00e3o #Sa\u00fadeMental #ConselhoTutelar #JornalismoLocal #DiarioDeGarca\n","jetpack_publicize_feature_enabled":true,"jetpack_social_post_already_shared":false,"jetpack_social_options":{"image_generator_settings":{"template":"highway","default_image_id":0,"font":"","enabled":false},"version":2},"_wpas_customize_per_network":false,"jetpack_post_was_ever_published":false},"categories":[75546814,72064],"tags":[],"class_list":["post-6717","post","type-post","status-publish","format-standard","has-post-thumbnail","hentry","category-lucianopolis","category-saude"],"jetpack_publicize_connections":[],"jetpack_featured_media_url":"https:\/\/i0.wp.com\/diariodegarca.com\/wp-content\/uploads\/2025\/09\/546097123_1108964338028679_1832189813307389496_n.jpg?fit=2048%2C1365&ssl=1","jetpack_likes_enabled":true,"jetpack_sharing_enabled":true,"jetpack_shortlink":"https:\/\/wp.me\/pgitne-1Kl","jetpack-related-posts":[{"id":7754,"url":"https:\/\/diariodegarca.com\/?p=7754","url_meta":{"origin":6717,"position":0},"title":"Brasil abre consulta para construir pol\u00edtica de prote\u00e7\u00e3o de menores no mundo digital","author":"Di\u00e1rio de Gar\u00e7a","date":"16 de outubro de 2025","format":false,"excerpt":"Sociedade pode contribuir at\u00e9 14 de novembro com propostas para temas como combate a abusos, prote\u00e7\u00e3o de dados, modera\u00e7\u00e3o de conte\u00fado e educa\u00e7\u00e3o midi\u00e1tica. O Minist\u00e9rio dos Direitos Humanos e da Cidadania (MDHC), em conjunto com outros \u00f3rg\u00e3os do Governo Federal, deu in\u00edcio a uma consulta p\u00fablica para a constru\u00e7\u00e3o\u2026","rel":"","context":"Em &quot;Educa\u00e7\u00e3o&quot;","block_context":{"text":"Educa\u00e7\u00e3o","link":"https:\/\/diariodegarca.com\/?cat=17964"},"img":{"alt_text":"","src":"https:\/\/i0.wp.com\/diariodegarca.com\/wp-content\/uploads\/2025\/10\/grupo-de-criancas-usando-telefones.jpg?fit=1200%2C800&ssl=1&resize=350%2C200","width":350,"height":200,"srcset":"https:\/\/i0.wp.com\/diariodegarca.com\/wp-content\/uploads\/2025\/10\/grupo-de-criancas-usando-telefones.jpg?fit=1200%2C800&ssl=1&resize=350%2C200 1x, https:\/\/i0.wp.com\/diariodegarca.com\/wp-content\/uploads\/2025\/10\/grupo-de-criancas-usando-telefones.jpg?fit=1200%2C800&ssl=1&resize=525%2C300 1.5x, https:\/\/i0.wp.com\/diariodegarca.com\/wp-content\/uploads\/2025\/10\/grupo-de-criancas-usando-telefones.jpg?fit=1200%2C800&ssl=1&resize=700%2C400 2x, https:\/\/i0.wp.com\/diariodegarca.com\/wp-content\/uploads\/2025\/10\/grupo-de-criancas-usando-telefones.jpg?fit=1200%2C800&ssl=1&resize=1050%2C600 3x"},"classes":[]},{"id":2108,"url":"https:\/\/diariodegarca.com\/?p=2108","url_meta":{"origin":6717,"position":1},"title":"Maio Laranja: m\u00eas de combate ao abuso e \u00e0 explora\u00e7\u00e3o sexual infantil","author":"Di\u00e1rio de Gar\u00e7a","date":"14 de maio de 2025","format":false,"excerpt":"Campanha alerta para a import\u00e2ncia da preven\u00e7\u00e3o, identifica\u00e7\u00e3o e den\u00fancia de viol\u00eancias contra crian\u00e7as e adolescentes.O\u00a0Maio Laranja\u00a0\u00e9 uma campanha nacional dedicada ao enfrentamento do abuso e da explora\u00e7\u00e3o sexual de crian\u00e7as e adolescentes. A iniciativa visa conscientizar a sociedade sobre a gravidade do problema, que muitas vezes ocorre de forma\u2026","rel":"","context":"Em &quot;Brasil&quot;","block_context":{"text":"Brasil","link":"https:\/\/diariodegarca.com\/?cat=38185"},"img":{"alt_text":"","src":"https:\/\/i0.wp.com\/blogger.googleusercontent.com\/img\/b\/R29vZ2xl\/AVvXsEgsJBUmOTlX7zlYjNI5pT7a6mZQx_pAVZdIFGJ_0tcbyZYJC-wf7Kd3t2ikOz-D9hr12Hp9us4y-OVuv7ADKYGSs3X7wL7geC0g84uekG5J7ZHFGfSrZBSqPYT43U2V0D4aVcENpVunJZRQvhrAVJ6gjpdBEnwVWJ7bqQTMJca1A8zU0USmIflhLSE0NHM\/s320\/medium-shot-girl-being-abused-portrait.jpg?resize=350%2C200&ssl=1","width":350,"height":200},"classes":[]},{"id":2360,"url":"https:\/\/diariodegarca.com\/?p=2360","url_meta":{"origin":6717,"position":2},"title":"ENDICA oferece cursos EaD gratuitos sobre prote\u00e7\u00e3o infantil","author":"Di\u00e1rio de Gar\u00e7a","date":"15 de abril de 2025","format":false,"excerpt":"O\u00a0Minist\u00e9rio dos Direitos Humanos e da Cidadania (MDHC), por meio da\u00a0Escola Nacional dos Direitos da Crian\u00e7a e do Adolescente (ENDICA), est\u00e1 com inscri\u00e7\u00f5es abertas para diversos cursos na modalidade\u00a0Ensino a Dist\u00e2ncia (EaD). As forma\u00e7\u00f5es,\u00a0totalmente online e gratuitas, abordam temas essenciais para a garantia dos direitos de crian\u00e7as e adolescentes, com\u2026","rel":"","context":"Em &quot;Brasil&quot;","block_context":{"text":"Brasil","link":"https:\/\/diariodegarca.com\/?cat=38185"},"img":{"alt_text":"","src":"https:\/\/i0.wp.com\/blogger.googleusercontent.com\/img\/b\/R29vZ2xl\/AVvXsEjaf2t9gdHh_n7MkYdviAMLT-nUwIQUdfTynTV0h5x-j-CJJS7fD6wIx4JMtzsyZEoOCyWQhCj40qvicge-Ew_MkQVBjqkAc8uzxEoOGOfZPwGmrAqUiMWQnzQPP7M51B_xbZdWzIbZU6gAVKW19J7RmTYwJDgIXMtFiyOUDyAp6z7Y9ClgFmUNicm047A\/s320\/smiley-kids-putting-their-hands-each-other.jpg?resize=350%2C200&ssl=1","width":350,"height":200},"classes":[]},{"id":9087,"url":"https:\/\/diariodegarca.com\/?p=9087","url_meta":{"origin":6717,"position":3},"title":"Ass\u00e9dio a adolescente faz respons\u00e1vel confrontar o assediador em Gar\u00e7a","author":"Di\u00e1rio de Gar\u00e7a","date":"26 de novembro de 2025","format":false,"excerpt":"Homem \u00e9 questionado em v\u00eddeo ap\u00f3s supostamente assediar menor, de 13 anos, com elogios de teor sexual e oferecer dinheiro por servi\u00e7os sexuais; Boletim de Ocorr\u00eancia foi registrado. Um caso grave de ass\u00e9dio a uma adolescente de 13 anos levou a um confronto tenso em Gar\u00e7a, registrado em v\u00eddeo que\u2026","rel":"","context":"Em &quot;Gar\u00e7a&quot;","block_context":{"text":"Gar\u00e7a","link":"https:\/\/diariodegarca.com\/?cat=781171664"},"img":{"alt_text":"","src":"https:\/\/i0.wp.com\/diariodegarca.com\/wp-content\/uploads\/2025\/10\/policia-civil.jpg?fit=790%2C499&ssl=1&resize=350%2C200","width":350,"height":200,"srcset":"https:\/\/i0.wp.com\/diariodegarca.com\/wp-content\/uploads\/2025\/10\/policia-civil.jpg?fit=790%2C499&ssl=1&resize=350%2C200 1x, https:\/\/i0.wp.com\/diariodegarca.com\/wp-content\/uploads\/2025\/10\/policia-civil.jpg?fit=790%2C499&ssl=1&resize=525%2C300 1.5x, https:\/\/i0.wp.com\/diariodegarca.com\/wp-content\/uploads\/2025\/10\/policia-civil.jpg?fit=790%2C499&ssl=1&resize=700%2C400 2x"},"classes":[]},{"id":7924,"url":"https:\/\/diariodegarca.com\/?p=7924","url_meta":{"origin":6717,"position":4},"title":"C\u00e2mara de Gar\u00e7a aprova leis de prote\u00e7\u00e3o a crian\u00e7as e transpar\u00eancia em medicamentos","author":"Di\u00e1rio de Gar\u00e7a","date":"22 de outubro de 2025","format":false,"excerpt":"Projetos de impacto foram aprovados por unanimidade, e requerimentos abordaram desde eros\u00e3o em rodovia at\u00e9 a inclus\u00e3o promovida pela APAE. A 34\u00aa Sess\u00e3o Ordin\u00e1ria da C\u00e2mara Municipal de Gar\u00e7a, presidida pela vereadora\u00a0Raquel Sartori (PL)\u00a0e realizada na \u00faltima segunda-feira, 20 de outubro, foi marcada pela aprova\u00e7\u00e3o de projetos de lei com\u2026","rel":"","context":"Em &quot;Gar\u00e7a&quot;","block_context":{"text":"Gar\u00e7a","link":"https:\/\/diariodegarca.com\/?cat=781171664"},"img":{"alt_text":"","src":"https:\/\/i0.wp.com\/diariodegarca.com\/wp-content\/uploads\/2025\/10\/568914168_1161387342807541_5678582075553018131_n-e1761157663572.jpg?fit=1080%2C695&ssl=1&resize=350%2C200","width":350,"height":200,"srcset":"https:\/\/i0.wp.com\/diariodegarca.com\/wp-content\/uploads\/2025\/10\/568914168_1161387342807541_5678582075553018131_n-e1761157663572.jpg?fit=1080%2C695&ssl=1&resize=350%2C200 1x, https:\/\/i0.wp.com\/diariodegarca.com\/wp-content\/uploads\/2025\/10\/568914168_1161387342807541_5678582075553018131_n-e1761157663572.jpg?fit=1080%2C695&ssl=1&resize=525%2C300 1.5x, https:\/\/i0.wp.com\/diariodegarca.com\/wp-content\/uploads\/2025\/10\/568914168_1161387342807541_5678582075553018131_n-e1761157663572.jpg?fit=1080%2C695&ssl=1&resize=700%2C400 2x, https:\/\/i0.wp.com\/diariodegarca.com\/wp-content\/uploads\/2025\/10\/568914168_1161387342807541_5678582075553018131_n-e1761157663572.jpg?fit=1080%2C695&ssl=1&resize=1050%2C600 3x"},"classes":[]},{"id":2104,"url":"https:\/\/diariodegarca.com\/?p=2104","url_meta":{"origin":6717,"position":5},"title":"Pol\u00edcia Civil de SP orienta pais sobre poss\u00edveis ind\u00edcios de bullying","author":"Di\u00e1rio de Gar\u00e7a","date":"14 de maio de 2025","format":false,"excerpt":"A Pol\u00edcia Civil do Estado de S\u00e3o Paulo lan\u00e7ou um alerta, em suas redes sociais, voltado a pais, respons\u00e1veis e educadores sobre os sinais que podem indicar que uma crian\u00e7a ou adolescente est\u00e1 sendo v\u00edtima de bullying \u2014 inclusive o virtual. Com base em observa\u00e7\u00f5es comportamentais recorrentes em v\u00edtimas, a\u2026","rel":"","context":"Em &quot;Brasil&quot;","block_context":{"text":"Brasil","link":"https:\/\/diariodegarca.com\/?cat=38185"},"img":{"alt_text":"","src":"https:\/\/i0.wp.com\/blogger.googleusercontent.com\/img\/b\/R29vZ2xl\/AVvXsEh_2euLj2ZwSJqSsEx7aUF61oirdzDiN1DFRQcfKs3-X91q2xi1nLKYNGO1bTLYtiEbjPZwj26va-v7ofGZF9N8fCyMgfcb5bkjhLSGqUh8CqZR7u1gcleamrm5dpfalSZU32abMmWcCrxkhyphenhyphennIRveszshn-iPPDihyFU9Eoo3Qwc7DqNOaQlH7Rtr_7ho\/s320\/picture-showing-children-violence-school.jpg?resize=350%2C200&ssl=1","width":350,"height":200},"classes":[]}],"_links":{"self":[{"href":"https:\/\/diariodegarca.com\/index.php?rest_route=\/wp\/v2\/posts\/6717","targetHints":{"allow":["GET"]}}],"collection":[{"href":"https:\/\/diariodegarca.com\/index.php?rest_route=\/wp\/v2\/posts"}],"about":[{"href":"https:\/\/diariodegarca.com\/index.php?rest_route=\/wp\/v2\/types\/post"}],"author":[{"embeddable":true,"href":"https:\/\/diariodegarca.com\/index.php?rest_route=\/wp\/v2\/users\/260896546"}],"replies":[{"embeddable":true,"href":"https:\/\/diariodegarca.com\/index.php?rest_route=%2Fwp%2Fv2%2Fcomments&post=6717"}],"version-history":[{"count":2,"href":"https:\/\/diariodegarca.com\/index.php?rest_route=\/wp\/v2\/posts\/6717\/revisions"}],"predecessor-version":[{"id":6721,"href":"https:\/\/diariodegarca.com\/index.php?rest_route=\/wp\/v2\/posts\/6717\/revisions\/6721"}],"wp:featuredmedia":[{"embeddable":true,"href":"https:\/\/diariodegarca.com\/index.php?rest_route=\/wp\/v2\/media\/6718"}],"wp:attachment":[{"href":"https:\/\/diariodegarca.com\/index.php?rest_route=%2Fwp%2Fv2%2Fmedia&parent=6717"}],"wp:term":[{"taxonomy":"category","embeddable":true,"href":"https:\/\/diariodegarca.com\/index.php?rest_route=%2Fwp%2Fv2%2Fcategories&post=6717"},{"taxonomy":"post_tag","embeddable":true,"href":"https:\/\/diariodegarca.com\/index.php?rest_route=%2Fwp%2Fv2%2Ftags&post=6717"}],"curies":[{"name":"wp","href":"https:\/\/api.w.org\/{rel}","templated":true}]}}