{"id":6775,"date":"2025-09-15T10:08:58","date_gmt":"2025-09-15T13:08:58","guid":{"rendered":"https:\/\/diariodegarca.com\/?p=6775"},"modified":"2025-09-15T10:08:58","modified_gmt":"2025-09-15T13:08:58","slug":"tce-emite-serie-de-alertas-a-prefeitura-de-vera-cruz-por-descumprimento-fiscal-e-da-educacao","status":"publish","type":"post","link":"https:\/\/diariodegarca.com\/?p=6775","title":{"rendered":"TCE emite s\u00e9rie de alertas \u00e0 Prefeitura de Vera Cruz por descumprimento fiscal e da educa\u00e7\u00e3o"},"content":{"rendered":"\n<p class=\"wp-block-paragraph\"><em>Munic\u00edpio recebeu notifica\u00e7\u00f5es ao longo do primeiro semestre de 2025 por entrega tardia de documentos, descumprimento de metas fiscais, gastos excessivos com despesas correntes e aplica\u00e7\u00e3o insuficiente de recursos no ensino.<\/em><\/p>\n\n\n\n<p class=\"wp-block-paragraph\">O Tribunal de Contas do Estado de S\u00e3o Paulo (TCESP) emitiu uma sequ\u00eancia de notifica\u00e7\u00f5es de alerta \u00e0 Prefeitura Municipal de Vera Cruz, administrada pelo prefeito Rodolfo Silva Davoli, ao longo dos primeiros seis meses de 2025. Os documentos, gerados entre maio e agosto, apontam irregularidades recorrentes e graves nas \u00e1reas fiscal e da educa\u00e7\u00e3o, indicando um padr\u00e3o de descumprimento de leis or\u00e7ament\u00e1rias e constitucionais.<\/p>\n\n\n\n<p class=\"wp-block-paragraph\">As notifica\u00e7\u00f5es, todas relatadas pelo Dr. Dimas Ramalho e tramitando sob o mesmo processo (<strong>TC 6395\/989\/24<\/strong>), mostram que os problemas se acumularam m\u00eas a m\u00eas, exigindo do munic\u00edpio corre\u00e7\u00f5es imediatas para evitar &#8220;poss\u00edveis san\u00e7\u00f5es de ordem administrativa e\/ou penal&#8221;, como alerta o pr\u00f3prio TCESP.<\/p>\n\n\n\n<p class=\"wp-block-paragraph\"><strong>Problemas com prazos e documenta\u00e7\u00e3o<\/strong><\/p>\n\n\n\n<p class=\"wp-block-paragraph\">Logo no in\u00edcio do ano, em janeiro, o primeiro alerta j\u00e1 indicava falhas administrativas b\u00e1sicas. A Prefeitura foi notificada pela\u00a0<strong>entrega intempestiva<\/strong>\u00a0(fora do prazo) da documenta\u00e7\u00e3o relacionada \u00e0 elabora\u00e7\u00e3o da Lei Or\u00e7ament\u00e1ria Anual (LOA) e da Lei de Diretrizes Or\u00e7ament\u00e1rias (LDO). O problema se repetiu em mar\u00e7o, com o atraso na entrega do Parecer do Conselho do FUNDEB e da Publica\u00e7\u00e3o da Aplica\u00e7\u00e3o de Recursos na Manuten\u00e7\u00e3o e Desenvolvimento do Ensino.<\/p>\n\n\n\n<p class=\"wp-block-paragraph\"><strong>Descumprimento da Lei de Responsabilidade Fiscal (LRF)<\/strong><\/p>\n\n\n\n<p class=\"wp-block-paragraph\">Os alertas mais s\u00e9rios e recorrentes dizem respeito ao descumprimento da Lei Complementar n\u00ba 101\/2000, a Lei de Responsabilidade Fiscal (LRF).<\/p>\n\n\n\n<ul class=\"wp-block-list\">\n<li><strong>Tend\u00eancia de Descumprimento de Metas (GF15):<\/strong>\u00a0Em janeiro, fevereiro, mar\u00e7o e abril, o TCESP alertou que a an\u00e1lise da execu\u00e7\u00e3o or\u00e7ament\u00e1ria do munic\u00edpio apresentava uma &#8220;situa\u00e7\u00e3o desfavor\u00e1vel&#8221;, demonstrando uma clara tend\u00eancia de que Vera Cruz n\u00e3o cumpriria as metas fiscais estabelecidas, exigindo ajustes imediatos.<\/li>\n\n\n\n<li><strong>Incompatibilidade do Resultado Prim\u00e1rio (GF20):<\/strong>\u00a0Nos meses de fevereiro, abril e junho, o Tribunal constatou que o Resultado Prim\u00e1rio (economia para pagar juros da d\u00edvida) previsto na LOA era inferior ao meta consignada na LDO. Ou seja, o munic\u00edpio estava planejando gastar mais do que deveria, ferindo o princ\u00edpio do equil\u00edbrio das contas p\u00fablicas.<\/li>\n\n\n\n<li><strong>Supera\u00e7\u00e3o do Limite de Gastos com Pessoal (GF56 &#8211; Art. 167-A da CF):<\/strong>\u00a0Este foi o alerta mais grave. A Constitui\u00e7\u00e3o Federal determina que a despesa total com pessoal de um munic\u00edpio n\u00e3o pode ultrapassar 60% de sua receita corrente l\u00edquida. O \u00a7 1\u00ba do art. 167-A estabelece que, quando esse gasto atingir 95% do limite (ou seja, 57% da RCL), j\u00e1 \u00e9 necess\u00e1rio emitir alerta. Vera Cruz n\u00e3o apenas atingiu como\u00a0<strong>superou largamente esse patamar de alerta<\/strong>\u00a0em dois meses:\n<ul class=\"wp-block-list\">\n<li>Em\u00a0<strong>fevereiro<\/strong>, a despesa corrente liquidada consumiu\u00a0<strong>94,55%<\/strong>\u00a0da receita arrecadada, superando o limite de alerta de 85% para o ente municipal (que inclui Prefeitura e C\u00e2mara).<\/li>\n\n\n\n<li>Em\u00a0<strong>abril<\/strong>, a situa\u00e7\u00e3o permaneceu cr\u00edtica, com o percentual em\u00a0<strong>93,79%<\/strong>.<\/li>\n\n\n\n<li>Em\u00a0<strong>junho<\/strong>, o quadro piorou drasticamente. O munic\u00edpio\u00a0<strong>ultrapassou o limite m\u00e1ximo constitucional de 95%<\/strong>, atingindo a marca de\u00a0<strong>96,32%<\/strong>. Isso significa que praticamente toda a receita corrente estava sendo gasta com despesas correntes (principalmente pessoal), em claro descumprimento da Constitui\u00e7\u00e3o, o que exige a ado\u00e7\u00e3o de medidas corretivas urgentes.<\/li>\n<\/ul>\n<\/li>\n<\/ul>\n\n\n\n<p class=\"wp-block-paragraph\"><strong>Falhas na aplica\u00e7\u00e3o de recursos em educa\u00e7\u00e3o<\/strong><\/p>\n\n\n\n<p class=\"wp-block-paragraph\">Paralelamente aos problemas fiscais, Vera Cruz foi notificada repetidamente por descumprir os investimentos m\u00ednimos obrigat\u00f3rios na \u00e1rea da educa\u00e7\u00e3o, um direito constitucional.<\/p>\n\n\n\n<ul class=\"wp-block-list\">\n<li><strong>AE03 &#8211; Aplica\u00e7\u00e3o M\u00ednima de Recursos Pr\u00f3prios:<\/strong>\u00a0De janeiro a maio, o TCESP alertou que o percentual de aplica\u00e7\u00e3o em ensino, com base na despesa liquidada, era\u00a0<strong>insuficiente para atender ao disposto no Art. 212 da Constitui\u00e7\u00e3o Federal<\/strong>, que exige a aplica\u00e7\u00e3o de um m\u00ednimo de 25% da receita resultante de impostos na manuten\u00e7\u00e3o e desenvolvimento do ensino.<\/li>\n\n\n\n<li><strong>AE05 e AE06 &#8211; M\u00e1 Aplica\u00e7\u00e3o dos Recursos do FUNDEB:<\/strong>\u00a0De janeiro a maio, o munic\u00edpio tamb\u00e9m falhou na correta aplica\u00e7\u00e3o dos recursos do Fundo de Manuten\u00e7\u00e3o e Desenvolvimento da Educa\u00e7\u00e3o B\u00e1sica (FUNDEB). Os alertas\u00a0<strong>AE05<\/strong>\u00a0e\u00a0<strong>AE06<\/strong>\u00a0indicam que os percentuais aplicados foram insuficientes para cumprir, respectivamente, o art. 25, \u00a73\u00ba e o art. 26 da Lei 14.113\/20, que regem a destina\u00e7\u00e3o desses recursos para a valoriza\u00e7\u00e3o dos profissionais da educa\u00e7\u00e3o e para a manuten\u00e7\u00e3o e desenvolvimento do ensino.<\/li>\n<\/ul>\n\n\n\n<p class=\"wp-block-paragraph\">Diante do conjunto de notifica\u00e7\u00f5es, segundo os relat\u00f3rios, a administra\u00e7\u00e3o municipal de Vera Cruz precisa adotar, com urg\u00eancia, medidas para sanar as irregularidades apontadas pelo Tribunal de Contas, sob risco de sofrer san\u00e7\u00f5es mais severas e comprometer ainda mais a sa\u00fade financeira do munic\u00edpio e a qualidade dos servi\u00e7os p\u00fablicos, especialmente na educa\u00e7\u00e3o.<\/p>\n","protected":false},"excerpt":{"rendered":"<p>Munic\u00edpio recebeu notifica\u00e7\u00f5es ao longo do primeiro semestre de 2025 por entrega tardia de documentos, descumprimento de metas fiscais, gastos excessivos com despesas correntes e aplica\u00e7\u00e3o insuficiente de recursos no ensino. O Tribunal de Contas do Estado de S\u00e3o Paulo (TCESP) emitiu uma sequ\u00eancia de notifica\u00e7\u00f5es de alerta \u00e0 Prefeitura Municipal de Vera Cruz, administrada [&hellip;]<\/p>\n","protected":false},"author":260896546,"featured_media":6778,"comment_status":"open","ping_status":"","sticky":false,"template":"","format":"standard","meta":{"_crdt_document":"","_monsterinsights_skip_tracking":false,"_monsterinsights_sitenote_active":false,"_monsterinsights_sitenote_note":"","_monsterinsights_sitenote_category":0,"advanced_seo_description":"Vera Cruz enfrenta notifica\u00e7\u00f5es do TCESP por falhas fiscais e na educa\u00e7\u00e3o, tornando urgente a regulariza\u00e7\u00e3o das irregularidades apontadas.","jetpack_seo_html_title":"Notifica\u00e7\u00f5es do TCESP: Irregularidades Fiscais em Vera Cruz","jetpack_seo_noindex":false,"_jetpack_newsletter_access":"","_jetpack_dont_email_post_to_subs":false,"_jetpack_newsletter_tier_id":0,"_jetpack_memberships_contains_paywalled_content":false,"_jetpack_memberships_contains_paid_content":false,"footnotes":"","jetpack_publicize_message":"\u26a0\ufe0f TCE emite alertas para Vera Cruz\n\nA Prefeitura de Vera Cruz recebeu m\u00faltiplas notifica\u00e7\u00f5es do TCE-SP no primeiro semestre de 2025 por graves irregularidades. Os problemas v\u00e3o desde a entrega tardia de documentos at\u00e9 descumprimentos que colocam em risco as contas p\u00fablicas e o investimento em educa\u00e7\u00e3o.\n\nQuer entender melhor toda a situa\u00e7\u00e3o? A mat\u00e9ria completa est\u00e1 no site DiarioDeGarca.com! (Link na bio)\n\n#VeraCruz #TCESP #TribunalDeContas #Gest\u00e3oP\u00fablica #Educa\u00e7\u00e3o #LRF #Fiscaliza\u00e7\u00e3o #DiarioDeGarca","jetpack_publicize_feature_enabled":true,"jetpack_social_post_already_shared":false,"jetpack_social_options":{"image_generator_settings":{"template":"highway","default_image_id":0,"font":"","enabled":false},"version":2},"_wpas_customize_per_network":false,"jetpack_post_was_ever_published":false},"categories":[1192752,963369],"tags":[],"class_list":["post-6775","post","type-post","status-publish","format-standard","has-post-thumbnail","hentry","category-fiscalizacao","category-vera-cruz"],"jetpack_publicize_connections":[],"jetpack_featured_media_url":"https:\/\/i0.wp.com\/diariodegarca.com\/wp-content\/uploads\/2025\/09\/a4z4e5m3.jpg?fit=800%2C500&ssl=1","jetpack_likes_enabled":true,"jetpack_sharing_enabled":true,"jetpack_shortlink":"https:\/\/wp.me\/pgitne-1Lh","jetpack-related-posts":[{"id":6316,"url":"https:\/\/diariodegarca.com\/?p=6316","url_meta":{"origin":6775,"position":0},"title":"Tribunal de Contas emite s\u00e9rie de alertas \u00e0 Prefeitura de Gar\u00e7a por desequil\u00edbrio fiscal e investimentos","author":"Di\u00e1rio de Gar\u00e7a","date":"3 de setembro de 2025","format":false,"excerpt":"Relat\u00f3rios do TCE-SP apontam descumprimento de limites de gastos, metas fiscais e aplica\u00e7\u00e3o m\u00ednima em educa\u00e7\u00e3o e sa\u00fade ao longo do primeiro semestre de 2025. O Tribunal de Contas do Estado de S\u00e3o Paulo (TCE-SP) emitiu, entre maio e agosto de 2025, uma sequ\u00eancia de notifica\u00e7\u00f5es de alerta \u00e0 Prefeitura\u2026","rel":"","context":"Em &quot;Fiscaliza\u00e7\u00e3o&quot;","block_context":{"text":"Fiscaliza\u00e7\u00e3o","link":"https:\/\/diariodegarca.com\/?cat=1192752"},"img":{"alt_text":"","src":"https:\/\/i0.wp.com\/diariodegarca.com\/wp-content\/uploads\/2025\/09\/1564492652.jpg?fit=1200%2C932&ssl=1&resize=350%2C200","width":350,"height":200,"srcset":"https:\/\/i0.wp.com\/diariodegarca.com\/wp-content\/uploads\/2025\/09\/1564492652.jpg?fit=1200%2C932&ssl=1&resize=350%2C200 1x, https:\/\/i0.wp.com\/diariodegarca.com\/wp-content\/uploads\/2025\/09\/1564492652.jpg?fit=1200%2C932&ssl=1&resize=525%2C300 1.5x, https:\/\/i0.wp.com\/diariodegarca.com\/wp-content\/uploads\/2025\/09\/1564492652.jpg?fit=1200%2C932&ssl=1&resize=700%2C400 2x, https:\/\/i0.wp.com\/diariodegarca.com\/wp-content\/uploads\/2025\/09\/1564492652.jpg?fit=1200%2C932&ssl=1&resize=1050%2C600 3x"},"classes":[]},{"id":6483,"url":"https:\/\/diariodegarca.com\/?p=6483","url_meta":{"origin":6775,"position":1},"title":"TCE notifica Fern\u00e3o por descumprimento fiscal e investimento insuficiente em educa\u00e7\u00e3o","author":"Di\u00e1rio de Gar\u00e7a","date":"8 de setembro de 2025","format":false,"excerpt":"Alertas do Tribunal de Contas mostram viola\u00e7\u00e3o persistente do limite de gastos, descumprimento de metas da LRF, gest\u00e3o inadequada de restos a pagar e aplica\u00e7\u00e3o abaixo do m\u00ednimo em educa\u00e7\u00e3o durante o primeiro semestre de 2025. O munic\u00edpio de Fern\u00e3o recebeu m\u00faltiplas notifica\u00e7\u00f5es do Tribunal de Contas do Estado de\u2026","rel":"","context":"Em &quot;Fern\u00e3o&quot;","block_context":{"text":"Fern\u00e3o","link":"https:\/\/diariodegarca.com\/?cat=7386895"},"img":{"alt_text":"","src":"https:\/\/i0.wp.com\/diariodegarca.com\/wp-content\/uploads\/2025\/09\/3acf91d6b3bb04a01d64345d938a3618.jpeg?fit=651%2C434&ssl=1&resize=350%2C200","width":350,"height":200,"srcset":"https:\/\/i0.wp.com\/diariodegarca.com\/wp-content\/uploads\/2025\/09\/3acf91d6b3bb04a01d64345d938a3618.jpeg?fit=651%2C434&ssl=1&resize=350%2C200 1x, https:\/\/i0.wp.com\/diariodegarca.com\/wp-content\/uploads\/2025\/09\/3acf91d6b3bb04a01d64345d938a3618.jpeg?fit=651%2C434&ssl=1&resize=525%2C300 1.5x"},"classes":[]},{"id":6800,"url":"https:\/\/diariodegarca.com\/?p=6800","url_meta":{"origin":6775,"position":2},"title":"Lucian\u00f3polis \u00e9 alertada pelo Tribunal de Contas por descontrole fiscal e falhas na educa\u00e7\u00e3o","author":"Di\u00e1rio de Gar\u00e7a","date":"16 de setembro de 2025","format":false,"excerpt":"Prefeitura acumula notifica\u00e7\u00f5es graves excesso de gastos com pessoal, descumprimento de metas or\u00e7ament\u00e1rias e aplica\u00e7\u00e3o irregular de verbas do FUNDEB j\u00e1 no in\u00edcio de sua gest\u00e3o. O Tribunal de Contas do Estado de S\u00e3o Paulo (TCE-SP) emitiu um conjunto de alertas \u00e0 Prefeitura Municipal de Lucian\u00f3polis, comandada pelo prefeito Ademir\u2026","rel":"","context":"Em &quot;Fiscaliza\u00e7\u00e3o&quot;","block_context":{"text":"Fiscaliza\u00e7\u00e3o","link":"https:\/\/diariodegarca.com\/?cat=1192752"},"img":{"alt_text":"","src":"https:\/\/i0.wp.com\/diariodegarca.com\/wp-content\/uploads\/2025\/09\/481483375_980698084197967_1913898112313955426_n-e1758023889649.jpg?fit=1200%2C527&ssl=1&resize=350%2C200","width":350,"height":200,"srcset":"https:\/\/i0.wp.com\/diariodegarca.com\/wp-content\/uploads\/2025\/09\/481483375_980698084197967_1913898112313955426_n-e1758023889649.jpg?fit=1200%2C527&ssl=1&resize=350%2C200 1x, https:\/\/i0.wp.com\/diariodegarca.com\/wp-content\/uploads\/2025\/09\/481483375_980698084197967_1913898112313955426_n-e1758023889649.jpg?fit=1200%2C527&ssl=1&resize=525%2C300 1.5x, https:\/\/i0.wp.com\/diariodegarca.com\/wp-content\/uploads\/2025\/09\/481483375_980698084197967_1913898112313955426_n-e1758023889649.jpg?fit=1200%2C527&ssl=1&resize=700%2C400 2x, https:\/\/i0.wp.com\/diariodegarca.com\/wp-content\/uploads\/2025\/09\/481483375_980698084197967_1913898112313955426_n-e1758023889649.jpg?fit=1200%2C527&ssl=1&resize=1050%2C600 3x"},"classes":[]},{"id":6355,"url":"https:\/\/diariodegarca.com\/?p=6355","url_meta":{"origin":6775,"position":3},"title":"TCE emite s\u00e9rie de alertas graves sobre gest\u00e3o fiscal e previdenci\u00e1ria de J\u00falio Mesquita","author":"Di\u00e1rio de Gar\u00e7a","date":"4 de setembro de 2025","format":false,"excerpt":"Relat\u00f3rios do Tribunal de Contas do Estado apontam descumprimento de prazos, desequil\u00edbrio nas contas p\u00fablicas, sub aproveitamento de recursos da educa\u00e7\u00e3o, inadimpl\u00eancia recorde em contribui\u00e7\u00f5es previdenci\u00e1rias e risco de colapso no RPPS. O Tribunal de Contas do Estado de S\u00e3o Paulo (TCE-SP) emitiu, ao longo do primeiro semestre do ano,\u2026","rel":"","context":"Em &quot;Fiscaliza\u00e7\u00e3o&quot;","block_context":{"text":"Fiscaliza\u00e7\u00e3o","link":"https:\/\/diariodegarca.com\/?cat=1192752"},"img":{"alt_text":"","src":"https:\/\/i0.wp.com\/diariodegarca.com\/wp-content\/uploads\/2025\/09\/aed506640f5bdd62430b47615abaaeb9.jpg?fit=698%2C465&ssl=1&resize=350%2C200","width":350,"height":200,"srcset":"https:\/\/i0.wp.com\/diariodegarca.com\/wp-content\/uploads\/2025\/09\/aed506640f5bdd62430b47615abaaeb9.jpg?fit=698%2C465&ssl=1&resize=350%2C200 1x, https:\/\/i0.wp.com\/diariodegarca.com\/wp-content\/uploads\/2025\/09\/aed506640f5bdd62430b47615abaaeb9.jpg?fit=698%2C465&ssl=1&resize=525%2C300 1.5x"},"classes":[]},{"id":6516,"url":"https:\/\/diariodegarca.com\/?p=6516","url_meta":{"origin":6775,"position":4},"title":"Alvinl\u00e2ndia \u00e9 notificada pelo TCE por gastos acima do limite e descumprimento em educa\u00e7\u00e3o","author":"Di\u00e1rio de Gar\u00e7a","date":"9 de setembro de 2025","format":false,"excerpt":"Alertas do Tribunal de Contas apontam viola\u00e7\u00e3o do teto constitucional de gastos por tr\u00eas meses consecutivos, tend\u00eancia de descumprimento de metas fiscais e aplica\u00e7\u00e3o insuficiente de verbas do FUNDEB durante todo o semestre. A Prefeitura Municipal de Alvinl\u00e2ndia recebeu uma sequ\u00eancia de notifica\u00e7\u00f5es do Tribunal de Contas do Estado de\u2026","rel":"","context":"Em &quot;Alvinl\u00e2ndia&quot;","block_context":{"text":"Alvinl\u00e2ndia","link":"https:\/\/diariodegarca.com\/?cat=32102633"},"img":{"alt_text":"","src":"https:\/\/i0.wp.com\/diariodegarca.com\/wp-content\/uploads\/2025\/09\/foto_materia_transicao_alvinlandia.jpg?fit=921%2C511&ssl=1&resize=350%2C200","width":350,"height":200,"srcset":"https:\/\/i0.wp.com\/diariodegarca.com\/wp-content\/uploads\/2025\/09\/foto_materia_transicao_alvinlandia.jpg?fit=921%2C511&ssl=1&resize=350%2C200 1x, https:\/\/i0.wp.com\/diariodegarca.com\/wp-content\/uploads\/2025\/09\/foto_materia_transicao_alvinlandia.jpg?fit=921%2C511&ssl=1&resize=525%2C300 1.5x, https:\/\/i0.wp.com\/diariodegarca.com\/wp-content\/uploads\/2025\/09\/foto_materia_transicao_alvinlandia.jpg?fit=921%2C511&ssl=1&resize=700%2C400 2x"},"classes":[]},{"id":6387,"url":"https:\/\/diariodegarca.com\/?p=6387","url_meta":{"origin":6775,"position":5},"title":"TCE alerta \u00c1lvaro de Carvalho por risco fiscal, previdenci\u00e1rio e descumprimento em educa\u00e7\u00e3o","author":"Di\u00e1rio de Gar\u00e7a","date":"5 de setembro de 2025","format":false,"excerpt":"Notifica\u00e7\u00f5es do Tribunal de Contas apontam gastos acima do limite constitucional, inadimpl\u00eancia em contribui\u00e7\u00f5es patronais, d\u00edvida previdenci\u00e1ria fora de controle e aplica\u00e7\u00e3o insuficiente de verbas do FUNDEB. Prefeitura e C\u00e2mara tamb\u00e9m falham na entrega de documentos. O Tribunal de Contas do Estado de S\u00e3o Paulo (TCE-SP) emitiu uma s\u00e9rie de\u2026","rel":"","context":"Em &quot;\u00c1lvaro de Carvalho&quot;","block_context":{"text":"\u00c1lvaro de Carvalho","link":"https:\/\/diariodegarca.com\/?cat=29815376"},"img":{"alt_text":"","src":"https:\/\/i0.wp.com\/diariodegarca.com\/wp-content\/uploads\/2025\/09\/d0aa3537cad9f30c771f3649d453478b.jpeg?fit=651%2C488&ssl=1&resize=350%2C200","width":350,"height":200,"srcset":"https:\/\/i0.wp.com\/diariodegarca.com\/wp-content\/uploads\/2025\/09\/d0aa3537cad9f30c771f3649d453478b.jpeg?fit=651%2C488&ssl=1&resize=350%2C200 1x, https:\/\/i0.wp.com\/diariodegarca.com\/wp-content\/uploads\/2025\/09\/d0aa3537cad9f30c771f3649d453478b.jpeg?fit=651%2C488&ssl=1&resize=525%2C300 1.5x"},"classes":[]}],"_links":{"self":[{"href":"https:\/\/diariodegarca.com\/index.php?rest_route=\/wp\/v2\/posts\/6775","targetHints":{"allow":["GET"]}}],"collection":[{"href":"https:\/\/diariodegarca.com\/index.php?rest_route=\/wp\/v2\/posts"}],"about":[{"href":"https:\/\/diariodegarca.com\/index.php?rest_route=\/wp\/v2\/types\/post"}],"author":[{"embeddable":true,"href":"https:\/\/diariodegarca.com\/index.php?rest_route=\/wp\/v2\/users\/260896546"}],"replies":[{"embeddable":true,"href":"https:\/\/diariodegarca.com\/index.php?rest_route=%2Fwp%2Fv2%2Fcomments&post=6775"}],"version-history":[{"count":3,"href":"https:\/\/diariodegarca.com\/index.php?rest_route=\/wp\/v2\/posts\/6775\/revisions"}],"predecessor-version":[{"id":6779,"href":"https:\/\/diariodegarca.com\/index.php?rest_route=\/wp\/v2\/posts\/6775\/revisions\/6779"}],"wp:featuredmedia":[{"embeddable":true,"href":"https:\/\/diariodegarca.com\/index.php?rest_route=\/wp\/v2\/media\/6778"}],"wp:attachment":[{"href":"https:\/\/diariodegarca.com\/index.php?rest_route=%2Fwp%2Fv2%2Fmedia&parent=6775"}],"wp:term":[{"taxonomy":"category","embeddable":true,"href":"https:\/\/diariodegarca.com\/index.php?rest_route=%2Fwp%2Fv2%2Fcategories&post=6775"},{"taxonomy":"post_tag","embeddable":true,"href":"https:\/\/diariodegarca.com\/index.php?rest_route=%2Fwp%2Fv2%2Ftags&post=6775"}],"curies":[{"name":"wp","href":"https:\/\/api.w.org\/{rel}","templated":true}]}}