{"id":6800,"date":"2025-09-16T09:01:21","date_gmt":"2025-09-16T12:01:21","guid":{"rendered":"https:\/\/diariodegarca.com\/?p=6800"},"modified":"2025-09-16T09:01:21","modified_gmt":"2025-09-16T12:01:21","slug":"lucianopolis-e-alertada-pelo-tribunal-de-contas-por-descontrole-fiscal-e-falhas-na-educacao","status":"publish","type":"post","link":"https:\/\/diariodegarca.com\/?p=6800","title":{"rendered":"Lucian\u00f3polis \u00e9 alertada pelo Tribunal de Contas por descontrole fiscal e falhas na educa\u00e7\u00e3o"},"content":{"rendered":"\n<p class=\"wp-block-paragraph\"><em>Prefeitura acumula notifica\u00e7\u00f5es graves excesso de gastos com pessoal, descumprimento de metas or\u00e7ament\u00e1rias e aplica\u00e7\u00e3o irregular de verbas do FUNDEB j\u00e1 no in\u00edcio de sua gest\u00e3o.<\/em><\/p>\n\n\n\n<p class=\"wp-block-paragraph\">O Tribunal de Contas do Estado de S\u00e3o Paulo (TCE-SP) emitiu um conjunto de alertas \u00e0 Prefeitura Municipal de Lucian\u00f3polis, comandada pelo prefeito Ademir Mantovanelli, referentes aos seis primeiros meses de 2025. As notifica\u00e7\u00f5es, relatadas pelo Dr. Maxwell Vieira da Unidade Regional de Bauru, pintam um quadro de descontrole fiscal e administrativo que se agravou rapidamente, culminando no descumprimento de limites constitucionais de gastos.<\/p>\n\n\n\n<p class=\"wp-block-paragraph\">Os documentos, todos sob o processo TC 6115\/989\/24, mostram uma progress\u00e3o preocupante das irregularidades, levando o TCE a alertar repetidamente sobre a necessidade de ado\u00e7\u00e3o de &#8220;medidas cab\u00edveis&#8221; para evitar &#8220;poss\u00edveis san\u00e7\u00f5es de ordem administrativa e\/ou penal&#8221;.<\/p>\n\n\n\n<p class=\"wp-block-paragraph\"><strong>Falha administrativa<\/strong><\/p>\n\n\n\n<p class=\"wp-block-paragraph\">O primeiro alerta, de janeiro, j\u00e1 indicou problemas s\u00e9rios de organiza\u00e7\u00e3o. A Prefeitura foi notificada pela\u00a0<strong>entrega intempestiva<\/strong>\u00a0(fora do prazo) de praticamente toda a documenta\u00e7\u00e3o fundamental do ciclo or\u00e7ament\u00e1rio do ano, incluindo a Lei de Diretrizes Or\u00e7ament\u00e1rias (LDO) e a Lei Or\u00e7ament\u00e1ria Anual (LOA) em suas formas inicial, de lei e de plano, al\u00e9m das atas das audi\u00eancias p\u00fablicas para sua elabora\u00e7\u00e3o. A entrega fora do prazo de tantos documentos essenciais foi o primeiro sinal de alerta para a fiscaliza\u00e7\u00e3o.<\/p>\n\n\n\n<p class=\"wp-block-paragraph\"><strong>Descumprimento da LRF<\/strong><\/p>\n\n\n\n<p class=\"wp-block-paragraph\">Os meses seguintes revelaram uma poss\u00edvel crise fiscal, com a administra\u00e7\u00e3o municipal descumprindo m\u00faltiplos dispositivos da Lei de Responsabilidade Fiscal (Lei Complementar n\u00ba 101\/2000).<\/p>\n\n\n\n<ul class=\"wp-block-list\">\n<li><strong>Tend\u00eancia de descumprimento de Metas (GF15):<\/strong>\u00a0De janeiro a junho, sem exce\u00e7\u00e3o, todos os alertas do TCE apontaram uma &#8220;situa\u00e7\u00e3o desfavor\u00e1vel&#8221; na execu\u00e7\u00e3o or\u00e7ament\u00e1ria. O tribunal constatou uma tend\u00eancia consistente de que o munic\u00edpio n\u00e3o cumpriria as Metas Fiscais estabelecidas, exigindo um acompanhamento rigoroso para eventuais corre\u00e7\u00f5es.<\/li>\n\n\n\n<li><strong>Incompatibilidade do Resultado Prim\u00e1rio (GF20):<\/strong>\u00a0Em abril e junho, o TCE identificou mais um problema grave. O Resultado Prim\u00e1rio (que mede a economia para pagar a d\u00edvida) previsto na LOA era\u00a0<strong>inferior \u00e0 meta fixada na LDO<\/strong>. Isso demonstra que o planejamento fiscal do munic\u00edpio era incompat\u00edvel com suas pr\u00f3prias diretrizes, projetando um resultado pior do que o exigido.<\/li>\n\n\n\n<li><strong>Supera\u00e7\u00e3o do Limite Constitucional de Gastos (GF56 &#8211; Art. 167-A da CF):<\/strong>\u00a0Este foi o ponto mais cr\u00edtico, segundo os relat\u00f3rios. A Constitui\u00e7\u00e3o Federal estabelece que a despesa total com pessoal de um munic\u00edpio n\u00e3o pode ultrapassar 60% de sua receita corrente l\u00edquida. O art. 167-A determina que o limite m\u00e1ximo \u00e9 de 95% do permitido (equivalente a 57% da RCL), sendo que acima disso configura ilegalidade. Lucian\u00f3polis\u00a0<strong>violou esse limite m\u00e1ximo em quatro meses consecutivos<\/strong>:<ul><li>Em\u00a0<strong>fevereiro<\/strong>, as despesas correntes consumiram\u00a0<strong>96,22%<\/strong>\u00a0da receita arrecadada. Em\u00a0<strong>abril<\/strong>, a situa\u00e7\u00e3o piorou, atingindo\u00a0<strong>96,61%<\/strong>.Em\u00a0<strong>junho<\/strong>, o \u00edndice permaneceu alarmante, em\u00a0<strong>96,00%<\/strong>.<\/li><\/ul>Esses percentuais, consistentemente acima do teto de 95%, indicam que a prefeitura est\u00e1 gastando com pessoal al\u00e9m do permitido pela Constitui\u00e7\u00e3o, uma infra\u00e7\u00e3o grav\u00edssima que exige medidas imediatas de conten\u00e7\u00e3o de despesas.<\/li>\n<\/ul>\n\n\n\n<p class=\"wp-block-paragraph\"><strong>Falhas persistentes na educa\u00e7\u00e3o<\/strong><\/p>\n\n\n\n<p class=\"wp-block-paragraph\">Em paralelo \u00e0 crise fiscal, Lucian\u00f3polis tamb\u00e9m falhou em garantir a correta aplica\u00e7\u00e3o de recursos na educa\u00e7\u00e3o.<\/p>\n\n\n\n<ul class=\"wp-block-list\">\n<li><strong>AE05 &#8211; Aplica\u00e7\u00e3o de Recursos do FUNDEB:<\/strong>\u00a0Em todos os meses de janeiro a junho, o munic\u00edpio recebeu alertas por apresentar um &#8220;percentual desfavor\u00e1vel&#8221; no atendimento ao art. 25, \u00a73\u00ba da Lei 14.113\/20. Isso significa que os recursos do fundo n\u00e3o est\u00e3o sendo aplicados corretamente na manuten\u00e7\u00e3o e desenvolvimento do ensino.<\/li>\n\n\n\n<li><strong>AE06 &#8211; Aplica\u00e7\u00e3o com Profissionais da Educa\u00e7\u00e3o:<\/strong>\u00a0Em janeiro e mar\u00e7o, o TCE tamb\u00e9m alertou para o descumprimento do art. 26 da mesma lei, que rege a aplica\u00e7\u00e3o de recursos do FUNDEB para a remunera\u00e7\u00e3o dos profissionais da educa\u00e7\u00e3o b\u00e1sica.<\/li>\n<\/ul>\n\n\n\n<p class=\"wp-block-paragraph\">O conjunto de notifica\u00e7\u00f5es revela um in\u00edcio de gest\u00e3o conturbado em Lucian\u00f3polis, com a nova administra\u00e7\u00e3o gerando uma grave instabilidade nas contas p\u00fablicas e descumprindo obriga\u00e7\u00f5es legais tanto na \u00e1rea fiscal quanto na educacional. O TCE-SP exige corre\u00e7\u00f5es urgentes para restabelecer a legalidade da gest\u00e3o.<\/p>\n","protected":false},"excerpt":{"rendered":"<p>Prefeitura acumula notifica\u00e7\u00f5es graves excesso de gastos com pessoal, descumprimento de metas or\u00e7ament\u00e1rias e aplica\u00e7\u00e3o irregular de verbas do FUNDEB j\u00e1 no in\u00edcio de sua gest\u00e3o. O Tribunal de Contas do Estado de S\u00e3o Paulo (TCE-SP) emitiu um conjunto de alertas \u00e0 Prefeitura Municipal de Lucian\u00f3polis, comandada pelo prefeito Ademir Mantovanelli, referentes aos seis primeiros [&hellip;]<\/p>\n","protected":false},"author":260896546,"featured_media":6802,"comment_status":"open","ping_status":"","sticky":false,"template":"","format":"standard","meta":{"_crdt_document":"","_monsterinsights_skip_tracking":false,"_monsterinsights_sitenote_active":false,"_monsterinsights_sitenote_note":"","_monsterinsights_sitenote_category":0,"advanced_seo_description":"TCE-SP alerta Lucian\u00f3polis sobre irregularidades fiscais e educacionais em sua gest\u00e3o. Entenda os desafios e as consequ\u00eancias para a cidade.","jetpack_seo_html_title":"Lucian\u00f3polis: Crise Fiscal e Irregularidades na Educa\u00e7\u00e3o","jetpack_seo_noindex":false,"_jetpack_newsletter_access":"","_jetpack_dont_email_post_to_subs":false,"_jetpack_newsletter_tier_id":0,"_jetpack_memberships_contains_paywalled_content":false,"_jetpack_memberships_contains_paid_content":false,"footnotes":"","jetpack_publicize_message":"\ud83d\udea8 TCE-SP alerta Lucian\u00f3polis\n\nA Prefeitura de Lucian\u00f3polis foi notificada pelo TCE-SP por acumular uma s\u00e9rie de alertas j\u00e1 nos primeiros seis meses do ano.\n\nLeia a mat\u00e9ria completa no DiarioDeGarca.com! (Link na bio)\n\n#Lucian\u00f3polis #TCESP #TribunalDeContas #Gest\u00e3oP\u00fablica #Educa\u00e7\u00e3o #LRF","jetpack_publicize_feature_enabled":true,"jetpack_social_post_already_shared":false,"jetpack_social_options":{"image_generator_settings":{"template":"highway","default_image_id":0,"font":"","enabled":false},"version":2},"_wpas_customize_per_network":false,"jetpack_post_was_ever_published":false},"categories":[1192752,75546814],"tags":[],"class_list":["post-6800","post","type-post","status-publish","format-standard","has-post-thumbnail","hentry","category-fiscalizacao","category-lucianopolis"],"jetpack_publicize_connections":[],"jetpack_featured_media_url":"https:\/\/i0.wp.com\/diariodegarca.com\/wp-content\/uploads\/2025\/09\/481483375_980698084197967_1913898112313955426_n-e1758023889649.jpg?fit=1203%2C528&ssl=1","jetpack_likes_enabled":true,"jetpack_sharing_enabled":true,"jetpack_shortlink":"https:\/\/wp.me\/pgitne-1LG","jetpack-related-posts":[{"id":6516,"url":"https:\/\/diariodegarca.com\/?p=6516","url_meta":{"origin":6800,"position":0},"title":"Alvinl\u00e2ndia \u00e9 notificada pelo TCE por gastos acima do limite e descumprimento em educa\u00e7\u00e3o","author":"Di\u00e1rio de Gar\u00e7a","date":"9 de setembro de 2025","format":false,"excerpt":"Alertas do Tribunal de Contas apontam viola\u00e7\u00e3o do teto constitucional de gastos por tr\u00eas meses consecutivos, tend\u00eancia de descumprimento de metas fiscais e aplica\u00e7\u00e3o insuficiente de verbas do FUNDEB durante todo o semestre. A Prefeitura Municipal de Alvinl\u00e2ndia recebeu uma sequ\u00eancia de notifica\u00e7\u00f5es do Tribunal de Contas do Estado de\u2026","rel":"","context":"Em &quot;Alvinl\u00e2ndia&quot;","block_context":{"text":"Alvinl\u00e2ndia","link":"https:\/\/diariodegarca.com\/?cat=32102633"},"img":{"alt_text":"","src":"https:\/\/i0.wp.com\/diariodegarca.com\/wp-content\/uploads\/2025\/09\/foto_materia_transicao_alvinlandia.jpg?fit=921%2C511&ssl=1&resize=350%2C200","width":350,"height":200,"srcset":"https:\/\/i0.wp.com\/diariodegarca.com\/wp-content\/uploads\/2025\/09\/foto_materia_transicao_alvinlandia.jpg?fit=921%2C511&ssl=1&resize=350%2C200 1x, https:\/\/i0.wp.com\/diariodegarca.com\/wp-content\/uploads\/2025\/09\/foto_materia_transicao_alvinlandia.jpg?fit=921%2C511&ssl=1&resize=525%2C300 1.5x, https:\/\/i0.wp.com\/diariodegarca.com\/wp-content\/uploads\/2025\/09\/foto_materia_transicao_alvinlandia.jpg?fit=921%2C511&ssl=1&resize=700%2C400 2x"},"classes":[]},{"id":6387,"url":"https:\/\/diariodegarca.com\/?p=6387","url_meta":{"origin":6800,"position":1},"title":"TCE alerta \u00c1lvaro de Carvalho por risco fiscal, previdenci\u00e1rio e descumprimento em educa\u00e7\u00e3o","author":"Di\u00e1rio de Gar\u00e7a","date":"5 de setembro de 2025","format":false,"excerpt":"Notifica\u00e7\u00f5es do Tribunal de Contas apontam gastos acima do limite constitucional, inadimpl\u00eancia em contribui\u00e7\u00f5es patronais, d\u00edvida previdenci\u00e1ria fora de controle e aplica\u00e7\u00e3o insuficiente de verbas do FUNDEB. Prefeitura e C\u00e2mara tamb\u00e9m falham na entrega de documentos. O Tribunal de Contas do Estado de S\u00e3o Paulo (TCE-SP) emitiu uma s\u00e9rie de\u2026","rel":"","context":"Em &quot;\u00c1lvaro de Carvalho&quot;","block_context":{"text":"\u00c1lvaro de Carvalho","link":"https:\/\/diariodegarca.com\/?cat=29815376"},"img":{"alt_text":"","src":"https:\/\/i0.wp.com\/diariodegarca.com\/wp-content\/uploads\/2025\/09\/d0aa3537cad9f30c771f3649d453478b.jpeg?fit=651%2C488&ssl=1&resize=350%2C200","width":350,"height":200,"srcset":"https:\/\/i0.wp.com\/diariodegarca.com\/wp-content\/uploads\/2025\/09\/d0aa3537cad9f30c771f3649d453478b.jpeg?fit=651%2C488&ssl=1&resize=350%2C200 1x, https:\/\/i0.wp.com\/diariodegarca.com\/wp-content\/uploads\/2025\/09\/d0aa3537cad9f30c771f3649d453478b.jpeg?fit=651%2C488&ssl=1&resize=525%2C300 1.5x"},"classes":[]},{"id":6479,"url":"https:\/\/diariodegarca.com\/?p=6479","url_meta":{"origin":6800,"position":2},"title":"Prefeitura de G\u00e1lia \u00e9 notificada pelo TCE por descumprir teto de gastos e metas fiscais","author":"Di\u00e1rio de Gar\u00e7a","date":"7 de setembro de 2025","format":false,"excerpt":"Alertas do Tribunal de Contas apontam viola\u00e7\u00e3o do limite constitucional de despesas por tr\u00eas meses, tend\u00eancia de descumprimento de metas da LRF e aplica\u00e7\u00e3o insuficiente de verbas na educa\u00e7\u00e3o. Situa\u00e7\u00e3o fiscal se agravou em junho. A Prefeitura Municipal de G\u00e1lia recebeu uma s\u00e9rie de notifica\u00e7\u00f5es do Tribunal de Contas do\u2026","rel":"","context":"Em &quot;Fiscaliza\u00e7\u00e3o&quot;","block_context":{"text":"Fiscaliza\u00e7\u00e3o","link":"https:\/\/diariodegarca.com\/?cat=1192752"},"img":{"alt_text":"","src":"https:\/\/i0.wp.com\/diariodegarca.com\/wp-content\/uploads\/2025\/09\/scn6108-1024x768-1.jpg?fit=1024%2C768&ssl=1&resize=350%2C200","width":350,"height":200,"srcset":"https:\/\/i0.wp.com\/diariodegarca.com\/wp-content\/uploads\/2025\/09\/scn6108-1024x768-1.jpg?fit=1024%2C768&ssl=1&resize=350%2C200 1x, https:\/\/i0.wp.com\/diariodegarca.com\/wp-content\/uploads\/2025\/09\/scn6108-1024x768-1.jpg?fit=1024%2C768&ssl=1&resize=525%2C300 1.5x, https:\/\/i0.wp.com\/diariodegarca.com\/wp-content\/uploads\/2025\/09\/scn6108-1024x768-1.jpg?fit=1024%2C768&ssl=1&resize=700%2C400 2x"},"classes":[]},{"id":6316,"url":"https:\/\/diariodegarca.com\/?p=6316","url_meta":{"origin":6800,"position":3},"title":"Tribunal de Contas emite s\u00e9rie de alertas \u00e0 Prefeitura de Gar\u00e7a por desequil\u00edbrio fiscal e investimentos","author":"Di\u00e1rio de Gar\u00e7a","date":"3 de setembro de 2025","format":false,"excerpt":"Relat\u00f3rios do TCE-SP apontam descumprimento de limites de gastos, metas fiscais e aplica\u00e7\u00e3o m\u00ednima em educa\u00e7\u00e3o e sa\u00fade ao longo do primeiro semestre de 2025. O Tribunal de Contas do Estado de S\u00e3o Paulo (TCE-SP) emitiu, entre maio e agosto de 2025, uma sequ\u00eancia de notifica\u00e7\u00f5es de alerta \u00e0 Prefeitura\u2026","rel":"","context":"Em &quot;Fiscaliza\u00e7\u00e3o&quot;","block_context":{"text":"Fiscaliza\u00e7\u00e3o","link":"https:\/\/diariodegarca.com\/?cat=1192752"},"img":{"alt_text":"","src":"https:\/\/i0.wp.com\/diariodegarca.com\/wp-content\/uploads\/2025\/09\/1564492652.jpg?fit=1200%2C932&ssl=1&resize=350%2C200","width":350,"height":200,"srcset":"https:\/\/i0.wp.com\/diariodegarca.com\/wp-content\/uploads\/2025\/09\/1564492652.jpg?fit=1200%2C932&ssl=1&resize=350%2C200 1x, https:\/\/i0.wp.com\/diariodegarca.com\/wp-content\/uploads\/2025\/09\/1564492652.jpg?fit=1200%2C932&ssl=1&resize=525%2C300 1.5x, https:\/\/i0.wp.com\/diariodegarca.com\/wp-content\/uploads\/2025\/09\/1564492652.jpg?fit=1200%2C932&ssl=1&resize=700%2C400 2x, https:\/\/i0.wp.com\/diariodegarca.com\/wp-content\/uploads\/2025\/09\/1564492652.jpg?fit=1200%2C932&ssl=1&resize=1050%2C600 3x"},"classes":[]},{"id":6355,"url":"https:\/\/diariodegarca.com\/?p=6355","url_meta":{"origin":6800,"position":4},"title":"TCE emite s\u00e9rie de alertas graves sobre gest\u00e3o fiscal e previdenci\u00e1ria de J\u00falio Mesquita","author":"Di\u00e1rio de Gar\u00e7a","date":"4 de setembro de 2025","format":false,"excerpt":"Relat\u00f3rios do Tribunal de Contas do Estado apontam descumprimento de prazos, desequil\u00edbrio nas contas p\u00fablicas, sub aproveitamento de recursos da educa\u00e7\u00e3o, inadimpl\u00eancia recorde em contribui\u00e7\u00f5es previdenci\u00e1rias e risco de colapso no RPPS. O Tribunal de Contas do Estado de S\u00e3o Paulo (TCE-SP) emitiu, ao longo do primeiro semestre do ano,\u2026","rel":"","context":"Em &quot;Fiscaliza\u00e7\u00e3o&quot;","block_context":{"text":"Fiscaliza\u00e7\u00e3o","link":"https:\/\/diariodegarca.com\/?cat=1192752"},"img":{"alt_text":"","src":"https:\/\/i0.wp.com\/diariodegarca.com\/wp-content\/uploads\/2025\/09\/aed506640f5bdd62430b47615abaaeb9.jpg?fit=698%2C465&ssl=1&resize=350%2C200","width":350,"height":200,"srcset":"https:\/\/i0.wp.com\/diariodegarca.com\/wp-content\/uploads\/2025\/09\/aed506640f5bdd62430b47615abaaeb9.jpg?fit=698%2C465&ssl=1&resize=350%2C200 1x, https:\/\/i0.wp.com\/diariodegarca.com\/wp-content\/uploads\/2025\/09\/aed506640f5bdd62430b47615abaaeb9.jpg?fit=698%2C465&ssl=1&resize=525%2C300 1.5x"},"classes":[]},{"id":6483,"url":"https:\/\/diariodegarca.com\/?p=6483","url_meta":{"origin":6800,"position":5},"title":"TCE notifica Fern\u00e3o por descumprimento fiscal e investimento insuficiente em educa\u00e7\u00e3o","author":"Di\u00e1rio de Gar\u00e7a","date":"8 de setembro de 2025","format":false,"excerpt":"Alertas do Tribunal de Contas mostram viola\u00e7\u00e3o persistente do limite de gastos, descumprimento de metas da LRF, gest\u00e3o inadequada de restos a pagar e aplica\u00e7\u00e3o abaixo do m\u00ednimo em educa\u00e7\u00e3o durante o primeiro semestre de 2025. O munic\u00edpio de Fern\u00e3o recebeu m\u00faltiplas notifica\u00e7\u00f5es do Tribunal de Contas do Estado de\u2026","rel":"","context":"Em &quot;Fern\u00e3o&quot;","block_context":{"text":"Fern\u00e3o","link":"https:\/\/diariodegarca.com\/?cat=7386895"},"img":{"alt_text":"","src":"https:\/\/i0.wp.com\/diariodegarca.com\/wp-content\/uploads\/2025\/09\/3acf91d6b3bb04a01d64345d938a3618.jpeg?fit=651%2C434&ssl=1&resize=350%2C200","width":350,"height":200,"srcset":"https:\/\/i0.wp.com\/diariodegarca.com\/wp-content\/uploads\/2025\/09\/3acf91d6b3bb04a01d64345d938a3618.jpeg?fit=651%2C434&ssl=1&resize=350%2C200 1x, https:\/\/i0.wp.com\/diariodegarca.com\/wp-content\/uploads\/2025\/09\/3acf91d6b3bb04a01d64345d938a3618.jpeg?fit=651%2C434&ssl=1&resize=525%2C300 1.5x"},"classes":[]}],"_links":{"self":[{"href":"https:\/\/diariodegarca.com\/index.php?rest_route=\/wp\/v2\/posts\/6800","targetHints":{"allow":["GET"]}}],"collection":[{"href":"https:\/\/diariodegarca.com\/index.php?rest_route=\/wp\/v2\/posts"}],"about":[{"href":"https:\/\/diariodegarca.com\/index.php?rest_route=\/wp\/v2\/types\/post"}],"author":[{"embeddable":true,"href":"https:\/\/diariodegarca.com\/index.php?rest_route=\/wp\/v2\/users\/260896546"}],"replies":[{"embeddable":true,"href":"https:\/\/diariodegarca.com\/index.php?rest_route=%2Fwp%2Fv2%2Fcomments&post=6800"}],"version-history":[{"count":2,"href":"https:\/\/diariodegarca.com\/index.php?rest_route=\/wp\/v2\/posts\/6800\/revisions"}],"predecessor-version":[{"id":6803,"href":"https:\/\/diariodegarca.com\/index.php?rest_route=\/wp\/v2\/posts\/6800\/revisions\/6803"}],"wp:featuredmedia":[{"embeddable":true,"href":"https:\/\/diariodegarca.com\/index.php?rest_route=\/wp\/v2\/media\/6802"}],"wp:attachment":[{"href":"https:\/\/diariodegarca.com\/index.php?rest_route=%2Fwp%2Fv2%2Fmedia&parent=6800"}],"wp:term":[{"taxonomy":"category","embeddable":true,"href":"https:\/\/diariodegarca.com\/index.php?rest_route=%2Fwp%2Fv2%2Fcategories&post=6800"},{"taxonomy":"post_tag","embeddable":true,"href":"https:\/\/diariodegarca.com\/index.php?rest_route=%2Fwp%2Fv2%2Ftags&post=6800"}],"curies":[{"name":"wp","href":"https:\/\/api.w.org\/{rel}","templated":true}]}}