{"id":6837,"date":"2025-09-17T14:34:56","date_gmt":"2025-09-17T17:34:56","guid":{"rendered":"https:\/\/diariodegarca.com\/?p=6837"},"modified":"2025-09-17T14:34:56","modified_gmt":"2025-09-17T17:34:56","slug":"setembro-dourado-pela-deteccao-precoce-de-cancer-em-criancas-e-adolescentes","status":"publish","type":"post","link":"https:\/\/diariodegarca.com\/?p=6837","title":{"rendered":"Setembro Dourado: pela detec\u00e7\u00e3o precoce de c\u00e2ncer em crian\u00e7as e adolescentes"},"content":{"rendered":"\n<p class=\"wp-block-paragraph\"><em>Campanha nacional alerta para os sinais do c\u00e2ncer infanto-juvenil, doen\u00e7a que \u00e9 a principal causa de morte por enfermidade entre um e dezenove anos no Brasil, mas que tem at\u00e9 80% de chance de cura com diagn\u00f3stico r\u00e1pido.<\/em><\/p>\n\n\n\n<p class=\"wp-block-paragraph\">O m\u00eas de setembro se veste de dourado para levar uma mensagem urgente \u00e0 sociedade: a de que o c\u00e2ncer infanto-juvenil, embora grave, \u00e9 altamente cur\u00e1vel quando identificado em seus est\u00e1gios iniciais. O\u00a0<strong>Setembro Dourado<\/strong>\u00a0\u00e9 uma campanha de conscientiza\u00e7\u00e3o que simboliza a luta de crian\u00e7as e adolescentes contra a doen\u00e7a, comparando sua cor \u00e0 riqueza do &#8220;esp\u00edrito de luta&#8221; desses jovens guerreiros. <\/p>\n\n\n\n<p class=\"wp-block-paragraph\">Diferentemente do c\u00e2ncer em adultos, frequentemente associado a fatores de estilo de vida e ambientais a longo prazo, o c\u00e2ncer pedi\u00e1trico \u00e9 majoritariamente de origem embrion\u00e1ria, relacionado a muta\u00e7\u00f5es gen\u00e9ticas espont\u00e2neas e de crescimento acelerado. Por isso, a chave para virar o jogo contra a doen\u00e7a n\u00e3o \u00e9 a preven\u00e7\u00e3o, mas sim o&nbsp;<strong>diagn\u00f3stico precoce<\/strong>.<\/p>\n\n\n\n<p class=\"wp-block-paragraph\"><strong>A Import\u00e2ncia da Campanha<\/strong><\/p>\n\n\n\n<p class=\"wp-block-paragraph\">A campanha \u00e9 crucial porque informa pais, educadores e profissionais da aten\u00e7\u00e3o prim\u00e1ria sobre os sinais que, muitas vezes, s\u00e3o confundidos com doen\u00e7as comuns da inf\u00e2ncia. No Brasil, o c\u00e2ncer \u00e9 a principal causa de morte por doen\u00e7a entre crian\u00e7as e adolescentes de 1 a 19 anos, segundo o Instituto Nacional de C\u00e2ncer (INCA). Estima-se que surjam mais de 8 mil novos casos por ano.<\/p>\n\n\n\n<p class=\"wp-block-paragraph\">Para dar suporte a essa luta, existe o\u00a0<strong>Dia Nacional de Combate ao C\u00e2ncer Infanto-juvenil<\/strong>, institu\u00eddo pela\u00a0<strong><a href=\"https:\/\/www.planalto.gov.br\/ccivil_03\/_ato2007-2010\/2008\/lei\/l11650.htm\" data-type=\"link\" data-id=\"https:\/\/www.planalto.gov.br\/ccivil_03\/_ato2007-2010\/2008\/lei\/l11650.htm\">Lei Federal n\u00ba 11.650\/2008<\/a><\/strong>, a ser comemorado em\u00a0<strong>23 de setembro<\/strong>. A data serve para intensificar a divulga\u00e7\u00e3o de informa\u00e7\u00f5es sobre a doen\u00e7a.<\/p>\n\n\n\n<p class=\"wp-block-paragraph\"><strong>Sinais de alerta<\/strong><\/p>\n\n\n\n<p class=\"wp-block-paragraph\">Os sintomas do c\u00e2ncer infanto-juvenil podem ser inespec\u00edficos e facilmente confundidos com outras doen\u00e7as. O alerta deve soar quando um ou mais dos seguintes sinais persistirem ou piorarem:<\/p>\n\n\n\n<ul class=\"wp-block-list\">\n<li>Dores \u00f3sseas, especialmente se forem cont\u00ednuas e associadas a incha\u00e7o.<\/li>\n\n\n\n<li>Palidez progressiva, hematomas sem explica\u00e7\u00e3o ou sangramentos.<\/li>\n\n\n\n<li>Caro\u00e7os ou incha\u00e7os em qualquer parte do corpo, principalmente no abd\u00f4men, pesco\u00e7o e t\u00f3rax.<\/li>\n\n\n\n<li>Perda de peso inexplic\u00e1vel e febre persistente.<\/li>\n\n\n\n<li>Dores de cabe\u00e7a frequentes, especialmente se acompanhadas de v\u00f4mitos (geralmente pela manh\u00e3).<\/li>\n\n\n\n<li>Altera\u00e7\u00f5es oculares, como pupila branca ou estrabismo de in\u00edcio recente.<\/li>\n\n\n\n<li>Cansa\u00e7o excessivo e falta de interesse em brincar.<\/li>\n\n\n\n<li>Manchas roxas ou sangramentos pelo corpo sem rela\u00e7\u00e3o com traumas.<\/li>\n<\/ul>\n\n\n\n<p class=\"wp-block-paragraph\">A recomenda\u00e7\u00e3o m\u00e9dica \u00e9 un\u00e2nime:&nbsp;<strong>n\u00e3o espere<\/strong>. Se o sintoma for persistente e diferente do comum, procure um pediatra. Ele \u00e9 o primeiro elo na cadeia do diagn\u00f3stico precoce.<\/p>\n\n\n\n<p class=\"wp-block-paragraph\"><strong>Tratamento<\/strong><\/p>\n\n\n\n<p class=\"wp-block-paragraph\">O tratamento do c\u00e2ncer infanto-juvenil \u00e9 realizado, preferencialmente, em\u00a0<strong>centros especializados<\/strong>\u00a0e envolve uma equipe multidisciplinar. As modalidades incluem quimioterapia, cirurgia, radioterapia e, em alguns casos, transplante de medula \u00f3ssea.<\/p>\n\n\n\n<p class=\"wp-block-paragraph\">A qualidade de vida durante o tratamento \u00e9 uma prioridade. Ela \u00e9 conquistada por meio de:<\/p>\n\n\n\n<ul class=\"wp-block-list\">\n<li><strong>Apoio psicossocial:<\/strong>\u00a0atendimento psicol\u00f3gico para a crian\u00e7a e toda a fam\u00edlia.<\/li>\n\n\n\n<li><strong>Nutri\u00e7\u00e3o adequada:<\/strong>\u00a0acompanhamento com nutricionista para combater a desnutri\u00e7\u00e3o.<\/li>\n\n\n\n<li><strong>Atividades l\u00fadicas e educativas:<\/strong>\u00a0muitos hospitais contam com escolas e brinquedotecas.<\/li>\n\n\n\n<li><strong>Cuidados paliativos:<\/strong>\u00a0desde o diagn\u00f3stico, visando aliviar a dor e outros sintomas angustiantes.<\/li>\n<\/ul>\n\n\n\n<p class=\"wp-block-paragraph\"><strong>Setembro Dourado<\/strong><\/p>\n\n\n\n<p class=\"wp-block-paragraph\">O Setembro Dourado carrega, acima de tudo, uma mensagem de esperan\u00e7a. Com o avan\u00e7o das terapias, a taxa de cura m\u00e9dia para muitos tipos de c\u00e2ncer infanto-juvenil no Brasil j\u00e1 se aproxima de\u00a0<strong>80%<\/strong>. A campanha refor\u00e7a que, com informa\u00e7\u00e3o, acesso r\u00e1pido ao sistema de sa\u00fade e o suporte de toda a sociedade, \u00e9 poss\u00edvel garantir que essas crian\u00e7as tenham n\u00e3o apenas a vida salva, mas tamb\u00e9m uma inf\u00e2ncia e futuro com dignidade.<\/p>\n","protected":false},"excerpt":{"rendered":"<p>Campanha nacional alerta para os sinais do c\u00e2ncer infanto-juvenil, doen\u00e7a que \u00e9 a principal causa de morte por enfermidade entre um e dezenove anos no Brasil, mas que tem at\u00e9 80% de chance de cura com diagn\u00f3stico r\u00e1pido. O m\u00eas de setembro se veste de dourado para levar uma mensagem urgente \u00e0 sociedade: a de [&hellip;]<\/p>\n","protected":false},"author":260896546,"featured_media":6841,"comment_status":"open","ping_status":"","sticky":false,"template":"","format":"standard","meta":{"_crdt_document":"","_monsterinsights_skip_tracking":false,"_monsterinsights_sitenote_active":false,"_monsterinsights_sitenote_note":"","_monsterinsights_sitenote_category":0,"advanced_seo_description":"Setembro Dourado alerta sobre sinais de c\u00e2ncer infanto-juvenil. Diagn\u00f3stico precoce \u00e9 essencial e cura pode chegar a 80%. Informe-se!","jetpack_seo_html_title":"Campanha Setembro Dourado: Sinais de C\u00e2ncer Infanto-Juvenil","jetpack_seo_noindex":false,"_jetpack_newsletter_access":"","_jetpack_dont_email_post_to_subs":false,"_jetpack_newsletter_tier_id":0,"_jetpack_memberships_contains_paywalled_content":false,"_jetpack_memberships_contains_paid_content":false,"footnotes":"","jetpack_publicize_message":"\ud83d\udd0d Setembro Dourado: pela detec\u00e7\u00e3o precoce de c\u00e2ncer em crian\u00e7as e adolescente\n\nUma campanha destinada \u00e0 informar e garantir a sa\u00fade de crian\u00e7as e jovens, com a busca precoce para o diagnostico e altas chances de cura.\n\nSaiba mais em diariodegarca.com (link na bio)\n\n#SetembroDourado #CancerInfantil ","jetpack_publicize_feature_enabled":true,"jetpack_social_post_already_shared":false,"jetpack_social_options":{"image_generator_settings":{"template":"highway","default_image_id":0,"font":"","enabled":false},"version":2},"_wpas_customize_per_network":false,"jetpack_post_was_ever_published":false},"categories":[582590134,72064],"tags":[],"class_list":["post-6837","post","type-post","status-publish","format-standard","has-post-thumbnail","hentry","category-campanha-mensal","category-saude"],"jetpack_publicize_connections":[],"jetpack_featured_media_url":"https:\/\/i0.wp.com\/diariodegarca.com\/wp-content\/uploads\/2025\/09\/crianca-em-terapia-para-lutar-contra-o-cancer.jpg?fit=6000%2C4000&ssl=1","jetpack_likes_enabled":true,"jetpack_sharing_enabled":true,"jetpack_shortlink":"https:\/\/wp.me\/pgitne-1Mh","jetpack-related-posts":[{"id":6690,"url":"https:\/\/diariodegarca.com\/?p=6690","url_meta":{"origin":6837,"position":0},"title":"Gar\u00e7a promove a\u00e7\u00e3o no Setembro Dourado para alertar sobre c\u00e2ncer infantojuvenil","author":"Di\u00e1rio de Gar\u00e7a","date":"12 de setembro de 2025","format":false,"excerpt":"Evento no s\u00e1bado na Pra\u00e7a Matriz focar\u00e1 no retinoblastoma, tipo raro de tumor ocular, com orienta\u00e7\u00f5es sobre a import\u00e2ncia do diagn\u00f3stico precoce. A Prefeitura de Gar\u00e7a, por meio da Secretaria Municipal de Sa\u00fade, realizar\u00e1 neste s\u00e1bado, 13 de setembro, uma a\u00e7\u00e3o especial em alus\u00e3o ao Setembro Dourado. O evento, que\u2026","rel":"","context":"Em &quot;Campanha mensal&quot;","block_context":{"text":"Campanha mensal","link":"https:\/\/diariodegarca.com\/?cat=582590134"},"img":{"alt_text":"","src":"https:\/\/i0.wp.com\/diariodegarca.com\/wp-content\/uploads\/2025\/09\/crianca-brincando-com-biscoitos.jpg?fit=800%2C1200&ssl=1&resize=350%2C200","width":350,"height":200,"srcset":"https:\/\/i0.wp.com\/diariodegarca.com\/wp-content\/uploads\/2025\/09\/crianca-brincando-com-biscoitos.jpg?fit=800%2C1200&ssl=1&resize=350%2C200 1x, https:\/\/i0.wp.com\/diariodegarca.com\/wp-content\/uploads\/2025\/09\/crianca-brincando-com-biscoitos.jpg?fit=800%2C1200&ssl=1&resize=525%2C300 1.5x, https:\/\/i0.wp.com\/diariodegarca.com\/wp-content\/uploads\/2025\/09\/crianca-brincando-com-biscoitos.jpg?fit=800%2C1200&ssl=1&resize=700%2C400 2x"},"classes":[]},{"id":6506,"url":"https:\/\/diariodegarca.com\/?p=6506","url_meta":{"origin":6837,"position":1},"title":"Setembro Azul: conscientiza\u00e7\u00e3o sobre os cuidados da sa\u00fade masculina","author":"Di\u00e1rio de Gar\u00e7a","date":"8 de setembro de 2025","format":false,"excerpt":"Campanha antecede com o objetivo de quebrar tabus e alertar sobre a import\u00e2ncia dos exames preventivos do c\u00e2ncer de pr\u00f3stata, segundo tipo mais comum entre os homens. O\u00a0Setembro Azul \u00e9 um momento para refletir sobre a sa\u00fade da popula\u00e7\u00e3o masculina. O foco da campanha \u00e9 salvar vidas atrav\u00e9s do diagn\u00f3stico\u2026","rel":"","context":"Em &quot;Campanha mensal&quot;","block_context":{"text":"Campanha mensal","link":"https:\/\/diariodegarca.com\/?cat=582590134"},"img":{"alt_text":"","src":"https:\/\/i0.wp.com\/diariodegarca.com\/wp-content\/uploads\/2025\/09\/homem-com-fita-azul-de-novembro.jpg?fit=1200%2C801&ssl=1&resize=350%2C200","width":350,"height":200,"srcset":"https:\/\/i0.wp.com\/diariodegarca.com\/wp-content\/uploads\/2025\/09\/homem-com-fita-azul-de-novembro.jpg?fit=1200%2C801&ssl=1&resize=350%2C200 1x, https:\/\/i0.wp.com\/diariodegarca.com\/wp-content\/uploads\/2025\/09\/homem-com-fita-azul-de-novembro.jpg?fit=1200%2C801&ssl=1&resize=525%2C300 1.5x, https:\/\/i0.wp.com\/diariodegarca.com\/wp-content\/uploads\/2025\/09\/homem-com-fita-azul-de-novembro.jpg?fit=1200%2C801&ssl=1&resize=700%2C400 2x, https:\/\/i0.wp.com\/diariodegarca.com\/wp-content\/uploads\/2025\/09\/homem-com-fita-azul-de-novembro.jpg?fit=1200%2C801&ssl=1&resize=1050%2C600 3x"},"classes":[]},{"id":6726,"url":"https:\/\/diariodegarca.com\/?p=6726","url_meta":{"origin":6837,"position":2},"title":"Setembro Turquesa: conscientiza\u00e7\u00e3o do c\u00e2ncer de ov\u00e1rio e de tireoide","author":"Di\u00e1rio de Gar\u00e7a","date":"13 de setembro de 2025","format":false,"excerpt":"Setembro \u00e9 um m\u00eas dedicado \u00e0 conscientiza\u00e7\u00e3o sobre os c\u00e2nceres de ov\u00e1rio e tireoide, que s\u00e3o muitas vezes silenciosos e afetam especialmente mulheres no Brasil. O c\u00e2ncer de ov\u00e1rio, chamado de \"c\u00e2ncer silencioso\", \u00e9 frequentemente diagnosticado em est\u00e1gios avan\u00e7ados, com sintomas sutis que se assemelham a problemas gastrointestinais.","rel":"","context":"Em &quot;Campanha mensal&quot;","block_context":{"text":"Campanha mensal","link":"https:\/\/diariodegarca.com\/?cat=582590134"},"img":{"alt_text":"","src":"https:\/\/i0.wp.com\/diariodegarca.com\/wp-content\/uploads\/2025\/09\/light-blue-ribbon-crop-hands.jpg?fit=1200%2C800&ssl=1&resize=350%2C200","width":350,"height":200,"srcset":"https:\/\/i0.wp.com\/diariodegarca.com\/wp-content\/uploads\/2025\/09\/light-blue-ribbon-crop-hands.jpg?fit=1200%2C800&ssl=1&resize=350%2C200 1x, https:\/\/i0.wp.com\/diariodegarca.com\/wp-content\/uploads\/2025\/09\/light-blue-ribbon-crop-hands.jpg?fit=1200%2C800&ssl=1&resize=525%2C300 1.5x, https:\/\/i0.wp.com\/diariodegarca.com\/wp-content\/uploads\/2025\/09\/light-blue-ribbon-crop-hands.jpg?fit=1200%2C800&ssl=1&resize=700%2C400 2x, https:\/\/i0.wp.com\/diariodegarca.com\/wp-content\/uploads\/2025\/09\/light-blue-ribbon-crop-hands.jpg?fit=1200%2C800&ssl=1&resize=1050%2C600 3x"},"classes":[]},{"id":5202,"url":"https:\/\/diariodegarca.com\/?p=5202","url_meta":{"origin":6837,"position":3},"title":"Agosto Dourado: m\u00eas de incentivo ao aleitamento materno","author":"Di\u00e1rio de Gar\u00e7a","date":"1 de agosto de 2025","format":false,"excerpt":"Campanha mundial refor\u00e7a a necessidade do apoio \u00e0 amamenta\u00e7\u00e3o exclusiva na sa\u00fade dos infantes. O\u00a0Agosto Dourado\u00a0\u00e9 uma campanha global dedicada \u00e0 conscientiza\u00e7\u00e3o sobre a import\u00e2ncia do\u00a0aleitamento materno, destacando seus benef\u00edcios para a sa\u00fade da crian\u00e7a e da m\u00e3e. No Brasil, a iniciativa ganha for\u00e7a com a\u00e7\u00f5es promovidas por \u00f3rg\u00e3os p\u00fablicos,\u2026","rel":"","context":"Em &quot;Campanha mensal&quot;","block_context":{"text":"Campanha mensal","link":"https:\/\/diariodegarca.com\/?cat=582590134"},"img":{"alt_text":"","src":"https:\/\/i0.wp.com\/diariodegarca.com\/wp-content\/uploads\/2025\/07\/mae-gentilmente-amamentando-seu-filho.jpg?fit=1200%2C857&ssl=1&resize=350%2C200","width":350,"height":200,"srcset":"https:\/\/i0.wp.com\/diariodegarca.com\/wp-content\/uploads\/2025\/07\/mae-gentilmente-amamentando-seu-filho.jpg?fit=1200%2C857&ssl=1&resize=350%2C200 1x, https:\/\/i0.wp.com\/diariodegarca.com\/wp-content\/uploads\/2025\/07\/mae-gentilmente-amamentando-seu-filho.jpg?fit=1200%2C857&ssl=1&resize=525%2C300 1.5x, https:\/\/i0.wp.com\/diariodegarca.com\/wp-content\/uploads\/2025\/07\/mae-gentilmente-amamentando-seu-filho.jpg?fit=1200%2C857&ssl=1&resize=700%2C400 2x, https:\/\/i0.wp.com\/diariodegarca.com\/wp-content\/uploads\/2025\/07\/mae-gentilmente-amamentando-seu-filho.jpg?fit=1200%2C857&ssl=1&resize=1050%2C600 3x"},"classes":[]},{"id":5224,"url":"https:\/\/diariodegarca.com\/?p=5224","url_meta":{"origin":6837,"position":4},"title":"Agosto Verde Claro: m\u00eas de preven\u00e7\u00e3o e combate ao c\u00e2ncer de cabe\u00e7a e pesco\u00e7o","author":"Di\u00e1rio de Gar\u00e7a","date":"2 de agosto de 2025","format":false,"excerpt":"Campanha alerta para fatores de risco como tabagismo, \u00e1lcool e HPV, incentivando diagn\u00f3stico precoce e tratamento adequado O\u00a0Agosto Verde Claro\u00a0\u00e9 uma campanha nacional dedicada \u00e0 conscientiza\u00e7\u00e3o sobre o\u00a0c\u00e2ncer de cabe\u00e7a e pesco\u00e7o, que engloba tumores na boca, laringe, faringe, tireoide e seios paranasais. A iniciativa visa\u00a0informar a popula\u00e7\u00e3o sobre os\u2026","rel":"","context":"Em &quot;Brasil&quot;","block_context":{"text":"Brasil","link":"https:\/\/diariodegarca.com\/?cat=38185"},"img":{"alt_text":"","src":"https:\/\/i0.wp.com\/diariodegarca.com\/wp-content\/uploads\/2025\/08\/moca-close-up-na-dor-e1754055228395.jpg?fit=1200%2C900&ssl=1&resize=350%2C200","width":350,"height":200,"srcset":"https:\/\/i0.wp.com\/diariodegarca.com\/wp-content\/uploads\/2025\/08\/moca-close-up-na-dor-e1754055228395.jpg?fit=1200%2C900&ssl=1&resize=350%2C200 1x, https:\/\/i0.wp.com\/diariodegarca.com\/wp-content\/uploads\/2025\/08\/moca-close-up-na-dor-e1754055228395.jpg?fit=1200%2C900&ssl=1&resize=525%2C300 1.5x, https:\/\/i0.wp.com\/diariodegarca.com\/wp-content\/uploads\/2025\/08\/moca-close-up-na-dor-e1754055228395.jpg?fit=1200%2C900&ssl=1&resize=700%2C400 2x, https:\/\/i0.wp.com\/diariodegarca.com\/wp-content\/uploads\/2025\/08\/moca-close-up-na-dor-e1754055228395.jpg?fit=1200%2C900&ssl=1&resize=1050%2C600 3x"},"classes":[]},{"id":4349,"url":"https:\/\/diariodegarca.com\/?p=4349","url_meta":{"origin":6837,"position":5},"title":"Julho Azul Escuro: m\u00eas de conscientiza\u00e7\u00e3o sobre o c\u00e2ncer de cabe\u00e7a e pesco\u00e7o","author":"Di\u00e1rio de Gar\u00e7a","date":"2 de julho de 2025","format":false,"excerpt":"Campanha alerta para a preven\u00e7\u00e3o e diagn\u00f3stico precoce de tumores que afetam boca, laringe, faringe e outras regi\u00f5es O\u00a0Julho Azul Escuro\u00a0\u00e9 uma campanha dedicada \u00e0\u00a0conscientiza\u00e7\u00e3o sobre o c\u00e2ncer de cabe\u00e7a e pesco\u00e7o, que engloba tumores na\u00a0boca, l\u00edngua, garganta, laringe, tireoide e seios paranasais. A iniciativa busca\u00a0informar sobre fatores de risco,\u2026","rel":"","context":"Em &quot;Campanha mensal&quot;","block_context":{"text":"Campanha mensal","link":"https:\/\/diariodegarca.com\/?cat=582590134"},"img":{"alt_text":"","src":"https:\/\/i0.wp.com\/diariodegarca.com\/wp-content\/uploads\/2025\/07\/medica-examinando-um-paciente-com-cancer-de-pele.jpg?fit=1200%2C800&ssl=1&resize=350%2C200","width":350,"height":200,"srcset":"https:\/\/i0.wp.com\/diariodegarca.com\/wp-content\/uploads\/2025\/07\/medica-examinando-um-paciente-com-cancer-de-pele.jpg?fit=1200%2C800&ssl=1&resize=350%2C200 1x, https:\/\/i0.wp.com\/diariodegarca.com\/wp-content\/uploads\/2025\/07\/medica-examinando-um-paciente-com-cancer-de-pele.jpg?fit=1200%2C800&ssl=1&resize=525%2C300 1.5x, https:\/\/i0.wp.com\/diariodegarca.com\/wp-content\/uploads\/2025\/07\/medica-examinando-um-paciente-com-cancer-de-pele.jpg?fit=1200%2C800&ssl=1&resize=700%2C400 2x, https:\/\/i0.wp.com\/diariodegarca.com\/wp-content\/uploads\/2025\/07\/medica-examinando-um-paciente-com-cancer-de-pele.jpg?fit=1200%2C800&ssl=1&resize=1050%2C600 3x"},"classes":[]}],"_links":{"self":[{"href":"https:\/\/diariodegarca.com\/index.php?rest_route=\/wp\/v2\/posts\/6837","targetHints":{"allow":["GET"]}}],"collection":[{"href":"https:\/\/diariodegarca.com\/index.php?rest_route=\/wp\/v2\/posts"}],"about":[{"href":"https:\/\/diariodegarca.com\/index.php?rest_route=\/wp\/v2\/types\/post"}],"author":[{"embeddable":true,"href":"https:\/\/diariodegarca.com\/index.php?rest_route=\/wp\/v2\/users\/260896546"}],"replies":[{"embeddable":true,"href":"https:\/\/diariodegarca.com\/index.php?rest_route=%2Fwp%2Fv2%2Fcomments&post=6837"}],"version-history":[{"count":4,"href":"https:\/\/diariodegarca.com\/index.php?rest_route=\/wp\/v2\/posts\/6837\/revisions"}],"predecessor-version":[{"id":6842,"href":"https:\/\/diariodegarca.com\/index.php?rest_route=\/wp\/v2\/posts\/6837\/revisions\/6842"}],"wp:featuredmedia":[{"embeddable":true,"href":"https:\/\/diariodegarca.com\/index.php?rest_route=\/wp\/v2\/media\/6841"}],"wp:attachment":[{"href":"https:\/\/diariodegarca.com\/index.php?rest_route=%2Fwp%2Fv2%2Fmedia&parent=6837"}],"wp:term":[{"taxonomy":"category","embeddable":true,"href":"https:\/\/diariodegarca.com\/index.php?rest_route=%2Fwp%2Fv2%2Fcategories&post=6837"},{"taxonomy":"post_tag","embeddable":true,"href":"https:\/\/diariodegarca.com\/index.php?rest_route=%2Fwp%2Fv2%2Ftags&post=6837"}],"curies":[{"name":"wp","href":"https:\/\/api.w.org\/{rel}","templated":true}]}}