{"id":6906,"date":"2025-09-19T11:04:53","date_gmt":"2025-09-19T14:04:53","guid":{"rendered":"https:\/\/diariodegarca.com\/?p=6906"},"modified":"2025-09-19T11:04:53","modified_gmt":"2025-09-19T14:04:53","slug":"curso-presencial-de-operacao-de-motoniveladora-em-lupercio","status":"publish","type":"post","link":"https:\/\/diariodegarca.com\/?p=6906","title":{"rendered":"Curso presencial de Opera\u00e7\u00e3o de Motoniveladora em Lup\u00e9rcio"},"content":{"rendered":"\n<p class=\"wp-block-paragraph\"><em>Capacita\u00e7\u00e3o do SENAR, com apenas 4 vagas, exige curso pr\u00e9vio de trator e atende demanda por profissionais especializados em infraestrutura rural.<\/em><\/p>\n\n\n\n<p class=\"wp-block-paragraph\">O SENAR (Servi\u00e7o Nacional de Aprendizagem Rural) promover\u00e1 um curso essencial para o setor de infraestrutura no campo entre os dias <strong>22 e 26 de setembro<\/strong>, no munic\u00edpio de <strong>Lup\u00e9rcio<\/strong>. O foco da capacita\u00e7\u00e3o \u00e9 a Opera\u00e7\u00e3o de Motoniveladora, m\u00e1quina pesada conhecida como &#8220;patrol&#8221;, fundamental para a constru\u00e7\u00e3o e manuten\u00e7\u00e3o de estradas vicinais, terraplanagem, preparo de \u00e1reas e diversas outras atividades que demandam precis\u00e3o em obras rurais.<\/p>\n\n\n\n<p class=\"wp-block-paragraph\">Diferente de forma\u00e7\u00f5es introdut\u00f3rias, este curso tem um requisito espec\u00edfico: para participar, o candidato <strong>deve ter conclu\u00eddo previament<\/strong>e o <strong>curso de Opera\u00e7\u00e3o de Tratores Agr\u00edcolas<\/strong>, tamb\u00e9m oferecido pelo SENAR. Essa exig\u00eancia garante que os alunos j\u00e1 possuam familiaridade com os princ\u00edpios b\u00e1sicos de opera\u00e7\u00e3o de m\u00e1quinas pesadas, seguran\u00e7a no trabalho rural e funcionamento de motores, permitindo que a capacita\u00e7\u00e3o na motoniveladora avance para aspectos mais t\u00e9cnicos e espec\u00edficos.<\/p>\n\n\n\n<p class=\"wp-block-paragraph\">O treinamento, que segue o padr\u00e3o de qualidade dos programas SENAR, combina teoria e pr\u00e1tica. Os participantes aprender\u00e3o sobre as partes e componentes da m\u00e1quina, inspe\u00e7\u00e3o e manuten\u00e7\u00e3o di\u00e1ria, princ\u00edpios de opera\u00e7\u00e3o, t\u00e9cnicas de nivela\u00e7\u00e3o e acabamento, al\u00e9m de no\u00e7\u00f5es de seguran\u00e7a na opera\u00e7\u00e3o e preserva\u00e7\u00e3o ambiental. A carga hor\u00e1ria pr\u00e1tica \u00e9 significativa, assegurando que o operador saia apto a manusear o equipamento com destreza e responsabilidade.<\/p>\n\n\n\n<p class=\"wp-block-paragraph\">O agroneg\u00f3cio, setor que move a economia da regi\u00e3o, demanda constantemente por profissionais qualificados para operar maquin\u00e1rios complexos, tornando essa uma oportunidade de qualifica\u00e7\u00e3o valorizada no mercado de trabalho.<\/p>\n\n\n\n<p class=\"wp-block-paragraph\">As inscri\u00e7\u00f5es e o fornecimento de informa\u00e7\u00f5es adicionais s\u00e3o feitas exclusivamente por meio do Sindicato Rural de Gar\u00e7a, por meio do telefone <strong>(14) 98141-6116<\/strong>.<\/p>\n","protected":false},"excerpt":{"rendered":"<p>Capacita\u00e7\u00e3o do SENAR, com apenas 4 vagas, exige curso pr\u00e9vio de trator e atende demanda por profissionais especializados em infraestrutura rural. O SENAR (Servi\u00e7o Nacional de Aprendizagem Rural) promover\u00e1 um curso essencial para o setor de infraestrutura no campo entre os dias 22 e 26 de setembro, no munic\u00edpio de Lup\u00e9rcio. O foco da capacita\u00e7\u00e3o [&hellip;]<\/p>\n","protected":false},"author":260896546,"featured_media":6908,"comment_status":"open","ping_status":"","sticky":false,"template":"","format":"standard","meta":{"_crdt_document":"","_monsterinsights_skip_tracking":false,"_monsterinsights_sitenote_active":false,"_monsterinsights_sitenote_note":"","_monsterinsights_sitenote_category":0,"advanced_seo_description":"Participe do curso de Opera\u00e7\u00e3o de Motoniveladora do SENAR e capacite-se para o mercado agr\u00edcola! Vagas limitadas, inscreva-se j\u00e1!","jetpack_seo_html_title":"Curso SENAR: Opera\u00e7\u00e3o de Motoniveladora em Lup\u00e9rcio","jetpack_seo_noindex":false,"_jetpack_newsletter_access":"","_jetpack_dont_email_post_to_subs":false,"_jetpack_newsletter_tier_id":0,"_jetpack_memberships_contains_paywalled_content":false,"_jetpack_memberships_contains_paid_content":false,"footnotes":"","jetpack_publicize_message":"\ud83d\udcf0 Qualifica\u00e7\u00e3o no campo\n\n\u2699\ufe0f O curso de Opera\u00e7\u00e3o de Motoniveladora (Patrol) chega a Lup\u00e9rcio em setembro. Promovido pelo SENAR, a forma\u00e7\u00e3o \u00e9 voltada para quem busca especializa\u00e7\u00e3o em m\u00e1quinas pesadas para infraestrutura rural.\n\n\ud83d\udcc5 Quando: 22 a 26\/09\/2025\n\ud83d\udccd Onde: Lup\u00e9rcio (SP)\n\u2705 Pr\u00e9-requisito OBRIGAT\u00d3RIO: Ter conclu\u00eddo o curso de Opera\u00e7\u00e3o de Tratores Agr\u00edcolas.\n\ud83d\udc68\u200d\ud83c\udfeb Apenas 4 vagas dispon\u00edveis.\n\n\ud83d\udcde Contato para Inscri\u00e7\u00e3o: (14) 98141-6116\n\nLeia a mat\u00e9ria completa com todos os detalhes no site diariodegarca.com!\n\n#SENAR #Qualifica\u00e7\u00e3oRural #Motoniveladora #CursoGratuito #Agronegocio #Gar\u00e7aSP #Lup\u00e9rcio #OperadorDeMaquinasPesadas","jetpack_publicize_feature_enabled":true,"jetpack_social_post_already_shared":false,"jetpack_social_options":{"image_generator_settings":{"template":"highway","default_image_id":0,"font":"","enabled":false},"version":2},"_wpas_customize_per_network":false,"jetpack_post_was_ever_published":false},"categories":[34615,36947,22303061,115166],"tags":[],"class_list":["post-6906","post","type-post","status-publish","format-standard","has-post-thumbnail","hentry","category-agricultura","category-curso","category-lupercio","category-presencial"],"jetpack_publicize_connections":[],"jetpack_featured_media_url":"https:\/\/i0.wp.com\/diariodegarca.com\/wp-content\/uploads\/2025\/09\/visao-de-maquinas-pesadas-utilizadas-na-industria-da-construcao.jpg?fit=5696%2C3392&ssl=1","jetpack_likes_enabled":true,"jetpack_sharing_enabled":true,"jetpack_shortlink":"https:\/\/wp.me\/pgitne-1No","jetpack-related-posts":[{"id":8036,"url":"https:\/\/diariodegarca.com\/?p=8036","url_meta":{"origin":6906,"position":0},"title":"Curso de forma\u00e7\u00e3o completa para operadores de tratores agr\u00edcolas em Gar\u00e7a","author":"Andreza Sega","date":"25 de outubro de 2025","format":false,"excerpt":"Iniciativa do SENAR e Sindicato Rural capacita profissionais para atuar com efici\u00eancia e seguran\u00e7a no manejo de m\u00e1quinas essenciais ao agroneg\u00f3cio. O campo exige cada vez mais profissionaliza\u00e7\u00e3o, e a opera\u00e7\u00e3o de maquin\u00e1rio \u00e9 um dos pilares dessa moderniza\u00e7\u00e3o. Pensando nisso, o Sindicato Rural de Gar\u00e7a, em parceria com o\u2026","rel":"","context":"Em &quot;Agricultura&quot;","block_context":{"text":"Agricultura","link":"https:\/\/diariodegarca.com\/?cat=34615"},"img":{"alt_text":"","src":"https:\/\/i0.wp.com\/diariodegarca.com\/wp-content\/uploads\/2025\/09\/campo-de-cultivo-de-maquina-agricola-trator.jpg?fit=1200%2C801&ssl=1&resize=350%2C200","width":350,"height":200,"srcset":"https:\/\/i0.wp.com\/diariodegarca.com\/wp-content\/uploads\/2025\/09\/campo-de-cultivo-de-maquina-agricola-trator.jpg?fit=1200%2C801&ssl=1&resize=350%2C200 1x, https:\/\/i0.wp.com\/diariodegarca.com\/wp-content\/uploads\/2025\/09\/campo-de-cultivo-de-maquina-agricola-trator.jpg?fit=1200%2C801&ssl=1&resize=525%2C300 1.5x, https:\/\/i0.wp.com\/diariodegarca.com\/wp-content\/uploads\/2025\/09\/campo-de-cultivo-de-maquina-agricola-trator.jpg?fit=1200%2C801&ssl=1&resize=700%2C400 2x, https:\/\/i0.wp.com\/diariodegarca.com\/wp-content\/uploads\/2025\/09\/campo-de-cultivo-de-maquina-agricola-trator.jpg?fit=1200%2C801&ssl=1&resize=1050%2C600 3x"},"classes":[]},{"id":6027,"url":"https:\/\/diariodegarca.com\/?p=6027","url_meta":{"origin":6906,"position":1},"title":"Curso gratuito e presencial de opera\u00e7\u00e3o de tratores em Gar\u00e7a","author":"Di\u00e1rio de Gar\u00e7a","date":"24 de agosto de 2025","format":false,"excerpt":"Capacita\u00e7\u00e3o voltada para produtores e trabalhadores rurais, com alimenta\u00e7\u00e3o inclusa, e que combina aulas te\u00f3ricas e pr\u00e1ticas. O Sindicato Rural de Gar\u00e7a, em parceria com o Servi\u00e7o Nacional de Aprendizagem Rural (Senar), est\u00e1 com inscri\u00e7\u00f5es abertas para um curso essencial para o agroneg\u00f3cio local: Opera\u00e7\u00e3o e Manuten\u00e7\u00e3o de Tratores Agr\u00edcolas.\u2026","rel":"","context":"Em &quot;Agricultura&quot;","block_context":{"text":"Agricultura","link":"https:\/\/diariodegarca.com\/?cat=34615"},"img":{"alt_text":"","src":"https:\/\/i0.wp.com\/diariodegarca.com\/wp-content\/uploads\/2025\/08\/jovem-agricultor-cuidando-de-seu-negocio.jpg?fit=1200%2C806&ssl=1&resize=350%2C200","width":350,"height":200,"srcset":"https:\/\/i0.wp.com\/diariodegarca.com\/wp-content\/uploads\/2025\/08\/jovem-agricultor-cuidando-de-seu-negocio.jpg?fit=1200%2C806&ssl=1&resize=350%2C200 1x, https:\/\/i0.wp.com\/diariodegarca.com\/wp-content\/uploads\/2025\/08\/jovem-agricultor-cuidando-de-seu-negocio.jpg?fit=1200%2C806&ssl=1&resize=525%2C300 1.5x, https:\/\/i0.wp.com\/diariodegarca.com\/wp-content\/uploads\/2025\/08\/jovem-agricultor-cuidando-de-seu-negocio.jpg?fit=1200%2C806&ssl=1&resize=700%2C400 2x, https:\/\/i0.wp.com\/diariodegarca.com\/wp-content\/uploads\/2025\/08\/jovem-agricultor-cuidando-de-seu-negocio.jpg?fit=1200%2C806&ssl=1&resize=1050%2C600 3x"},"classes":[]},{"id":10063,"url":"https:\/\/diariodegarca.com\/?p=10063","url_meta":{"origin":6906,"position":2},"title":"Curso gratuito de tratores com inscri\u00e7\u00f5es abertas em Gar\u00e7a","author":"Di\u00e1rio de Gar\u00e7a","date":"16 de janeiro de 2026","format":false,"excerpt":"Capacita\u00e7\u00e3o do SENAR e Sindicato Rural acontece entre 9 e 13 de fevereiro, com aulas te\u00f3ricas e pr\u00e1ticas, e visa reduzir acidentes no campo. Um dos equipamentos mais essenciais e potentes da agricultura moderna ser\u00e1 o foco de uma qualifica\u00e7\u00e3o profissional gratuita em Gar\u00e7a. O Sindicato Rural, em parceria com\u2026","rel":"","context":"Em &quot;Agricultura&quot;","block_context":{"text":"Agricultura","link":"https:\/\/diariodegarca.com\/?cat=34615"},"img":{"alt_text":"","src":"https:\/\/i0.wp.com\/diariodegarca.com\/wp-content\/uploads\/2026\/01\/combine-machine-service-mechanic-repairing-motor-outdoors.jpg?fit=1200%2C801&ssl=1&resize=350%2C200","width":350,"height":200,"srcset":"https:\/\/i0.wp.com\/diariodegarca.com\/wp-content\/uploads\/2026\/01\/combine-machine-service-mechanic-repairing-motor-outdoors.jpg?fit=1200%2C801&ssl=1&resize=350%2C200 1x, https:\/\/i0.wp.com\/diariodegarca.com\/wp-content\/uploads\/2026\/01\/combine-machine-service-mechanic-repairing-motor-outdoors.jpg?fit=1200%2C801&ssl=1&resize=525%2C300 1.5x, https:\/\/i0.wp.com\/diariodegarca.com\/wp-content\/uploads\/2026\/01\/combine-machine-service-mechanic-repairing-motor-outdoors.jpg?fit=1200%2C801&ssl=1&resize=700%2C400 2x, https:\/\/i0.wp.com\/diariodegarca.com\/wp-content\/uploads\/2026\/01\/combine-machine-service-mechanic-repairing-motor-outdoors.jpg?fit=1200%2C801&ssl=1&resize=1050%2C600 3x"},"classes":[]},{"id":7298,"url":"https:\/\/diariodegarca.com\/?p=7298","url_meta":{"origin":6906,"position":3},"title":"Curso gratuito de opera\u00e7\u00e3o e manuten\u00e7\u00e3o de tratores em Fern\u00e3o","author":"Andreza Sega","date":"30 de setembro de 2025","format":false,"excerpt":"Capacita\u00e7\u00e3o ocorre de 6 a 10 de outubro e visa a qualifica\u00e7\u00e3o profissional de trabalhadores rurais e interessados no setor agr\u00edcola. Fern\u00e3o abre inscri\u00e7\u00f5es para uma capacita\u00e7\u00e3o de grande import\u00e2ncia para o setor agropecu\u00e1rio. Entre os dias 6 e 10 de outubro, o Servi\u00e7o Nacional de Aprendizagem Rural (SENAR), em\u2026","rel":"","context":"Em &quot;Curso&quot;","block_context":{"text":"Curso","link":"https:\/\/diariodegarca.com\/?cat=36947"},"img":{"alt_text":"","src":"https:\/\/i0.wp.com\/diariodegarca.com\/wp-content\/uploads\/2025\/09\/campo-de-cultivo-de-maquina-agricola-trator.jpg?fit=1200%2C801&ssl=1&resize=350%2C200","width":350,"height":200,"srcset":"https:\/\/i0.wp.com\/diariodegarca.com\/wp-content\/uploads\/2025\/09\/campo-de-cultivo-de-maquina-agricola-trator.jpg?fit=1200%2C801&ssl=1&resize=350%2C200 1x, https:\/\/i0.wp.com\/diariodegarca.com\/wp-content\/uploads\/2025\/09\/campo-de-cultivo-de-maquina-agricola-trator.jpg?fit=1200%2C801&ssl=1&resize=525%2C300 1.5x, https:\/\/i0.wp.com\/diariodegarca.com\/wp-content\/uploads\/2025\/09\/campo-de-cultivo-de-maquina-agricola-trator.jpg?fit=1200%2C801&ssl=1&resize=700%2C400 2x, https:\/\/i0.wp.com\/diariodegarca.com\/wp-content\/uploads\/2025\/09\/campo-de-cultivo-de-maquina-agricola-trator.jpg?fit=1200%2C801&ssl=1&resize=1050%2C600 3x"},"classes":[]},{"id":4080,"url":"https:\/\/diariodegarca.com\/?p=4080","url_meta":{"origin":6906,"position":4},"title":"Lup\u00e9rcio abre inscri\u00e7\u00f5es para curso presencial de  jardineiro","author":"Di\u00e1rio de Gar\u00e7a","date":"18 de junho de 2025","format":false,"excerpt":"Oportunidade para Aprender T\u00e9cnicas Profissionais de Jardinagem e Paisagismo A\u00a0Prefeitura de Lup\u00e9rcio e Santa Terezinha, em parceria com o\u00a0SENAR (Servi\u00e7o Nacional de Aprendizagem Rural), est\u00e1 oferecendo um\u00a0curso gratuito e presencial de Jardineiro \u2013 Implanta\u00e7\u00e3o de Jardins. A capacita\u00e7\u00e3o ocorrer\u00e1 entre os dias\u00a023 e 26 de junho, na\u00a0Casa do Artes\u00e3o (rua\u2026","rel":"","context":"Em &quot;Curso&quot;","block_context":{"text":"Curso","link":"https:\/\/diariodegarca.com\/?cat=36947"},"img":{"alt_text":"","src":"https:\/\/i0.wp.com\/diariodegarca.com\/wp-content\/uploads\/2025\/06\/jovem-florista-linda-regando-flores.jpg?fit=1200%2C800&ssl=1&resize=350%2C200","width":350,"height":200,"srcset":"https:\/\/i0.wp.com\/diariodegarca.com\/wp-content\/uploads\/2025\/06\/jovem-florista-linda-regando-flores.jpg?fit=1200%2C800&ssl=1&resize=350%2C200 1x, https:\/\/i0.wp.com\/diariodegarca.com\/wp-content\/uploads\/2025\/06\/jovem-florista-linda-regando-flores.jpg?fit=1200%2C800&ssl=1&resize=525%2C300 1.5x, https:\/\/i0.wp.com\/diariodegarca.com\/wp-content\/uploads\/2025\/06\/jovem-florista-linda-regando-flores.jpg?fit=1200%2C800&ssl=1&resize=700%2C400 2x, https:\/\/i0.wp.com\/diariodegarca.com\/wp-content\/uploads\/2025\/06\/jovem-florista-linda-regando-flores.jpg?fit=1200%2C800&ssl=1&resize=1050%2C600 3x"},"classes":[]},{"id":5165,"url":"https:\/\/diariodegarca.com\/?p=5165","url_meta":{"origin":6906,"position":5},"title":"Curso de presencial de processamento caseiro de banana em Gar\u00e7a","author":"Di\u00e1rio de Gar\u00e7a","date":"31 de julho de 2025","format":false,"excerpt":"Em parceria com o SENAR e Sindicato Rural, forma\u00e7\u00e3o gratuita ensina t\u00e9cnicas de fabrica\u00e7\u00e3o de doces, geleias e outros produtos \u00e0 base de banana nos dias 13 e 14 de agosto. O Sindicato Rural de Gar\u00e7a, em parceria com o Servi\u00e7o Nacional de Aprendizagem Rural (SENAR), promove nos dias\u00a013 e\u2026","rel":"","context":"Em &quot;Curso&quot;","block_context":{"text":"Curso","link":"https:\/\/diariodegarca.com\/?cat=36947"},"img":{"alt_text":"","src":"https:\/\/i0.wp.com\/diariodegarca.com\/wp-content\/uploads\/2025\/07\/pudim-de-banana-no-cafe-da-manha.jpg?fit=800%2C1200&ssl=1&resize=350%2C200","width":350,"height":200,"srcset":"https:\/\/i0.wp.com\/diariodegarca.com\/wp-content\/uploads\/2025\/07\/pudim-de-banana-no-cafe-da-manha.jpg?fit=800%2C1200&ssl=1&resize=350%2C200 1x, https:\/\/i0.wp.com\/diariodegarca.com\/wp-content\/uploads\/2025\/07\/pudim-de-banana-no-cafe-da-manha.jpg?fit=800%2C1200&ssl=1&resize=525%2C300 1.5x, https:\/\/i0.wp.com\/diariodegarca.com\/wp-content\/uploads\/2025\/07\/pudim-de-banana-no-cafe-da-manha.jpg?fit=800%2C1200&ssl=1&resize=700%2C400 2x"},"classes":[]}],"_links":{"self":[{"href":"https:\/\/diariodegarca.com\/index.php?rest_route=\/wp\/v2\/posts\/6906","targetHints":{"allow":["GET"]}}],"collection":[{"href":"https:\/\/diariodegarca.com\/index.php?rest_route=\/wp\/v2\/posts"}],"about":[{"href":"https:\/\/diariodegarca.com\/index.php?rest_route=\/wp\/v2\/types\/post"}],"author":[{"embeddable":true,"href":"https:\/\/diariodegarca.com\/index.php?rest_route=\/wp\/v2\/users\/260896546"}],"replies":[{"embeddable":true,"href":"https:\/\/diariodegarca.com\/index.php?rest_route=%2Fwp%2Fv2%2Fcomments&post=6906"}],"version-history":[{"count":2,"href":"https:\/\/diariodegarca.com\/index.php?rest_route=\/wp\/v2\/posts\/6906\/revisions"}],"predecessor-version":[{"id":6909,"href":"https:\/\/diariodegarca.com\/index.php?rest_route=\/wp\/v2\/posts\/6906\/revisions\/6909"}],"wp:featuredmedia":[{"embeddable":true,"href":"https:\/\/diariodegarca.com\/index.php?rest_route=\/wp\/v2\/media\/6908"}],"wp:attachment":[{"href":"https:\/\/diariodegarca.com\/index.php?rest_route=%2Fwp%2Fv2%2Fmedia&parent=6906"}],"wp:term":[{"taxonomy":"category","embeddable":true,"href":"https:\/\/diariodegarca.com\/index.php?rest_route=%2Fwp%2Fv2%2Fcategories&post=6906"},{"taxonomy":"post_tag","embeddable":true,"href":"https:\/\/diariodegarca.com\/index.php?rest_route=%2Fwp%2Fv2%2Ftags&post=6906"}],"curies":[{"name":"wp","href":"https:\/\/api.w.org\/{rel}","templated":true}]}}