{"id":6919,"date":"2025-09-19T13:33:36","date_gmt":"2025-09-19T16:33:36","guid":{"rendered":"https:\/\/diariodegarca.com\/?p=6919"},"modified":"2025-09-19T13:33:36","modified_gmt":"2025-09-19T16:33:36","slug":"vacinacao-antirrabica-no-labienopolis-em-garca-neste-sabado","status":"publish","type":"post","link":"https:\/\/diariodegarca.com\/?p=6919","title":{"rendered":"Vacina\u00e7\u00e3o antirr\u00e1bica no Labien\u00f3polis, em Gar\u00e7a, neste s\u00e1bado"},"content":{"rendered":"\n<p class=\"wp-block-paragraph\"><em>Vacina\u00e7\u00e3o acontece ao lado da USF do bairro, leve seu animal na coleira ou caixa de transporte. <\/em><\/p>\n\n\n\n<p class=\"wp-block-paragraph\">Neste s\u00e1bado,\u00a0<strong>24 de setembro<\/strong>, o bairro <strong>Labien\u00f3polis<\/strong>\u00a0recebe uma\u00a0<strong>a\u00e7\u00e3o de vacina\u00e7\u00e3o antirr\u00e1bica<\/strong>, com posto volante localizado ao lado da Unidade de Sa\u00fade da Fam\u00edlia Jurandir Ubirajara Guimar\u00e3es, conhecida popularmente como USF Labien\u00f3polis, que est\u00e1 localizada <strong>na rua da Esta\u00e7\u00e3o, 1117<\/strong>, das\u00a0<strong>14h \u00e0s 17h<\/strong>. Segundo a Prefeitura, ser\u00e3o disponibilizadas\u00a0<strong>100 doses<\/strong>\u00a0para c\u00e3es e gatos durante essa a\u00e7\u00e3o, refor\u00e7ando a preven\u00e7\u00e3o contra esta doen\u00e7a grave e fatal.<\/p>\n\n\n\n<h2 class=\"wp-block-heading\"><strong>Por que vacinar?<\/strong><\/h2>\n\n\n\n<p class=\"wp-block-paragraph\">A&nbsp;<strong>raiva<\/strong>&nbsp;\u00e9 uma&nbsp;<strong>zoonose<\/strong>&nbsp;que afeta tanto animais quanto humanos, com alto \u00edndice de mortalidade. Embora esteja controlada no estado de S\u00e3o Paulo, a imuniza\u00e7\u00e3o anual \u00e9 essencial para manter a doen\u00e7a erradicada. A vacina \u00e9&nbsp;<strong>segura e gratuita<\/strong>, protegendo n\u00e3o apenas os pets, mas toda a comunidade.<\/p>\n\n\n\n<h3 class=\"wp-block-heading\"><strong>Quem pode ser vacinado?<\/strong><\/h3>\n\n\n\n<p class=\"wp-block-paragraph\">\u2705\u00a0<strong>C\u00e3es e gatos saud\u00e1veis<\/strong>, a partir de\u00a0<strong>3 meses de idade<\/strong>.<br>\u2705 Animais que n\u00e3o estejam com\u00a0<strong>imunidade baixa<\/strong>\u00a0ou\u00a0<strong>doen\u00e7as pr\u00e9-existentes<\/strong>. <\/p>\n\n\n\n<h3 class=\"wp-block-heading\"><strong>Quem deve aguardar?<\/strong><\/h3>\n\n\n\n<p class=\"wp-block-paragraph\">\u274c&nbsp;<strong>Filhotes com menos de 3 meses<\/strong>.<br>\u274c&nbsp;<strong>F\u00eameas prenhes ou em amamenta\u00e7\u00e3o<\/strong>.<br>\u274c&nbsp;<strong>Pets doentes ou com suspeita de infec\u00e7\u00e3o<\/strong>.<\/p>\n\n\n\n<h2 class=\"wp-block-heading\"><strong>Recomenda\u00e7\u00f5es para o dia da vacina\u00e7\u00e3o<\/strong><\/h2>\n\n\n\n<ul class=\"wp-block-list\">\n<li><strong>C\u00e3es<\/strong>: Devem ser levados&nbsp;<strong>com coleira e guia<\/strong>; animais reativos precisam de&nbsp;<strong>focinheira<\/strong>.<\/li>\n\n\n\n<li><strong>Gatos<\/strong>: Devem ser transportados em&nbsp;<strong>caixas espec\u00edficas<\/strong>&nbsp;para evitar fugas e estresse.<\/li>\n\n\n\n<li>A vacina\u00e7\u00e3o \u00e9 <strong>anual<\/strong>, devendo ser aplicada nova dose a cada 12 meses completos, salvo em casos de doen\u00e7a, gesta\u00e7\u00e3o ou lacta\u00e7\u00e3o.<\/li>\n<\/ul>\n\n\n\n<p class=\"wp-block-paragraph\">A a\u00e7\u00e3o \u00e9 uma iniciativa importante para&nbsp;<strong>evitar a reintrodu\u00e7\u00e3o do v\u00edrus<\/strong>&nbsp;e garantir a sa\u00fade p\u00fablica. A raiva&nbsp;<strong>n\u00e3o tem cura<\/strong>&nbsp;ap\u00f3s o aparecimento dos sintomas, por isso a&nbsp;<strong>preven\u00e7\u00e3o \u00e9 a melhor estrat\u00e9gia<\/strong>.<\/p>\n","protected":false},"excerpt":{"rendered":"<p>Vacina\u00e7\u00e3o acontece ao lado da USF do bairro, leve seu animal na coleira ou caixa de transporte. Neste s\u00e1bado,\u00a024 de setembro, o bairro Labien\u00f3polis\u00a0recebe uma\u00a0a\u00e7\u00e3o de vacina\u00e7\u00e3o antirr\u00e1bica, com posto volante localizado ao lado da Unidade de Sa\u00fade da Fam\u00edlia Jurandir Ubirajara Guimar\u00e3es, conhecida popularmente como USF Labien\u00f3polis, que est\u00e1 localizada na rua da Esta\u00e7\u00e3o, [&hellip;]<\/p>\n","protected":false},"author":260896546,"featured_media":6920,"comment_status":"open","ping_status":"open","sticky":false,"template":"","format":"standard","meta":{"_crdt_document":"","_monsterinsights_skip_tracking":false,"_monsterinsights_sitenote_active":false,"_monsterinsights_sitenote_note":"","_monsterinsights_sitenote_category":0,"advanced_seo_description":"Participe da vacina\u00e7\u00e3o antirr\u00e1bica em Labien\u00f3polis neste s\u00e1bado! Proteja seu pet e a comunidade. Doses limitadas, n\u00e3o perca!","jetpack_seo_html_title":"Vacina\u00e7\u00e3o Antirr\u00e1bica em Labien\u00f3polis: Doses Gratuitas S\u00e1bado","jetpack_seo_noindex":false,"_jetpack_newsletter_access":"","_jetpack_dont_email_post_to_subs":false,"_jetpack_newsletter_tier_id":0,"_jetpack_memberships_contains_paywalled_content":false,"_jetpack_memberships_contains_paid_content":false,"footnotes":"","jetpack_publicize_message":"\ud83d\udc15\ud83d\ude3a Vacina\u00e7\u00e3o antirr\u00e1bica neste s\u00e1bado no Labien\u00f3polis, em Gar\u00e7a \ud83d\uddd3\ufe0f\n\nLeve seu pet para se proteger contra a raiva, uma doen\u00e7a grave, mas que pode ser prevenida! S\u00e3o 100 doses dispon\u00edveis para c\u00e3es e gatos.\n\n\ud83d\udccc Onde: Ao lado da USF Labien\u00f3polis (rua da Esta\u00e7\u00e3o, 1117)\n\u23f0 Hor\u00e1rio: Das 14h \u00e0s 17h\n\n\u2705 Leve seu animal com coleira (c\u00e3es) ou em caixa de transporte (gatos).\n\n\ud83d\udcf2 Quer saber todos os detalhes? Descubra quem pode vacinar, quem deve aguardar e todas as recomenda\u00e7\u00f5es para o dia. Leia a mat\u00e9ria completa no site, diariodegarca.com (link na bio)!\n\n#Gar\u00e7a #Labien\u00f3polis #VacinaPet #Sa\u00fadeAnimal #DiarioDeGar\u00e7a","jetpack_publicize_feature_enabled":true,"jetpack_social_post_already_shared":false,"jetpack_social_options":{"image_generator_settings":{"template":"highway","default_image_id":0,"font":"","enabled":false},"version":2},"_wpas_customize_per_network":false,"jetpack_post_was_ever_published":false},"categories":[26891317,781171664],"tags":[781171833],"class_list":["post-6919","post","type-post","status-publish","format-standard","has-post-thumbnail","hentry","category-causa-animal","category-garca-cidade","tag-causa-animal"],"jetpack_publicize_connections":[],"jetpack_featured_media_url":"https:\/\/i0.wp.com\/diariodegarca.com\/wp-content\/uploads\/2025\/09\/vista-frontal-de-veterinaria-injetando-cachorrinho-na-parede-amarela.jpg?fit=5600%2C3736&ssl=1","jetpack_likes_enabled":true,"jetpack_sharing_enabled":true,"jetpack_shortlink":"https:\/\/wp.me\/pgitne-1NB","jetpack-related-posts":[{"id":2271,"url":"https:\/\/diariodegarca.com\/?p=2271","url_meta":{"origin":6919,"position":0},"title":"Vacina\u00e7\u00e3o antirr\u00e1bica em Jafa nesse final de semana","author":"Di\u00e1rio de Gar\u00e7a","date":"25 de abril de 2025","format":false,"excerpt":"Jafa ter\u00e1\u00a0a\u00e7\u00e3o de vacina\u00e7\u00e3o antirr\u00e1bica para c\u00e3es e gatos nesse final de semana, s\u00e1bado, das 14h \u00e0s 17h, na Unidade de Sa\u00fade da Fam\u00edlia (USF) do Distrito.A iniciativa tem o objetivo de proteger n\u00e3o apenas os animais, mas tamb\u00e9m a popula\u00e7\u00e3o, j\u00e1 que a raiva \u00e9 uma zoonose grave, com\u2026","rel":"","context":"Em &quot;Brasil&quot;","block_context":{"text":"Brasil","link":"https:\/\/diariodegarca.com\/?cat=38185"},"img":{"alt_text":"","src":"https:\/\/i0.wp.com\/blogger.googleusercontent.com\/img\/b\/R29vZ2xl\/AVvXsEjksF8ymtidHffsFeQIBPnQB0uTVH-gH3dNW9yXk959ZzRWr488o1m8jqxSFQWvuvz3hU-3H2_aDH6W1uB9s-xVjpoma-Xqo7dSW9a_YO7TpH8ves-wk9p0HpZ_w9GvWD8MNiTDJi22ymKCiapW3R45FSsOoEzMJQldIBYWwiDrsWv0_Os4KRzygcn5cG0\/s320\/cat-is-being-given-injection.jpg?resize=350%2C200&ssl=1","width":350,"height":200},"classes":[]},{"id":2479,"url":"https:\/\/diariodegarca.com\/?p=2479","url_meta":{"origin":6919,"position":1},"title":"Sa\u00fade promove a\u00e7\u00e3o de vacina\u00e7\u00e3o antirr\u00e1bica no s\u00e1bado","author":"Di\u00e1rio de Gar\u00e7a","date":"3 de abril de 2025","format":false,"excerpt":"Gar\u00e7a realiza neste s\u00e1bado, 5 de abril, uma a\u00e7\u00e3o de vacina\u00e7\u00e3o antirr\u00e1bica gratuita para c\u00e3es e gatos. A a\u00e7\u00e3o acontece na Base do Conseb\u2019s, localizada abaixo da sede da Pol\u00edcia Militar, pr\u00f3xima ao Lago Artificial J. K. Williams, das 14h \u00e0s 18h, ou at\u00e9 o esgotamento das 100 doses dispon\u00edveis.\u2026","rel":"","context":"Em &quot;Brasil&quot;","block_context":{"text":"Brasil","link":"https:\/\/diariodegarca.com\/?cat=38185"},"img":{"alt_text":"","src":"https:\/\/i0.wp.com\/blogger.googleusercontent.com\/img\/b\/R29vZ2xl\/AVvXsEjYF61_EYRqCCbHUXy7mX3vSRwnXmNS1MUi7ocxXcKBnx2mtIXS2FhByEm84y8zJenRNT993YXR6jPRDDqeqR6lG95DOdqJ944fdCoxVbZRoXZuf5hoRR0QekuFmPdhPKWd-Gu2MHJcKFIKne2brRrq1_Fw5WzXD2-lkgS7cbzD1mXJ3vUFOh-VIEUHGes\/s320\/front-view-female-veterinarian-injecting-little-dog-yellow-wall.jpg?resize=350%2C200&ssl=1","width":350,"height":200},"classes":[]},{"id":2466,"url":"https:\/\/diariodegarca.com\/?p=2466","url_meta":{"origin":6919,"position":2},"title":"Fique atento: Vacina\u00e7\u00e3o antirr\u00e1bica muda de data em Gar\u00e7a","author":"Di\u00e1rio de Gar\u00e7a","date":"4 de abril de 2025","format":false,"excerpt":"A a\u00e7\u00e3o inicialmente programada para o dia 5 de abril foi transferida para s\u00e1bado, 12 de abril, para n\u00e3o coincidir com o Moto Rock. A vacina\u00e7\u00e3o acontecer\u00e1 na Base do Conseb\u2019s, localizada abaixo da sede da Pol\u00edcia Militar, pr\u00f3xima ao Lago Artificial J. K. Williams, das 14h \u00e0s 18h, ou\u2026","rel":"","context":"Em &quot;Brasil&quot;","block_context":{"text":"Brasil","link":"https:\/\/diariodegarca.com\/?cat=38185"},"img":{"alt_text":"","src":"","width":0,"height":0},"classes":[]},{"id":3349,"url":"https:\/\/diariodegarca.com\/?p=3349","url_meta":{"origin":6919,"position":3},"title":"Vacina\u00e7\u00e3o antirr\u00e1bica no Jardim Sol Nascente, em Gar\u00e7a, neste s\u00e1bado","author":"Di\u00e1rio de Gar\u00e7a","date":"23 de maio de 2025","format":false,"excerpt":"Neste s\u00e1bado,\u00a024 de maio, a regi\u00e3o oeste de\u00a0Gar\u00e7a\u00a0recebe mais uma\u00a0a\u00e7\u00e3o de vacina\u00e7\u00e3o antirr\u00e1bica, desta vez no\u00a0Centro Comunit\u00e1rio do Jardim Sol Nascente, das\u00a014h \u00e0s 17h. Ser\u00e3o disponibilizadas\u00a0150 doses\u00a0para c\u00e3es e gatos, refor\u00e7ando a preven\u00e7\u00e3o contra essa doen\u00e7a grave e fatal. Por que vacinar? A\u00a0raiva\u00a0\u00e9 uma\u00a0zoonose\u00a0que afeta tanto animais quanto humanos, com\u2026","rel":"","context":"Em &quot;Causa animal&quot;","block_context":{"text":"Causa animal","link":"https:\/\/diariodegarca.com\/?cat=26891317"},"img":{"alt_text":"","src":"","width":0,"height":0},"classes":[]},{"id":2153,"url":"https:\/\/diariodegarca.com\/?p=2153","url_meta":{"origin":6919,"position":4},"title":"Sa\u00fade promove a\u00e7\u00e3o de vacina\u00e7\u00e3o antirr\u00e1bica em Jafa no s\u00e1bado","author":"Di\u00e1rio de Gar\u00e7a","date":"9 de maio de 2025","format":false,"excerpt":"Jafa ter\u00e1 neste\u00a0s\u00e1bado, 10 de maio, uma\u00a0a\u00e7\u00e3o de vacina\u00e7\u00e3o antirr\u00e1bica\u00a0gratuita para c\u00e3es e gatos. A a\u00e7\u00e3o acontece na\u00a0pra\u00e7a da Igreja Nossa Senhora Aparecida, das\u00a014h \u00e0s 17h.A iniciativa tem o objetivo de proteger n\u00e3o apenas os animais, mas tamb\u00e9m a popula\u00e7\u00e3o, j\u00e1 que a raiva \u00e9 uma zoonose grave, com alto\u2026","rel":"","context":"Em &quot;Brasil&quot;","block_context":{"text":"Brasil","link":"https:\/\/diariodegarca.com\/?cat=38185"},"img":{"alt_text":"","src":"https:\/\/i0.wp.com\/blogger.googleusercontent.com\/img\/b\/R29vZ2xl\/AVvXsEjv0W-hUycFzeLQ0TErxsDIkKlqEo-22wIVas5jG5aLwdgGMU5Y56yi6WjIFixupBGOv3GdZQqpwSVUuyusu5FFGWydwdj38im41WCVsSkrEI_BRwfNzLMp6TzcnIRjVe5T9cwjQb-NfHWGmJ9Rt4tI4jtaXa-bBsNBPsgWemYfuSheivKy9Hm_JjnTGlo\/s320\/1743809782406836-0.jpg?resize=350%2C200&ssl=1","width":350,"height":200},"classes":[]},{"id":5752,"url":"https:\/\/diariodegarca.com\/?p=5752","url_meta":{"origin":6919,"position":5},"title":"Vacina antirr\u00e1bica em gel para morcegos pode revolucionar controle da raiva","author":"Di\u00e1rio de Gar\u00e7a","date":"19 de agosto de 2025","format":false,"excerpt":"Pesquisa da Universidade do Wisconsin testa m\u00e9todo que utiliza o comportamento social dos morcegos-vampiros para distribuir a vacina em col\u00f4nias silvestres Um estudo pioneiro da\u00a0Universidade do Wisconsin, nos Estados Unidos, pode transformar a forma como a raiva \u00e9 controlada em morcegos, animais que atuam como principais transmissores da doen\u00e7a para\u2026","rel":"","context":"Em &quot;Causa animal&quot;","block_context":{"text":"Causa animal","link":"https:\/\/diariodegarca.com\/?cat=26891317"},"img":{"alt_text":"","src":"https:\/\/i0.wp.com\/diariodegarca.com\/wp-content\/uploads\/2025\/08\/fb9b92892a2ec4e2b0bcf17adde997e96c843b6b_300-200cropped.jpg?fit=300%2C200&ssl=1&resize=350%2C200","width":350,"height":200},"classes":[]}],"_links":{"self":[{"href":"https:\/\/diariodegarca.com\/index.php?rest_route=\/wp\/v2\/posts\/6919","targetHints":{"allow":["GET"]}}],"collection":[{"href":"https:\/\/diariodegarca.com\/index.php?rest_route=\/wp\/v2\/posts"}],"about":[{"href":"https:\/\/diariodegarca.com\/index.php?rest_route=\/wp\/v2\/types\/post"}],"author":[{"embeddable":true,"href":"https:\/\/diariodegarca.com\/index.php?rest_route=\/wp\/v2\/users\/260896546"}],"replies":[{"embeddable":true,"href":"https:\/\/diariodegarca.com\/index.php?rest_route=%2Fwp%2Fv2%2Fcomments&post=6919"}],"version-history":[{"count":1,"href":"https:\/\/diariodegarca.com\/index.php?rest_route=\/wp\/v2\/posts\/6919\/revisions"}],"predecessor-version":[{"id":6921,"href":"https:\/\/diariodegarca.com\/index.php?rest_route=\/wp\/v2\/posts\/6919\/revisions\/6921"}],"wp:featuredmedia":[{"embeddable":true,"href":"https:\/\/diariodegarca.com\/index.php?rest_route=\/wp\/v2\/media\/6920"}],"wp:attachment":[{"href":"https:\/\/diariodegarca.com\/index.php?rest_route=%2Fwp%2Fv2%2Fmedia&parent=6919"}],"wp:term":[{"taxonomy":"category","embeddable":true,"href":"https:\/\/diariodegarca.com\/index.php?rest_route=%2Fwp%2Fv2%2Fcategories&post=6919"},{"taxonomy":"post_tag","embeddable":true,"href":"https:\/\/diariodegarca.com\/index.php?rest_route=%2Fwp%2Fv2%2Ftags&post=6919"}],"curies":[{"name":"wp","href":"https:\/\/api.w.org\/{rel}","templated":true}]}}