{"id":7048,"date":"2025-09-23T13:09:39","date_gmt":"2025-09-23T16:09:39","guid":{"rendered":"https:\/\/diariodegarca.com\/?p=7048"},"modified":"2025-09-23T13:09:39","modified_gmt":"2025-09-23T16:09:39","slug":"operacao-em-pompeia-prende-dois-por-trafico-de-drogas-no-flandria","status":"publish","type":"post","link":"https:\/\/diariodegarca.com\/?p=7048","title":{"rendered":"Opera\u00e7\u00e3o em Pomp\u00e9ia prende dois por tr\u00e1fico de drogas no Flandria"},"content":{"rendered":"\n<p class=\"wp-block-paragraph\"><em>Durante patrulha, policiais flagraram suspeitos atuando como &#8220;olheiro&#8221; e realizando venda; foram apreendidos coca\u00edna, crack e dinheiro.<\/em><\/p>\n\n\n\n<p class=\"wp-block-paragraph\">Em a\u00e7\u00e3o de rotina na noite de segunda-feira, 22 de setembro, agentes do 9\u00ba Batalh\u00e3o de Pol\u00edcia Militar do Interior (9\u00ba BPM\/I) desarticularam um ponto de venda de drogas no bairro Flandria, em\u00a0<strong>Pomp\u00e9ia<\/strong>. A opera\u00e7\u00e3o resultou na pris\u00e3o em flagrante de dois indiv\u00edduos por tr\u00e1fico de entorpecentes.<\/p>\n\n\n\n<p class=\"wp-block-paragraph\">A abordagem ocorreu por volta das 23h30, quando os militares, em patrulhamento, notaram a presen\u00e7a de um homem atuando como &#8220;olheiro&#8221; para o tr\u00e1fico. Na sequ\u00eancia, avistaram outro indiv\u00edduo saindo de uma resid\u00eancia conhecida pelo com\u00e9rcio ilegal de drogas. Ao perceber a viatura policial, o homem tentou entrar de volta no im\u00f3vel.<\/p>\n\n\n\n<p class=\"wp-block-paragraph\">No interior do im\u00f3vel, a equipe policial localizou uma mulher, que j\u00e1 tem passagem pelo mesmo crime. Ao ver os policiais, ela correu para a sala da casa e arremessou uma pochete no ch\u00e3o. Ao abord\u00e1-la, os militares encontraram no bolso de sua blusa 10 pinos de coca\u00edna. J\u00e1 na pochete que foi jogada, foi localizado um grande volume de drogas: 59 pinos de coca\u00edna, 26 pedras de crack, R$ 215 em dinheiro, fracionado, e um aparelho celular.<\/p>\n\n\n\n<p class=\"wp-block-paragraph\">Os dois suspeitos foram conduzidos \u00e0 Central de Pol\u00edcia Judici\u00e1ria (CPJ) de\u00a0<strong>Mar\u00edlia<\/strong>. Na delegacia, foi elaborado o auto de pris\u00e3o em flagrante pelo crime de tr\u00e1fico de drogas. Eles permanecem \u00e0 disposi\u00e7\u00e3o da Justi\u00e7a.<\/p>\n","protected":false},"excerpt":{"rendered":"<p>Durante patrulha, policiais flagraram suspeitos atuando como &#8220;olheiro&#8221; e realizando venda; foram apreendidos coca\u00edna, crack e dinheiro. Em a\u00e7\u00e3o de rotina na noite de segunda-feira, 22 de setembro, agentes do 9\u00ba Batalh\u00e3o de Pol\u00edcia Militar do Interior (9\u00ba BPM\/I) desarticularam um ponto de venda de drogas no bairro Flandria, em\u00a0Pomp\u00e9ia. A opera\u00e7\u00e3o resultou na pris\u00e3o [&hellip;]<\/p>\n","protected":false},"author":260896546,"featured_media":7051,"comment_status":"open","ping_status":"","sticky":false,"template":"","format":"standard","meta":{"_monsterinsights_skip_tracking":false,"advanced_seo_description":"Pol\u00edcia desmantela ponto de venda de drogas em Pomp\u00e9ia, apreendendo coca\u00edna, crack e pris\u00f5es por tr\u00e1fico. Veja os detalhes da opera\u00e7\u00e3o.","jetpack_seo_html_title":"Pol\u00edcia desarticula ponto de tr\u00e1fico em Pomp\u00e9ia: Pris\u00f5es realizadas","jetpack_seo_noindex":false,"jetpack_seo_schema_type":"","_jetpack_newsletter_access":"","_jetpack_dont_email_post_to_subs":false,"_jetpack_newsletter_tier_id":0,"_jetpack_memberships_contains_paywalled_content":false,"_wpcom_ai_launchpad_first_post":false,"_jetpack_feature_clip_id":0,"_jetpack_memberships_contains_paid_content":false,"footnotes":"","jetpack_publicize_message":"\ud83d\udd34 PM prende dois por tr\u00e1fico em Pomp\u00e9ia\n\nEm a\u00e7\u00e3o no bairro Flandria, na noite de ontem, policiais militares flagraram ponto de venda de drogas. Uma mulher, j\u00e1 conhecida pela pr\u00e1tica, foi abordada ap\u00f3s tentar se desfazer de uma pochete.\n\nOs dois suspeitos foram presos em flagrante e conduzidos \u00e0 delegacia de Mar\u00edlia para procedimentos.\n\n\ud83d\udcd6 Leia a mat\u00e9ria completa em diariodegarca.com (link na bio)\n\n#PoliciaMilitar #Pomp\u00e9ia #Seguran\u00e7a #Not\u00edcia #9BPM","jetpack_publicize_feature_enabled":true,"jetpack_social_post_already_shared":false,"jetpack_social_options":{"image_generator_settings":{"template":"highway","default_image_id":0,"font":"","enabled":false},"version":2},"_wpas_customize_per_network":false,"jetpack_post_was_ever_published":false},"categories":[683453294,1549470,21243],"tags":[],"class_list":["post-7048","post","type-post","status-publish","format-standard","has-post-thumbnail","hentry","category-marilia-cidade","category-pompeia","category-seguranca"],"jetpack_publicize_connections":[],"jetpack_likes_enabled":true,"jetpack_sharing_enabled":true,"jetpack_shortlink":"https:\/\/wp.me\/pgitne-1PG","jetpack-related-posts":[{"id":4016,"url":"https:\/\/diariodegarca.com\/?p=4016","url_meta":{"origin":7048,"position":0},"title":"PM prende suspeitos e apreende drogas e armas em Gar\u00e7a, Mar\u00edlia e Pomp\u00e9ia","author":"Di\u00e1rio de Gar\u00e7a","date":"16 de junho de 2025","format":false,"excerpt":"Opera\u00e7\u00f5es policiais resultaram em pris\u00f5es por tr\u00e1fico, furto e porte ilegal de armas nas tr\u00eas cidades do interior paulista A Pol\u00edcia Militar do Estado de S\u00e3o Paulo divulgou algumas a\u00e7\u00f5es que aconteceram em cidades da regi\u00e3o nos \u00faltimos dias. As opera\u00e7\u00f5es tem como objetivo coibir delitos como tr\u00e1fico de drogas,\u2026","rel":"","context":"Em &quot;Gar\u00e7a&quot;","block_context":{"text":"Gar\u00e7a","link":"https:\/\/diariodegarca.com\/?cat=781171664"},"img":{"alt_text":"","src":"https:\/\/i0.wp.com\/diariodegarca.com\/wp-content\/uploads\/2025\/05\/500084858_18302219050246526_4028368060180630968_n-e1760650460275.webp?fit=1080%2C704&ssl=1&resize=350%2C200","width":350,"height":200,"srcset":"https:\/\/i0.wp.com\/diariodegarca.com\/wp-content\/uploads\/2025\/05\/500084858_18302219050246526_4028368060180630968_n-e1760650460275.webp?fit=1080%2C704&ssl=1&resize=350%2C200 1x, https:\/\/i0.wp.com\/diariodegarca.com\/wp-content\/uploads\/2025\/05\/500084858_18302219050246526_4028368060180630968_n-e1760650460275.webp?fit=1080%2C704&ssl=1&resize=525%2C300 1.5x, https:\/\/i0.wp.com\/diariodegarca.com\/wp-content\/uploads\/2025\/05\/500084858_18302219050246526_4028368060180630968_n-e1760650460275.webp?fit=1080%2C704&ssl=1&resize=700%2C400 2x, https:\/\/i0.wp.com\/diariodegarca.com\/wp-content\/uploads\/2025\/05\/500084858_18302219050246526_4028368060180630968_n-e1760650460275.webp?fit=1080%2C704&ssl=1&resize=1050%2C600 3x"},"classes":[]},{"id":7868,"url":"https:\/\/diariodegarca.com\/?p=7868","url_meta":{"origin":7048,"position":1},"title":"A\u00e7\u00e3o policial apreende drogas e prende homem por tr\u00e1fico em Pomp\u00e9ia","author":"Andreza Sega","date":"21 de outubro de 2025","format":false,"excerpt":"Durante patrulhamento de rotina no bairro Fl\u00e2ndria, agentes flagraram um homem em atitude suspeita e encontraram coca\u00edna, crack e maconha. Na tarde de segunda-feira, 20 de outubro, uma equipe do Radiopatrulhamento da Pol\u00edcia Militar prendeu em flagrante um homem por tr\u00e1fico de drogas no bairro Fl\u00e2ndria, em Pomp\u00e9ia. A a\u00e7\u00e3o\u2026","rel":"","context":"Em &quot;Pomp\u00e9ia&quot;","block_context":{"text":"Pomp\u00e9ia","link":"https:\/\/diariodegarca.com\/?cat=1549470"},"img":{"alt_text":"","src":"https:\/\/i0.wp.com\/diariodegarca.com\/wp-content\/uploads\/2025\/10\/SnapInsta.to_567560224_18321140995246526_7463820184340062932_n-1.webp?fit=1080%2C1080&ssl=1&resize=350%2C200","width":350,"height":200,"srcset":"https:\/\/i0.wp.com\/diariodegarca.com\/wp-content\/uploads\/2025\/10\/SnapInsta.to_567560224_18321140995246526_7463820184340062932_n-1.webp?fit=1080%2C1080&ssl=1&resize=350%2C200 1x, https:\/\/i0.wp.com\/diariodegarca.com\/wp-content\/uploads\/2025\/10\/SnapInsta.to_567560224_18321140995246526_7463820184340062932_n-1.webp?fit=1080%2C1080&ssl=1&resize=525%2C300 1.5x, https:\/\/i0.wp.com\/diariodegarca.com\/wp-content\/uploads\/2025\/10\/SnapInsta.to_567560224_18321140995246526_7463820184340062932_n-1.webp?fit=1080%2C1080&ssl=1&resize=700%2C400 2x, https:\/\/i0.wp.com\/diariodegarca.com\/wp-content\/uploads\/2025\/10\/SnapInsta.to_567560224_18321140995246526_7463820184340062932_n-1.webp?fit=1080%2C1080&ssl=1&resize=1050%2C600 3x"},"classes":[]},{"id":4159,"url":"https:\/\/diariodegarca.com\/?p=4159","url_meta":{"origin":7048,"position":2},"title":"A\u00e7\u00f5es policiais prendem suspeitos por roubo, furto e tr\u00e1fico em cidades da regi\u00e3o","author":"Di\u00e1rio de Gar\u00e7a","date":"23 de junho de 2025","format":false,"excerpt":"Em opera\u00e7\u00f5es realizadas no fim de semana, policiais militares do 9\u00ba Batalh\u00e3o do Interior prenderam criminosos em flagrante em Mar\u00edlia, Pomp\u00e9ia e Tup\u00e3; drogas, ve\u00edculo furtado e objetos roubados foram apreendidos. No \u00faltimo fim de semana, o\u00a09\u00ba Batalh\u00e3o de Pol\u00edcia Militar do Interior\u00a0registrou ocorr\u00eancias em diferentes cidades da regi\u00e3o, resultando\u2026","rel":"","context":"Em &quot;Mar\u00edlia&quot;","block_context":{"text":"Mar\u00edlia","link":"https:\/\/diariodegarca.com\/?cat=683453294"},"img":{"alt_text":"","src":"https:\/\/i0.wp.com\/diariodegarca.com\/wp-content\/uploads\/2025\/06\/503566608_18306010942246526_8008225824564545424_n-e1764161649475.webp?fit=1080%2C733&ssl=1&resize=350%2C200","width":350,"height":200,"srcset":"https:\/\/i0.wp.com\/diariodegarca.com\/wp-content\/uploads\/2025\/06\/503566608_18306010942246526_8008225824564545424_n-e1764161649475.webp?fit=1080%2C733&ssl=1&resize=350%2C200 1x, https:\/\/i0.wp.com\/diariodegarca.com\/wp-content\/uploads\/2025\/06\/503566608_18306010942246526_8008225824564545424_n-e1764161649475.webp?fit=1080%2C733&ssl=1&resize=525%2C300 1.5x, https:\/\/i0.wp.com\/diariodegarca.com\/wp-content\/uploads\/2025\/06\/503566608_18306010942246526_8008225824564545424_n-e1764161649475.webp?fit=1080%2C733&ssl=1&resize=700%2C400 2x, https:\/\/i0.wp.com\/diariodegarca.com\/wp-content\/uploads\/2025\/06\/503566608_18306010942246526_8008225824564545424_n-e1764161649475.webp?fit=1080%2C733&ssl=1&resize=1050%2C600 3x"},"classes":[]},{"id":2547,"url":"https:\/\/diariodegarca.com\/?p=2547","url_meta":{"origin":7048,"position":3},"title":"Pol\u00edcia Militar prende suspeito por tr\u00e1fico de drogas em Pomp\u00e9ia","author":"Di\u00e1rio de Gar\u00e7a","date":"26 de mar\u00e7o de 2025","format":false,"excerpt":"No in\u00edcio da tarde de quinta-feira, dia 25 de mar\u00e7o, policiais militares do 9\u00ba Batalh\u00e3o de Pol\u00edcia Militar do Interior prenderam um homem por tr\u00e1fico de drogas no bairro Flandria, em Pomp\u00e9ia. A a\u00e7\u00e3o ocorreu por volta das 12h31, durante patrulhamento de rotina em uma \u00e1rea conhecida pelo com\u00e9rcio ilegal\u2026","rel":"","context":"Em &quot;Brasil&quot;","block_context":{"text":"Brasil","link":"https:\/\/diariodegarca.com\/?cat=38185"},"img":{"alt_text":"","src":"","width":0,"height":0},"classes":[]},{"id":4517,"url":"https:\/\/diariodegarca.com\/?p=4517","url_meta":{"origin":7048,"position":4},"title":"A\u00e7\u00e3o da PM combate tr\u00e1fico de drogas em Gar\u00e7a, Pomp\u00e9ia e Tup\u00e3","author":"Di\u00e1rio de Gar\u00e7a","date":"6 de julho de 2025","format":false,"excerpt":"Opera\u00e7\u00f5es resultam em pris\u00f5es e apreens\u00f5es em\u00a0cidades da regi\u00e3o. A Pol\u00edcia Militar do Estado de S\u00e3o Paulo segue atuando no combate ao tr\u00e1fico de drogas e na repress\u00e3o qualificada ao crime em diferentes regi\u00f5es do interior, o 9\u00ba Batalh\u00e3o de Pol\u00edcia Militar do Interior registrou ocorr\u00eancias significativas nos \u00faltimos dias,\u2026","rel":"","context":"Em &quot;Gar\u00e7a&quot;","block_context":{"text":"Gar\u00e7a","link":"https:\/\/diariodegarca.com\/?cat=781171664"},"img":{"alt_text":"","src":"","width":0,"height":0},"classes":[]},{"id":2498,"url":"https:\/\/diariodegarca.com\/?p=2498","url_meta":{"origin":7048,"position":5},"title":"Opera\u00e7\u00e3o conjunta prende homem e e apreende drogas em Pomp\u00e9ia","author":"Di\u00e1rio de Gar\u00e7a","date":"1 de abril de 2025","format":false,"excerpt":"Em a\u00e7\u00e3o conjunta realizada na tarde desta segunda-feira, dia 31 de mar\u00e7o, a Pol\u00edcia Militar do 9\u00ba Batalh\u00e3o do Interior, em parceria com a Pol\u00edcia Civil, prendeu um homem por\u00a0tr\u00e1fico de drogas\u00a0no bairro Fl\u00e2ndria, em Pomp\u00e9ia.A abordagem ocorreu por volta das\u00a017h, com apoio do\u00a0c\u00e3o farejador PBM MAX, da Equipe K9\u2026","rel":"","context":"Em &quot;Brasil&quot;","block_context":{"text":"Brasil","link":"https:\/\/diariodegarca.com\/?cat=38185"},"img":{"alt_text":"","src":"https:\/\/i0.wp.com\/blogger.googleusercontent.com\/img\/b\/R29vZ2xl\/AVvXsEi5VUvzsWsJVZjpPZmZP2USgDgkN8DyY0bq6bVNjqNphlVTJ5iAJiQP2oB-xJAE72n5klPyMaEEOkPwhyphenhyphenp5DhH4djhCZFUYqE1-yQujQjpXiwwYXJNUTe9lmFP-ZvD_sxh7hiot29ds8hzcnBulxn-v2TXbv7gYkxDURLE26ARw1Y5bCM7nwi1Hu1ph5_U\/s320\/Snapins.ai_487785717_18296819386246526_2239002095878283341_n_1080.jpg?resize=350%2C200&ssl=1","width":350,"height":200},"classes":[]}],"jetpack_featured_media_url":"https:\/\/i0.wp.com\/diariodegarca.com\/wp-content\/uploads\/2025\/09\/SnapInsta.to_552971251_18316736584246526_2583525256226356901_n.jpg?fit=960%2C960&ssl=1","_links":{"self":[{"href":"https:\/\/diariodegarca.com\/index.php?rest_route=\/wp\/v2\/posts\/7048","targetHints":{"allow":["GET"]}}],"collection":[{"href":"https:\/\/diariodegarca.com\/index.php?rest_route=\/wp\/v2\/posts"}],"about":[{"href":"https:\/\/diariodegarca.com\/index.php?rest_route=\/wp\/v2\/types\/post"}],"author":[{"embeddable":true,"href":"https:\/\/diariodegarca.com\/index.php?rest_route=\/wp\/v2\/users\/260896546"}],"replies":[{"embeddable":true,"href":"https:\/\/diariodegarca.com\/index.php?rest_route=%2Fwp%2Fv2%2Fcomments&post=7048"}],"version-history":[{"count":2,"href":"https:\/\/diariodegarca.com\/index.php?rest_route=\/wp\/v2\/posts\/7048\/revisions"}],"predecessor-version":[{"id":7052,"href":"https:\/\/diariodegarca.com\/index.php?rest_route=\/wp\/v2\/posts\/7048\/revisions\/7052"}],"wp:featuredmedia":[{"embeddable":true,"href":"https:\/\/diariodegarca.com\/index.php?rest_route=\/wp\/v2\/media\/7051"}],"wp:attachment":[{"href":"https:\/\/diariodegarca.com\/index.php?rest_route=%2Fwp%2Fv2%2Fmedia&parent=7048"}],"wp:term":[{"taxonomy":"category","embeddable":true,"href":"https:\/\/diariodegarca.com\/index.php?rest_route=%2Fwp%2Fv2%2Fcategories&post=7048"},{"taxonomy":"post_tag","embeddable":true,"href":"https:\/\/diariodegarca.com\/index.php?rest_route=%2Fwp%2Fv2%2Ftags&post=7048"}],"curies":[{"name":"wp","href":"https:\/\/api.w.org\/{rel}","templated":true}]}}