{"id":7064,"date":"2025-09-23T15:33:21","date_gmt":"2025-09-23T18:33:21","guid":{"rendered":"https:\/\/diariodegarca.com\/?p=7064"},"modified":"2025-09-23T15:36:17","modified_gmt":"2025-09-23T18:36:17","slug":"bombeiros-resgatam-onca-parda-dentro-de-galinheiro-em-pompeia","status":"publish","type":"post","link":"https:\/\/diariodegarca.com\/?p=7064","title":{"rendered":"Bombeiros resgatam on\u00e7a-parda dentro de galinheiro em Pomp\u00e9ia"},"content":{"rendered":"\n<p class=\"wp-block-paragraph\"><em>Animal foi encontrado preso e ferido em propriedade rural. Ap\u00f3s atendimento veterin\u00e1rio, ser\u00e1 reintegrado \u00e0 natureza pela Pol\u00edcia Ambiental, em um caso que simboliza o conflito entre a expans\u00e3o urbana e a vida silvestre.<\/em><\/p>\n\n\n\n<p class=\"wp-block-paragraph\">Uma cena incomum na \u00e1rea rural de Pomp\u00e9ia, chamou a aten\u00e7\u00e3o nesta semana: uma on\u00e7a-parda foi resgatada pelas equipes de bombeiros dentro de um galinheiro. O caso, registrado pelo 10\u00ba Grupamento do Corpo de Bombeiros de SP, vai al\u00e9m do resgate e levanta quest\u00f5es importantes sobre a preserva\u00e7\u00e3o ambiental.<\/p>\n\n\n\n<p class=\"wp-block-paragraph\">A ocorr\u00eancia foi atendida pela guarni\u00e7\u00e3o de Mar\u00edlia, em apoio ao Policiamento Ambiental. De acordo com os bombeiros, o animal, um filhote ou jovem da esp\u00e9cie, havia entrado no galinheiro e acabou ficando preso em uma armadilha.<\/p>\n\n\n\n<figure class=\"wp-block-gallery has-nested-images columns-default is-cropped wp-block-gallery-1 is-layout-flex wp-block-gallery-is-layout-flex\">\n<figure class=\"wp-block-image size-large\"><img data-recalc-dims=\"1\" loading=\"lazy\" decoding=\"async\" width=\"576\" height=\"1024\" data-attachment-id=\"7071\" data-permalink=\"https:\/\/diariodegarca.com\/?attachment_id=7071\" data-orig-file=\"https:\/\/i0.wp.com\/diariodegarca.com\/wp-content\/uploads\/2025\/09\/video_021.jpg?fit=720%2C1280&amp;ssl=1\" data-orig-size=\"720,1280\" data-comments-opened=\"1\" data-image-meta=\"{&quot;aperture&quot;:&quot;0&quot;,&quot;credit&quot;:&quot;&quot;,&quot;camera&quot;:&quot;&quot;,&quot;caption&quot;:&quot;&quot;,&quot;created_timestamp&quot;:&quot;0&quot;,&quot;copyright&quot;:&quot;&quot;,&quot;focal_length&quot;:&quot;0&quot;,&quot;iso&quot;:&quot;0&quot;,&quot;shutter_speed&quot;:&quot;0&quot;,&quot;title&quot;:&quot;&quot;,&quot;orientation&quot;:&quot;0&quot;}\" data-image-title=\"\" data-image-description=\"\" data-image-caption=\"\" data-large-file=\"https:\/\/i0.wp.com\/diariodegarca.com\/wp-content\/uploads\/2025\/09\/video_021.jpg?fit=576%2C1024&amp;ssl=1\" data-id=\"7071\" src=\"https:\/\/i0.wp.com\/diariodegarca.com\/wp-content\/uploads\/2025\/09\/video_021.jpg?resize=576%2C1024&#038;ssl=1\" alt=\"\" class=\"wp-image-7071\" srcset=\"https:\/\/i0.wp.com\/diariodegarca.com\/wp-content\/uploads\/2025\/09\/video_021.jpg?resize=576%2C1024&amp;ssl=1 576w, https:\/\/i0.wp.com\/diariodegarca.com\/wp-content\/uploads\/2025\/09\/video_021.jpg?resize=169%2C300&amp;ssl=1 169w, https:\/\/i0.wp.com\/diariodegarca.com\/wp-content\/uploads\/2025\/09\/video_021.jpg?w=720&amp;ssl=1 720w\" sizes=\"auto, (max-width: 576px) 100vw, 576px\" \/><\/figure>\n\n\n\n<figure class=\"wp-block-image size-large\"><img data-recalc-dims=\"1\" loading=\"lazy\" decoding=\"async\" width=\"576\" height=\"1024\" data-attachment-id=\"7070\" data-permalink=\"https:\/\/diariodegarca.com\/?attachment_id=7070\" data-orig-file=\"https:\/\/i0.wp.com\/diariodegarca.com\/wp-content\/uploads\/2025\/09\/video_030.jpg?fit=720%2C1280&amp;ssl=1\" data-orig-size=\"720,1280\" data-comments-opened=\"1\" data-image-meta=\"{&quot;aperture&quot;:&quot;0&quot;,&quot;credit&quot;:&quot;&quot;,&quot;camera&quot;:&quot;&quot;,&quot;caption&quot;:&quot;&quot;,&quot;created_timestamp&quot;:&quot;0&quot;,&quot;copyright&quot;:&quot;&quot;,&quot;focal_length&quot;:&quot;0&quot;,&quot;iso&quot;:&quot;0&quot;,&quot;shutter_speed&quot;:&quot;0&quot;,&quot;title&quot;:&quot;&quot;,&quot;orientation&quot;:&quot;0&quot;}\" data-image-title=\"\" data-image-description=\"\" data-image-caption=\"\" data-large-file=\"https:\/\/i0.wp.com\/diariodegarca.com\/wp-content\/uploads\/2025\/09\/video_030.jpg?fit=576%2C1024&amp;ssl=1\" data-id=\"7070\" src=\"https:\/\/i0.wp.com\/diariodegarca.com\/wp-content\/uploads\/2025\/09\/video_030.jpg?resize=576%2C1024&#038;ssl=1\" alt=\"\" class=\"wp-image-7070\" srcset=\"https:\/\/i0.wp.com\/diariodegarca.com\/wp-content\/uploads\/2025\/09\/video_030.jpg?resize=576%2C1024&amp;ssl=1 576w, https:\/\/i0.wp.com\/diariodegarca.com\/wp-content\/uploads\/2025\/09\/video_030.jpg?resize=169%2C300&amp;ssl=1 169w, https:\/\/i0.wp.com\/diariodegarca.com\/wp-content\/uploads\/2025\/09\/video_030.jpg?w=720&amp;ssl=1 720w\" sizes=\"auto, (max-width: 576px) 100vw, 576px\" \/><\/figure>\n\n\n\n<figure class=\"wp-block-image size-large\"><img data-recalc-dims=\"1\" loading=\"lazy\" decoding=\"async\" width=\"576\" height=\"1024\" data-attachment-id=\"7069\" data-permalink=\"https:\/\/diariodegarca.com\/?attachment_id=7069\" data-orig-file=\"https:\/\/i0.wp.com\/diariodegarca.com\/wp-content\/uploads\/2025\/09\/video_056.jpg?fit=720%2C1280&amp;ssl=1\" data-orig-size=\"720,1280\" data-comments-opened=\"1\" data-image-meta=\"{&quot;aperture&quot;:&quot;0&quot;,&quot;credit&quot;:&quot;&quot;,&quot;camera&quot;:&quot;&quot;,&quot;caption&quot;:&quot;&quot;,&quot;created_timestamp&quot;:&quot;0&quot;,&quot;copyright&quot;:&quot;&quot;,&quot;focal_length&quot;:&quot;0&quot;,&quot;iso&quot;:&quot;0&quot;,&quot;shutter_speed&quot;:&quot;0&quot;,&quot;title&quot;:&quot;&quot;,&quot;orientation&quot;:&quot;0&quot;}\" data-image-title=\"\" data-image-description=\"\" data-image-caption=\"\" data-large-file=\"https:\/\/i0.wp.com\/diariodegarca.com\/wp-content\/uploads\/2025\/09\/video_056.jpg?fit=576%2C1024&amp;ssl=1\" data-id=\"7069\" src=\"https:\/\/i0.wp.com\/diariodegarca.com\/wp-content\/uploads\/2025\/09\/video_056.jpg?resize=576%2C1024&#038;ssl=1\" alt=\"\" class=\"wp-image-7069\" srcset=\"https:\/\/i0.wp.com\/diariodegarca.com\/wp-content\/uploads\/2025\/09\/video_056.jpg?resize=576%2C1024&amp;ssl=1 576w, https:\/\/i0.wp.com\/diariodegarca.com\/wp-content\/uploads\/2025\/09\/video_056.jpg?resize=169%2C300&amp;ssl=1 169w, https:\/\/i0.wp.com\/diariodegarca.com\/wp-content\/uploads\/2025\/09\/video_056.jpg?w=720&amp;ssl=1 720w\" sizes=\"auto, (max-width: 576px) 100vw, 576px\" \/><\/figure>\n\n\n\n<figure class=\"wp-block-image size-large\"><img data-recalc-dims=\"1\" loading=\"lazy\" decoding=\"async\" width=\"576\" height=\"1024\" data-attachment-id=\"7068\" data-permalink=\"https:\/\/diariodegarca.com\/?attachment_id=7068\" data-orig-file=\"https:\/\/i0.wp.com\/diariodegarca.com\/wp-content\/uploads\/2025\/09\/video_102.jpg?fit=720%2C1280&amp;ssl=1\" data-orig-size=\"720,1280\" data-comments-opened=\"1\" data-image-meta=\"{&quot;aperture&quot;:&quot;0&quot;,&quot;credit&quot;:&quot;&quot;,&quot;camera&quot;:&quot;&quot;,&quot;caption&quot;:&quot;&quot;,&quot;created_timestamp&quot;:&quot;0&quot;,&quot;copyright&quot;:&quot;&quot;,&quot;focal_length&quot;:&quot;0&quot;,&quot;iso&quot;:&quot;0&quot;,&quot;shutter_speed&quot;:&quot;0&quot;,&quot;title&quot;:&quot;&quot;,&quot;orientation&quot;:&quot;0&quot;}\" data-image-title=\"\" data-image-description=\"\" data-image-caption=\"\" data-large-file=\"https:\/\/i0.wp.com\/diariodegarca.com\/wp-content\/uploads\/2025\/09\/video_102.jpg?fit=576%2C1024&amp;ssl=1\" data-id=\"7068\" src=\"https:\/\/i0.wp.com\/diariodegarca.com\/wp-content\/uploads\/2025\/09\/video_102.jpg?resize=576%2C1024&#038;ssl=1\" alt=\"\" class=\"wp-image-7068\" srcset=\"https:\/\/i0.wp.com\/diariodegarca.com\/wp-content\/uploads\/2025\/09\/video_102.jpg?resize=576%2C1024&amp;ssl=1 576w, https:\/\/i0.wp.com\/diariodegarca.com\/wp-content\/uploads\/2025\/09\/video_102.jpg?resize=169%2C300&amp;ssl=1 169w, https:\/\/i0.wp.com\/diariodegarca.com\/wp-content\/uploads\/2025\/09\/video_102.jpg?w=720&amp;ssl=1 720w\" sizes=\"auto, (max-width: 576px) 100vw, 576px\" \/><\/figure>\n\n\n\n<figure class=\"wp-block-image size-large\"><img data-recalc-dims=\"1\" loading=\"lazy\" decoding=\"async\" width=\"576\" height=\"1024\" data-attachment-id=\"7066\" data-permalink=\"https:\/\/diariodegarca.com\/?attachment_id=7066\" data-orig-file=\"https:\/\/i0.wp.com\/diariodegarca.com\/wp-content\/uploads\/2025\/09\/video_157.jpg?fit=720%2C1280&amp;ssl=1\" data-orig-size=\"720,1280\" data-comments-opened=\"1\" data-image-meta=\"{&quot;aperture&quot;:&quot;0&quot;,&quot;credit&quot;:&quot;&quot;,&quot;camera&quot;:&quot;&quot;,&quot;caption&quot;:&quot;&quot;,&quot;created_timestamp&quot;:&quot;0&quot;,&quot;copyright&quot;:&quot;&quot;,&quot;focal_length&quot;:&quot;0&quot;,&quot;iso&quot;:&quot;0&quot;,&quot;shutter_speed&quot;:&quot;0&quot;,&quot;title&quot;:&quot;&quot;,&quot;orientation&quot;:&quot;0&quot;}\" data-image-title=\"\" data-image-description=\"\" data-image-caption=\"\" data-large-file=\"https:\/\/i0.wp.com\/diariodegarca.com\/wp-content\/uploads\/2025\/09\/video_157.jpg?fit=576%2C1024&amp;ssl=1\" data-id=\"7066\" src=\"https:\/\/i0.wp.com\/diariodegarca.com\/wp-content\/uploads\/2025\/09\/video_157.jpg?resize=576%2C1024&#038;ssl=1\" alt=\"\" class=\"wp-image-7066\" srcset=\"https:\/\/i0.wp.com\/diariodegarca.com\/wp-content\/uploads\/2025\/09\/video_157.jpg?resize=576%2C1024&amp;ssl=1 576w, https:\/\/i0.wp.com\/diariodegarca.com\/wp-content\/uploads\/2025\/09\/video_157.jpg?resize=169%2C300&amp;ssl=1 169w, https:\/\/i0.wp.com\/diariodegarca.com\/wp-content\/uploads\/2025\/09\/video_157.jpg?w=720&amp;ssl=1 720w\" sizes=\"auto, (max-width: 576px) 100vw, 576px\" \/><\/figure>\n\n\n\n<figure class=\"wp-block-image size-large\"><img data-recalc-dims=\"1\" loading=\"lazy\" decoding=\"async\" width=\"576\" height=\"1024\" data-attachment-id=\"7065\" data-permalink=\"https:\/\/diariodegarca.com\/?attachment_id=7065\" data-orig-file=\"https:\/\/i0.wp.com\/diariodegarca.com\/wp-content\/uploads\/2025\/09\/video_207.jpg?fit=720%2C1280&amp;ssl=1\" data-orig-size=\"720,1280\" data-comments-opened=\"1\" data-image-meta=\"{&quot;aperture&quot;:&quot;0&quot;,&quot;credit&quot;:&quot;&quot;,&quot;camera&quot;:&quot;&quot;,&quot;caption&quot;:&quot;&quot;,&quot;created_timestamp&quot;:&quot;0&quot;,&quot;copyright&quot;:&quot;&quot;,&quot;focal_length&quot;:&quot;0&quot;,&quot;iso&quot;:&quot;0&quot;,&quot;shutter_speed&quot;:&quot;0&quot;,&quot;title&quot;:&quot;&quot;,&quot;orientation&quot;:&quot;0&quot;}\" data-image-title=\"\" data-image-description=\"\" data-image-caption=\"\" data-large-file=\"https:\/\/i0.wp.com\/diariodegarca.com\/wp-content\/uploads\/2025\/09\/video_207.jpg?fit=576%2C1024&amp;ssl=1\" data-id=\"7065\" src=\"https:\/\/i0.wp.com\/diariodegarca.com\/wp-content\/uploads\/2025\/09\/video_207.jpg?resize=576%2C1024&#038;ssl=1\" alt=\"\" class=\"wp-image-7065\" srcset=\"https:\/\/i0.wp.com\/diariodegarca.com\/wp-content\/uploads\/2025\/09\/video_207.jpg?resize=576%2C1024&amp;ssl=1 576w, https:\/\/i0.wp.com\/diariodegarca.com\/wp-content\/uploads\/2025\/09\/video_207.jpg?resize=169%2C300&amp;ssl=1 169w, https:\/\/i0.wp.com\/diariodegarca.com\/wp-content\/uploads\/2025\/09\/video_207.jpg?w=720&amp;ssl=1 720w\" sizes=\"auto, (max-width: 576px) 100vw, 576px\" \/><\/figure>\n<\/figure>\n\n\n\n<p class=\"wp-block-paragraph\"><strong>Resgate e atendimento veterin\u00e1rio<\/strong><br>O animal foi encontrado com alguns ferimentos leves. Imediatamente ap\u00f3s o resgate, a on\u00e7a-parda recebeu atendimento especializado da m\u00e9dica-veterin\u00e1ria Dra. Juliana Guarnieri, em sua cl\u00ednica. O objetivo do cuidado foi estabilizar o animal e garantir que ele estivesse em condi\u00e7\u00f5es de ser devolvido \u00e0 natureza. Ap\u00f3s os exames necess\u00e1rios, a soltura ser\u00e1 realizada pelo Policiamento Ambiental em uma \u00e1rea de vegeta\u00e7\u00e3o natural adequada para a esp\u00e9cie.<\/p>\n\n\n\n<p class=\"wp-block-paragraph\"><strong>Corpora\u00e7\u00e3o alerta para a causa ambiental<\/strong><br>O Corpo de Bombeiros destacou que a aparente &#8220;invas\u00e3o&#8221; do animal a um espa\u00e7o humano \u00e9, na verdade, uma consequ\u00eancia direta da a\u00e7\u00e3o humana. \u00c0 medida que florestas e matas s\u00e3o reduzidas para dar lugar a lavouras, estradas e cidades, o habitat natural desses animais \u00e9 fragmentado ou destru\u00eddo.<\/p>\n\n\n\n<p class=\"wp-block-paragraph\">Sem seu territ\u00f3rio e suas presas naturais, animais silvestres como a on\u00e7a-parda s\u00e3o for\u00e7ados a se aventurar em \u00e1reas povoadas em busca de alimento e abrigo. A institui\u00e7\u00e3o pontuou: &#8220;N\u00e3o \u00e9 a on\u00e7a que est\u00e1 invadindo o espa\u00e7o humano&#8230; somos n\u00f3s que, muitas vezes, estamos invadindo o dela&#8221;. <\/p>\n","protected":false},"excerpt":{"rendered":"<p>Animal foi encontrado preso e ferido em propriedade rural. Ap\u00f3s atendimento veterin\u00e1rio, ser\u00e1 reintegrado \u00e0 natureza pela Pol\u00edcia Ambiental, em um caso que simboliza o conflito entre a expans\u00e3o urbana e a vida silvestre. Uma cena incomum na \u00e1rea rural de Pomp\u00e9ia, chamou a aten\u00e7\u00e3o nesta semana: uma on\u00e7a-parda foi resgatada pelas equipes de bombeiros [&hellip;]<\/p>\n","protected":false},"author":260896546,"featured_media":7067,"comment_status":"open","ping_status":"","sticky":false,"template":"","format":"standard","meta":{"_monsterinsights_skip_tracking":false,"advanced_seo_description":"","jetpack_seo_html_title":"","jetpack_seo_noindex":false,"jetpack_seo_schema_type":"","_jetpack_newsletter_access":"","_jetpack_dont_email_post_to_subs":false,"_jetpack_newsletter_tier_id":0,"_jetpack_memberships_contains_paywalled_content":false,"_wpcom_ai_launchpad_first_post":false,"_jetpack_feature_clip_id":0,"_jetpack_memberships_contains_paid_content":false,"footnotes":"","jetpack_publicize_message":"\ud83d\udc06 On\u00e7a \u00e9 resgatada de galinheiro em Pomp\u00e9ia\n\nO Corpo de Bombeiros de Mar\u00edlia realizou o resgate incomum de uma on\u00e7a-parda encontrada presa em um galinheiro na zona rural. O animal, que estava ferido, passou por atendimento veterin\u00e1rio e ser\u00e1 solto em \u00e1rea natural pela Pol\u00edcia Ambiental.\n\nO grupamento aproveitou para fazer um apelo para a causa ambiental: \"quando florestas s\u00e3o destru\u00eddas, os animais buscam sobreviv\u00eancia perto das cidades.\"\n\n\ud83d\udcd6 Leia a reportagem completa em nosso site, diariodegarca.com (link na bio).\n\n#ResgateAnimal #On\u00e7aParda #MeioAmbente #Pomp\u00e9ia #BombeirosSP #PoliciamentoAmbental #FaunaSilvestre #Preserva\u00e7\u00e3o","jetpack_publicize_feature_enabled":true,"jetpack_social_post_already_shared":false,"jetpack_social_options":{"image_generator_settings":{"template":"highway","default_image_id":0,"font":"","enabled":false},"version":2},"_wpas_customize_per_network":false,"jetpack_post_was_ever_published":false},"categories":[15243,1549470],"tags":[],"class_list":["post-7064","post","type-post","status-publish","format-standard","has-post-thumbnail","hentry","category-meio-ambiente","category-pompeia"],"jetpack_publicize_connections":[],"jetpack_likes_enabled":true,"jetpack_sharing_enabled":true,"jetpack_shortlink":"https:\/\/wp.me\/pgitne-1PW","jetpack-related-posts":[{"id":4048,"url":"https:\/\/diariodegarca.com\/?p=4048","url_meta":{"origin":7064,"position":0},"title":"&#8220;Acho que eu vi um gatinho\u2026 mas ele era bem grande&#8221;: on\u00e7a-parda \u00e9 resgatada em quintal de Mar\u00edlia","author":"Di\u00e1rio de Gar\u00e7a","date":"17 de junho de 2025","format":false,"excerpt":"Animal silvestre foi sedado e encaminhado para avalia\u00e7\u00e3o antes de ser devolvido \u00e0 natureza pela Pol\u00edcia Ambiental A atua\u00e7\u00e3o das for\u00e7as de seguran\u00e7a p\u00fablica, em parceria com \u00f3rg\u00e3os ambientais, \u00e9 essencial para garantir a prote\u00e7\u00e3o tanto da popula\u00e7\u00e3o quanto da fauna silvestre. Nesta ter\u00e7a-feira, dia 17 de junho, uma ocorr\u00eancia\u2026","rel":"","context":"Em &quot;Causa animal&quot;","block_context":{"text":"Causa animal","link":"https:\/\/diariodegarca.com\/?cat=26891317"},"img":{"alt_text":"","src":"https:\/\/i0.wp.com\/diariodegarca.com\/wp-content\/uploads\/2025\/06\/achoqueeuviumgatinho.jpg?fit=338%2C403&ssl=1&resize=350%2C200","width":350,"height":200},"classes":[]},{"id":5120,"url":"https:\/\/diariodegarca.com\/?p=5120","url_meta":{"origin":7064,"position":1},"title":"On\u00e7a-parda \u00e9 resgatada em estacionamento de supermercado em Cafel\u00e2ndia","author":"Di\u00e1rio de Gar\u00e7a","date":"28 de julho de 2025","format":false,"excerpt":"Animal saud\u00e1vel foi sedado e encaminhado para soltura ap\u00f3s aparecer em \u00e1rea urbana; seguran\u00e7a de 72 anos relatou encontro tranquilo com o felino. Na madrugada desta segunda-feira, 28 de julho, uma on\u00e7a-parda surpreendeu moradores de Cafel\u00e2ndia ao ser avistada no estacionamento de um supermercado. O animal foi registrado por c\u00e2meras\u2026","rel":"","context":"Em &quot;Cafel\u00e2ndia&quot;","block_context":{"text":"Cafel\u00e2ndia","link":"https:\/\/diariodegarca.com\/?cat=11898899"},"img":{"alt_text":"","src":"https:\/\/i0.wp.com\/diariodegarca.com\/wp-content\/uploads\/2025\/07\/captura-de-tela-2025-07-28-161641.jpg?fit=803%2C554&ssl=1&resize=350%2C200","width":350,"height":200,"srcset":"https:\/\/i0.wp.com\/diariodegarca.com\/wp-content\/uploads\/2025\/07\/captura-de-tela-2025-07-28-161641.jpg?fit=803%2C554&ssl=1&resize=350%2C200 1x, https:\/\/i0.wp.com\/diariodegarca.com\/wp-content\/uploads\/2025\/07\/captura-de-tela-2025-07-28-161641.jpg?fit=803%2C554&ssl=1&resize=525%2C300 1.5x, https:\/\/i0.wp.com\/diariodegarca.com\/wp-content\/uploads\/2025\/07\/captura-de-tela-2025-07-28-161641.jpg?fit=803%2C554&ssl=1&resize=700%2C400 2x"},"classes":[]},{"id":2487,"url":"https:\/\/diariodegarca.com\/?p=2487","url_meta":{"origin":7064,"position":2},"title":"Bombeiros resgatam Graxaim do Campo em casa desocupada em Santa Cruz do Rio Pardo","author":"Di\u00e1rio de Gar\u00e7a","date":"2 de abril de 2025","format":false,"excerpt":"\u00a0\u00a0Na ter\u00e7a-feira , dia 1\u00b0 de abril, uma equipe do 10\u00ba Grupamento do Corpo de Bombeiros, da Esta\u00e7\u00e3o de Santa Cruz do Rio Pardo, realizou o resgate de um Graxaim do Campo, popularmente conhecido como cachorro do mato, que foi encontrado em uma resid\u00eancia desocupada na rua Marechal Bittencourt, regi\u00e3o\u2026","rel":"","context":"Em &quot;Brasil&quot;","block_context":{"text":"Brasil","link":"https:\/\/diariodegarca.com\/?cat=38185"},"img":{"alt_text":"","src":"","width":0,"height":0},"classes":[]},{"id":5388,"url":"https:\/\/diariodegarca.com\/?p=5388","url_meta":{"origin":7064,"position":3},"title":"Bombeiros resgatam cervo preso em piscina vazia em Gar\u00e7a","author":"Di\u00e1rio de Gar\u00e7a","date":"7 de agosto de 2025","format":false,"excerpt":"Animal silvestre foi capturado com seguran\u00e7a e devolvido \u00e0 natureza pela Pol\u00edcia Ambiental. Na manh\u00e3 de quarta-feira, 7 de agosto, uma guarni\u00e7\u00e3o do Corpo de Bombeiros de Gar\u00e7a teve uma miss\u00e3o incomum: resgatar um cervo que havia ca\u00eddo em uma piscina vazia em uma resid\u00eancia no Bairro Monte Verde. A\u2026","rel":"","context":"Em &quot;Causa animal&quot;","block_context":{"text":"Causa animal","link":"https:\/\/diariodegarca.com\/?cat=26891317"},"img":{"alt_text":"","src":"https:\/\/i0.wp.com\/diariodegarca.com\/wp-content\/uploads\/2025\/08\/whatsapp-image-2025-08-07-at-16.05.08.jpeg?fit=979%2C720&ssl=1&resize=350%2C200","width":350,"height":200,"srcset":"https:\/\/i0.wp.com\/diariodegarca.com\/wp-content\/uploads\/2025\/08\/whatsapp-image-2025-08-07-at-16.05.08.jpeg?fit=979%2C720&ssl=1&resize=350%2C200 1x, https:\/\/i0.wp.com\/diariodegarca.com\/wp-content\/uploads\/2025\/08\/whatsapp-image-2025-08-07-at-16.05.08.jpeg?fit=979%2C720&ssl=1&resize=525%2C300 1.5x, https:\/\/i0.wp.com\/diariodegarca.com\/wp-content\/uploads\/2025\/08\/whatsapp-image-2025-08-07-at-16.05.08.jpeg?fit=979%2C720&ssl=1&resize=700%2C400 2x"},"classes":[]},{"id":4827,"url":"https:\/\/diariodegarca.com\/?p=4827","url_meta":{"origin":7064,"position":4},"title":"Bombeiros resgatam tucano ferido dentro de resid\u00eancia em Mar\u00edlia","author":"Di\u00e1rio de Gar\u00e7a","date":"18 de julho de 2025","format":false,"excerpt":"Equipe do 10\u00ba Grupamento agiu com cuidado para levar a ave silvestre ao Bosque Municipal, onde recebe atendimento da Pol\u00edcia Ambiental. Na tarde de quinta-feira, dia 17 de julho, um tucano adulto surpreendeu os moradores de uma resid\u00eancia em Mar\u00edlia ao adentrar a propriedade. A ave, que apresentava um ferimento\u2026","rel":"","context":"Em &quot;Causa animal&quot;","block_context":{"text":"Causa animal","link":"https:\/\/diariodegarca.com\/?cat=26891317"},"img":{"alt_text":"","src":"https:\/\/i0.wp.com\/diariodegarca.com\/wp-content\/uploads\/2025\/07\/na-tarde-de-ontem-17-um-tucano-adulto-apareceu-de-surpresa-dentro-de-uma-residencia-estava-c-1.jpg?fit=900%2C1200&ssl=1&resize=350%2C200","width":350,"height":200,"srcset":"https:\/\/i0.wp.com\/diariodegarca.com\/wp-content\/uploads\/2025\/07\/na-tarde-de-ontem-17-um-tucano-adulto-apareceu-de-surpresa-dentro-de-uma-residencia-estava-c-1.jpg?fit=900%2C1200&ssl=1&resize=350%2C200 1x, https:\/\/i0.wp.com\/diariodegarca.com\/wp-content\/uploads\/2025\/07\/na-tarde-de-ontem-17-um-tucano-adulto-apareceu-de-surpresa-dentro-de-uma-residencia-estava-c-1.jpg?fit=900%2C1200&ssl=1&resize=525%2C300 1.5x, https:\/\/i0.wp.com\/diariodegarca.com\/wp-content\/uploads\/2025\/07\/na-tarde-de-ontem-17-um-tucano-adulto-apareceu-de-surpresa-dentro-de-uma-residencia-estava-c-1.jpg?fit=900%2C1200&ssl=1&resize=700%2C400 2x"},"classes":[]},{"id":2358,"url":"https:\/\/diariodegarca.com\/?p=2358","url_meta":{"origin":7064,"position":5},"title":"Gatinho \u00e9 resgatado ap\u00f3s ficar preso em para-choque de viatura em Mar\u00edlia","author":"Di\u00e1rio de Gar\u00e7a","date":"15 de abril de 2025","format":false,"excerpt":"Na tarde do \u00faltimo domingo, 13 de abril, uma situa\u00e7\u00e3o incomum mobilizou a equipe do 10\u00ba Grupamento do Corpo de Bombeiros de S\u00e3o Paulo, sediado em Mar\u00edlia. Ao retornar de uma ocorr\u00eancia, os bombeiros da Base de Centro foram alertados por populares sobre um gatinho que estava preso no para-choque\u2026","rel":"","context":"Em &quot;Brasil&quot;","block_context":{"text":"Brasil","link":"https:\/\/diariodegarca.com\/?cat=38185"},"img":{"alt_text":"","src":"","width":0,"height":0},"classes":[]}],"jetpack_featured_media_url":"https:\/\/i0.wp.com\/diariodegarca.com\/wp-content\/uploads\/2025\/09\/video_107.jpg?fit=720%2C1280&ssl=1","_links":{"self":[{"href":"https:\/\/diariodegarca.com\/index.php?rest_route=\/wp\/v2\/posts\/7064","targetHints":{"allow":["GET"]}}],"collection":[{"href":"https:\/\/diariodegarca.com\/index.php?rest_route=\/wp\/v2\/posts"}],"about":[{"href":"https:\/\/diariodegarca.com\/index.php?rest_route=\/wp\/v2\/types\/post"}],"author":[{"embeddable":true,"href":"https:\/\/diariodegarca.com\/index.php?rest_route=\/wp\/v2\/users\/260896546"}],"replies":[{"embeddable":true,"href":"https:\/\/diariodegarca.com\/index.php?rest_route=%2Fwp%2Fv2%2Fcomments&post=7064"}],"version-history":[{"count":5,"href":"https:\/\/diariodegarca.com\/index.php?rest_route=\/wp\/v2\/posts\/7064\/revisions"}],"predecessor-version":[{"id":7076,"href":"https:\/\/diariodegarca.com\/index.php?rest_route=\/wp\/v2\/posts\/7064\/revisions\/7076"}],"wp:featuredmedia":[{"embeddable":true,"href":"https:\/\/diariodegarca.com\/index.php?rest_route=\/wp\/v2\/media\/7067"}],"wp:attachment":[{"href":"https:\/\/diariodegarca.com\/index.php?rest_route=%2Fwp%2Fv2%2Fmedia&parent=7064"}],"wp:term":[{"taxonomy":"category","embeddable":true,"href":"https:\/\/diariodegarca.com\/index.php?rest_route=%2Fwp%2Fv2%2Fcategories&post=7064"},{"taxonomy":"post_tag","embeddable":true,"href":"https:\/\/diariodegarca.com\/index.php?rest_route=%2Fwp%2Fv2%2Ftags&post=7064"}],"curies":[{"name":"wp","href":"https:\/\/api.w.org\/{rel}","templated":true}]}}