{"id":7077,"date":"2025-09-24T09:08:15","date_gmt":"2025-09-24T12:08:15","guid":{"rendered":"https:\/\/diariodegarca.com\/?p=7077"},"modified":"2025-09-24T09:08:15","modified_gmt":"2025-09-24T12:08:15","slug":"guia-do-mototurismo-do-de-sp-aponta-garca-como-um-dos-lugares-para-se-visitar","status":"publish","type":"post","link":"https:\/\/diariodegarca.com\/?p=7077","title":{"rendered":"Guia do Mototurismo do de SP aponta Gar\u00e7a como um dos lugares para se visitar"},"content":{"rendered":"\n<p class=\"wp-block-paragraph\"><em>Publica\u00e7\u00e3o oficial re\u00fane 53 cidades, eventos, rotas c\u00eanicas e dicas de pilotagem segura; munic\u00edpio de Gar\u00e7a abriga acervo familiar com motos hist\u00f3ricas e cacha\u00e7a artesanal.<\/em><\/p>\n\n\n\n<p class=\"wp-block-paragraph\">O Estado de S\u00e3o Paulo acaba de lan\u00e7ar um guia completo dedicado ao mototurismo, segmento em expans\u00e3o que movimenta economia, turismo e cultura. Desenvolvido pela Secretaria de Turismo e Viagens, com apoio de entidades como DER, Secretaria de Seguran\u00e7a P\u00fablica e Confedera\u00e7\u00e3o Brasileira de Motociclismo, o material re\u00fane 120 atrativos em 53 cidades, al\u00e9m de orienta\u00e7\u00f5es sobre pilotagem segura e manuten\u00e7\u00e3o preventiva.<\/p>\n\n\n\n<p class=\"wp-block-paragraph\">O guia n\u00e3o \u00e9 apenas um roteiro de estradas, mas um convite \u00e0 experi\u00eancia sobre duas rodas, valorizando a liberdade, a paisagem e a integra\u00e7\u00e3o entre motociclistas. Entre os destaques est\u00e3o monumentos da Rota Biker, eventos como festivais de rock, caf\u00e9s tem\u00e1ticos, mirantes e passeios off-road.<\/p>\n\n\n\n<p class=\"wp-block-paragraph\"><strong>Destaque para a seguran\u00e7a<\/strong><br>Em mensagem inclu\u00edda no guia, o secret\u00e1rio de Seguran\u00e7a P\u00fablica, Guilherme Derrite, refor\u00e7ou o compromisso do Estado em garantir viagens tranquilas. Entre as a\u00e7\u00f5es citadas est\u00e3o a Opera\u00e7\u00e3o Impacto, o refor\u00e7o de 14 mil policiais e a amplia\u00e7\u00e3o do monitoramento eletr\u00f4nico. J\u00e1 o presidente do DER, S\u00e9rgio Henrique Codelo Nascimento, enfatizou a import\u00e2ncia do uso de equipamentos de prote\u00e7\u00e3o, manuten\u00e7\u00e3o da moto e pilotagem respons\u00e1vel.<\/p>\n\n\n\n<p class=\"wp-block-paragraph\"><strong>Eventos e rotas emblem\u00e1ticas<\/strong><br>O guia lista eventos consolidados, como o&nbsp;<em>Motorock<\/em>&nbsp;de Adamantina, o&nbsp;<em>Ava\u00ed Moto Rock Festival<\/em>, o&nbsp;<em>Len\u00e7\u00f3is Motorock<\/em>&nbsp;e o&nbsp;<em>Valongo Moto Classic<\/em>&nbsp;em Santos. Rotas como o&nbsp;<em>Rastro da Serpente<\/em>&nbsp;(SP-250\/476), que corta cidades como Cap\u00e3o Bonito e Apia\u00ed, tamb\u00e9m ganham espa\u00e7o, com paradas obrigat\u00f3rias como o&nbsp;<em>Caf\u00e9 da Serpente<\/em>&nbsp;e a&nbsp;<em>Pra\u00e7a Rastro da Serpente<\/em>.<\/p>\n\n\n\n<p class=\"wp-block-paragraph\"><strong>Gar\u00e7a: museu, m\u00fasica e cacha\u00e7a<\/strong><br>Gar\u00e7a tem uma p\u00e1gina dedicada ao munic\u00edpio com o\u00a0<strong>Zapata Garage<\/strong>, um museu particular administrado por M\u00e1rio e L\u00facia Zapata. O casal mant\u00e9m uma cole\u00e7\u00e3o de motocicletas cl\u00e1ssicas restauradas, com modelos que v\u00e3o de 1916 a 1980, expostas em um espa\u00e7o de dois andares anexo \u00e0 resid\u00eancia. Al\u00e9m das motos, o local conta com um globo da morte adquirido de uma fam\u00edlia de circo e oferece degusta\u00e7\u00e3o de cacha\u00e7as artesanais produzidas pelo pr\u00f3prio casal, a \u201cViva Zapata\u201d e a \u201cZapata Honey\u201d, com adi\u00e7\u00e3o de mel.<\/p>\n\n\n\n<p class=\"wp-block-paragraph\">M\u00e1rio Zapata \u00e9 integrante da primeira banda da cidade, a Caverna Club, e a primeira guitarra do munic\u00edpio tamb\u00e9m est\u00e1 exposta no espa\u00e7o. Visitas devem ser agendadas previamente para grupos de 30 a 40 pessoas.<\/p>\n\n\n\n<p class=\"wp-block-paragraph\"><strong>Outras cidades com atra\u00e7\u00f5es \u00fanicas<\/strong><\/p>\n\n\n\n<ul class=\"wp-block-list\">\n<li><strong>Apia\u00ed:<\/strong>\u00a0Integra a Rota do Rastro da Serpente, com monumento, caf\u00e9 tem\u00e1tico e proximidade com o PETAR;<\/li>\n\n\n\n<li><strong>Araraquara:<\/strong>\u00a0Abriga o tradicional Auto Posto Pau-Seco e o Posto Bambina, com estrutura tem\u00e1tica e at\u00e9 Batm\u00f3vel;<\/li>\n\n\n\n<li><strong>Santos:<\/strong>\u00a0Possui a Pra\u00e7a Duas Rodas, com monumento aos motociclistas, e o Valongo Moto Classic;<\/li>\n\n\n\n<li><strong>Socorro:<\/strong>\u00a0Oferece mirantes, grutas, parques de aventura e o Centro Cultural Movimento, monumento n\u00ba 12 da Rota Biker;<\/li>\n\n\n\n<li><strong>Sales\u00f3polis:<\/strong>\u00a0Rancho Terra Crua \u00e9 o 19\u00ba monumento biker do Brasil, com espa\u00e7o para eventos e vista para a represa.<\/li>\n<\/ul>\n\n\n\n<p class=\"wp-block-paragraph\">O guia est\u00e1 dispon\u00edvel para download gratuito no link <a href=\"https:\/\/www.turismo.sp.gov.br\/guia-de-mototurismo\">https:\/\/www.turismo.sp.gov.br\/guia-de-mototurismo<\/a> e serve como ferramenta para planejamento de viagens, descoberta de novos destinos e incentivo ao turismo regional.<\/p>\n","protected":false},"excerpt":{"rendered":"<p>Publica\u00e7\u00e3o oficial re\u00fane 53 cidades, eventos, rotas c\u00eanicas e dicas de pilotagem segura; munic\u00edpio de Gar\u00e7a abriga acervo familiar com motos hist\u00f3ricas e cacha\u00e7a artesanal. O Estado de S\u00e3o Paulo acaba de lan\u00e7ar um guia completo dedicado ao mototurismo, segmento em expans\u00e3o que movimenta economia, turismo e cultura. Desenvolvido pela Secretaria de Turismo e Viagens, [&hellip;]<\/p>\n","protected":false},"author":260896546,"featured_media":7079,"comment_status":"open","ping_status":"","sticky":false,"template":"","format":"standard","meta":{"_crdt_document":"","_monsterinsights_skip_tracking":false,"_monsterinsights_sitenote_active":false,"_monsterinsights_sitenote_note":"","_monsterinsights_sitenote_category":0,"advanced_seo_description":"Descubra o guia completo de mototurismo em S\u00e3o Paulo com 53 cidades, eventos e dicas para uma pilotagem segura e inesquec\u00edvel.","jetpack_seo_html_title":"Guia do Mototurismo do de SP aponta Gar\u00e7a como um dos lugares para se visitar","jetpack_seo_noindex":false,"_jetpack_newsletter_access":"","_jetpack_dont_email_post_to_subs":false,"_jetpack_newsletter_tier_id":0,"_jetpack_memberships_contains_paywalled_content":false,"_jetpack_memberships_contains_paid_content":false,"footnotes":"","jetpack_publicize_message":"\ud83d\udef5 S\u00e3o Paulo lan\u00e7a guia completo de mototurismo com 53 cidades, rotas seguras e eventos imperd\u00edveis!\n\nDestaque para Gar\u00e7a, que abriga a Zapata Garage: um museu familiar com motos cl\u00e1ssicas de 1916 a 1980, globo da morte e at\u00e9 cacha\u00e7a artesanal produzida no local! \u2728\n\n\ud83d\udccc O guia ainda traz:\nMonumentos da Rota Biker\nFestivais de rock e encontros de motociclistas\nDicas de seguran\u00e7a e manuten\u00e7\u00e3o\nCaf\u00e9s, mirantes e rotas c\u00eanicas\n\nLeia a mat\u00e9ria completa e saiba onde baixar o guia em: diariodegarca.com (link na bio)\n#MototurismoSP #Gar\u00e7a #ZapataGarage #RotaBiker #S\u00e3oPaulodeMoto","jetpack_publicize_feature_enabled":true,"jetpack_social_post_already_shared":false,"jetpack_social_options":{"image_generator_settings":{"template":"highway","default_image_id":0,"font":"","enabled":false},"version":2},"_wpas_customize_per_network":false,"jetpack_post_was_ever_published":false},"categories":[781171664,781171841],"tags":[],"class_list":["post-7077","post","type-post","status-publish","format-standard","has-post-thumbnail","hentry","category-garca-cidade","category-turismo"],"jetpack_publicize_connections":[],"jetpack_featured_media_url":"https:\/\/i0.wp.com\/diariodegarca.com\/wp-content\/uploads\/2025\/09\/guia.jpg?fit=873%2C487&ssl=1","jetpack_likes_enabled":true,"jetpack_sharing_enabled":true,"jetpack_shortlink":"https:\/\/wp.me\/pgitne-1Q9","jetpack-related-posts":[{"id":4456,"url":"https:\/\/diariodegarca.com\/?p=4456","url_meta":{"origin":7077,"position":0},"title":"Caf\u00e9, cacha\u00e7a e comida caipira: SP conecta influenciadores e neg\u00f3cios em Rota Gastron\u00f4mica","author":"Di\u00e1rio de Gar\u00e7a","date":"4 de julho de 2025","format":false,"excerpt":"Evento une degusta\u00e7\u00e3o, capacita\u00e7\u00e3o e networking em roteiro que inclui cidades como Gar\u00e7a, Bauru e Mar\u00edlia A\u00a0Semana Sabor de S\u00e3o Paulo, promovida pela\u00a0S\u00e3o Paulo Turismo\u00a0(vinculada \u00e0 Secretaria de Turismo do Estado), inicia sua programa\u00e7\u00e3o na regi\u00e3o no\u00a0domingo, 6 de julho, com uma\u00a0press trip\u00a0exclusiva para jornalistas, influenciadores e agentes de turismo.\u2026","rel":"","context":"Em &quot;Agudos&quot;","block_context":{"text":"Agudos","link":"https:\/\/diariodegarca.com\/?cat=2090984"},"img":{"alt_text":"","src":"","width":0,"height":0},"classes":[]},{"id":2614,"url":"https:\/\/diariodegarca.com\/?p=2614","url_meta":{"origin":7077,"position":1},"title":"Gar\u00e7a se despede de F\u00e1bio Bonassa: jornalista, empres\u00e1rio e pessoa admir\u00e1vel","author":"Di\u00e1rio de Gar\u00e7a","date":"16 de mar\u00e7o de 2025","format":false,"excerpt":"F\u00e1bio Bonassa, renomado jornalista, comunicador e entusiasta do desenvolvimento regional, faleceu no dia 16 de mar\u00e7o de 2025, aos 54 anos, v\u00edtima de um infarto fulminante. Natural de Adamantina, Bonassa deixou um legado marcante n\u00e3o apenas no jornalismo, mas tamb\u00e9m na gest\u00e3o p\u00fablica, no fomento ao turismo, em a\u00e7\u00f5es sociais\u2026","rel":"","context":"Em &quot;Brasil&quot;","block_context":{"text":"Brasil","link":"https:\/\/diariodegarca.com\/?cat=38185"},"img":{"alt_text":"","src":"","width":0,"height":0},"classes":[]},{"id":2947,"url":"https:\/\/diariodegarca.com\/?p=2947","url_meta":{"origin":7077,"position":2},"title":"Pesquisa de Percep\u00e7\u00e3o do Turismo: mobiliza Regi\u00f5es Tur\u00edsticas do Estado de S\u00e3o Paulo","author":"Di\u00e1rio de Gar\u00e7a","date":"27 de janeiro de 2025","format":false,"excerpt":"A 5\u00aa edi\u00e7\u00e3o da Pesquisa Online de Percep\u00e7\u00e3o do Turismo nos Munic\u00edpios, coordenada pelo Centro de Intelig\u00eancia da Economia do Turismo da Secretaria de Turismo e Viagens (CIET\/SETUR-SP), est\u00e1 a todo vapor. Este levantamento, que tem o objetivo de entender como os moradores percebem o turismo em suas cidades, j\u00e1\u2026","rel":"","context":"Em &quot;Brasil&quot;","block_context":{"text":"Brasil","link":"https:\/\/diariodegarca.com\/?cat=38185"},"img":{"alt_text":"","src":"","width":0,"height":0},"classes":[]},{"id":9948,"url":"https:\/\/diariodegarca.com\/?p=9948","url_meta":{"origin":7077,"position":3},"title":"Feira Sabor &amp; Arte abre o calend\u00e1rio cultural de Gar\u00e7a com gastronomia, artesanato e m\u00fasica","author":"Di\u00e1rio de Gar\u00e7a","date":"8 de janeiro de 2026","format":false,"excerpt":"Na sexta-feira, 9 de janeiro, a Pra\u00e7a Rui Barbosa recebe a primeira edi\u00e7\u00e3o da Feira Sabor & Arte de 2026, reunindo produtores locais, sabores artesanais e apresenta\u00e7\u00e3o musical com Leonardo Mancuzo. A Feira Sabor & Arte realiza amanh\u00e3, sexta-feira, 9 de janeiro, a sua primeira edi\u00e7\u00e3o de 2026, marcando a\u2026","rel":"","context":"Em &quot;Cultura&quot;","block_context":{"text":"Cultura","link":"https:\/\/diariodegarca.com\/?cat=2367"},"img":{"alt_text":"","src":"https:\/\/i0.wp.com\/diariodegarca.com\/wp-content\/uploads\/2026\/01\/churros-e1767896688438.jpg?fit=1080%2C700&ssl=1&resize=350%2C200","width":350,"height":200,"srcset":"https:\/\/i0.wp.com\/diariodegarca.com\/wp-content\/uploads\/2026\/01\/churros-e1767896688438.jpg?fit=1080%2C700&ssl=1&resize=350%2C200 1x, https:\/\/i0.wp.com\/diariodegarca.com\/wp-content\/uploads\/2026\/01\/churros-e1767896688438.jpg?fit=1080%2C700&ssl=1&resize=525%2C300 1.5x, https:\/\/i0.wp.com\/diariodegarca.com\/wp-content\/uploads\/2026\/01\/churros-e1767896688438.jpg?fit=1080%2C700&ssl=1&resize=700%2C400 2x, https:\/\/i0.wp.com\/diariodegarca.com\/wp-content\/uploads\/2026\/01\/churros-e1767896688438.jpg?fit=1080%2C700&ssl=1&resize=1050%2C600 3x"},"classes":[]},{"id":2626,"url":"https:\/\/diariodegarca.com\/?p=2626","url_meta":{"origin":7077,"position":4},"title":"Empreendedores de Gar\u00e7a podem aprimorar presen\u00e7a digital em curso gratuito presencial","author":"Di\u00e1rio de Gar\u00e7a","date":"13 de mar\u00e7o de 2025","format":false,"excerpt":"A Secretaria Municipal de Desenvolvimento Econ\u00f4mico e Turismo de Gar\u00e7a promove, entre os dias 31 de mar\u00e7o e 4 de abril, o curso \"Seja Digital: Supere seus Limites!\", voltado para empreendedores que desejam fortalecer sua presen\u00e7a online. O evento ser\u00e1 presencial, com encontros di\u00e1rios \u00e0s 19h, na sede da Secretaria,\u2026","rel":"","context":"Em &quot;Brasil&quot;","block_context":{"text":"Brasil","link":"https:\/\/diariodegarca.com\/?cat=38185"},"img":{"alt_text":"","src":"","width":0,"height":0},"classes":[]},{"id":9042,"url":"https:\/\/diariodegarca.com\/?p=9042","url_meta":{"origin":7077,"position":5},"title":"Gar\u00e7a d\u00e1 salto hist\u00f3rico e se consolida entre os principais polos tur\u00edsticos do interior paulista","author":"Andreza Sega","date":"25 de novembro de 2025","format":false,"excerpt":"Munic\u00edpio avan\u00e7ou 35 posi\u00e7\u00f5es no ranking oficial do Estado, saindo da 52\u00aa para a 17\u00aa coloca\u00e7\u00e3o entre os Munic\u00edpios de Interesse Tur\u00edstico (MIT) na lista de dados consolidados de 2024. Gar\u00e7a acaba de registrar uma das maiores ascens\u00f5es no cen\u00e1rio tur\u00edstico paulista. O munic\u00edpio conquistou a 17\u00aa posi\u00e7\u00e3o no ranking\u2026","rel":"","context":"Em &quot;Gar\u00e7a&quot;","block_context":{"text":"Gar\u00e7a","link":"https:\/\/diariodegarca.com\/?cat=781171664"},"img":{"alt_text":"","src":"https:\/\/i0.wp.com\/diariodegarca.com\/wp-content\/uploads\/2025\/11\/Garca-Tori-Jd-Oriental.jpg?fit=1200%2C800&ssl=1&resize=350%2C200","width":350,"height":200,"srcset":"https:\/\/i0.wp.com\/diariodegarca.com\/wp-content\/uploads\/2025\/11\/Garca-Tori-Jd-Oriental.jpg?fit=1200%2C800&ssl=1&resize=350%2C200 1x, https:\/\/i0.wp.com\/diariodegarca.com\/wp-content\/uploads\/2025\/11\/Garca-Tori-Jd-Oriental.jpg?fit=1200%2C800&ssl=1&resize=525%2C300 1.5x, https:\/\/i0.wp.com\/diariodegarca.com\/wp-content\/uploads\/2025\/11\/Garca-Tori-Jd-Oriental.jpg?fit=1200%2C800&ssl=1&resize=700%2C400 2x, https:\/\/i0.wp.com\/diariodegarca.com\/wp-content\/uploads\/2025\/11\/Garca-Tori-Jd-Oriental.jpg?fit=1200%2C800&ssl=1&resize=1050%2C600 3x"},"classes":[]}],"_links":{"self":[{"href":"https:\/\/diariodegarca.com\/index.php?rest_route=\/wp\/v2\/posts\/7077","targetHints":{"allow":["GET"]}}],"collection":[{"href":"https:\/\/diariodegarca.com\/index.php?rest_route=\/wp\/v2\/posts"}],"about":[{"href":"https:\/\/diariodegarca.com\/index.php?rest_route=\/wp\/v2\/types\/post"}],"author":[{"embeddable":true,"href":"https:\/\/diariodegarca.com\/index.php?rest_route=\/wp\/v2\/users\/260896546"}],"replies":[{"embeddable":true,"href":"https:\/\/diariodegarca.com\/index.php?rest_route=%2Fwp%2Fv2%2Fcomments&post=7077"}],"version-history":[{"count":2,"href":"https:\/\/diariodegarca.com\/index.php?rest_route=\/wp\/v2\/posts\/7077\/revisions"}],"predecessor-version":[{"id":7080,"href":"https:\/\/diariodegarca.com\/index.php?rest_route=\/wp\/v2\/posts\/7077\/revisions\/7080"}],"wp:featuredmedia":[{"embeddable":true,"href":"https:\/\/diariodegarca.com\/index.php?rest_route=\/wp\/v2\/media\/7079"}],"wp:attachment":[{"href":"https:\/\/diariodegarca.com\/index.php?rest_route=%2Fwp%2Fv2%2Fmedia&parent=7077"}],"wp:term":[{"taxonomy":"category","embeddable":true,"href":"https:\/\/diariodegarca.com\/index.php?rest_route=%2Fwp%2Fv2%2Fcategories&post=7077"},{"taxonomy":"post_tag","embeddable":true,"href":"https:\/\/diariodegarca.com\/index.php?rest_route=%2Fwp%2Fv2%2Ftags&post=7077"}],"curies":[{"name":"wp","href":"https:\/\/api.w.org\/{rel}","templated":true}]}}