{"id":7082,"date":"2025-09-24T09:32:51","date_gmt":"2025-09-24T12:32:51","guid":{"rendered":"https:\/\/diariodegarca.com\/?p=7082"},"modified":"2025-09-24T09:32:51","modified_gmt":"2025-09-24T12:32:51","slug":"lucianopolis-oferece-curso-gratuito-de-cuidador-de-idosos-com-certificacao-do-senac","status":"publish","type":"post","link":"https:\/\/diariodegarca.com\/?p=7082","title":{"rendered":"Lucian\u00f3polis oferece curso gratuito de cuidador de idosos com certifica\u00e7\u00e3o do Senac"},"content":{"rendered":"\n<p class=\"wp-block-paragraph\"><em>Parceria entre Prefeitura, CRAS e Senac Bauru abre vagas para capacita\u00e7\u00e3o profissional na \u00e1rea da sa\u00fade, com foco no envelhecimento populacional.<\/em><\/p>\n\n\n\n<p class=\"wp-block-paragraph\">A qualifica\u00e7\u00e3o profissional na \u00e1rea da sa\u00fade ganha um novo impulso em Lucian\u00f3polis. Est\u00e3o abertas as inscri\u00e7\u00f5es para o curso de <strong>Cuidador de Idosos<\/strong>, uma iniciativa realizada por meio de uma parceria entre a Prefeitura Municipal, o CRAS Lucian\u00f3polis e o Senac Bauru. O objetivo \u00e9 capacitar pessoas para atuar em um mercado em constante crescimento, oferecendo uma oportunidade de emprego e renda para a comunidade local.<\/p>\n\n\n\n<p class=\"wp-block-paragraph\">O curso \u00e9 destinado a maiores de 18 anos que tenham conclu\u00eddo o ensino fundamental e cuja renda familiar seja de at\u00e9 dois sal\u00e1rios m\u00ednimos. Com uma carga hor\u00e1ria de 160 horas\/aula, as aulas ser\u00e3o ministradas no per\u00edodo noturno, facilitando a participa\u00e7\u00e3o de quem j\u00e1 trabalha durante o dia. Tanto as inscri\u00e7\u00f5es quanto o curso ser\u00e3o realizados de forma presencial.<\/p>\n\n\n\n<p class=\"wp-block-paragraph\"><strong>Sobre a profiss\u00e3o de cuidador<\/strong><br>A fun\u00e7\u00e3o do cuidador de idosos vai al\u00e9m da assist\u00eancia b\u00e1sica. O profissional capacitado atua para promover o bem-estar, a autonomia e a qualidade de vida do idoso, seguindo princ\u00edpios de \u00e9tica e cidadania. <\/p>\n\n\n\n<p class=\"wp-block-paragraph\">A capacita\u00e7\u00e3o prepara o aluno para lidar com as particularidades do processo de envelhecimento, incluindo cuidados com a sa\u00fade, mobilidade, alimenta\u00e7\u00e3o e higiene.<\/p>\n\n\n\n<p class=\"wp-block-paragraph\"><strong>Cronograma do curso<\/strong><br>A grade curricular do curso segue um cronograma que combina teoria e pr\u00e1tica, abrangendo temas como:<\/p>\n\n\n\n<ul class=\"wp-block-list\">\n<li>Envelhecimento e as alter\u00e7\u00f5es biopsicossociais;<\/li>\n\n\n\n<li>T\u00e9cnicas de cuidados higi\u00eanicos;<\/li>\n\n\n\n<li>Administra\u00e7\u00e3o de medicamentos;<\/li>\n\n\n\n<li>Preven\u00e7\u00e3o de acidentes dom\u00e9sticos;<\/li>\n\n\n\n<li>Primeiros socorros;<\/li>\n\n\n\n<li>Relacionamento interpessoal e comunica\u00e7\u00e3o com a fam\u00edlia.<\/li>\n<\/ul>\n\n\n\n<p class=\"wp-block-paragraph\"><strong>Como se inscrever<\/strong><br>Os interessados devem comparecer presencialmente ao atendimento do CRAS Lucian\u00f3polis para realizar a inscri\u00e7\u00e3o. \u00c9 necess\u00e1rio apresentar documentos pessoais e comprovantes que atestem a escolaridade e a renda, conforme os requisitos do programa. As vagas s\u00e3o limitadas.<\/p>\n","protected":false},"excerpt":{"rendered":"<p>Parceria entre Prefeitura, CRAS e Senac Bauru abre vagas para capacita\u00e7\u00e3o profissional na \u00e1rea da sa\u00fade, com foco no envelhecimento populacional. A qualifica\u00e7\u00e3o profissional na \u00e1rea da sa\u00fade ganha um novo impulso em Lucian\u00f3polis. Est\u00e3o abertas as inscri\u00e7\u00f5es para o curso de Cuidador de Idosos, uma iniciativa realizada por meio de uma parceria entre a [&hellip;]<\/p>\n","protected":false},"author":260896546,"featured_media":7085,"comment_status":"open","ping_status":"","sticky":false,"template":"","format":"standard","meta":{"_crdt_document":"","_monsterinsights_skip_tracking":false,"_monsterinsights_sitenote_active":false,"_monsterinsights_sitenote_note":"","_monsterinsights_sitenote_category":0,"advanced_seo_description":"Aproveite a oportunidade de se tornar cuidador de idosos em Lucian\u00f3polis! Inscri\u00e7\u00f5es abertas para curso gratuito com 160h de aulas pr\u00e1ticas e te\u00f3ricas.","jetpack_seo_html_title":"Curso de Cuidador de Idosos em Lucian\u00f3polis: Inscri\u00e7\u00f5es Abertas","jetpack_seo_noindex":false,"_jetpack_newsletter_access":"","_jetpack_dont_email_post_to_subs":false,"_jetpack_newsletter_tier_id":0,"_jetpack_memberships_contains_paywalled_content":false,"_jetpack_memberships_contains_paid_content":false,"footnotes":"","jetpack_publicize_message":"\ud83d\udce2 Oportunidade de qualifica\u00e7\u00e3o em Lucian\u00f3polis\n\nEst\u00e3o abertas as inscri\u00e7\u00f5es para o Curso de Cuidador de Idosos, uma parceria da Prefeitura, CRAS e Senac Bauru.\n\n\u2714\ufe0f Para quem? Maiores de 18 anos com ensino fundamental completo e renda de at\u00e9 2 sal\u00e1rios.\n\u2714\ufe0f Carga hor\u00e1ria: 160 horas\/aula, no per\u00edodo noturno.\n\n\nQuer saber todos os detalhes sobre o cronograma e como se inscrever?\nLeia a mat\u00e9ria completa em: diariodegarca.com (link na bio).\n\n#CursoLucian\u00f3polis #CuidadorDeIdosos #Senac #Qualifica\u00e7\u00e3oProfissional #CRAS #Sa\u00fadeEBemEstar #Oportunidade","jetpack_publicize_feature_enabled":true,"jetpack_social_post_already_shared":false,"jetpack_social_options":{"image_generator_settings":{"template":"highway","default_image_id":0,"font":"","enabled":false},"version":2},"_wpas_customize_per_network":false,"jetpack_post_was_ever_published":false},"categories":[36947,75546814,115166,72064],"tags":[],"class_list":["post-7082","post","type-post","status-publish","format-standard","has-post-thumbnail","hentry","category-curso","category-lucianopolis","category-presencial","category-saude"],"jetpack_publicize_connections":[],"jetpack_featured_media_url":"https:\/\/i0.wp.com\/diariodegarca.com\/wp-content\/uploads\/2025\/09\/mediuns-sorridentes-gostosos-dentro-de-casa.jpg?fit=5864%2C3902&ssl=1","jetpack_likes_enabled":true,"jetpack_sharing_enabled":true,"jetpack_shortlink":"https:\/\/wp.me\/pgitne-1Qe","jetpack-related-posts":[{"id":4701,"url":"https:\/\/diariodegarca.com\/?p=4701","url_meta":{"origin":7082,"position":0},"title":"Curso gratuito de jardinagem em Lucian\u00f3polis","author":"Di\u00e1rio de Gar\u00e7a","date":"16 de julho de 2025","format":false,"excerpt":"Prefeitura e SENAR oferecem forma\u00e7\u00e3o com aulas pr\u00e1ticas e certifica\u00e7\u00e3o; inscri\u00e7\u00f5es est\u00e3o abertas no CRAS. De 22 a 25 de julho, o Servi\u00e7o Nacional de Aprendizagem Rural (SENAR), em parceria com a Prefeitura de Lucian\u00f3polis, promove um\u00a0curso gratuito de jardinagem\u00a0voltado para quem deseja aprender t\u00e9cnicas profissionais e transformar o conhecimento\u2026","rel":"","context":"Em &quot;Curso&quot;","block_context":{"text":"Curso","link":"https:\/\/diariodegarca.com\/?cat=36947"},"img":{"alt_text":"","src":"","width":0,"height":0},"classes":[]},{"id":3345,"url":"https:\/\/diariodegarca.com\/?p=3345","url_meta":{"origin":7082,"position":1},"title":"Curso em Lucian\u00f3polis ensina t\u00e9cnicas para fabrica\u00e7\u00e3o e venda de pizzas","author":"Di\u00e1rio de Gar\u00e7a","date":"23 de maio de 2025","format":false,"excerpt":"Para quem deseja empreender no setor aliment\u00edcio ou buscar uma nova fonte de renda, o curso\u00a0\"Aprenda a Fabricar e Vender Pizzas e Salgados Assados\"\u00a0oferece uma oportunidade valiosa. Com aulas presenciais e pr\u00e1ticas, a capacita\u00e7\u00e3o \u00e9 voltada para quem quer dominar desde o preparo at\u00e9 a comercializa\u00e7\u00e3o desses produtos, que est\u00e3o\u2026","rel":"","context":"Em &quot;Curso&quot;","block_context":{"text":"Curso","link":"https:\/\/diariodegarca.com\/?cat=36947"},"img":{"alt_text":"","src":"","width":0,"height":0},"classes":[]},{"id":8465,"url":"https:\/\/diariodegarca.com\/?p=8465","url_meta":{"origin":7082,"position":2},"title":"Curso gratuito de Jardinagem com vagas abertas em Lucian\u00f3polis","author":"Andreza Sega","date":"5 de novembro de 2025","format":false,"excerpt":"Iniciativa capacita para o cuidado com plantas e manuten\u00e7\u00e3o de jardins, promovendo a valoriza\u00e7\u00e3o de espa\u00e7os verdes e o desenvolvimento de habilidades pr\u00e1ticas. Quem possui interesse em trabalhar com plantas, flores e na cria\u00e7\u00e3o de ambientes naturais mais bonitos e saud\u00e1veis tem uma oportunidade de qualifica\u00e7\u00e3o \u00e0 disposi\u00e7\u00e3o. A Prefeitura\u2026","rel":"","context":"Em &quot;Curso&quot;","block_context":{"text":"Curso","link":"https:\/\/diariodegarca.com\/?cat=36947"},"img":{"alt_text":"","src":"https:\/\/i0.wp.com\/diariodegarca.com\/wp-content\/uploads\/2025\/10\/retrato-ao-ar-livre-de-uma-jovem-atraente-barbudo-homem-hispanico-em-camiseta-azul-e-luvas-trabalhando-no-jardim-com-ferramentas-folhas-de-corte-rega-de-plantas-vida-rural.jpg?fit=1200%2C800&ssl=1&resize=350%2C200","width":350,"height":200,"srcset":"https:\/\/i0.wp.com\/diariodegarca.com\/wp-content\/uploads\/2025\/10\/retrato-ao-ar-livre-de-uma-jovem-atraente-barbudo-homem-hispanico-em-camiseta-azul-e-luvas-trabalhando-no-jardim-com-ferramentas-folhas-de-corte-rega-de-plantas-vida-rural.jpg?fit=1200%2C800&ssl=1&resize=350%2C200 1x, https:\/\/i0.wp.com\/diariodegarca.com\/wp-content\/uploads\/2025\/10\/retrato-ao-ar-livre-de-uma-jovem-atraente-barbudo-homem-hispanico-em-camiseta-azul-e-luvas-trabalhando-no-jardim-com-ferramentas-folhas-de-corte-rega-de-plantas-vida-rural.jpg?fit=1200%2C800&ssl=1&resize=525%2C300 1.5x, https:\/\/i0.wp.com\/diariodegarca.com\/wp-content\/uploads\/2025\/10\/retrato-ao-ar-livre-de-uma-jovem-atraente-barbudo-homem-hispanico-em-camiseta-azul-e-luvas-trabalhando-no-jardim-com-ferramentas-folhas-de-corte-rega-de-plantas-vida-rural.jpg?fit=1200%2C800&ssl=1&resize=700%2C400 2x, https:\/\/i0.wp.com\/diariodegarca.com\/wp-content\/uploads\/2025\/10\/retrato-ao-ar-livre-de-uma-jovem-atraente-barbudo-homem-hispanico-em-camiseta-azul-e-luvas-trabalhando-no-jardim-com-ferramentas-folhas-de-corte-rega-de-plantas-vida-rural.jpg?fit=1200%2C800&ssl=1&resize=1050%2C600 3x"},"classes":[]},{"id":6583,"url":"https:\/\/diariodegarca.com\/?p=6583","url_meta":{"origin":7082,"position":3},"title":"Lucian\u00f3polis ofertam curso gratuito de Artesanato com Mat\u00e9ria-Prima Mista","author":"Di\u00e1rio de Gar\u00e7a","date":"10 de setembro de 2025","format":false,"excerpt":"Capacita\u00e7\u00e3o visa fomentar o empreendedorismo e a gera\u00e7\u00e3o de renda atrav\u00e9s de t\u00e9cnicas artesanais. Inscri\u00e7\u00f5es devem ser feitas presencialmente no CRAS. A popula\u00e7\u00e3o de Lucian\u00f3polis tem uma oportunidade de aprender t\u00e9cnicas artesanais e se qualificar para o mercado de trabalho ou para o empreendedorismo. O Servi\u00e7o Nacional de Aprendizagem Rural\u2026","rel":"","context":"Em &quot;Brasil&quot;","block_context":{"text":"Brasil","link":"https:\/\/diariodegarca.com\/?cat=38185"},"img":{"alt_text":"","src":"https:\/\/i0.wp.com\/diariodegarca.com\/wp-content\/uploads\/2025\/09\/cultivo-de-decoracao-artesanal-feminina.jpg?fit=1200%2C800&ssl=1&resize=350%2C200","width":350,"height":200,"srcset":"https:\/\/i0.wp.com\/diariodegarca.com\/wp-content\/uploads\/2025\/09\/cultivo-de-decoracao-artesanal-feminina.jpg?fit=1200%2C800&ssl=1&resize=350%2C200 1x, https:\/\/i0.wp.com\/diariodegarca.com\/wp-content\/uploads\/2025\/09\/cultivo-de-decoracao-artesanal-feminina.jpg?fit=1200%2C800&ssl=1&resize=525%2C300 1.5x, https:\/\/i0.wp.com\/diariodegarca.com\/wp-content\/uploads\/2025\/09\/cultivo-de-decoracao-artesanal-feminina.jpg?fit=1200%2C800&ssl=1&resize=700%2C400 2x, https:\/\/i0.wp.com\/diariodegarca.com\/wp-content\/uploads\/2025\/09\/cultivo-de-decoracao-artesanal-feminina.jpg?fit=1200%2C800&ssl=1&resize=1050%2C600 3x"},"classes":[]},{"id":4084,"url":"https:\/\/diariodegarca.com\/?p=4084","url_meta":{"origin":7082,"position":4},"title":"Mar\u00edlia oferece cursos gratuitos com bolsas para qualifica\u00e7\u00e3o profissional","author":"Di\u00e1rio de Gar\u00e7a","date":"18 de junho de 2025","format":false,"excerpt":"Oportunidades em diversas \u00e1reas visam impulsionar o empreendedorismo e a inser\u00e7\u00e3o no mercado de trabalho A Prefeitura de Mar\u00edlia, por meio da\u00a0Secretaria Municipal do Trabalho, Turismo e Desenvolvimento Econ\u00f4mico, est\u00e1 com inscri\u00e7\u00f5es abertas para cursos profissionalizantes do\u00a0Senac (Servi\u00e7o Nacional de Aprendizagem Comercial). As bolsas s\u00e3o\u00a0inteiramente gratuitas\u00a0e destinadas a moradores que\u2026","rel":"","context":"Em &quot;Curso&quot;","block_context":{"text":"Curso","link":"https:\/\/diariodegarca.com\/?cat=36947"},"img":{"alt_text":"","src":"https:\/\/i0.wp.com\/diariodegarca.com\/wp-content\/uploads\/2025\/06\/6d7e3b7d01e8d4a4c4074f09cb06bab7.jpg?fit=799%2C533&ssl=1&resize=350%2C200","width":350,"height":200,"srcset":"https:\/\/i0.wp.com\/diariodegarca.com\/wp-content\/uploads\/2025\/06\/6d7e3b7d01e8d4a4c4074f09cb06bab7.jpg?fit=799%2C533&ssl=1&resize=350%2C200 1x, https:\/\/i0.wp.com\/diariodegarca.com\/wp-content\/uploads\/2025\/06\/6d7e3b7d01e8d4a4c4074f09cb06bab7.jpg?fit=799%2C533&ssl=1&resize=525%2C300 1.5x, https:\/\/i0.wp.com\/diariodegarca.com\/wp-content\/uploads\/2025\/06\/6d7e3b7d01e8d4a4c4074f09cb06bab7.jpg?fit=799%2C533&ssl=1&resize=700%2C400 2x"},"classes":[]},{"id":4866,"url":"https:\/\/diariodegarca.com\/?p=4866","url_meta":{"origin":7082,"position":5},"title":"Mar\u00edlia abre inscri\u00e7\u00f5es para cursos gratuitos de Cuidador de Idosos e Eletricista Instalador","author":"Di\u00e1rio de Gar\u00e7a","date":"21 de julho de 2025","format":false,"excerpt":"Oportunidades presenciais t\u00eam in\u00edcio em agosto e exigem ensino fundamental completo. O Centro Profissionalizante Municipal de Mar\u00edlia (CEPROM) est\u00e1 com inscri\u00e7\u00f5es abertas para dois cursos gratuitos e presenciais:\u00a0Cuidador de Idosos\u00a0e\u00a0Eletricista Instalador. As vagas s\u00e3o limitadas e as aulas come\u00e7am no dia 11 de agosto. As inscri\u00e7\u00f5es podem ser feitas entre\u2026","rel":"","context":"Em &quot;Curso&quot;","block_context":{"text":"Curso","link":"https:\/\/diariodegarca.com\/?cat=36947"},"img":{"alt_text":"","src":"https:\/\/i0.wp.com\/diariodegarca.com\/wp-content\/uploads\/2025\/07\/conceito-de-aposentadoria-em-casa-com-enfermeira.jpg?fit=1200%2C800&ssl=1&resize=350%2C200","width":350,"height":200,"srcset":"https:\/\/i0.wp.com\/diariodegarca.com\/wp-content\/uploads\/2025\/07\/conceito-de-aposentadoria-em-casa-com-enfermeira.jpg?fit=1200%2C800&ssl=1&resize=350%2C200 1x, https:\/\/i0.wp.com\/diariodegarca.com\/wp-content\/uploads\/2025\/07\/conceito-de-aposentadoria-em-casa-com-enfermeira.jpg?fit=1200%2C800&ssl=1&resize=525%2C300 1.5x, https:\/\/i0.wp.com\/diariodegarca.com\/wp-content\/uploads\/2025\/07\/conceito-de-aposentadoria-em-casa-com-enfermeira.jpg?fit=1200%2C800&ssl=1&resize=700%2C400 2x, https:\/\/i0.wp.com\/diariodegarca.com\/wp-content\/uploads\/2025\/07\/conceito-de-aposentadoria-em-casa-com-enfermeira.jpg?fit=1200%2C800&ssl=1&resize=1050%2C600 3x"},"classes":[]}],"_links":{"self":[{"href":"https:\/\/diariodegarca.com\/index.php?rest_route=\/wp\/v2\/posts\/7082","targetHints":{"allow":["GET"]}}],"collection":[{"href":"https:\/\/diariodegarca.com\/index.php?rest_route=\/wp\/v2\/posts"}],"about":[{"href":"https:\/\/diariodegarca.com\/index.php?rest_route=\/wp\/v2\/types\/post"}],"author":[{"embeddable":true,"href":"https:\/\/diariodegarca.com\/index.php?rest_route=\/wp\/v2\/users\/260896546"}],"replies":[{"embeddable":true,"href":"https:\/\/diariodegarca.com\/index.php?rest_route=%2Fwp%2Fv2%2Fcomments&post=7082"}],"version-history":[{"count":3,"href":"https:\/\/diariodegarca.com\/index.php?rest_route=\/wp\/v2\/posts\/7082\/revisions"}],"predecessor-version":[{"id":7086,"href":"https:\/\/diariodegarca.com\/index.php?rest_route=\/wp\/v2\/posts\/7082\/revisions\/7086"}],"wp:featuredmedia":[{"embeddable":true,"href":"https:\/\/diariodegarca.com\/index.php?rest_route=\/wp\/v2\/media\/7085"}],"wp:attachment":[{"href":"https:\/\/diariodegarca.com\/index.php?rest_route=%2Fwp%2Fv2%2Fmedia&parent=7082"}],"wp:term":[{"taxonomy":"category","embeddable":true,"href":"https:\/\/diariodegarca.com\/index.php?rest_route=%2Fwp%2Fv2%2Fcategories&post=7082"},{"taxonomy":"post_tag","embeddable":true,"href":"https:\/\/diariodegarca.com\/index.php?rest_route=%2Fwp%2Fv2%2Ftags&post=7082"}],"curies":[{"name":"wp","href":"https:\/\/api.w.org\/{rel}","templated":true}]}}